{"id":18527,"date":"2024-05-18T17:54:46","date_gmt":"2024-05-18T16:54:46","guid":{"rendered":"https:\/\/www.ebilet.pl\/now\/?p=18527"},"modified":"2024-05-20T11:15:32","modified_gmt":"2024-05-20T10:15:32","slug":"czeska-polka-walc-angielski-tango-argentynskie-czyli-taniec-w-roznych-regionach-swiata","status":"publish","type":"post","link":"https:\/\/www.ebilet.pl\/now\/czeska-polka-walc-angielski-tango-argentynskie-czyli-taniec-w-roznych-regionach-swiata\/","title":{"rendered":"Czeska polka, walc angielski, tango argenty\u0144skie, czyli taniec w r\u00f3\u017cnych regionach \u015bwiata"},"content":{"rendered":"\n<section class=\"text-block  section-margin-32\" >\n    <div class=\"container\">\n        <div class=\"row\">\n            <div class=\"col-24\">\n                <div class=\"text-block__content\"><h2><strong>Taniec dooko\u0142a \u015bwiata \u2013 folklor<\/strong><\/h2>\n<p><span style=\"font-weight: 400;\">Folklor ukazuje to\u017csamo\u015b\u0107 spo\u0142ecze\u0144stwa. Ta\u0144ce ludowe s\u0105 przekazywane z dziada pradziada i ucz\u0105 si\u0119 ich nawet nasze dzieci w szkole. <\/span><b>Nie tylko poszczeg\u00f3lne ruchy, ale tak\u017ce towarzysz\u0105ca im muzyka jest bardzo r\u00f3\u017cnorodna.<\/b><span style=\"font-weight: 400;\"> Co wi\u0119cej, ta\u0144ce narodowe czy ludowe mog\u0105 budzi\u0107 zupe\u0142nie inne skojarzenia w zale\u017cno\u015bci od tego, kto je ogl\u0105da. Przyk\u0142adowo nasz polonez jest dostojny i elegancki. Za to salsa, kt\u00f3ra jest cz\u0119\u015bci\u0105 kultury latynoskiej, mo\u017ce budzi\u0107 w nas r\u00f3\u017cne skojarzenia (chocia\u017cby takie, \u017ce to do\u015b\u0107 &#8216;wulgarny&#8217; taniec, cho\u0107 dla mieszka\u0144c\u00f3w Ameryki \u0141aci\u0144skiej jest jak najbardziej normalny). Przyjrzyjmy si\u0119 wi\u0119c dok\u0142adniej r\u00f3\u017cnym rodzajom ta\u0144ca i ich znaczeniu w poszczeg\u00f3lnych kulturach.<\/span><\/p>\n<h3><strong>Taniec obrz\u0119dowy<\/strong><\/h3>\n<p><span style=\"font-weight: 400;\">Ta\u0144ce obrz\u0119dowe by\u0142y znane ju\u017c w staro\u017cytno\u015bci.<\/span><b> \u0141\u0105czy\u0142y si\u0119 one z obrz\u0119dami religijnymi oraz duchowymi. <\/b><span style=\"font-weight: 400;\">Poprzez ruch cia\u0142a pokazywano wdzi\u0119czno\u015b\u0107 za urodzajne plony, proszono o deszcz czy ukazywano kult bog\u00f3w. W niekt\u00f3rych regionach Afryki nadal znane s\u0105 ta\u0144ce obrz\u0119dowe, kt\u00f3re maj\u0105 na celu nawi\u0105zanie kontaktu z duchami przodk\u00f3w oraz zapewnienie spokoju spo\u0142ecze\u0144stwu. Takie ta\u0144ce s\u0105 teraz &#8216;wskrzeszane&#8217; np. przez mi\u0142o\u015bnik\u00f3w kultury s\u0142owia\u0144skiej.<\/span><\/p>\n<h3><strong>Ta\u0144ce ludowe<\/strong><\/h3>\n<p><span style=\"font-weight: 400;\">Ta\u0144ce ludowe towarzyszy\u0142y &#8216;zwyk\u0142ym ludziom&#8217;, czyli najcz\u0119\u015bciej ch\u0142opom w ich codzienno\u015bci. <\/span><b>Poprzez taniec wyra\u017cali oni rado\u015b\u0107, dum\u0119 z w\u0142asnych korzeni czy przynale\u017cno\u015b\u0107 do wsp\u00f3lnoty.\u00a0<\/b><\/p>\n<h4><strong>Polka w Czechach<\/strong><\/h4>\n<p><span style=\"font-weight: 400;\">Po czesku taniec ten nazywa si\u0119 p\u016flka, co oznacza po\u0142ow\u0119. Po powstaniu listopadowym nazwa ta\u0144ca zosta\u0142a zmieniona na polk\u0119 na cze\u015b\u0107 Polak\u00f3w. Cho\u0107 m\u00f3wi si\u0119, \u017ce to czeska polka, to taniec ten znany by\u0142 w XIX wieku w ca\u0142ej Polsce z Podhalem w\u0142\u0105cznie. Pojawi\u0142 si\u0119 oko\u0142o 1822 roku i szybko zyska\u0142 popularno\u015b\u0107 w Polsce, Niemczech i we W\u0142oszech. By\u0142 jednym z popularniejszych ta\u0144c\u00f3w towarzyskich XIX wieku.\u00a0<\/span><\/p>\n<h4><strong>Sirtaki w Grecji<\/strong><\/h4>\n<p><span style=\"font-weight: 400;\">Jednym z najbardziej znanych ta\u0144c\u00f3w ludowych jest greckie Sirtaki. Problem w tym, \u017ce\u2026 nie jest to tak naprawd\u0119 taniec ludowy, a pseudo ludowy. Zosta\u0142 stworzony na potrzeby filmu &#8216;Zorba&#8217; (st\u0105d te\u017c jego inna nazwa). Tancerze formuj\u0105 lini\u0119 i wykonuj\u0105 proste kroki (np. obracaj\u0105 si\u0119, robi\u0105 kroki w prz\u00f3d czy w ty\u0142). Cho\u0107 nie jest to <\/span><i><span style=\"font-weight: 400;\">de facto<\/span><\/i><span style=\"font-weight: 400;\"> taniec ludowy, ukazuje rado\u015b\u0107, entuzjazm i \u017cywio\u0142owo\u015b\u0107 Grek\u00f3w.\u00a0<\/span><\/p>\n<\/div>\n            <\/div>\n        <\/div>\n    <\/div>\n<\/section>\n\n\n<section class=\"tickets-slider  section-margin-32\"\n    data-tickets-slider\n    data-item-list-name=\"Karuzela z buttonami\"\n    data-item-list-id=\"karuzela_z_buttonami\"\n    >\n    <div class=\"container\">\n        <div class=\"row\">\n            <div class=\"col-24\">\n                <div class=\"tickets-slider__main\">\n                    <div class=\"tickets-slider__nav tickets-slider__nav--prev\">\n                        <div class=\"button button--withIcon button--theme-white-blur button--size-fixed-48\" data-tickets-slider-prev>\n                            <span class=\"button__icon icon icon-chevron-left\"><\/span>\n                        <\/div>\n                    <\/div>\n                    <div class=\"tickets-slider__nav tickets-slider__nav--next\">\n                        <div class=\"button button--withIcon button--theme-white-blur button--size-fixed-48\" data-tickets-slider-next>\n                            <span class=\"button__icon icon icon-chevron-right\"><\/span>\n                        <\/div>\n                    <\/div>\n                    <div class=\"tickets-slider__slider swiper\" data-tickets-slider-slider>\n                        <div class=\"tickets-slider__sliderWrapper swiper-wrapper\">\n                                                    <\/div>\n                    <\/div>\n                <\/div>\n            <\/div>\n        <\/div>\n    <\/div>\n<\/section>\n\n\n<section class=\"text-block  section-margin-32\" >\n    <div class=\"container\">\n        <div class=\"row\">\n            <div class=\"col-24\">\n                <div class=\"text-block__content\"><h4><strong>Trepak w Ukrainie<\/strong><\/h4>\n<p><span style=\"font-weight: 400;\">Trepak to popularny taniec ludowy nie tylko w Ukrainie, ale tak\u017ce w Rosji. Charakteryzuje si\u0119 szybkim tempem, drobnymi kroczkami i przytupami.<\/span><\/p>\n<h4><strong>Hajduk na W\u0119grzech<\/strong><\/h4>\n<p><span style=\"font-weight: 400;\">Tempo hajduka cz\u0119sto ulega zmianie, a muzycy dostosowuj\u0105 si\u0119 przewa\u017cnie do tancerza (a nie na odwr\u00f3t, jak to bywa w przypadku innych ta\u0144c\u00f3w). Jest ta\u0144czony w parach, ale wa\u017cniejsz\u0105 rol\u0119 gra m\u0119\u017cczyzna, kt\u00f3ry popisuje si\u0119 skokami, uderzeniami r\u0119ki o uniesion\u0105 nog\u0119, skokami w pozycji poziomej czy g\u0142\u0119bokimi przysiadami.\u00a0<\/span><\/p>\n<h4><strong>Kozak w Ukrainie<\/strong><\/h4>\n<p><span style=\"font-weight: 400;\">Kozak to taniec ludowy ta\u0144czony przez Kozak\u00f3w. Podczas ta\u0144ca wykonywane s\u0105 takie ruchy jak przysiady, wyrzuty n\u00f3g do przodu czy podskoki. Tempo ta\u0144ca jest \u017cywe i dodatkowo stopniowo przyspiesza.\u00a0<\/span><\/p>\n<h4><strong>Menuet we Francji<\/strong><\/h4>\n<p><span style=\"font-weight: 400;\">Po francusku nazwa brzmi <\/span><i><span style=\"font-weight: 400;\">menu pas<\/span><\/i><span style=\"font-weight: 400;\">, co oznacza dos\u0142ownie <\/span><i><span style=\"font-weight: 400;\">drobny krok<\/span><\/i><span style=\"font-weight: 400;\">. Jest to taniec ludowy, kt\u00f3ry z czasem zawita\u0142 na dworach. Tempo jest umiarkowane, a kroki wykonywane s\u0105 parami. Ca\u0142y taniec sk\u0142ada si\u0119 z kilku figur, takich jak: uk\u0142on, podanie prawej r\u0119ki, podanie lewej r\u0119ki, podanie dw\u00f3ch r\u0105k oraz figura zet.<\/span><\/p>\n<h3><strong>Ta\u0144ce narodowe<\/strong><\/h3>\n<p><span style=\"font-weight: 400;\">Ta\u0144ce narodowe si\u0119gaj\u0105 swoimi korzeniami do historii danego kraju (ale nie zawsze wywodz\u0105 si\u0119 one z ta\u0144c\u00f3w ludowych. Przewa\u017cnie by\u0142y zwi\u0105zane z wy\u017cszymi sferami). Towarzysz\u0105 nam podczas wa\u017cnych wydarze\u0144 (np. podczas bal\u00f3w studni\u00f3wkowych w Polsce ta\u0144czy si\u0119 poloneza, cho\u0107 coraz cz\u0119\u015bciej m\u0142odzie\u017c wybiera tak\u017ce inne ta\u0144ce).\u00a0<\/span><\/p>\n<p><span style=\"font-weight: 400;\">Taniec narodowy ma odzwierciedla\u0107 cechy danego narodu. Przyk\u0142adowo hiszpa\u0144skie flamenco ukazuje si\u0142\u0119, pasj\u0119 i dum\u0119 mieszka\u0144c\u00f3w tego kraju.\u00a0<\/span><\/p>\n<h4><strong>Mazur w Polsce<\/strong><\/h4>\n<p><span style=\"font-weight: 400;\">\u017bywio\u0142owy taniec pe\u0142en rado\u015bci i dynamizmu. By\u0142 cz\u0119sto ta\u0144czony na szlacheckich dworach (to w\u0142a\u015bnie mieli\u015bmy na my\u015bli, gdy wspomnieli\u015bmy o tym, \u017ce ta\u0144ce narodowe wywodz\u0105 si\u0119 z wy\u017cszych sfer). Taniec ten r\u00f3\u017cni si\u0119 w zale\u017cno\u015bci od wielko\u015bci sali, w kt\u00f3rej jest ta\u0144czony. Mo\u017ce bazowa\u0107 na takich figurach jak: namiotowa, arkadowa, \u0142a\u0144cuchowa i okr\u0119\u017cna.\u00a0<\/span><\/p>\n<h4><strong>Hula na Hawajach<\/strong><\/h4>\n<p><span style=\"font-weight: 400;\">Taniec Hula na Hawajach to nie tylko ruchy cia\u0142a, ale tak\u017ce forma przekazywania historii i warto\u015bci tego regionu. Tancerze poruszaj\u0105 si\u0119 w rytm muzyki, wykonuj\u0105c ruchy r\u0105k, bioder i n\u00f3g. Wyra\u017caj\u0105 tym samym rado\u015b\u0107 oraz szacunek do tradycji.<\/span><\/p>\n<\/div>\n            <\/div>\n        <\/div>\n    <\/div>\n<\/section>\n\n\n    <section class=\"events-carousel-block  section-margin-32\"\n        data-events-carousel\n        data-settings='{\"per_view\":5}'\n        data-item-list-name=\"Karuzela niska Polecamy na eBilet\"\n        data-item-list-id=\"karuzela_niska Polecamy na eBilet\"\n        >\n        <div class=\"container\">\n                            <div class=\"row\">\n                    <div class=\"col-24\">\n                        <div class=\"events-carousel-block__title\">\n                            <h2 class=\"typo-h2\">Polecamy na eBilet<\/h2>\n                        <\/div>\n                    <\/div>\n                <\/div>\n                        <div class=\"row\">\n                <div class=\"col-24\">\n                    <div class=\"events-carousel-block__events\">\n                        <div class=\"events-carousel-block__nav events-carousel-block__nav--prev\">\n                            <div class=\"button button--withIcon button--theme-white-blur button--size-fixed-48\" data-events-carousel-prev>\n                                <span class=\"button__icon icon icon-chevron-left\"><\/span>\n                            <\/div>\n                        <\/div>\n                        <div class=\"events-carousel-block__nav events-carousel-block__nav--next\">\n                            <div class=\"button button--withIcon button--theme-white-blur button--size-fixed-48\" data-events-carousel-next>\n                                <span class=\"button__icon icon icon-chevron-right\"><\/span>\n                            <\/div>\n                        <\/div>\n                        <div class=\"events-carousel-block__slider swiper\" data-events-carousel-slider>\n                            <div class=\"events-carousel-block__sliderWrapper swiper-wrapper\">\n                                                                    <div class=\"events-carousel-block__sliderItem swiper-slide\"\n                                        data-id=\"63172\"\n                                        data-name=\"Voucher kinowy Helios\"\n                                        data-brand=\"Helios Media Sp. z o.o.\"\n                                        data-category=\"kino\"\n                                        data-subcategory=\"pozostale\"\n                                        data-city=\"Warszawa\"\n                                        data-venue=\"\">\n                                        \n<div class=\"card-event  card-event--size-small\">\n        <a href=\"https:\/\/www.ebilet.pl\/kino\/pozostale\/voucher-kinowy-helios\" target=\"_blank\" class=\"card-event__link\" rel=\"nofollow noopener\"><\/a>\n        <div class=\"card-event__wrapper\">\n        <div class=\"card-event__image\">\n            <img decoding=\"async\" src=\"https:\/\/www.ebilet.pl\/media\/cms\/media\/hfhlz0pe\/pozizom-d37c6cb2-c34e-4f8f-8b40-c73a5a052a83.webp\" alt=\"\">\n        <\/div>\n        <div class=\"card-event__data\">\n            <div class=\"card-event__name\">\n                <p>Voucher kinowy Helios<\/p>\n            <\/div>\n            <div class=\"card-event__date\"><\/div>\n            <div class=\"card-event__location\">Warszawa<\/div>\n        <\/div>\n    <\/div>\n<\/div>                                    <\/div>\n                                                                    <div class=\"events-carousel-block__sliderItem swiper-slide\"\n                                        data-id=\"161461\"\n                                        data-name=\"Boeing Boeing - Teatr Capitol\"\n                                        data-brand=\"Teatr Capitol\"\n                                        data-category=\"teatr\"\n                                        data-subcategory=\"komedia\"\n                                        data-city=\"Gda\u0144sk, Warszawa\"\n                                        data-venue=\"Teatr Capitol w Warszawie\">\n                                        \n<div class=\"card-event  card-event--size-small\">\n        <a href=\"https:\/\/www.ebilet.pl\/teatr\/komedia\/boeing-boeing-teatr-capitol\" target=\"_blank\" class=\"card-event__link\" rel=\"nofollow noopener\"><\/a>\n        <div class=\"card-event__wrapper\">\n        <div class=\"card-event__image\">\n            <img decoding=\"async\" src=\"https:\/\/www.ebilet.pl\/media\/cms\/media\/4oebxceo\/656x359-popr-20-11.webp\" alt=\"\">\n        <\/div>\n        <div class=\"card-event__data\">\n            <div class=\"card-event__name\">\n                <p>Boeing Boeing &#8211; Teatr Capitol<\/p>\n            <\/div>\n            <div class=\"card-event__date\"><\/div>\n            <div class=\"card-event__location\">Gda\u0144sk, Warszawa<\/div>\n        <\/div>\n    <\/div>\n<\/div>                                    <\/div>\n                                                                    <div class=\"events-carousel-block__sliderItem swiper-slide\"\n                                        data-id=\"94598\"\n                                        data-name=\"FAME 31\"\n                                        data-brand=\"Fame MMA\"\n                                        data-category=\"sport\"\n                                        data-subcategory=\"sporty-walki\"\n                                        data-city=\"Koszalin\"\n                                        data-venue=\"Hala Widowiskowo-Sportowa w Koszalinie\">\n                                        \n<div class=\"card-event  card-event--size-small\">\n        <a href=\"https:\/\/www.ebilet.pl\/sport\/sporty-walki\/fame-mma\" target=\"_blank\" class=\"card-event__link\" rel=\"nofollow noopener\"><\/a>\n        <div class=\"card-event__wrapper\">\n        <div class=\"card-event__image\">\n            <img decoding=\"async\" src=\"https:\/\/www.ebilet.pl\/media\/cms\/media\/orylmco5\/fame31-cover-ebilet-656x369.webp\" alt=\"\">\n        <\/div>\n        <div class=\"card-event__data\">\n            <div class=\"card-event__name\">\n                <p>FAME 31<\/p>\n            <\/div>\n            <div class=\"card-event__date\"><\/div>\n            <div class=\"card-event__location\">Koszalin<\/div>\n        <\/div>\n    <\/div>\n<\/div>                                    <\/div>\n                                                                    <div class=\"events-carousel-block__sliderItem swiper-slide\"\n                                        data-id=\"13630\"\n                                        data-name=\"M\u0119skie Granie 2026\"\n                                        data-brand=\"LIVE Sp. z o.o.\"\n                                        data-category=\"muzyka\"\n                                        data-subcategory=\"festiwale\"\n                                        data-city=\"Gda\u0144sk, Krak\u00f3w, Pozna\u0144 i inne\"\n                                        data-venue=\"\u017bywiec Amfiteatr pod Grojcem\">\n                                        \n<div class=\"card-event  card-event--size-small\">\n        <a href=\"https:\/\/www.ebilet.pl\/muzyka\/festiwale\/meskie-granie\" target=\"_blank\" class=\"card-event__link\" rel=\"nofollow noopener\"><\/a>\n        <div class=\"card-event__wrapper\">\n        <div class=\"card-event__image\">\n            <img decoding=\"async\" src=\"https:\/\/www.ebilet.pl\/media\/cms\/media\/fl5hhucv\/656x369-11-78db817f-ad60-4332-b49a-e1c7a2e31068.webp\" alt=\"\">\n        <\/div>\n        <div class=\"card-event__data\">\n            <div class=\"card-event__name\">\n                <p>M\u0119skie Granie 2026<\/p>\n            <\/div>\n            <div class=\"card-event__date\"><\/div>\n            <div class=\"card-event__location\">Gda\u0144sk, Krak\u00f3w, Pozna\u0144 i inne<\/div>\n        <\/div>\n    <\/div>\n<\/div>                                    <\/div>\n                                                                    <div class=\"events-carousel-block__sliderItem swiper-slide\"\n                                        data-id=\"38728\"\n                                        data-name=\"Silesia Memoria\u0142 Kamili Skolimowskiej\"\n                                        data-brand=\"Fundacja Kamili Skolimowskiej\"\n                                        data-category=\"sport\"\n                                        data-subcategory=\"lekkoatletyka\"\n                                        data-city=\"Chorz\u00f3w\"\n                                        data-venue=\"Superauto.pl Stadion \u015al\u0105ski\">\n                                        \n<div class=\"card-event  card-event--size-small\">\n        <a href=\"https:\/\/www.ebilet.pl\/sport\/lekkoatletyka\/memorial-kamili-skolimowskiej\" target=\"_blank\" class=\"card-event__link\" rel=\"nofollow noopener\"><\/a>\n        <div class=\"card-event__wrapper\">\n        <div class=\"card-event__image\">\n            <img decoding=\"async\" src=\"https:\/\/www.ebilet.pl\/media\/cms\/media\/szunpuvg\/656x369-2-f821045a-7792-4901-947d-c0affda9f75a.webp\" alt=\"\">\n        <\/div>\n        <div class=\"card-event__data\">\n            <div class=\"card-event__name\">\n                <p>Silesia Memoria\u0142 Kamili Skolimowskiej<\/p>\n            <\/div>\n            <div class=\"card-event__date\"><\/div>\n            <div class=\"card-event__location\">Chorz\u00f3w<\/div>\n        <\/div>\n    <\/div>\n<\/div>                                    <\/div>\n                                                                    <div class=\"events-carousel-block__sliderItem swiper-slide\"\n                                        data-id=\"128680\"\n                                        data-name=\"Sunset Square 2026\"\n                                        data-brand=\"MDT Production\"\n                                        data-category=\"muzyka\"\n                                        data-subcategory=\"festiwale\"\n                                        data-city=\"Gdynia\"\n                                        data-venue=\"Skwer Ko\u015bciuszki\">\n                                        \n<div class=\"card-event  card-event--size-small\">\n        <a href=\"https:\/\/www.ebilet.pl\/muzyka\/festiwale\/sunset-square\" target=\"_blank\" class=\"card-event__link\" rel=\"nofollow noopener\"><\/a>\n        <div class=\"card-event__wrapper\">\n        <div class=\"card-event__image\">\n            <img decoding=\"async\" src=\"https:\/\/www.ebilet.pl\/media\/cms\/media\/idvdsit0\/boris-brejcha-1920x1080-05899710-c9c2-4417-95f9-aad73df94b6c.webp\" alt=\"\">\n        <\/div>\n        <div class=\"card-event__data\">\n            <div class=\"card-event__name\">\n                <p>Sunset Square 2026<\/p>\n            <\/div>\n            <div class=\"card-event__date\"><\/div>\n            <div class=\"card-event__location\">Gdynia<\/div>\n        <\/div>\n    <\/div>\n<\/div>                                    <\/div>\n                                                                    <div class=\"events-carousel-block__sliderItem swiper-slide\"\n                                        data-id=\"10672\"\n                                        data-name=\"Red Bull Drift Masters, Grand Finale 2026, Poland\"\n                                        data-brand=\"Drift Masters Grand Prix Sp. z o.o.\"\n                                        data-category=\"sport\"\n                                        data-subcategory=\"sporty-motorowe\"\n                                        data-city=\"Warszawa\"\n                                        data-venue=\"PGE Narodowy im. Kazimierza G\u00f3rskiego\">\n                                        \n<div class=\"card-event  card-event--size-small\">\n        <a href=\"https:\/\/www.ebilet.pl\/sport\/sporty-motorowe\/drift-masters\" target=\"_blank\" class=\"card-event__link\" rel=\"nofollow noopener\"><\/a>\n        <div class=\"card-event__wrapper\">\n        <div class=\"card-event__image\">\n            <img decoding=\"async\" src=\"https:\/\/www.ebilet.pl\/media\/cms\/media\/ufikt2pp\/656x369-1-3259eaa7-dcbd-4393-a286-5f17e35417c5.webp\" alt=\"\">\n        <\/div>\n        <div class=\"card-event__data\">\n            <div class=\"card-event__name\">\n                <p>Red Bull Drift Masters, Grand Finale 2026, Poland<\/p>\n            <\/div>\n            <div class=\"card-event__date\"><\/div>\n            <div class=\"card-event__location\">Warszawa<\/div>\n        <\/div>\n    <\/div>\n<\/div>                                    <\/div>\n                                                                    <div class=\"events-carousel-block__sliderItem swiper-slide\"\n                                        data-id=\"16543\"\n                                        data-name=\"Rozta\u0144czony PGE Narodowy 2026\"\n                                        data-brand=\"KRYSIAK POLSKA CORPORATION Sp. z o.o.\"\n                                        data-category=\"muzyka\"\n                                        data-subcategory=\"festiwale\"\n                                        data-city=\"Warszawa\"\n                                        data-venue=\"PGE Narodowy im. Kazimierza G\u00f3rskiego\">\n                                        \n<div class=\"card-event  card-event--size-small\">\n        <a href=\"https:\/\/www.ebilet.pl\/muzyka\/festiwale\/roztanczony-narodowy\" target=\"_blank\" class=\"card-event__link\" rel=\"nofollow noopener\"><\/a>\n        <div class=\"card-event__wrapper\">\n        <div class=\"card-event__image\">\n            <img decoding=\"async\" src=\"https:\/\/www.ebilet.pl\/media\/cms\/media\/ih4mtfpw\/newletter_basic.webp\" alt=\"\">\n        <\/div>\n        <div class=\"card-event__data\">\n            <div class=\"card-event__name\">\n                <p>Rozta\u0144czony PGE Narodowy 2026<\/p>\n            <\/div>\n            <div class=\"card-event__date\"><\/div>\n            <div class=\"card-event__location\">Warszawa<\/div>\n        <\/div>\n    <\/div>\n<\/div>                                    <\/div>\n                                                                    <div class=\"events-carousel-block__sliderItem swiper-slide\"\n                                        data-id=\"67208\"\n                                        data-name=\"Speedland Festival 2026\"\n                                        data-brand=\"Adrenaline Promotion Rafa\u0142 Haznar\"\n                                        data-category=\"sport\"\n                                        data-subcategory=\"sporty-motorowe\"\n                                        data-city=\"Krosno\"\n                                        data-venue=\"Lotnisko Krosno\">\n                                        \n<div class=\"card-event  card-event--size-small\">\n        <a href=\"https:\/\/www.ebilet.pl\/sport\/sporty-motorowe\/speedland\" target=\"_blank\" class=\"card-event__link\" rel=\"nofollow noopener\"><\/a>\n        <div class=\"card-event__wrapper\">\n        <div class=\"card-event__image\">\n            <img decoding=\"async\" src=\"https:\/\/www.ebilet.pl\/media\/cms\/media\/zeglylyt\/656x369-9-9b5a2769-5165-4a65-b574-8cb05086e41d.webp\" alt=\"\">\n        <\/div>\n        <div class=\"card-event__data\">\n            <div class=\"card-event__name\">\n                <p>Speedland Festival 2026<\/p>\n            <\/div>\n            <div class=\"card-event__date\"><\/div>\n            <div class=\"card-event__location\">Krosno<\/div>\n        <\/div>\n    <\/div>\n<\/div>                                    <\/div>\n                                                                    <div class=\"events-carousel-block__sliderItem swiper-slide\"\n                                        data-id=\"129853\"\n                                        data-name=\"Beksi\u0144ski.Live\"\n                                        data-brand=\"L2L Sp z o.o.\"\n                                        data-category=\"widowiska\"\n                                        data-subcategory=\"inne\"\n                                        data-city=\"Warszawa, Wroc\u0142aw\"\n                                        data-venue=\"Hala COS Torwar \">\n                                        \n<div class=\"card-event  card-event--size-small\">\n        <a href=\"https:\/\/www.ebilet.pl\/widowiska\/inne\/beksinski-live\" target=\"_blank\" class=\"card-event__link\" rel=\"nofollow noopener\"><\/a>\n        <div class=\"card-event__wrapper\">\n        <div class=\"card-event__image\">\n            <img decoding=\"async\" src=\"https:\/\/www.ebilet.pl\/media\/cms\/media\/y2nprogb\/656x369-2026-04-27t161826313.webp\" alt=\"\">\n        <\/div>\n        <div class=\"card-event__data\">\n            <div class=\"card-event__name\">\n                <p>Beksi\u0144ski.Live<\/p>\n            <\/div>\n            <div class=\"card-event__date\"><\/div>\n            <div class=\"card-event__location\">Warszawa, Wroc\u0142aw<\/div>\n        <\/div>\n    <\/div>\n<\/div>                                    <\/div>\n                                                                    <div class=\"events-carousel-block__sliderItem swiper-slide\"\n                                        data-id=\"144549\"\n                                        data-name=\"Zwiedzanie ZOO Warszawa\"\n                                        data-brand=\"Miasto Sto\u0142eczne Warszawa\"\n                                        data-category=\"zwiedzanie\"\n                                        data-subcategory=\"zoo\"\n                                        data-city=\"Warszawa\"\n                                        data-venue=\"\">\n                                        \n<div class=\"card-event  card-event--size-small\">\n        <a href=\"https:\/\/www.ebilet.pl\/zwiedzanie\/zoo\/zwiedzanie-zoo-warszawa\" target=\"_blank\" class=\"card-event__link\" rel=\"nofollow noopener\"><\/a>\n        <div class=\"card-event__wrapper\">\n        <div class=\"card-event__image\">\n            <img decoding=\"async\" src=\"https:\/\/www.ebilet.pl\/media\/cms\/media\/vxxcxvae\/04_bilet-domowy_656x369-05e8639e-58dc-445e-95ca-14f25e17b4f3.webp\" alt=\"\">\n        <\/div>\n        <div class=\"card-event__data\">\n            <div class=\"card-event__name\">\n                <p>Zwiedzanie ZOO Warszawa<\/p>\n            <\/div>\n            <div class=\"card-event__date\"><\/div>\n            <div class=\"card-event__location\">Warszawa<\/div>\n        <\/div>\n    <\/div>\n<\/div>                                    <\/div>\n                                                                    <div class=\"events-carousel-block__sliderItem swiper-slide\"\n                                        data-id=\"125950\"\n                                        data-name=\"Zwiedzanie ZOO Wroc\u0142aw\"\n                                        data-brand=\"ZOO Wroc\u0142aw\"\n                                        data-category=\"zwiedzanie\"\n                                        data-subcategory=\"zoo\"\n                                        data-city=\"Wroc\u0142aw\"\n                                        data-venue=\"ZOO we Wroc\u0142awiu\">\n                                        \n<div class=\"card-event  card-event--size-small\">\n        <a href=\"https:\/\/www.ebilet.pl\/zwiedzanie\/zoo\/zwiedzanie-zoo-wroclaw\" target=\"_blank\" class=\"card-event__link\" rel=\"nofollow noopener\"><\/a>\n        <div class=\"card-event__wrapper\">\n        <div class=\"card-event__image\">\n            <img decoding=\"async\" src=\"https:\/\/www.ebilet.pl\/media\/cms\/media\/wpzfsqii\/01_zoo_ebilet_656x369px-8e081b48-ed80-10b3-4ede-a1fdb0e8bde2.webp\" alt=\"\">\n        <\/div>\n        <div class=\"card-event__data\">\n            <div class=\"card-event__name\">\n                <p>Zwiedzanie ZOO Wroc\u0142aw<\/p>\n            <\/div>\n            <div class=\"card-event__date\"><\/div>\n            <div class=\"card-event__location\">Wroc\u0142aw<\/div>\n        <\/div>\n    <\/div>\n<\/div>                                    <\/div>\n                                                                    <div class=\"events-carousel-block__sliderItem swiper-slide\"\n                                        data-id=\"11852\"\n                                        data-name=\"2026 BOLL FIM Speedway World Cup - Warsaw\"\n                                        data-brand=\"Polski Zwi\u0105zek Motorowy\"\n                                        data-category=\"sport\"\n                                        data-subcategory=\"sporty-motorowe\"\n                                        data-city=\"Warszawa\"\n                                        data-venue=\"PGE Narodowy im. Kazimierza G\u00f3rskiego\">\n                                        \n<div class=\"card-event  card-event--size-small\">\n        <a href=\"https:\/\/www.ebilet.pl\/sport\/sporty-motorowe\/speedway\" target=\"_blank\" class=\"card-event__link\" rel=\"nofollow noopener\"><\/a>\n        <div class=\"card-event__wrapper\">\n        <div class=\"card-event__image\">\n            <img decoding=\"async\" src=\"https:\/\/www.ebilet.pl\/media\/cms\/media\/4ycnrk3v\/656x369-8-90146097-b4e8-4d2d-a798-f357aa3d16a2.webp\" alt=\"\">\n        <\/div>\n        <div class=\"card-event__data\">\n            <div class=\"card-event__name\">\n                <p>2026 BOLL FIM Speedway World Cup &#8211; Warsaw<\/p>\n            <\/div>\n            <div class=\"card-event__date\"><\/div>\n            <div class=\"card-event__location\">Warszawa<\/div>\n        <\/div>\n    <\/div>\n<\/div>                                    <\/div>\n                                                                    <div class=\"events-carousel-block__sliderItem swiper-slide\"\n                                        data-id=\"49432\"\n                                        data-name=\"Wroc\u0142aw Hip Hop Festival 2026\"\n                                        data-brand=\"Stowarzyszenie Planeta M\u0142odych\"\n                                        data-category=\"muzyka\"\n                                        data-subcategory=\"festiwale\"\n                                        data-city=\"Wroc\u0142aw\"\n                                        data-venue=\"Hala Stulecia\">\n                                        \n<div class=\"card-event  card-event--size-small\">\n        <a href=\"https:\/\/www.ebilet.pl\/muzyka\/festiwale\/wroclaw-hip-hop-festival\" target=\"_blank\" class=\"card-event__link\" rel=\"nofollow noopener\"><\/a>\n        <div class=\"card-event__wrapper\">\n        <div class=\"card-event__image\">\n            <img decoding=\"async\" src=\"https:\/\/www.ebilet.pl\/media\/cms\/media\/lvzja1iu\/0423-whhf-ebilet_04-34833b89-9f8c-4789-ab22-478b4f7f80f5.webp\" alt=\"\">\n        <\/div>\n        <div class=\"card-event__data\">\n            <div class=\"card-event__name\">\n                <p>Wroc\u0142aw Hip Hop Festival 2026<\/p>\n            <\/div>\n            <div class=\"card-event__date\"><\/div>\n            <div class=\"card-event__location\">Wroc\u0142aw<\/div>\n        <\/div>\n    <\/div>\n<\/div>                                    <\/div>\n                                                                    <div class=\"events-carousel-block__sliderItem swiper-slide\"\n                                        data-id=\"7104\"\n                                        data-name=\"Open&#039;er Festival 2026\"\n                                        data-brand=\"Alter Art\"\n                                        data-category=\"muzyka\"\n                                        data-subcategory=\"festiwale\"\n                                        data-city=\"Gdynia\"\n                                        data-venue=\"Lotnisko Gdynia - Kosakowo\">\n                                        \n<div class=\"card-event  card-event--size-small\">\n        <a href=\"https:\/\/www.ebilet.pl\/muzyka\/festiwale\/opener-festival\" target=\"_blank\" class=\"card-event__link\" rel=\"nofollow noopener\"><\/a>\n        <div class=\"card-event__wrapper\">\n        <div class=\"card-event__image\">\n            <img decoding=\"async\" src=\"https:\/\/www.ebilet.pl\/media\/cms\/media\/vr5l21om\/opener2026_ebilet_656x369-ee020a0f-2f31-4138-b4b2-04308c95f9f7.webp\" alt=\"\">\n        <\/div>\n        <div class=\"card-event__data\">\n            <div class=\"card-event__name\">\n                <p>Open&#8217;er Festival 2026<\/p>\n            <\/div>\n            <div class=\"card-event__date\"><\/div>\n            <div class=\"card-event__location\">Gdynia<\/div>\n        <\/div>\n    <\/div>\n<\/div>                                    <\/div>\n                                                            <\/div>\n                        <\/div>\n                    <\/div>\n                    <div class=\"events-carousel-block__pagination\">\n                        <div class=\"swiper-pagination slider-pagination\" data-events-carousel-pagination><\/div>\n                    <\/div>\n                <\/div>\n            <\/div>\n        <\/div>\n    <\/section>\n\n\n\n<section class=\"text-block  section-margin-32\" >\n    <div class=\"container\">\n        <div class=\"row\">\n            <div class=\"col-24\">\n                <div class=\"text-block__content\"><h4><strong>Flamenco w Hiszpanii<\/strong><\/h4>\n<p><span style=\"font-weight: 400;\">Flamenco to taniec pe\u0142en pasji, \u017cywio\u0142owo\u015bci i ekspresji. Kobiety w d\u0142ugich, wielowarstwowych i najcz\u0119\u015bciej czerwonych sukniach wraz z partnerami wykonuj\u0105 dynamiczne ruchy n\u00f3g z mocnymi uderzeniami st\u00f3p o pod\u0142og\u0119. Tym samym ukazuj\u0105 si\u0142\u0119 swojego narodu.<\/span><\/p>\n<h3><strong>Ta\u0144ce orientalne<\/strong><\/h3>\n<p><span style=\"font-weight: 400;\">Ta\u0144ce orientalne s\u0105 zwi\u0105zane z kultur\u0105 Bliskiego Wschodu. Dla Europejczyk\u00f3w stanowi\u0105 nie lada gratk\u0119, cho\u0107 starsi ludzie mog\u0105 uznawa\u0107 je wr\u0119cz za wulgarne (np. taniec brzucha). Nic dziwnego, skoro maj\u0105 one za zadanie prezentowa\u0107 pi\u0119kno kobiecej sylwetki. Ruchy bioder s\u0105 pe\u0142ne zmys\u0142owo\u015bci i tajemniczo\u015bci.\u00a0<\/span><\/p>\n<h4><strong>Taniec brzucha na Bliskim Wschodzie<\/strong><\/h4>\n<p><span style=\"font-weight: 400;\">Taniec brzucha jest nazywany ta\u0144cem arabskim oraz ta\u0144cem orientalnym. Pochodzi z Bliskiego Wschodu i Afryki P\u00f3\u0142nocnej. Ta\u0144cz\u0105 go g\u0142\u00f3wnie (ale nie tylko) kobiety. Wa\u017cne jest, by podczas ruch\u00f3w izolowa\u0107 poszczeg\u00f3lne partie mi\u0119\u015bniowe. Pozwala to na wykonanie tzw. shimmies, czyli ruch\u00f3w, kt\u00f3re wprawiaj\u0105 w dr\u017cenie poszczeg\u00f3lne cz\u0119\u015bci cia\u0142a. Co ciekawe, ruchy mi\u0119\u015bni brzucha wyst\u0119puj\u0105 do\u015b\u0107 rzadko i s\u0105 to: fala brzucha, shimmy przeponowe, locki mi\u0119\u015bni brzucha i popy.\u00a0<\/span><\/p>\n<h3><strong>Ta\u0144ce latynoameryka\u0144skie<\/strong><\/h3>\n<p><span style=\"font-weight: 400;\">Ta\u0144ce latynoameryka\u0144skie s\u0105 pe\u0142ne ekspresji, dynamizmu, pasji i energii. Ruchy s\u0105 szybkie, p\u0142ynne i hipnotyzuj\u0105ce. Poszczeg\u00f3lne figury s\u0105 skomplikowane. Ta\u0144ce te wywodz\u0105 si\u0119 g\u0142\u00f3wnie z kultury hiszpa\u0144skiej (ale \u0142\u0105cz\u0105 si\u0119 tak\u017ce z afryka\u0144sk\u0105).\u00a0<\/span><\/p>\n<h4><strong>Salsa w Ameryce \u0141aci\u0144skiej<\/strong><\/h4>\n<p><span style=\"font-weight: 400;\">Salsa sk\u0142ada si\u0119 z szybkich krok\u00f3w, wyrazistych ruch\u00f3w bioder oraz zmys\u0142owego krzy\u017cowania n\u00f3g. Co ciekawe, s\u0142owo <\/span><i><span style=\"font-weight: 400;\">salsa<\/span><\/i><span style=\"font-weight: 400;\"> z hiszpa\u0144skiego oznacza <\/span><i><span style=\"font-weight: 400;\">sos<\/span><\/i><span style=\"font-weight: 400;\"> oraz <\/span><i><span style=\"font-weight: 400;\">smak<\/span><\/i><span style=\"font-weight: 400;\">, kt\u00f3ry sugeruje pikantne doznania. To stwierdzenie pasuje zar\u00f3wno do potrawy, jak i do ta\u0144ca, poniewa\u017c taniec jest energiczny i pe\u0142en temperamentu.\u00a0<\/span><\/p>\n<h3><strong>Ta\u0144ce azjatyckie<\/strong><\/h3>\n<p><span style=\"font-weight: 400;\">Ta\u0144ce azjatyckie cz\u0119sto \u0142\u0105cz\u0105 wymiar cielesny z duchowym. Poszczeg\u00f3lne figury s\u0105 bardzo wymagaj\u0105ce i potrzeba do nich harmonii cia\u0142a oraz umys\u0142u. Precyzyjne ruchy, ekspresja i elegancja to kwintesencja ta\u0144c\u00f3w azjatyckich.\u00a0<\/span><\/p>\n<h4><strong>Klasyczne ta\u0144ce w Indiach<\/strong><\/h4>\n<p><span style=\"font-weight: 400;\">W Indiach jest 7 podstawowych styl\u00f3w ta\u0144ca: Bharatanatjam, Kathakali, Ku\u0107ipudi, Mohiniyattam, Kathak, Odissi i Manipuri. Ka\u017cdy z nich jest zupe\u0142nie r\u00f3\u017cny od pozosta\u0142ych. Wszystkie jednak sk\u0142adaj\u0105 si\u0119 z dw\u00f3ch wa\u017cnych element\u00f3w: ta\u0144ca i wyrazu.\u00a0<\/span><\/p>\n<p><span style=\"font-weight: 400;\">Jednym ze specyficznych form ta\u0144ca jest tak\u017ce mudra, czyli taniec symbolicznych gest\u00f3w. Towarzyszy on spektaklom teatralnym, dzi\u0119ki czemu aktorzy nie musz\u0105 nic m\u00f3wi\u0107, by widzowie zrozumieli przekaz.\u00a0<\/span><\/p>\n<h3><strong>Ta\u0144ce afryka\u0144skie<\/strong><\/h3>\n<p><span style=\"font-weight: 400;\">Ta\u0144com afryka\u0144skim towarzysz\u0105 rytmiczne melodie. Ruchy cia\u0142a s\u0105 pe\u0142ne energii. Maj\u0105 one znaczenie duchowe. Wi\u0105\u017c\u0105 si\u0119 z tradycyjnymi afryka\u0144skimi wierzeniami (przyk\u0142adowo maj\u0105 za zadanie nawi\u0105za\u0107 kontakt ze \u015bwiatem duchowym).\u00a0<\/span><\/p>\n<h4><strong>Kizomba w Angoli<\/strong><\/h4>\n<p><span style=\"font-weight: 400;\">Kizomba to taniec i muzyka pochodz\u0105ca z Angoli (cho\u0107 z czasem popularno\u015b\u0107 zyska\u0142y tak\u017ce w Portugalii). Ta\u0144czy si\u0119 j\u0105 w delikatny i zmys\u0142owy spos\u00f3b. Wa\u017cne, by partnerzy byli blisko siebie. Przez wi\u0119kszo\u015b\u0107 czasu stykaj\u0105 si\u0119 oni klatkami piersiowymi. Stopy stabilnie opieraj\u0105 si\u0119 o pod\u0142og\u0119.<\/span><\/p>\n<h2><\/h2>\n<p><span style=\"font-weight: 400;\">Jak widzisz ta\u0144ce dooko\u0142a \u015bwiata s\u0105 bardzo r\u00f3\u017cne i r\u00f3\u017cni\u0105 si\u0119 mi\u0119dzy sob\u0105 zar\u00f3wno tempem, krokami, jak i wyrazem. Niekt\u00f3re s\u0105 dostojne, inne dynamiczne, a jeszcze inne zmys\u0142owe. Je\u015bli jeszcze nie pr\u00f3bowa\u0142e\u015b, warto zata\u0144czy\u0107, albo chocia\u017c obejrze\u0107 r\u00f3\u017cne ta\u0144ce i zobaczy\u0107 na w\u0142asne oczy, jak bardzo si\u0119 mi\u0119dzy sob\u0105 r\u00f3\u017cni\u0105.<\/span><\/p>\n<\/div>\n            <\/div>\n        <\/div>\n    <\/div>\n<\/section>\n\n\n<section class=\"events-slider-block  section-margin-32\" data-events-slider-block data-carousel-title=\" Nowo\u015bci na eBilet\" data-carousel-type=\"karuzela_z_t\u0142em\" data-item-list-name=\"Karuzela z t\u0142em  Nowo\u015bci na eBilet\" data-item-list-id=\"karuzela_z_t\u0142em  Nowo\u015bci na eBilet\" >\n    <div class=\"container\">\n        <div class=\"row\">\n            <div class=\"col-24\">\n                <div class=\"events-slider-block__wrapper\">\n                                            <div class=\"events-slider-block__bg\"><img loading=\"lazy\" decoding=\"async\" width=\"1920\" height=\"1080\" src=\"https:\/\/www.ebilet.pl\/now\/app\/uploads\/2024\/04\/shutterstock_1308510637.jpg\" class=\"attachment-full size-full\" alt=\"Fot.\" srcset=\"https:\/\/www.ebilet.pl\/now\/app\/uploads\/2024\/04\/shutterstock_1308510637.jpg 1920w, https:\/\/www.ebilet.pl\/now\/app\/uploads\/2024\/04\/shutterstock_1308510637-1024x576.jpg 1024w, https:\/\/www.ebilet.pl\/now\/app\/uploads\/2024\/04\/shutterstock_1308510637-1536x864.jpg 1536w, https:\/\/www.ebilet.pl\/now\/app\/uploads\/2024\/04\/shutterstock_1308510637-1280x720.jpg 1280w, https:\/\/www.ebilet.pl\/now\/app\/uploads\/2024\/04\/shutterstock_1308510637-500x281.jpg 500w, https:\/\/www.ebilet.pl\/now\/app\/uploads\/2024\/04\/shutterstock_1308510637-632x356.jpg 632w, https:\/\/www.ebilet.pl\/now\/app\/uploads\/2024\/04\/shutterstock_1308510637-308x174.jpg 308w\" sizes=\"(max-width: 1920px) 100vw, 1920px\" \/><\/div>\n                                                                <div class=\"events-slider-block__top\">\n                                                            <div class=\"events-slider-block__title desktop\">\n                                    <h2 class=\"typo-h2\"> Nowo\u015bci na eBilet<\/h2>\n                                <\/div>\n                                                                                        <div class=\"events-slider-block__title mobile\">\n                                    <h2 class=\"typo-h2\"> Nowo\u015bci na eBilet<\/h2>\n                                <\/div>\n                                                    <\/div>\n                                                                <div class=\"events-slider-block__main\">\n                            <div class=\"events-slider-block__nav events-slider-block__nav--prev\">\n                                <div class=\"button button--withIcon button--theme-white-blur button--size-fixed-48\" data-events-prev>\n                                    <span class=\"button__icon icon icon-chevron-left\"><\/span>\n                                <\/div>\n                            <\/div>\n                            <div class=\"events-slider-block__nav events-slider-block__nav--next\">\n                                <div class=\"button button--withIcon button--theme-white-blur button--size-fixed-48\" data-events-next>\n                                    <span class=\"button__icon icon icon-chevron-right\"><\/span>\n                                <\/div>\n                            <\/div>\n                            <div class=\"events-slider-block__slider\">\n                                <div class=\"swiper\" data-events-slider>\n                                    <div class=\"events-slider-block__sliderWrapper swiper-wrapper\">\n\n                                        \n                                            <div class=\"events-slider-block__sliderItem swiper-slide event-card\"\n                                                data-id=\"12967\"\n                                                data-name=\"Phil Campbell&#039;s Bastard Sons\"\n                                                data-brand=\"Winiary Bookings sp. z o. o.\"\n                                                data-category=\"muzyka\"\n                                                data-subcategory=\"rock\"\n                                                data-city=\"\u0141\u00f3d\u017a, Lublin\"\n                                                data-venue=\"Klub Scenografia\">\n                                                \n<div class=\"card-event  card-event--size-small\">\n        <a href=\"https:\/\/www.ebilet.pl\/muzyka\/rock\/phil-campbell\" target=\"_blank\" class=\"card-event__link\" rel=\"nofollow noopener\"><\/a>\n        <div class=\"card-event__wrapper\">\n        <div class=\"card-event__image\">\n            <img decoding=\"async\" src=\"https:\/\/www.ebilet.pl\/media\/cms\/media\/xgxnfkun\/pc-bastard-sons-ebilet-strona-wydarzenia-pion-wspo-lne-0a66eab9-4dc0-4cbe-9a64-e83f89663721.webp\" alt=\"\">\n        <\/div>\n        <div class=\"card-event__data\">\n            <div class=\"card-event__name\">\n                <p>Phil Campbell&#8217;s Bastard Sons<\/p>\n            <\/div>\n            <div class=\"card-event__date\">27.07.2026-27.07.2026<\/div>\n            <div class=\"card-event__location\">\u0141\u00f3d\u017a, Lublin<\/div>\n        <\/div>\n    <\/div>\n<\/div>                                            <\/div>\n                                        \n                                            <div class=\"events-slider-block__sliderItem swiper-slide event-card\"\n                                                data-id=\"206101\"\n                                                data-name=\"Heretoir\"\n                                                data-brand=\"Winiary Bookings sp. z o. o.\"\n                                                data-category=\"muzyka\"\n                                                data-subcategory=\"hard-heavy\"\n                                                data-city=\"Wroc\u0142aw\"\n                                                data-venue=\"Klub \u0141\u0105cznik\">\n                                                \n<div class=\"card-event  card-event--size-small\">\n        <a href=\"https:\/\/www.ebilet.pl\/muzyka\/hard-heavy\/heretoir\" target=\"_blank\" class=\"card-event__link\" rel=\"nofollow noopener\"><\/a>\n        <div class=\"card-event__wrapper\">\n        <div class=\"card-event__image\">\n            <img decoding=\"async\" src=\"https:\/\/www.ebilet.pl\/media\/cms\/media\/zq0bypho\/heretoir-ebilet-strona-wydarzenia-pion-wroc_aw-8b4bb5db-c468-4b88-9a99-45522d4b39e4.webp\" alt=\"\">\n        <\/div>\n        <div class=\"card-event__data\">\n            <div class=\"card-event__name\">\n                <p>Heretoir<\/p>\n            <\/div>\n            <div class=\"card-event__date\">19.10.2026-19.10.2026<\/div>\n            <div class=\"card-event__location\">Wroc\u0142aw<\/div>\n        <\/div>\n    <\/div>\n<\/div>                                            <\/div>\n                                        \n                                            <div class=\"events-slider-block__sliderItem swiper-slide event-card\"\n                                                data-id=\"35261\"\n                                                data-name=\"Parov Stelar\"\n                                                data-brand=\"Etso8\"\n                                                data-category=\"muzyka\"\n                                                data-subcategory=\"elektro-techno\"\n                                                data-city=\"Warszawa\"\n                                                data-venue=\"Letnia Scena Progresji\">\n                                                \n<div class=\"card-event  card-event--size-small\">\n        <a href=\"https:\/\/www.ebilet.pl\/muzyka\/elektro-techno\/parov-stelar\" target=\"_blank\" class=\"card-event__link\" rel=\"nofollow noopener\"><\/a>\n        <div class=\"card-event__wrapper\">\n        <div class=\"card-event__image\">\n            <img decoding=\"async\" src=\"https:\/\/www.ebilet.pl\/media\/cms\/media\/ushbipmb\/552x736.webp\" alt=\"\">\n        <\/div>\n        <div class=\"card-event__data\">\n            <div class=\"card-event__name\">\n                <p>Parov Stelar<\/p>\n            <\/div>\n            <div class=\"card-event__date\">25.07.2026-25.07.2026<\/div>\n            <div class=\"card-event__location\">Warszawa<\/div>\n        <\/div>\n    <\/div>\n<\/div>                                            <\/div>\n                                        \n                                            <div class=\"events-slider-block__sliderItem swiper-slide event-card\"\n                                                data-id=\"5971\"\n                                                data-name=\"Lady Pank\"\n                                                data-brand=\"Just For MUSIC Sp z o.o.\"\n                                                data-category=\"muzyka\"\n                                                data-subcategory=\"rock\"\n                                                data-city=\"Cz\u0119stochowa, Jasionka, Krak\u00f3w i inne\"\n                                                data-venue=\"Narodowe Centrum Polskiej Piosenki\">\n                                                \n<div class=\"card-event  card-event--size-small\">\n        <a href=\"https:\/\/www.ebilet.pl\/muzyka\/rock\/lady-pank\" target=\"_blank\" class=\"card-event__link\" rel=\"nofollow noopener\"><\/a>\n        <div class=\"card-event__wrapper\">\n        <div class=\"card-event__image\">\n            <img decoding=\"async\" src=\"https:\/\/www.ebilet.pl\/media\/cms\/media\/inkntr0t\/552-x-736-px-5.webp\" alt=\"\">\n        <\/div>\n        <div class=\"card-event__data\">\n            <div class=\"card-event__name\">\n                <p>Lady Pank<\/p>\n            <\/div>\n            <div class=\"card-event__date\">18.09.2026-18.09.2026<\/div>\n            <div class=\"card-event__location\">Cz\u0119stochowa, Jasionka, Krak\u00f3w i inne<\/div>\n        <\/div>\n    <\/div>\n<\/div>                                            <\/div>\n                                        \n                                            <div class=\"events-slider-block__sliderItem swiper-slide event-card\"\n                                                data-id=\"87678\"\n                                                data-name=\"Abba i Inni Symfonicznie II\"\n                                                data-brand=\"Agencja Brussa Jaros\u0142aw Brussa\"\n                                                data-category=\"muzyka\"\n                                                data-subcategory=\"pop\"\n                                                data-city=\"\u0141\u00f3d\u017a, Szczecin\"\n                                                data-venue=\"Teatr Letni w Szczecinie\">\n                                                \n<div class=\"card-event  card-event--size-small\">\n        <a href=\"https:\/\/www.ebilet.pl\/muzyka\/pop\/abba\" target=\"_blank\" class=\"card-event__link\" rel=\"nofollow noopener\"><\/a>\n        <div class=\"card-event__wrapper\">\n        <div class=\"card-event__image\">\n            <img decoding=\"async\" src=\"https:\/\/www.ebilet.pl\/media\/cms\/media\/ettpn531\/abba-ebilet-552x736.webp\" alt=\"\">\n        <\/div>\n        <div class=\"card-event__data\">\n            <div class=\"card-event__name\">\n                <p>Abba i Inni Symfonicznie II<\/p>\n            <\/div>\n            <div class=\"card-event__date\">17.07.2026-17.07.2026<\/div>\n            <div class=\"card-event__location\">\u0141\u00f3d\u017a, Szczecin<\/div>\n        <\/div>\n    <\/div>\n<\/div>                                            <\/div>\n                                        \n                                            <div class=\"events-slider-block__sliderItem swiper-slide event-card\"\n                                                data-id=\"206192\"\n                                                data-name=\"Spirit of Smokie\"\n                                                data-brand=\"GO2SHOW\"\n                                                data-category=\"muzyka\"\n                                                data-subcategory=\"rock\"\n                                                data-city=\"Warszawa\"\n                                                data-venue=\"Klub Hybrydy\">\n                                                \n<div class=\"card-event  card-event--size-small\">\n        <a href=\"https:\/\/www.ebilet.pl\/muzyka\/rock\/spirit-of-smokie\" target=\"_blank\" class=\"card-event__link\" rel=\"nofollow noopener\"><\/a>\n        <div class=\"card-event__wrapper\">\n        <div class=\"card-event__image\">\n            <img decoding=\"async\" src=\"https:\/\/www.ebilet.pl\/media\/cms\/media\/sd5m2kku\/spirit-of-smokie-552_736-warszawa-22985fe0-6a01-49f5-a405-d282d9004495.webp\" alt=\"\">\n        <\/div>\n        <div class=\"card-event__data\">\n            <div class=\"card-event__name\">\n                <p>Spirit of Smokie<\/p>\n            <\/div>\n            <div class=\"card-event__date\">18.12.2026-18.12.2026<\/div>\n            <div class=\"card-event__location\">Warszawa<\/div>\n        <\/div>\n    <\/div>\n<\/div>                                            <\/div>\n                                        \n                                            <div class=\"events-slider-block__sliderItem swiper-slide event-card\"\n                                                data-id=\"96104\"\n                                                data-name=\"Targi dom\u00f3w do 120 m2 - Tw\u00f3j Ma\u0142y Dom (Gda\u0144sk)\"\n                                                data-brand=\"PRO MEDIA Filip Ko\u0142odziej\"\n                                                data-category=\"biznes\"\n                                                data-subcategory=\"targi\"\n                                                data-city=\"Gda\u0144sk\"\n                                                data-venue=\"Cen\u00adtrum Han\u00addlo\u00adwe Oso\u00adwa (Parking)\">\n                                                \n<div class=\"card-event  card-event--size-small\">\n        <a href=\"https:\/\/www.ebilet.pl\/biznes\/targi\/twoj-maly-dom\" target=\"_blank\" class=\"card-event__link\" rel=\"nofollow noopener\"><\/a>\n        <div class=\"card-event__wrapper\">\n        <div class=\"card-event__image\">\n            <img decoding=\"async\" src=\"https:\/\/www.ebilet.pl\/media\/cms\/media\/cr5kgqef\/gda_sk-_wiosna_ebilet552x736-9e954250-6c66-4073-88f0-9a0896762422.webp\" alt=\"\">\n        <\/div>\n        <div class=\"card-event__data\">\n            <div class=\"card-event__name\">\n                <p>Targi dom\u00f3w do 120 m2 &#8211; Tw\u00f3j Ma\u0142y Dom (Gda\u0144sk)<\/p>\n            <\/div>\n            <div class=\"card-event__date\">29.05.2026-29.05.2026<\/div>\n            <div class=\"card-event__location\">Gda\u0144sk<\/div>\n        <\/div>\n    <\/div>\n<\/div>                                            <\/div>\n                                        \n                                            <div class=\"events-slider-block__sliderItem swiper-slide event-card\"\n                                                data-id=\"205699\"\n                                                data-name=\"Shred Fest: Obscura, Pestilence, Cryptic Shift, Thus, Dvrk\"\n                                                data-brand=\"Winiary Bookings sp. z o. o.\"\n                                                data-category=\"muzyka\"\n                                                data-subcategory=\"hard-heavy\"\n                                                data-city=\"Warszawa\"\n                                                data-venue=\"Klub Proxima\">\n                                                \n<div class=\"card-event  card-event--size-small\">\n        <a href=\"https:\/\/www.ebilet.pl\/muzyka\/hard-heavy\/shred-fest\" target=\"_blank\" class=\"card-event__link\" rel=\"nofollow noopener\"><\/a>\n        <div class=\"card-event__wrapper\">\n        <div class=\"card-event__image\">\n            <img decoding=\"async\" src=\"https:\/\/www.ebilet.pl\/media\/cms\/media\/ngvdr2c3\/shredfest-ebilet-strona-wydarzenia-pion-warszawax-000cce3a-6af4-4d35-90e3-f0b821d75e23.webp\" alt=\"\">\n        <\/div>\n        <div class=\"card-event__data\">\n            <div class=\"card-event__name\">\n                <p>Shred Fest: Obscura, Pestilence, Cryptic Shift, Thus, Dvrk<\/p>\n            <\/div>\n            <div class=\"card-event__date\">25.01.2027-25.01.2027<\/div>\n            <div class=\"card-event__location\">Warszawa<\/div>\n        <\/div>\n    <\/div>\n<\/div>                                            <\/div>\n                                        \n                                            <div class=\"events-slider-block__sliderItem swiper-slide event-card\"\n                                                data-id=\"152798\"\n                                                data-name=\"Beth Hart\"\n                                                data-brand=\"Modern Look Sp. z o.o.\"\n                                                data-category=\"muzyka\"\n                                                data-subcategory=\"jazz-blues\"\n                                                data-city=\"Warszawa, Zabrze\"\n                                                data-venue=\"Dom Muzyki i Ta\u0144ca\">\n                                                \n<div class=\"card-event  card-event--size-small\">\n        <a href=\"https:\/\/www.ebilet.pl\/muzyka\/jazz-blues\/beth-hart-koncert\" target=\"_blank\" class=\"card-event__link\" rel=\"nofollow noopener\"><\/a>\n        <div class=\"card-event__wrapper\">\n        <div class=\"card-event__image\">\n            <img decoding=\"async\" src=\"https:\/\/www.ebilet.pl\/media\/cms\/media\/vhblus3i\/beth_hart_552x736_bezwww.webp\" alt=\"\">\n        <\/div>\n        <div class=\"card-event__data\">\n            <div class=\"card-event__name\">\n                <p>Beth Hart<\/p>\n            <\/div>\n            <div class=\"card-event__date\">09.05.2026-09.05.2026<\/div>\n            <div class=\"card-event__location\">Warszawa, Zabrze<\/div>\n        <\/div>\n    <\/div>\n<\/div>                                            <\/div>\n                                        \n                                            <div class=\"events-slider-block__sliderItem swiper-slide event-card\"\n                                                data-id=\"206168\"\n                                                data-name=\"Eve\"\n                                                data-brand=\"Big Idea Group sp. z o. o.\"\n                                                data-category=\"muzyka\"\n                                                data-subcategory=\"hip-hop-rap\"\n                                                data-city=\"Warszawa\"\n                                                data-venue=\"Progresja\">\n                                                \n<div class=\"card-event  card-event--size-small\">\n        <a href=\"https:\/\/www.ebilet.pl\/muzyka\/hip-hop-rap\/eve\" target=\"_blank\" class=\"card-event__link\" rel=\"nofollow noopener\"><\/a>\n        <div class=\"card-event__wrapper\">\n        <div class=\"card-event__image\">\n            <img decoding=\"async\" src=\"https:\/\/www.ebilet.pl\/media\/cms\/media\/cs5fmq0h\/ebilet-10-95367bc9-1f16-4a1c-9e1d-f2b4f9e0531a.webp\" alt=\"\">\n        <\/div>\n        <div class=\"card-event__data\">\n            <div class=\"card-event__name\">\n                <p>Eve<\/p>\n            <\/div>\n            <div class=\"card-event__date\">16.10.2026-16.10.2026<\/div>\n            <div class=\"card-event__location\">Warszawa<\/div>\n        <\/div>\n    <\/div>\n<\/div>                                            <\/div>\n                                        \n                                            <div class=\"events-slider-block__sliderItem swiper-slide event-card\"\n                                                data-id=\"206153\"\n                                                data-name=\"European Carnage Tour 2026: Fleshcrawl + Avulsed + Violentor\"\n                                                data-brand=\"Fundacja Student\u00f3w i Absolwent\u00f3w AGH w Krakowie\"\n                                                data-category=\"muzyka\"\n                                                data-subcategory=\"hard-heavy\"\n                                                data-city=\"Krak\u00f3w\"\n                                                data-venue=\"Klub Za\u015bcianek\">\n                                                \n<div class=\"card-event  card-event--size-small\">\n        <a href=\"https:\/\/www.ebilet.pl\/muzyka\/hard-heavy\/fleshcrawl\" target=\"_blank\" class=\"card-event__link\" rel=\"nofollow noopener\"><\/a>\n        <div class=\"card-event__wrapper\">\n        <div class=\"card-event__image\">\n            <img decoding=\"async\" src=\"https:\/\/www.ebilet.pl\/media\/cms\/media\/x52dbinm\/wydarzenie-za-2026-fleshcrawl-17-11_ebilet-552x736.webp\" alt=\"\">\n        <\/div>\n        <div class=\"card-event__data\">\n            <div class=\"card-event__name\">\n                <p>European Carnage Tour 2026: Fleshcrawl + Avulsed + Violentor<\/p>\n            <\/div>\n            <div class=\"card-event__date\">17.11.2026-17.11.2026<\/div>\n            <div class=\"card-event__location\">Krak\u00f3w<\/div>\n        <\/div>\n    <\/div>\n<\/div>                                            <\/div>\n                                        \n                                            <div class=\"events-slider-block__sliderItem swiper-slide event-card\"\n                                                data-id=\"173645\"\n                                                data-name=\"Targi dom\u00f3w do 120 m2 - Tw\u00f3j Ma\u0142y Dom (Krak\u00f3w)\"\n                                                data-brand=\"PRO MEDIA Filip Ko\u0142odziej\"\n                                                data-category=\"biznes\"\n                                                data-subcategory=\"targi\"\n                                                data-city=\"Krak\u00f3w\"\n                                                data-venue=\"Park Handlowy Zakopianka (parking)\">\n                                                \n<div class=\"card-event  card-event--size-small\">\n        <a href=\"https:\/\/www.ebilet.pl\/biznes\/targi\/targi-twoj-maly-dom\" target=\"_blank\" class=\"card-event__link\" rel=\"nofollow noopener\"><\/a>\n        <div class=\"card-event__wrapper\">\n        <div class=\"card-event__image\">\n            <img decoding=\"async\" src=\"https:\/\/www.ebilet.pl\/media\/cms\/media\/nddpbt35\/krak_w_wiosna_ebilet552x736-3a54c71e-5961-4459-96a7-d520c29f90ad.webp\" alt=\"\">\n        <\/div>\n        <div class=\"card-event__data\">\n            <div class=\"card-event__name\">\n                <p>Targi dom\u00f3w do 120 m2 &#8211; Tw\u00f3j Ma\u0142y Dom (Krak\u00f3w)<\/p>\n            <\/div>\n            <div class=\"card-event__date\">22.05.2026-22.05.2026<\/div>\n            <div class=\"card-event__location\">Krak\u00f3w<\/div>\n        <\/div>\n    <\/div>\n<\/div>                                            <\/div>\n                                        \n                                            <div class=\"events-slider-block__sliderItem swiper-slide event-card\"\n                                                data-id=\"132709\"\n                                                data-name=\"\u4eba\u9b5a Ningyo Festiwal Japonii i Kultury Azjatyckiej\"\n                                                data-brand=\"SENSHO SP\u00d3\u0141KA Z OGRANICZON\u0104 ODPOWIEDZIALNO\u015aCI\u0104\"\n                                                data-category=\"biznes\"\n                                                data-subcategory=\"targi\"\n                                                data-city=\"Wroc\u0142aw\"\n                                                data-venue=\"Hala Stulecia\">\n                                                \n<div class=\"card-event  card-event--size-small\">\n        <a href=\"https:\/\/www.ebilet.pl\/biznes\/targi\/targ-japonski\" target=\"_blank\" class=\"card-event__link\" rel=\"nofollow noopener\"><\/a>\n        <div class=\"card-event__wrapper\">\n        <div class=\"card-event__image\">\n            <img decoding=\"async\" src=\"https:\/\/www.ebilet.pl\/media\/cms\/media\/3wek2zjj\/projekt-bez-nazwy-13-af4dd9ef-7207-4b4b-84de-7cde6c0c960b.webp\" alt=\"\">\n        <\/div>\n        <div class=\"card-event__data\">\n            <div class=\"card-event__name\">\n                <p>\u4eba\u9b5a Ningyo Festiwal Japonii i Kultury Azjatyckiej<\/p>\n            <\/div>\n            <div class=\"card-event__date\">30.05.2026-30.05.2026<\/div>\n            <div class=\"card-event__location\">Wroc\u0142aw<\/div>\n        <\/div>\n    <\/div>\n<\/div>                                            <\/div>\n                                        \n                                            <div class=\"events-slider-block__sliderItem swiper-slide event-card\"\n                                                data-id=\"195993\"\n                                                data-name=\"Koncert przy \u015bwiecach: Ludovico Einaudi, Yann Tiersen and Roberto Cacciapaglia\"\n                                                data-brand=\"Fundacja na Rzecz Pomocy Pestka\"\n                                                data-category=\"klasyka\"\n                                                data-subcategory=\"muzyka-filmowa\"\n                                                data-city=\"Warszawa\"\n                                                data-venue=\"Pa\u0142ac Staszica w Warszawie\">\n                                                \n<div class=\"card-event  card-event--size-small\">\n        <a href=\"https:\/\/www.ebilet.pl\/klasyka\/muzyka-filmowa\/einaudi-tiersen-cacciapaglia\" target=\"_blank\" class=\"card-event__link\" rel=\"nofollow noopener\"><\/a>\n        <div class=\"card-event__wrapper\">\n        <div class=\"card-event__image\">\n            <img decoding=\"async\" src=\"https:\/\/www.ebilet.pl\/media\/cms\/media\/5k4dd5r5\/4_2009-ed7a3b65-e6e8-4455-97d0-2ad5e7e8171e.webp\" alt=\"\">\n        <\/div>\n        <div class=\"card-event__data\">\n            <div class=\"card-event__name\">\n                <p>Koncert przy \u015bwiecach: Ludovico Einaudi, Yann Tiersen and Roberto Cacciapaglia<\/p>\n            <\/div>\n            <div class=\"card-event__date\">07.06.2026-07.06.2026<\/div>\n            <div class=\"card-event__location\">Warszawa<\/div>\n        <\/div>\n    <\/div>\n<\/div>                                            <\/div>\n                                        \n                                            <div class=\"events-slider-block__sliderItem swiper-slide event-card\"\n                                                data-id=\"195988\"\n                                                data-name=\"Koncert przy \u015bwiecach - Best of Hans Zimmer\"\n                                                data-brand=\"Fundacja na Rzecz Pomocy Pestka\"\n                                                data-category=\"klasyka\"\n                                                data-subcategory=\"muzyka-filmowa\"\n                                                data-city=\"Warszawa\"\n                                                data-venue=\"Pa\u0142ac Staszica w Warszawie\">\n                                                \n<div class=\"card-event  card-event--size-small\">\n        <a href=\"https:\/\/www.ebilet.pl\/klasyka\/muzyka-filmowa\/best-of-hans-zimmer\" target=\"_blank\" class=\"card-event__link\" rel=\"nofollow noopener\"><\/a>\n        <div class=\"card-event__wrapper\">\n        <div class=\"card-event__image\">\n            <img decoding=\"async\" src=\"https:\/\/www.ebilet.pl\/media\/cms\/media\/ucmezeb5\/3_2009-b10047b6-9a94-46be-9407-be1c8e1482f8.webp\" alt=\"\">\n        <\/div>\n        <div class=\"card-event__data\">\n            <div class=\"card-event__name\">\n                <p>Koncert przy \u015bwiecach &#8211; Best of Hans Zimmer<\/p>\n            <\/div>\n            <div class=\"card-event__date\">07.06.2026-07.06.2026<\/div>\n            <div class=\"card-event__location\">Warszawa<\/div>\n        <\/div>\n    <\/div>\n<\/div>                                            <\/div>\n                                                                            <\/div>\n                                <\/div>\n                            <\/div>\n                            <div class=\"events-slider-block__events swiper\" data-events-events-descriptions>\n                                <div class=\"events-slider-block__eventsWrapper swiper-wrapper\">\n                                                                            <div class=\"events-slider-block__eventsItem swiper-slide\">\n                                            <a href=\"https:\/\/www.ebilet.pl\/muzyka\/rock\/phil-campbell\" target=\"_blank\" class=\"events-slider-block__eventsName\">\n                                                <p>Phil Campbell&#8217;s Bastard Sons<\/p>\n                                            <\/a>\n                                            <div class=\"events-slider-block__eventsDate\">27.07.2026-30.07.2026<\/div>\n                                            <div class=\"events-slider-block__eventsLocation\"><\/div>\n                                        <\/div>\n                                                                            <div class=\"events-slider-block__eventsItem swiper-slide\">\n                                            <a href=\"https:\/\/www.ebilet.pl\/muzyka\/hard-heavy\/heretoir\" target=\"_blank\" class=\"events-slider-block__eventsName\">\n                                                <p>Heretoir<\/p>\n                                            <\/a>\n                                            <div class=\"events-slider-block__eventsDate\">19.10.2026-19.10.2026<\/div>\n                                            <div class=\"events-slider-block__eventsLocation\"><\/div>\n                                        <\/div>\n                                                                            <div class=\"events-slider-block__eventsItem swiper-slide\">\n                                            <a href=\"https:\/\/www.ebilet.pl\/muzyka\/elektro-techno\/parov-stelar\" target=\"_blank\" class=\"events-slider-block__eventsName\">\n                                                <p>Parov Stelar<\/p>\n                                            <\/a>\n                                            <div class=\"events-slider-block__eventsDate\">25.07.2026-25.07.2026<\/div>\n                                            <div class=\"events-slider-block__eventsLocation\"><\/div>\n                                        <\/div>\n                                                                            <div class=\"events-slider-block__eventsItem swiper-slide\">\n                                            <a href=\"https:\/\/www.ebilet.pl\/muzyka\/rock\/lady-pank\" target=\"_blank\" class=\"events-slider-block__eventsName\">\n                                                <p>Lady Pank<\/p>\n                                            <\/a>\n                                            <div class=\"events-slider-block__eventsDate\">18.09.2026-12.12.2026<\/div>\n                                            <div class=\"events-slider-block__eventsLocation\"><\/div>\n                                        <\/div>\n                                                                            <div class=\"events-slider-block__eventsItem swiper-slide\">\n                                            <a href=\"https:\/\/www.ebilet.pl\/muzyka\/pop\/abba\" target=\"_blank\" class=\"events-slider-block__eventsName\">\n                                                <p>Abba i Inni Symfonicznie II<\/p>\n                                            <\/a>\n                                            <div class=\"events-slider-block__eventsDate\">17.07.2026-21.10.2026<\/div>\n                                            <div class=\"events-slider-block__eventsLocation\"><\/div>\n                                        <\/div>\n                                                                            <div class=\"events-slider-block__eventsItem swiper-slide\">\n                                            <a href=\"https:\/\/www.ebilet.pl\/muzyka\/rock\/spirit-of-smokie\" target=\"_blank\" class=\"events-slider-block__eventsName\">\n                                                <p>Spirit of Smokie<\/p>\n                                            <\/a>\n                                            <div class=\"events-slider-block__eventsDate\">18.12.2026-18.12.2026<\/div>\n                                            <div class=\"events-slider-block__eventsLocation\"><\/div>\n                                        <\/div>\n                                                                            <div class=\"events-slider-block__eventsItem swiper-slide\">\n                                            <a href=\"https:\/\/www.ebilet.pl\/biznes\/targi\/twoj-maly-dom\" target=\"_blank\" class=\"events-slider-block__eventsName\">\n                                                <p>Targi dom\u00f3w do 120 m2 &#8211; Tw\u00f3j Ma\u0142y Dom (Gda\u0144sk)<\/p>\n                                            <\/a>\n                                            <div class=\"events-slider-block__eventsDate\">29.05.2026-31.05.2026<\/div>\n                                            <div class=\"events-slider-block__eventsLocation\"><\/div>\n                                        <\/div>\n                                                                            <div class=\"events-slider-block__eventsItem swiper-slide\">\n                                            <a href=\"https:\/\/www.ebilet.pl\/muzyka\/hard-heavy\/shred-fest\" target=\"_blank\" class=\"events-slider-block__eventsName\">\n                                                <p>Shred Fest: Obscura, Pestilence, Cryptic Shift, Thus, Dvrk<\/p>\n                                            <\/a>\n                                            <div class=\"events-slider-block__eventsDate\">25.01.2027-25.01.2027<\/div>\n                                            <div class=\"events-slider-block__eventsLocation\"><\/div>\n                                        <\/div>\n                                                                            <div class=\"events-slider-block__eventsItem swiper-slide\">\n                                            <a href=\"https:\/\/www.ebilet.pl\/muzyka\/jazz-blues\/beth-hart-koncert\" target=\"_blank\" class=\"events-slider-block__eventsName\">\n                                                <p>Beth Hart<\/p>\n                                            <\/a>\n                                            <div class=\"events-slider-block__eventsDate\">09.05.2026-14.07.2026<\/div>\n                                            <div class=\"events-slider-block__eventsLocation\"><\/div>\n                                        <\/div>\n                                                                            <div class=\"events-slider-block__eventsItem swiper-slide\">\n                                            <a href=\"https:\/\/www.ebilet.pl\/muzyka\/hip-hop-rap\/eve\" target=\"_blank\" class=\"events-slider-block__eventsName\">\n                                                <p>Eve<\/p>\n                                            <\/a>\n                                            <div class=\"events-slider-block__eventsDate\">16.10.2026-16.10.2026<\/div>\n                                            <div class=\"events-slider-block__eventsLocation\"><\/div>\n                                        <\/div>\n                                                                            <div class=\"events-slider-block__eventsItem swiper-slide\">\n                                            <a href=\"https:\/\/www.ebilet.pl\/muzyka\/hard-heavy\/fleshcrawl\" target=\"_blank\" class=\"events-slider-block__eventsName\">\n                                                <p>European Carnage Tour 2026: Fleshcrawl + Avulsed + Violentor<\/p>\n                                            <\/a>\n                                            <div class=\"events-slider-block__eventsDate\">17.11.2026-17.11.2026<\/div>\n                                            <div class=\"events-slider-block__eventsLocation\"><\/div>\n                                        <\/div>\n                                                                            <div class=\"events-slider-block__eventsItem swiper-slide\">\n                                            <a href=\"https:\/\/www.ebilet.pl\/biznes\/targi\/targi-twoj-maly-dom\" target=\"_blank\" class=\"events-slider-block__eventsName\">\n                                                <p>Targi dom\u00f3w do 120 m2 &#8211; Tw\u00f3j Ma\u0142y Dom (Krak\u00f3w)<\/p>\n                                            <\/a>\n                                            <div class=\"events-slider-block__eventsDate\">22.05.2026-24.05.2026<\/div>\n                                            <div class=\"events-slider-block__eventsLocation\"><\/div>\n                                        <\/div>\n                                                                            <div class=\"events-slider-block__eventsItem swiper-slide\">\n                                            <a href=\"https:\/\/www.ebilet.pl\/biznes\/targi\/targ-japonski\" target=\"_blank\" class=\"events-slider-block__eventsName\">\n                                                <p>\u4eba\u9b5a Ningyo Festiwal Japonii i Kultury Azjatyckiej<\/p>\n                                            <\/a>\n                                            <div class=\"events-slider-block__eventsDate\">30.05.2026-31.05.2026<\/div>\n                                            <div class=\"events-slider-block__eventsLocation\"><\/div>\n                                        <\/div>\n                                                                            <div class=\"events-slider-block__eventsItem swiper-slide\">\n                                            <a href=\"https:\/\/www.ebilet.pl\/klasyka\/muzyka-filmowa\/einaudi-tiersen-cacciapaglia\" target=\"_blank\" class=\"events-slider-block__eventsName\">\n                                                <p>Koncert przy \u015bwiecach: Ludovico Einaudi, Yann Tiersen and Roberto Cacciapaglia<\/p>\n                                            <\/a>\n                                            <div class=\"events-slider-block__eventsDate\">07.06.2026-07.06.2026<\/div>\n                                            <div class=\"events-slider-block__eventsLocation\"><\/div>\n                                        <\/div>\n                                                                            <div class=\"events-slider-block__eventsItem swiper-slide\">\n                                            <a href=\"https:\/\/www.ebilet.pl\/klasyka\/muzyka-filmowa\/best-of-hans-zimmer\" target=\"_blank\" class=\"events-slider-block__eventsName\">\n                                                <p>Koncert przy \u015bwiecach &#8211; Best of Hans Zimmer<\/p>\n                                            <\/a>\n                                            <div class=\"events-slider-block__eventsDate\">07.06.2026-07.06.2026<\/div>\n                                            <div class=\"events-slider-block__eventsLocation\"><\/div>\n                                        <\/div>\n                                                                    <\/div>\n                            <\/div>\n                            <div class=\"events-slider-block__pagination\">\n                                <div class=\"swiper-pagination slider-pagination slider-pagination--theme-white\" data-events-slider-pagination><\/div>\n                            <\/div>\n                        <\/div>\n                                        <div class=\"events-slider-block__bottom\">\n                                                                                <div class=\"events-slider-block__link desktop\">\n                                    <a\n                                        class=\"button button--size-small button--theme-primary-yellow button--withIconLeft\"\n                                        href=\"https:\/\/www.ebilet.pl\/\">\n                                                                                    <div class=\"button__icon\"><img loading=\"lazy\" decoding=\"async\" width=\"30\" height=\"30\" src=\"https:\/\/www.ebilet.pl\/now\/app\/uploads\/2024\/01\/ticket-cinema-entertainment-coupon-discount-sale_30px.png\" class=\"attachment-full size-full\" alt=\"\" \/><\/div>\n                                                                                <p class=\"button__text typo-18\">Kup na eBilet.pl<\/p>\n                                    <\/a>\n                                <\/div>\n                                                                                <div class=\"events-slider-block__link mobile\">\n                                    <a\n                                        class=\"button button--size-small button--theme-primary-yellow button--withIconLeft\"\n                                        href=\"https:\/\/www.ebilet.pl\/\">\n                                                                                    <div class=\"button__icon\"><img loading=\"lazy\" decoding=\"async\" width=\"30\" height=\"30\" src=\"https:\/\/www.ebilet.pl\/now\/app\/uploads\/2024\/01\/ticket-cinema-entertainment-coupon-discount-sale_30px.png\" class=\"attachment-full size-full\" alt=\"\" \/><\/div>\n                                                                                <p class=\"button__text typo-18\">Kup na eBilet.pl<\/p>\n                                    <\/a>\n                                <\/div>\n                                            <\/div>\n                <\/div>\n            <\/div>\n        <\/div>\n    <\/div>\n<\/section>","protected":false},"excerpt":{"rendered":"<p>My mamy poloneza, mazura, krakowiaka, oberka i kujawiaka. Czesi maj\u0105 polk\u0119 (za chwil\u0119 dowiesz si\u0119, sk\u0105d ta nazwa!), Argenty\u0144czycy \u2013 tango, a Anglicy \u2013 walca. Tak naprawd\u0119 ka\u017cdy region \u015bwiata ma sw\u00f3j taniec i, co bardzo ciekawe, ta\u0144ce te potrafi\u0105 si\u0119 od siebie znacznie r\u00f3\u017cni\u0107 (przecie\u017c walc angielski i tango to zupe\u0142nie inne \u015bwiaty!). Sprawd\u017amy, jak si\u0119 ta\u0144czy w r\u00f3\u017cnych krajach.<\/p>\n","protected":false},"author":14,"featured_media":18530,"comment_status":"open","ping_status":"open","sticky":false,"template":"page-templates\/article-default.php","format":"standard","meta":{"_acf_changed":false,"footnotes":""},"article_tag":[88,79,145],"article_type":[5],"acf":[],"_links":{"self":[{"href":"https:\/\/www.ebilet.pl\/now\/wp-json\/wp\/v2\/posts\/18527"}],"collection":[{"href":"https:\/\/www.ebilet.pl\/now\/wp-json\/wp\/v2\/posts"}],"about":[{"href":"https:\/\/www.ebilet.pl\/now\/wp-json\/wp\/v2\/types\/post"}],"author":[{"embeddable":true,"href":"https:\/\/www.ebilet.pl\/now\/wp-json\/wp\/v2\/users\/14"}],"replies":[{"embeddable":true,"href":"https:\/\/www.ebilet.pl\/now\/wp-json\/wp\/v2\/comments?post=18527"}],"version-history":[{"count":3,"href":"https:\/\/www.ebilet.pl\/now\/wp-json\/wp\/v2\/posts\/18527\/revisions"}],"predecessor-version":[{"id":18670,"href":"https:\/\/www.ebilet.pl\/now\/wp-json\/wp\/v2\/posts\/18527\/revisions\/18670"}],"wp:featuredmedia":[{"embeddable":true,"href":"https:\/\/www.ebilet.pl\/now\/wp-json\/wp\/v2\/media\/18530"}],"wp:attachment":[{"href":"https:\/\/www.ebilet.pl\/now\/wp-json\/wp\/v2\/media?parent=18527"}],"wp:term":[{"taxonomy":"article_tag","embeddable":true,"href":"https:\/\/www.ebilet.pl\/now\/wp-json\/wp\/v2\/article_tag?post=18527"},{"taxonomy":"article_type","embeddable":true,"href":"https:\/\/www.ebilet.pl\/now\/wp-json\/wp\/v2\/article_type?post=18527"}],"curies":[{"name":"wp","href":"https:\/\/api.w.org\/{rel}","templated":true}]}}