{"id":18359,"date":"2024-05-16T17:51:39","date_gmt":"2024-05-16T16:51:39","guid":{"rendered":"https:\/\/www.ebilet.pl\/now\/?p=18359"},"modified":"2024-05-16T17:51:42","modified_gmt":"2024-05-16T16:51:42","slug":"rozwoj-technologii-w-produkcji-muzyki-filmowej-jak-nowoczesne-narzedzia-wplywaja-na-koncerty-na-zywo","status":"publish","type":"post","link":"https:\/\/www.ebilet.pl\/now\/rozwoj-technologii-w-produkcji-muzyki-filmowej-jak-nowoczesne-narzedzia-wplywaja-na-koncerty-na-zywo\/","title":{"rendered":"Rozw\u00f3j technologii w produkcji muzyki filmowej: Jak nowoczesne narz\u0119dzia wp\u0142ywaj\u0105 na koncerty na \u017cywo?"},"content":{"rendered":"\n<section class=\"text-block  section-margin-32\" >\n    <div class=\"container\">\n        <div class=\"row\">\n            <div class=\"col-24\">\n                <div class=\"text-block__content\"><h2><strong>Wp\u0142yw technologii na muzyk\u0119 (nie tylko filmow\u0105)<\/strong><\/h2>\n<p><span style=\"font-weight: 400;\">Nowoczesne technologie wp\u0142ywaj\u0105 na ca\u0142\u0105 bran\u017c\u0119 muzyczn\u0105. <\/span><b>Nie bez powodu wspominamy o nowoczesnych technologiach, bo sama technologia jest procesem wytwarzania czego\u015b.<\/b><span style=\"font-weight: 400;\"> W przypadku muzyki klasycznej tak\u017ce mamy z ni\u0105 do czynienia, poniewa\u017c technologia jest potrzebna do samego stworzenia instrument\u00f3w oraz do wydobywania z nich d\u017awi\u0119k\u00f3w.\u00a0<\/span><\/p>\n<p><b>Oczywi\u015bcie rozw\u00f3j technologii sprawi\u0142, \u017ce teraz mamy o wiele wi\u0119cej mo\u017cliwo\u015bci wytwarzania muzyki oraz s\u0142uchania jej<\/b><span style=\"font-weight: 400;\"> (chocia\u017cby dzi\u0119ki Spotify mo\u017cemy pos\u0142ucha\u0107 wybitnych dzie\u0142 z telefonu).\u00a0<\/span><\/p>\n<h3><strong>Rozw\u00f3j poszczeg\u00f3lnych gatunk\u00f3w muzycznych w kontek\u015bcie technologii<\/strong><\/h3>\n<p><b>Muzyka filmowa czerpie z dzie\u0142 muzyki klasycznej oraz z muzyki zwi\u0105zanej z kultur\u0105 masow\u0105. <\/b><span style=\"font-weight: 400;\">Dlatego te\u017c rozw\u00f3j poszczeg\u00f3lnych gatunk\u00f3w muzycznych sprawi\u0142, \u017ce w filmach pojawi\u0142a si\u0119 o wiele wi\u0119ksza r\u00f3\u017cnorodno\u015b\u0107 w kontek\u015bcie \u015bcie\u017cek d\u017awi\u0119kowych. A to zn\u00f3w przek\u0142ada si\u0119 na ciekawsze do\u015bwiadczenia podczas koncert\u00f3w muzyki filmowej, gdzie przeplataj\u0105 si\u0119 ckliwe, romantyczne utwory klasyczne z ci\u0119\u017ckimi rockowymi brzmieniami oraz wszelkimi innymi gatunkami (wszystko zale\u017cy oczywi\u015bcie od filmu).<\/span><\/p>\n<p><b>Wraz z pojawieniem si\u0119 muzyki elektronicznej, pojawi\u0142y si\u0119 kolejne mo\u017cliwo\u015bci. <\/b><span style=\"font-weight: 400;\">Kompozytorzy, kt\u00f3rzy poszli z duchem czasu, wygrali los na loterii. Hans Zimmer zacz\u0105\u0142 \u0142\u0105czy\u0107 orkiestr\u0119 symfoniczn\u0105 z elektronicznymi brzmieniami i\u2026 za swoje dzie\u0142a zgarn\u0105\u0142 dziesi\u0105tki nagr\u00f3d, w tym dwa Oscary.\u00a0<\/span><\/p>\n<p><span style=\"font-weight: 400;\">Zreszt\u0105, ogl\u0105daj\u0105c filmy z r\u00f3\u017cnych lat mo\u017cesz us\u0142ysze\u0107 zupe\u0142nie inne brzmienia, instrumenty i gatunki. Pr\u00f3\u017cno szuka\u0107 muzyki elektronicznej w filmach z lat 50. Tam kr\u00f3luje raczej jazz. <\/span><b>W nowoczesnych filmach elektronika przeplata si\u0119 z tradycyjnie wytwarzan\u0105 muzyk\u0105 w takim stopniu, \u017ce trudno stwierdzi\u0107, gdzie zaczyna si\u0119 tradycyjna muzyka, a gdzie ta wytwarzana komputerowo. <\/b><span style=\"font-weight: 400;\">Technologia bowiem posz\u0142a tak daleko, \u017ce wytwarzana dzi\u0119ki niej muzyka coraz lepiej oddaje brzmienia prawdziwych instrument\u00f3w (i jednocze\u015bnie jest szybsza w przygotowaniu ni\u017c zaanga\u017cowanie ca\u0142ej orkiestry symfonicznej).\u00a0<\/span><\/p>\n<\/div>\n            <\/div>\n        <\/div>\n    <\/div>\n<\/section>\n\n\n<section class=\"tickets-slider  section-margin-32\"\n    data-tickets-slider\n    data-item-list-name=\"Karuzela z buttonami\"\n    data-item-list-id=\"karuzela_z_buttonami\"\n    >\n    <div class=\"container\">\n        <div class=\"row\">\n            <div class=\"col-24\">\n                <div class=\"tickets-slider__main\">\n                    <div class=\"tickets-slider__nav tickets-slider__nav--prev\">\n                        <div class=\"button button--withIcon button--theme-white-blur button--size-fixed-48\" data-tickets-slider-prev>\n                            <span class=\"button__icon icon icon-chevron-left\"><\/span>\n                        <\/div>\n                    <\/div>\n                    <div class=\"tickets-slider__nav tickets-slider__nav--next\">\n                        <div class=\"button button--withIcon button--theme-white-blur button--size-fixed-48\" data-tickets-slider-next>\n                            <span class=\"button__icon icon icon-chevron-right\"><\/span>\n                        <\/div>\n                    <\/div>\n                    <div class=\"tickets-slider__slider swiper\" data-tickets-slider-slider>\n                        <div class=\"tickets-slider__sliderWrapper swiper-wrapper\">\n                                                            <div class=\"tickets-slider__sliderItem swiper-slide\"\n                                    data-id=\"163760\"\n                                    data-name=\"Filharmonia Dowcipu &amp; Waldemar Malicki - Filmowy \u015awiat\"\n                                    data-brand=\"ESKANDER\"\n                                    data-category=\"klasyka\"\n                                    data-subcategory=\"koncert\"\n                                    data-city=\"Chorz\u00f3w, Gdynia, Krak\u00f3w i inne\"\n                                    data-venue=\"Teatr Muzyczny ROMA w Warszawie\">\n                                    <div class=\"tickets-slider__sliderCard\">\n                                        \n<div class=\"card-ticket\">\n        <div class=\"card-ticket__image\">\n        <a href=\"https:\/\/www.ebilet.pl\/klasyka\/koncert\/filharmonia-dowcipu-waldemar-malicki-filmowy-swiat\">\n            <img decoding=\"async\" src=\"https:\/\/www.ebilet.pl\/media\/cms\/media\/kpql1cy2\/fd_granat_552x736-5bc2fc8b-93fe-4476-83d5-59c86a0a4993.webp\" alt=\"Plakat wydarzenia\" \/>\n        <\/a>\n    <\/div>\n             \n    <div class=\"card-ticket__link\">\n        <a href=\"https:\/\/www.ebilet.pl\/klasyka\/koncert\/filharmonia-dowcipu-waldemar-malicki-filmowy-swiat\" class=\"button button--theme-primary-yellow button--withIconLeft button--size-small\">\n            <span class=\"button__icon icon icon-ticket\"><\/span>\n            <p class=\"button__text typo-16 f-600\">Kup bilet<\/p>\n        <\/a>\n    <\/div>\n    <\/div>                                    <\/div>\n                                <\/div>\n                                                            <div class=\"tickets-slider__sliderItem swiper-slide\"\n                                    data-id=\"187410\"\n                                    data-name=\"Carmen\"\n                                    data-brand=\"L2L Sp z o.o.\"\n                                    data-category=\"klasyka\"\n                                    data-subcategory=\"balet-taniec\"\n                                    data-city=\"Katowice, Pozna\u0144\"\n                                    data-venue=\"Teatr Wielki im. Stanis\u0142awa Moniuszki w Poznaniu\">\n                                    <div class=\"tickets-slider__sliderCard\">\n                                        \n<div class=\"card-ticket\">\n        <div class=\"card-ticket__image\">\n        <a href=\"https:\/\/www.ebilet.pl\/klasyka\/balet-taniec\/carmen\">\n            <img decoding=\"async\" src=\"https:\/\/www.ebilet.pl\/media\/cms\/media\/k2xb4kcd\/552x736-1619cc85-bd36-46fc-b1a5-f68124fb0d75.webp\" alt=\"Plakat wydarzenia\" \/>\n        <\/a>\n    <\/div>\n             \n    <div class=\"card-ticket__link\">\n        <a href=\"https:\/\/www.ebilet.pl\/klasyka\/balet-taniec\/carmen\" class=\"button button--theme-primary-yellow button--withIconLeft button--size-small\">\n            <span class=\"button__icon icon icon-ticket\"><\/span>\n            <p class=\"button__text typo-16 f-600\">Kup bilet<\/p>\n        <\/a>\n    <\/div>\n    <\/div>                                    <\/div>\n                                <\/div>\n                                                            <div class=\"tickets-slider__sliderItem swiper-slide\"\n                                    data-id=\"104308\"\n                                    data-name=\"APHKHAZETI - Gruzi\u0144ski Pa\u0144stwowy Balet z ch\u00f3rem i orkiestr\u0105\"\n                                    data-brand=\"TARGREM SP\u00d3\u0141KA Z OGRANICZON\u0104 ODPOWIEDZIALNO\u015aCI\u0104\"\n                                    data-category=\"klasyka\"\n                                    data-subcategory=\"balet-taniec\"\n                                    data-city=\"Katowice, Krak\u00f3w, \u0141\u00f3d\u017a i inne\"\n                                    data-venue=\"MTP - Mi\u0119dzynarodowe Targi Pozna\u0144skie\">\n                                    <div class=\"tickets-slider__sliderCard\">\n                                        \n<div class=\"card-ticket\">\n        <div class=\"card-ticket__image\">\n        <a href=\"https:\/\/www.ebilet.pl\/klasyka\/balet-taniec\/panstwowy-ansambl-gruzji-aphkhazeti\">\n            <img decoding=\"async\" src=\"https:\/\/www.ebilet.pl\/media\/cms\/media\/zn1nrf0b\/552x736-17-f9d5d1d0-2d59-4a6d-b4a1-1867a7836e10.webp\" alt=\"Plakat wydarzenia\" \/>\n        <\/a>\n    <\/div>\n             \n    <div class=\"card-ticket__link\">\n        <a href=\"https:\/\/www.ebilet.pl\/klasyka\/balet-taniec\/panstwowy-ansambl-gruzji-aphkhazeti\" class=\"button button--theme-primary-yellow button--withIconLeft button--size-small\">\n            <span class=\"button__icon icon icon-ticket\"><\/span>\n            <p class=\"button__text typo-16 f-600\">Kup bilet<\/p>\n        <\/a>\n    <\/div>\n    <\/div>                                    <\/div>\n                                <\/div>\n                                                            <div class=\"tickets-slider__sliderItem swiper-slide\"\n                                    data-id=\"54782\"\n                                    data-name=\"Tre Voci \u2013 Akustycznie\"\n                                    data-brand=\"WIKART MA\u0141GORZATA WNUK\"\n                                    data-category=\"klasyka\"\n                                    data-subcategory=\"koncert\"\n                                    data-city=\"Chorz\u00f3w\"\n                                    data-venue=\"Chorzowskie Centrum Kultury\">\n                                    <div class=\"tickets-slider__sliderCard\">\n                                        \n<div class=\"card-ticket\">\n        <div class=\"card-ticket__image\">\n        <a href=\"https:\/\/www.ebilet.pl\/klasyka\/koncert\/tre-voci-the-tenors\">\n            <img decoding=\"async\" src=\"https:\/\/www.ebilet.pl\/media\/cms\/media\/gksdpjbq\/tre-voci-akustycznie-552x736-55503083-26de-4eca-9818-42bdc814fdfa.webp\" alt=\"Plakat wydarzenia\" \/>\n        <\/a>\n    <\/div>\n             \n    <div class=\"card-ticket__link\">\n        <a href=\"https:\/\/www.ebilet.pl\/klasyka\/koncert\/tre-voci-the-tenors\" class=\"button button--theme-primary-yellow button--withIconLeft button--size-small\">\n            <span class=\"button__icon icon icon-ticket\"><\/span>\n            <p class=\"button__text typo-16 f-600\">Kup bilet<\/p>\n        <\/a>\n    <\/div>\n    <\/div>                                    <\/div>\n                                <\/div>\n                                                            <div class=\"tickets-slider__sliderItem swiper-slide\"\n                                    data-id=\"144826\"\n                                    data-name=\"Wim Mertens\"\n                                    data-brand=\"Your Events Art\"\n                                    data-category=\"klasyka\"\n                                    data-subcategory=\"muzyka-filmowa\"\n                                    data-city=\"Warszawa\"\n                                    data-venue=\"Studio Koncertowe Polskiego Radia im. Witolda Lutos\u0142awskiego\">\n                                    <div class=\"tickets-slider__sliderCard\">\n                                        \n<div class=\"card-ticket\">\n        <div class=\"card-ticket__image\">\n        <a href=\"https:\/\/www.ebilet.pl\/klasyka\/muzyka-filmowa\/wim-mertens\">\n            <img decoding=\"async\" src=\"https:\/\/www.ebilet.pl\/media\/cms\/media\/rjxdifzh\/wim_mertens_552x736_ebilet-63c49dd5-4807-46ea-abf8-c7ae8340bf65.webp\" alt=\"Plakat wydarzenia\" \/>\n        <\/a>\n    <\/div>\n             \n    <div class=\"card-ticket__link\">\n        <a href=\"https:\/\/www.ebilet.pl\/klasyka\/muzyka-filmowa\/wim-mertens\" class=\"button button--theme-primary-yellow button--withIconLeft button--size-small\">\n            <span class=\"button__icon icon icon-ticket\"><\/span>\n            <p class=\"button__text typo-16 f-600\">Kup bilet<\/p>\n        <\/a>\n    <\/div>\n    <\/div>                                    <\/div>\n                                <\/div>\n                                                            <div class=\"tickets-slider__sliderItem swiper-slide\"\n                                    data-id=\"11775\"\n                                    data-name=\"Carmen\"\n                                    data-brand=\"OPERA \u015aL\u0104SKA W BYTOMIU\"\n                                    data-category=\"klasyka\"\n                                    data-subcategory=\"opera-operetka\"\n                                    data-city=\"Bytom\"\n                                    data-venue=\"Opera \u015al\u0105ska w Bytomiu \">\n                                    <div class=\"tickets-slider__sliderCard\">\n                                        \n<div class=\"card-ticket\">\n        <div class=\"card-ticket__image\">\n        <a href=\"https:\/\/www.ebilet.pl\/klasyka\/opera-operetka\/carmen\">\n            <img decoding=\"async\" src=\"https:\/\/www.ebilet.pl\/media\/cms\/media\/ve1iaa15\/e-bilet-552x736-carmen.webp\" alt=\"Plakat wydarzenia\" \/>\n        <\/a>\n    <\/div>\n             \n    <div class=\"card-ticket__link\">\n        <a href=\"https:\/\/www.ebilet.pl\/klasyka\/opera-operetka\/carmen\" class=\"button button--theme-primary-yellow button--withIconLeft button--size-small\">\n            <span class=\"button__icon icon icon-ticket\"><\/span>\n            <p class=\"button__text typo-16 f-600\">Kup bilet<\/p>\n        <\/a>\n    <\/div>\n    <\/div>                                    <\/div>\n                                <\/div>\n                                                            <div class=\"tickets-slider__sliderItem swiper-slide\"\n                                    data-id=\"12226\"\n                                    data-name=\"Piotr Rubik - Psa\u0142terz Wrze\u015bniowy - Jubileusz 20 lat\"\n                                    data-brand=\"ARTBILET.PL WALCZUK, BYLI\u0143SKI SP\u00d3\u0141KA KOMANDYTOWO - AKCYJNA\"\n                                    data-category=\"klasyka\"\n                                    data-subcategory=\"koncert\"\n                                    data-city=\"Bydgoszcz, Gda\u0144sk\/Sopot, Gorz\u00f3w Wielkopolski i inne\"\n                                    data-venue=\"Arena Jask\u00f3\u0142ka Tarn\u00f3w TOSiR\">\n                                    <div class=\"tickets-slider__sliderCard\">\n                                        \n<div class=\"card-ticket\">\n        <div class=\"card-ticket__image\">\n        <a href=\"https:\/\/www.ebilet.pl\/klasyka\/koncert\/piotr-rubik\">\n            <img decoding=\"async\" src=\"https:\/\/www.ebilet.pl\/media\/cms\/media\/rp1i2rfc\/rubik_psalterz_552x736-1-85d21a5e-b142-4ee2-85ab-e3de39610ab4.webp\" alt=\"Plakat wydarzenia\" \/>\n        <\/a>\n    <\/div>\n             \n    <div class=\"card-ticket__link\">\n        <a href=\"https:\/\/www.ebilet.pl\/klasyka\/koncert\/piotr-rubik\" class=\"button button--theme-primary-yellow button--withIconLeft button--size-small\">\n            <span class=\"button__icon icon icon-ticket\"><\/span>\n            <p class=\"button__text typo-16 f-600\">Kup bilet<\/p>\n        <\/a>\n    <\/div>\n    <\/div>                                    <\/div>\n                                <\/div>\n                                                            <div class=\"tickets-slider__sliderItem swiper-slide\"\n                                    data-id=\"53066\"\n                                    data-name=\"Don Giovanni\"\n                                    data-brand=\"OPERA \u015aL\u0104SKA W BYTOMIU\"\n                                    data-category=\"klasyka\"\n                                    data-subcategory=\"opera-operetka\"\n                                    data-city=\"Bytom\"\n                                    data-venue=\"Opera \u015al\u0105ska w Bytomiu \">\n                                    <div class=\"tickets-slider__sliderCard\">\n                                        \n<div class=\"card-ticket\">\n        <div class=\"card-ticket__image\">\n        <a href=\"https:\/\/www.ebilet.pl\/klasyka\/opera-operetka\/don-giovanni\">\n            <img decoding=\"async\" src=\"https:\/\/www.ebilet.pl\/media\/cms\/media\/05ppt0hg\/don-giovanii-1-grafika-1.webp\" alt=\"Plakat wydarzenia\" \/>\n        <\/a>\n    <\/div>\n             \n    <div class=\"card-ticket__link\">\n        <a href=\"https:\/\/www.ebilet.pl\/klasyka\/opera-operetka\/don-giovanni\" class=\"button button--theme-primary-yellow button--withIconLeft button--size-small\">\n            <span class=\"button__icon icon icon-ticket\"><\/span>\n            <p class=\"button__text typo-16 f-600\">Kup bilet<\/p>\n        <\/a>\n    <\/div>\n    <\/div>                                    <\/div>\n                                <\/div>\n                                                            <div class=\"tickets-slider__sliderItem swiper-slide\"\n                                    data-id=\"176573\"\n                                    data-name=\"Wszystkie Nokturny Chopina\"\n                                    data-brand=\"Grzegorz Niemczuk - Piano Studio\"\n                                    data-category=\"klasyka\"\n                                    data-subcategory=\"koncert\"\n                                    data-city=\"Krak\u00f3w\"\n                                    data-venue=\"ICE Krak\u00f3w Congress Centre\">\n                                    <div class=\"tickets-slider__sliderCard\">\n                                        \n<div class=\"card-ticket\">\n        <div class=\"card-ticket__image\">\n        <a href=\"https:\/\/www.ebilet.pl\/klasyka\/koncert\/fryderyk-chopin\">\n            <img decoding=\"async\" src=\"https:\/\/www.ebilet.pl\/media\/cms\/media\/z2pl0plp\/grzegorz-niemczuk1-1-94352be8-b5d7-4108-ad8a-623b775fb390.webp\" alt=\"Plakat wydarzenia\" \/>\n        <\/a>\n    <\/div>\n             \n    <div class=\"card-ticket__link\">\n        <a href=\"https:\/\/www.ebilet.pl\/klasyka\/koncert\/fryderyk-chopin\" class=\"button button--theme-primary-yellow button--withIconLeft button--size-small\">\n            <span class=\"button__icon icon icon-ticket\"><\/span>\n            <p class=\"button__text typo-16 f-600\">Kup bilet<\/p>\n        <\/a>\n    <\/div>\n    <\/div>                                    <\/div>\n                                <\/div>\n                                                            <div class=\"tickets-slider__sliderItem swiper-slide\"\n                                    data-id=\"168729\"\n                                    data-name=\"Koncert Kr\u00f3lewski - Majestat Klasyki\"\n                                    data-brand=\"Agencja Kreatywna Barbara Knapczyk\"\n                                    data-category=\"klasyka\"\n                                    data-subcategory=\"koncert\"\n                                    data-city=\"Bia\u0142ystok, Bielsko-Bia\u0142a, Che\u0142m i inne\"\n                                    data-venue=\"Sala Koncertowa Radia Wroc\u0142aw\">\n                                    <div class=\"tickets-slider__sliderCard\">\n                                        \n<div class=\"card-ticket\">\n        <div class=\"card-ticket__image\">\n        <a href=\"https:\/\/www.ebilet.pl\/klasyka\/koncert\/koncert-krolewski-majestat-klasyki\">\n            <img decoding=\"async\" src=\"https:\/\/www.ebilet.pl\/media\/cms\/media\/5hxjkcyz\/koncert-krolewski-552x736-okladka-pion-ebilet-71d096ff-1f29-4f76-9e91-bf00666205b6.webp\" alt=\"Plakat wydarzenia\" \/>\n        <\/a>\n    <\/div>\n             \n    <div class=\"card-ticket__link\">\n        <a href=\"https:\/\/www.ebilet.pl\/klasyka\/koncert\/koncert-krolewski-majestat-klasyki\" class=\"button button--theme-primary-yellow button--withIconLeft button--size-small\">\n            <span class=\"button__icon icon icon-ticket\"><\/span>\n            <p class=\"button__text typo-16 f-600\">Kup bilet<\/p>\n        <\/a>\n    <\/div>\n    <\/div>                                    <\/div>\n                                <\/div>\n                                                            <div class=\"tickets-slider__sliderItem swiper-slide\"\n                                    data-id=\"209157\"\n                                    data-name=\"Home Alone Live in Concert\"\n                                    data-brand=\"FLIXON LIVE POLSKA SP. Z O. O.\"\n                                    data-category=\"klasyka\"\n                                    data-subcategory=\"muzyka-filmowa\"\n                                    data-city=\"Krak\u00f3w, \u0141\u00f3d\u017a\"\n                                    data-venue=\"TAURON Arena Krak\u00f3w\">\n                                    <div class=\"tickets-slider__sliderCard\">\n                                        \n<div class=\"card-ticket\">\n        <div class=\"card-ticket__image\">\n        <a href=\"https:\/\/www.ebilet.pl\/klasyka\/muzyka-filmowa\/home-alone-live-in-concert\">\n            <img decoding=\"async\" src=\"https:\/\/www.ebilet.pl\/media\/cms\/media\/rmsls43w\/552x736-uniwersal-691efac0-d1bd-406b-b9c6-bc87a2eed332.webp\" alt=\"Plakat wydarzenia\" \/>\n        <\/a>\n    <\/div>\n             \n    <div class=\"card-ticket__link\">\n        <a href=\"https:\/\/www.ebilet.pl\/klasyka\/muzyka-filmowa\/home-alone-live-in-concert\" class=\"button button--theme-primary-yellow button--withIconLeft button--size-small\">\n            <span class=\"button__icon icon icon-ticket\"><\/span>\n            <p class=\"button__text typo-16 f-600\">Kup bilet<\/p>\n        <\/a>\n    <\/div>\n    <\/div>                                    <\/div>\n                                <\/div>\n                                                    <\/div>\n                    <\/div>\n                <\/div>\n            <\/div>\n        <\/div>\n    <\/div>\n<\/section>\n\n\n<section class=\"text-block  section-margin-32\" >\n    <div class=\"container\">\n        <div class=\"row\">\n            <div class=\"col-24\">\n                <div class=\"text-block__content\"><h2><strong>Ewolucja dystrybucji muzyki<\/strong><\/h2>\n<p><span style=\"font-weight: 400;\">Dawniej muzyka filmowa by\u0142a grana na \u017cywo podczas wy\u015bwietlania filmu. P\u00f3\u017aniej zacz\u0119to u\u017cywa\u0107 jej w produkcjach i podczas seans\u00f3w nie trzeba by\u0142o anga\u017cowa\u0107 ju\u017c muzyk\u00f3w. Z czasem zacz\u0119to muzyk\u0119 filmow\u0105 sprzedawa\u0107 na p\u0142ytach. Dzi\u015b jest ona dost\u0119pna praktycznie za darmo w popularnych serwisach typu YouTube czy Spotify. To sprawia, \u017ce mo\u017cemy pozna\u0107 utwory z film\u00f3w od podszewki, a gdy wybierzemy si\u0119 na koncert, mo\u017cemy \u015bpiewa\u0107 je razem z solistami (je\u015bli zawieraj\u0105 partie \u015bpiewane) lub nuci\u0107 (je\u015bli s\u0105 to wykonania instrumentalne). Nic nas ju\u017c nie zaskoczy (no chyba, \u017ce muzycy zmieni\u0105 koncepcj\u0119, ale to raczej nie jest zbyt lubiane przez fan\u00f3w muzyki filmowej).\u00a0<\/span><\/p>\n<p><b>A skoro ju\u017c wspomnieli\u015bmy o koncertach muzyki filmowej, musimy wspomnie\u0107 te\u017c o tym, \u017ce nie pojawi\u0142y si\u0119 one wraz z ud\u017awi\u0119kowieniem film\u00f3w.<\/b><span style=\"font-weight: 400;\"> Musieli\u015bmy na nie nieco poczeka\u0107. Pocz\u0105tkowo by\u0142y to tradycyjne koncerty, kt\u00f3re wykorzystywa\u0142y takie same instrumenty czy orkiestry symfoniczne, jakie zosta\u0142y zastosowane w pierwowzorze. Za to dzi\u015b wygl\u0105da to ju\u017c nieco inaczej.<\/span><\/p>\n<h2><strong>Technologia a koncert muzyki filmowej<\/strong><\/h2>\n<p><b>Nowoczesna technologia mo\u017ce by\u0107 wykorzystywana na r\u00f3\u017cne sposoby. Podczas koncert\u00f3w muzyki filmowej mo\u017cna:<\/b><\/p>\n<ul>\n<li style=\"font-weight: 400;\" aria-level=\"1\"><span style=\"font-weight: 400;\">odtwarza\u0107 niekt\u00f3re instrumenty, podczas gdy brzmienie innych s\u0142yszymy na \u017cywo,<\/span><\/li>\n<li style=\"font-weight: 400;\" aria-level=\"1\"><span style=\"font-weight: 400;\">wy\u015bwietla\u0107 film lub poszczeg\u00f3lne sceny,<\/span><\/li>\n<li style=\"font-weight: 400;\" aria-level=\"1\"><span style=\"font-weight: 400;\">korzysta\u0107 z technologii 3D,<\/span><\/li>\n<li style=\"font-weight: 400;\" aria-level=\"1\"><span style=\"font-weight: 400;\">korzysta\u0107 z technologii VR,<\/span><\/li>\n<li style=\"font-weight: 400;\" aria-level=\"1\"><span style=\"font-weight: 400;\">tworzy\u0107 wydarzenia interaktywno-muzyczne\u2026<\/span><\/li>\n<\/ul>\n<p><span style=\"font-weight: 400;\">Opcji jest naprawd\u0119 mn\u00f3stwo. Sprawd\u017amy, jak one dzia\u0142aj\u0105.<\/span><\/p>\n<\/div>\n            <\/div>\n        <\/div>\n    <\/div>\n<\/section>\n\n\n    <section class=\"events-carousel-block  section-margin-32\"\n        data-events-carousel\n        data-settings='{\"per_view\":5}'\n        data-item-list-name=\"Karuzela niska Polecamy na ebilet\"\n        data-item-list-id=\"karuzela_niska Polecamy na ebilet\"\n        >\n        <div class=\"container\">\n                            <div class=\"row\">\n                    <div class=\"col-24\">\n                        <div class=\"events-carousel-block__title\">\n                            <h2 class=\"typo-h2\">Polecamy na ebilet<\/h2>\n                        <\/div>\n                    <\/div>\n                <\/div>\n                        <div class=\"row\">\n                <div class=\"col-24\">\n                    <div class=\"events-carousel-block__events\">\n                        <div class=\"events-carousel-block__nav events-carousel-block__nav--prev\">\n                            <div class=\"button button--withIcon button--theme-white-blur button--size-fixed-48\" data-events-carousel-prev>\n                                <span class=\"button__icon icon icon-chevron-left\"><\/span>\n                            <\/div>\n                        <\/div>\n                        <div class=\"events-carousel-block__nav events-carousel-block__nav--next\">\n                            <div class=\"button button--withIcon button--theme-white-blur button--size-fixed-48\" data-events-carousel-next>\n                                <span class=\"button__icon icon icon-chevron-right\"><\/span>\n                            <\/div>\n                        <\/div>\n                        <div class=\"events-carousel-block__slider swiper\" data-events-carousel-slider>\n                            <div class=\"events-carousel-block__sliderWrapper swiper-wrapper\">\n                                                                    <div class=\"events-carousel-block__sliderItem swiper-slide\"\n                                        data-id=\"33090\"\n                                        data-name=\"Koncert Muzyki Filmowej z utworami Hansa Zimmera\"\n                                        data-brand=\"TRINITY\"\n                                        data-category=\"klasyka\"\n                                        data-subcategory=\"muzyka-filmowa\"\n                                        data-city=\"Warszawa\"\n                                        data-venue=\"Hala COS Torwar \">\n                                        \n<div class=\"card-event  card-event--size-small\">\n        <a href=\"https:\/\/www.ebilet.pl\/klasyka\/muzyka-filmowa\/hans-zimmer\" target=\"_blank\" class=\"card-event__link\" rel=\"nofollow noopener\"><\/a>\n        <div class=\"card-event__wrapper\">\n        <div class=\"card-event__image\">\n            <img decoding=\"async\" src=\"https:\/\/www.ebilet.pl\/media\/cms\/media\/zjxhgvt1\/banner-lo-900x507_l.webp\" alt=\"\">\n        <\/div>\n        <div class=\"card-event__data\">\n            <div class=\"card-event__name\">\n                <p>Koncert Muzyki Filmowej z utworami Hansa Zimmera<\/p>\n            <\/div>\n            <div class=\"card-event__date\"><\/div>\n            <div class=\"card-event__location\">Warszawa<\/div>\n        <\/div>\n    <\/div>\n<\/div>                                    <\/div>\n                                                                    <div class=\"events-carousel-block__sliderItem swiper-slide\"\n                                        data-id=\"144776\"\n                                        data-name=\"Koncert przy \u015bwiecach: Hans Zimmer i inni - Muzyka Filmowa\"\n                                        data-brand=\"Candle Live Music\"\n                                        data-category=\"klasyka\"\n                                        data-subcategory=\"muzyka-filmowa\"\n                                        data-city=\"Bielsko-Bia\u0142a, Elbl\u0105g, Gda\u0144sk i inne\"\n                                        data-venue=\"Polska Filharmonia Ba\u0142tycka im. Fryderyka Chopina\">\n                                        \n<div class=\"card-event  card-event--size-small\">\n        <a href=\"https:\/\/www.ebilet.pl\/klasyka\/muzyka-filmowa\/koncert-przy-swiecach-muzyka-filmowa\" target=\"_blank\" class=\"card-event__link\" rel=\"nofollow noopener\"><\/a>\n        <div class=\"card-event__wrapper\">\n        <div class=\"card-event__image\">\n            <img decoding=\"async\" src=\"https:\/\/www.ebilet.pl\/media\/cms\/media\/xwqhegth\/clm-ebilet-muzykafilmowa-656x369-28c4b364-454f-4f65-ac3b-3e9eceb280a7.webp\" alt=\"\">\n        <\/div>\n        <div class=\"card-event__data\">\n            <div class=\"card-event__name\">\n                <p>Koncert przy \u015bwiecach: Hans Zimmer i inni &#8211; Muzyka Filmowa<\/p>\n            <\/div>\n            <div class=\"card-event__date\"><\/div>\n            <div class=\"card-event__location\">Bielsko-Bia\u0142a, Elbl\u0105g, Gda\u0144sk i inne<\/div>\n        <\/div>\n    <\/div>\n<\/div>                                    <\/div>\n                                                                    <div class=\"events-carousel-block__sliderItem swiper-slide\"\n                                        data-id=\"145934\"\n                                        data-name=\"Koncert Muzyki Filmowej w wykonaniu Orkiestry Maximus\"\n                                        data-brand=\"Agencja Artystyczna Idea Art\"\n                                        data-category=\"klasyka\"\n                                        data-subcategory=\"muzyka-filmowa\"\n                                        data-city=\"Bydgoszcz, Cieszyn, Gorz\u00f3w Wielkopolski i inne\"\n                                        data-venue=\"Aula Artis\">\n                                        \n<div class=\"card-event  card-event--size-small\">\n        <a href=\"https:\/\/www.ebilet.pl\/klasyka\/muzyka-filmowa\/koncert-muzyki-filmowej-orkiestra-maximus\" target=\"_blank\" class=\"card-event__link\" rel=\"nofollow noopener\"><\/a>\n        <div class=\"card-event__wrapper\">\n        <div class=\"card-event__image\">\n            <img decoding=\"async\" src=\"https:\/\/www.ebilet.pl\/media\/cms\/media\/giiptwdd\/gladiator-kasia-martin-656x369-kopia-7a13e961-221d-424f-a15e-bbbaf8b02209.webp\" alt=\"\">\n        <\/div>\n        <div class=\"card-event__data\">\n            <div class=\"card-event__name\">\n                <p>Koncert Muzyki Filmowej w wykonaniu Orkiestry Maximus<\/p>\n            <\/div>\n            <div class=\"card-event__date\"><\/div>\n            <div class=\"card-event__location\">Bydgoszcz, Cieszyn, Gorz\u00f3w Wielkopolski i inne<\/div>\n        <\/div>\n    <\/div>\n<\/div>                                    <\/div>\n                                                                    <div class=\"events-carousel-block__sliderItem swiper-slide\"\n                                        data-id=\"147964\"\n                                        data-name=\"Koncert Muzyki Filmowej - Symphonic Cinematics\"\n                                        data-brand=\"Make Music Robert Nowak\"\n                                        data-category=\"klasyka\"\n                                        data-subcategory=\"muzyka-filmowa\"\n                                        data-city=\"Zielona G\u00f3ra\"\n                                        data-venue=\"\">\n                                        \n<div class=\"card-event  card-event--size-small\">\n        <a href=\"https:\/\/www.ebilet.pl\/klasyka\/muzyka-filmowa\/symphonic-cinematics\" target=\"_blank\" class=\"card-event__link\" rel=\"nofollow noopener\"><\/a>\n        <div class=\"card-event__wrapper\">\n        <div class=\"card-event__image\">\n            <img decoding=\"async\" src=\"https:\/\/www.ebilet.pl\/media\/cms\/media\/4b1bdogu\/656x369-cb47310d-9be8-427d-a95d-8de20e2bbac7.webp\" alt=\"\">\n        <\/div>\n        <div class=\"card-event__data\">\n            <div class=\"card-event__name\">\n                <p>Koncert Muzyki Filmowej &#8211; Symphonic Cinematics<\/p>\n            <\/div>\n            <div class=\"card-event__date\"><\/div>\n            <div class=\"card-event__location\">Zielona G\u00f3ra<\/div>\n        <\/div>\n    <\/div>\n<\/div>                                    <\/div>\n                                                                    <div class=\"events-carousel-block__sliderItem swiper-slide\"\n                                        data-id=\"63709\"\n                                        data-name=\"Visual Concert 4\"\n                                        data-brand=\"VISUAL PRODUCTION Sp. z o.o. \"\n                                        data-category=\"klasyka\"\n                                        data-subcategory=\"muzyka-filmowa\"\n                                        data-city=\"Pozna\u0144\"\n                                        data-venue=\"MTP - Mi\u0119dzynarodowe Targi Pozna\u0144skie\">\n                                        \n<div class=\"card-event  card-event--size-small\">\n        <a href=\"https:\/\/www.ebilet.pl\/klasyka\/muzyka-filmowa\/visual-concert\" target=\"_blank\" class=\"card-event__link\" rel=\"nofollow noopener\"><\/a>\n        <div class=\"card-event__wrapper\">\n        <div class=\"card-event__image\">\n            <img decoding=\"async\" src=\"https:\/\/www.ebilet.pl\/media\/cms\/media\/dluheihm\/ebilet_656_369-13227654-1343-4783-bc52-74839c5837db.webp\" alt=\"\">\n        <\/div>\n        <div class=\"card-event__data\">\n            <div class=\"card-event__name\">\n                <p>Visual Concert 4<\/p>\n            <\/div>\n            <div class=\"card-event__date\"><\/div>\n            <div class=\"card-event__location\">Pozna\u0144<\/div>\n        <\/div>\n    <\/div>\n<\/div>                                    <\/div>\n                                                                    <div class=\"events-carousel-block__sliderItem swiper-slide\"\n                                        data-id=\"148821\"\n                                        data-name=\"Najpi\u0119kniejsza muzyka filmowa na 28. pi\u0119trze\"\n                                        data-brand=\"SVITLO CONCERT Sp. z o.o.\"\n                                        data-category=\"klasyka\"\n                                        data-subcategory=\"muzyka-filmowa\"\n                                        data-city=\"Bydgoszcz, Warszawa\"\n                                        data-venue=\"Teatr Adria\">\n                                        \n<div class=\"card-event  card-event--size-small\">\n        <a href=\"https:\/\/www.ebilet.pl\/klasyka\/muzyka-filmowa\/najpiekniejsza-muzyka-filmowa\" target=\"_blank\" class=\"card-event__link\" rel=\"nofollow noopener\"><\/a>\n        <div class=\"card-event__wrapper\">\n        <div class=\"card-event__image\">\n            <img decoding=\"async\" src=\"https:\/\/www.ebilet.pl\/media\/cms\/media\/t53bheua\/656_369-muzyka-filmowa-1-44bdcf90-dfba-45ba-9e3e-9fd08f780a3b.webp\" alt=\"\">\n        <\/div>\n        <div class=\"card-event__data\">\n            <div class=\"card-event__name\">\n                <p>Najpi\u0119kniejsza muzyka filmowa na 28. pi\u0119trze<\/p>\n            <\/div>\n            <div class=\"card-event__date\"><\/div>\n            <div class=\"card-event__location\">Bydgoszcz, Warszawa<\/div>\n        <\/div>\n    <\/div>\n<\/div>                                    <\/div>\n                                                                    <div class=\"events-carousel-block__sliderItem swiper-slide\"\n                                        data-id=\"178248\"\n                                        data-name=\"Muzyka filmowa na 28. pi\u0119trze: Bridgertonowie\"\n                                        data-brand=\"SVITLO CONCERT Sp. z o.o.\"\n                                        data-category=\"klasyka\"\n                                        data-subcategory=\"muzyka-filmowa\"\n                                        data-city=\"Warszawa\"\n                                        data-venue=\"Sky Hall by Svitlo Concert\">\n                                        \n<div class=\"card-event  card-event--size-small\">\n        <a href=\"https:\/\/www.ebilet.pl\/klasyka\/muzyka-filmowa\/muzyka-filmowa-na-28-pietrze-bridgertonowie\" target=\"_blank\" class=\"card-event__link\" rel=\"nofollow noopener\"><\/a>\n        <div class=\"card-event__wrapper\">\n        <div class=\"card-event__image\">\n            <img decoding=\"async\" src=\"https:\/\/www.ebilet.pl\/media\/cms\/media\/duqeynh5\/656_369-bridgertonowie-8aaeba2f-95b8-42a9-a8e3-96e5a66bf35d.webp\" alt=\"\">\n        <\/div>\n        <div class=\"card-event__data\">\n            <div class=\"card-event__name\">\n                <p>Muzyka filmowa na 28. pi\u0119trze: Bridgertonowie<\/p>\n            <\/div>\n            <div class=\"card-event__date\"><\/div>\n            <div class=\"card-event__location\">Warszawa<\/div>\n        <\/div>\n    <\/div>\n<\/div>                                    <\/div>\n                                                                    <div class=\"events-carousel-block__sliderItem swiper-slide\"\n                                        data-id=\"173211\"\n                                        data-name=\"Kr\u00f3l Lew Live in Concert\"\n                                        data-brand=\"Agencja Artystyczna Pro Musica\"\n                                        data-category=\"klasyka\"\n                                        data-subcategory=\"muzyka-filmowa\"\n                                        data-city=\"Bielsko-Bia\u0142a, Gda\u0144sk, Katowice i inne\"\n                                        data-venue=\"Warmi\u0144sko - Mazurska Filharmonia im. Feliksa Nowowiejskiego w Olsztynie\">\n                                        \n<div class=\"card-event  card-event--size-small\">\n        <a href=\"https:\/\/www.ebilet.pl\/klasyka\/muzyka-filmowa\/krol-lew-live-in-concert\" target=\"_blank\" class=\"card-event__link\" rel=\"nofollow noopener\"><\/a>\n        <div class=\"card-event__wrapper\">\n        <div class=\"card-event__image\">\n            <img decoding=\"async\" src=\"https:\/\/www.ebilet.pl\/media\/cms\/media\/zjnftkrb\/kl_poziom-917ae28a-15e1-46fd-9804-ed867500ce40.webp\" alt=\"\">\n        <\/div>\n        <div class=\"card-event__data\">\n            <div class=\"card-event__name\">\n                <p>Kr\u00f3l Lew Live in Concert<\/p>\n            <\/div>\n            <div class=\"card-event__date\"><\/div>\n            <div class=\"card-event__location\">Bielsko-Bia\u0142a, Gda\u0144sk, Katowice i inne<\/div>\n        <\/div>\n    <\/div>\n<\/div>                                    <\/div>\n                                                                    <div class=\"events-carousel-block__sliderItem swiper-slide\"\n                                        data-id=\"174433\"\n                                        data-name=\"Koncert przy \u015bwiecach \u2013 Filmowe przeboje: od klasyki do rocka\"\n                                        data-brand=\"Fundacja na Rzecz Pomocy Pestka\"\n                                        data-category=\"klasyka\"\n                                        data-subcategory=\"muzyka-filmowa\"\n                                        data-city=\"Wroc\u0142aw\"\n                                        data-venue=\"Aula NOT\">\n                                        \n<div class=\"card-event  card-event--size-small\">\n        <a href=\"https:\/\/www.ebilet.pl\/klasyka\/muzyka-filmowa\/filmowe-przeboje\" target=\"_blank\" class=\"card-event__link\" rel=\"nofollow noopener\"><\/a>\n        <div class=\"card-event__wrapper\">\n        <div class=\"card-event__image\">\n            <img decoding=\"async\" src=\"https:\/\/www.ebilet.pl\/media\/cms\/media\/5y5jz1c3\/4_filmowe-przeboje-em-656-x-369-px-01bd922b-97b1-4f1e-ac77-d374dea59df1.webp\" alt=\"\">\n        <\/div>\n        <div class=\"card-event__data\">\n            <div class=\"card-event__name\">\n                <p>Koncert przy \u015bwiecach \u2013 Filmowe przeboje: od klasyki do rocka<\/p>\n            <\/div>\n            <div class=\"card-event__date\"><\/div>\n            <div class=\"card-event__location\">Wroc\u0142aw<\/div>\n        <\/div>\n    <\/div>\n<\/div>                                    <\/div>\n                                                                    <div class=\"events-carousel-block__sliderItem swiper-slide\"\n                                        data-id=\"150478\"\n                                        data-name=\"Koncert przy \u015bwiecach \u2013 Bridgertonowie\"\n                                        data-brand=\"Fundacja na Rzecz Pomocy Pestka\"\n                                        data-category=\"klasyka\"\n                                        data-subcategory=\"muzyka-filmowa\"\n                                        data-city=\"Katowice, Krak\u00f3w, Lublin i inne\"\n                                        data-venue=\"Bazar Pozna\u0144ski\">\n                                        \n<div class=\"card-event  card-event--size-small\">\n        <a href=\"https:\/\/www.ebilet.pl\/klasyka\/muzyka-filmowa\/muzyka-z-serialu-bridgertonowie\" target=\"_blank\" class=\"card-event__link\" rel=\"nofollow noopener\"><\/a>\n        <div class=\"card-event__wrapper\">\n        <div class=\"card-event__image\">\n            <img decoding=\"async\" src=\"https:\/\/www.ebilet.pl\/media\/cms\/media\/ybtfcvbw\/bridgerton-4-23389892-8b95-4e98-b338-49a89c5fc78c.webp\" alt=\"\">\n        <\/div>\n        <div class=\"card-event__data\">\n            <div class=\"card-event__name\">\n                <p>Koncert przy \u015bwiecach \u2013 Bridgertonowie<\/p>\n            <\/div>\n            <div class=\"card-event__date\"><\/div>\n            <div class=\"card-event__location\">Katowice, Krak\u00f3w, Lublin i inne<\/div>\n        <\/div>\n    <\/div>\n<\/div>                                    <\/div>\n                                                                    <div class=\"events-carousel-block__sliderItem swiper-slide\"\n                                        data-id=\"195272\"\n                                        data-name=\"Koncert przy \u015bwiecach: Muzyka z Naruto\"\n                                        data-brand=\"Candle Live Music\"\n                                        data-category=\"klasyka\"\n                                        data-subcategory=\"muzyka-filmowa\"\n                                        data-city=\"Katowice\"\n                                        data-venue=\"MDK Szopienice-Giszowiec\">\n                                        \n<div class=\"card-event  card-event--size-small\">\n        <a href=\"https:\/\/www.ebilet.pl\/klasyka\/muzyka-filmowa\/muzyka-z-naruto\" target=\"_blank\" class=\"card-event__link\" rel=\"nofollow noopener\"><\/a>\n        <div class=\"card-event__wrapper\">\n        <div class=\"card-event__image\">\n            <img decoding=\"async\" src=\"https:\/\/www.ebilet.pl\/media\/cms\/media\/ncwgwgn0\/naruto-1-e47ea3bd-3971-4427-8fe7-e0ae3bd4da50.webp\" alt=\"\">\n        <\/div>\n        <div class=\"card-event__data\">\n            <div class=\"card-event__name\">\n                <p>Koncert przy \u015bwiecach: Muzyka z Naruto<\/p>\n            <\/div>\n            <div class=\"card-event__date\"><\/div>\n            <div class=\"card-event__location\">Katowice<\/div>\n        <\/div>\n    <\/div>\n<\/div>                                    <\/div>\n                                                                    <div class=\"events-carousel-block__sliderItem swiper-slide\"\n                                        data-id=\"191019\"\n                                        data-name=\"Hans Zimmer \u2013 Muzyka Filmowa Klasycznie przy \u015awiecach\"\n                                        data-brand=\"Copernicus Sp\u00f3\u0142ka z o.o.\"\n                                        data-category=\"klasyka\"\n                                        data-subcategory=\"muzyka-filmowa\"\n                                        data-city=\"Bydgoszcz, Krak\u00f3w, Lublin i inne\"\n                                        data-venue=\"Pa\u0142ac Staszica w Warszawie\">\n                                        \n<div class=\"card-event  card-event--size-small\">\n        <a href=\"https:\/\/www.ebilet.pl\/klasyka\/muzyka-filmowa\/muzyka-filmowa-klasycznie-przy-swiecach\" target=\"_blank\" class=\"card-event__link\" rel=\"nofollow noopener\"><\/a>\n        <div class=\"card-event__wrapper\">\n        <div class=\"card-event__image\">\n            <img decoding=\"async\" src=\"https:\/\/www.ebilet.pl\/media\/cms\/media\/vgahkngx\/film-music-hans-zimmer-656x369-px.webp\" alt=\"\">\n        <\/div>\n        <div class=\"card-event__data\">\n            <div class=\"card-event__name\">\n                <p>Hans Zimmer \u2013 Muzyka Filmowa Klasycznie przy \u015awiecach<\/p>\n            <\/div>\n            <div class=\"card-event__date\"><\/div>\n            <div class=\"card-event__location\">Bydgoszcz, Krak\u00f3w, Lublin i inne<\/div>\n        <\/div>\n    <\/div>\n<\/div>                                    <\/div>\n                                                                    <div class=\"events-carousel-block__sliderItem swiper-slide\"\n                                        data-id=\"193471\"\n                                        data-name=\"Muzyka filmowa przy \u015bwiecach: Bridgertonowie\"\n                                        data-brand=\"SVITLO CONCERT Sp. z o.o.\"\n                                        data-category=\"klasyka\"\n                                        data-subcategory=\"muzyka-filmowa\"\n                                        data-city=\"Bia\u0142ystok, Sopot, Tarn\u00f3w\"\n                                        data-venue=\"Hotel Sheraton w Sopocie\">\n                                        \n<div class=\"card-event  card-event--size-small\">\n        <a href=\"https:\/\/www.ebilet.pl\/klasyka\/muzyka-filmowa\/bridgertonowie-przy-swiecach\" target=\"_blank\" class=\"card-event__link\" rel=\"nofollow noopener\"><\/a>\n        <div class=\"card-event__wrapper\">\n        <div class=\"card-event__image\">\n            <img decoding=\"async\" src=\"https:\/\/www.ebilet.pl\/media\/cms\/media\/f1vj2tmz\/656_369-logo-svitlo-03858064-021b-418c-a4a5-4a43629cbbb9.webp\" alt=\"\">\n        <\/div>\n        <div class=\"card-event__data\">\n            <div class=\"card-event__name\">\n                <p>Muzyka filmowa przy \u015bwiecach: Bridgertonowie<\/p>\n            <\/div>\n            <div class=\"card-event__date\"><\/div>\n            <div class=\"card-event__location\">Bia\u0142ystok, Sopot, Tarn\u00f3w<\/div>\n        <\/div>\n    <\/div>\n<\/div>                                    <\/div>\n                                                                    <div class=\"events-carousel-block__sliderItem swiper-slide\"\n                                        data-id=\"197171\"\n                                        data-name=\"Koncert muzyki Ludovico Einaudiego na 28. pi\u0119trze przy \u015bwiecach\"\n                                        data-brand=\"SVITLO CONCERT Sp. z o.o.\"\n                                        data-category=\"klasyka\"\n                                        data-subcategory=\"muzyka-filmowa\"\n                                        data-city=\"Bydgoszcz, Warszawa\"\n                                        data-venue=\"Teatr Adria\">\n                                        \n<div class=\"card-event  card-event--size-small\">\n        <a href=\"https:\/\/www.ebilet.pl\/klasyka\/muzyka-filmowa\/muzyka-ludovico-einaudiego\" target=\"_blank\" class=\"card-event__link\" rel=\"nofollow noopener\"><\/a>\n        <div class=\"card-event__wrapper\">\n        <div class=\"card-event__image\">\n            <img decoding=\"async\" src=\"https:\/\/www.ebilet.pl\/media\/cms\/media\/r32jd42j\/evening-poziom.webp\" alt=\"\">\n        <\/div>\n        <div class=\"card-event__data\">\n            <div class=\"card-event__name\">\n                <p>Koncert muzyki Ludovico Einaudiego na 28. pi\u0119trze przy \u015bwiecach<\/p>\n            <\/div>\n            <div class=\"card-event__date\"><\/div>\n            <div class=\"card-event__location\">Bydgoszcz, Warszawa<\/div>\n        <\/div>\n    <\/div>\n<\/div>                                    <\/div>\n                                                                    <div class=\"events-carousel-block__sliderItem swiper-slide\"\n                                        data-id=\"204048\"\n                                        data-name=\"Hans Zimmer Grand Piano Trio Concert By Candle Glow\"\n                                        data-brand=\"Copernicus Sp\u00f3\u0142ka z o.o.\"\n                                        data-category=\"klasyka\"\n                                        data-subcategory=\"muzyka-filmowa\"\n                                        data-city=\"Krak\u00f3w\"\n                                        data-venue=\"Royal Chopin Hall\">\n                                        \n<div class=\"card-event  card-event--size-small\">\n        <a href=\"https:\/\/www.ebilet.pl\/klasyka\/muzyka-filmowa\/hans-zimmer-grand-piano-trio\" target=\"_blank\" class=\"card-event__link\" rel=\"nofollow noopener\"><\/a>\n        <div class=\"card-event__wrapper\">\n        <div class=\"card-event__image\">\n            <img decoding=\"async\" src=\"https:\/\/www.ebilet.pl\/media\/cms\/media\/iixhaynq\/hans-zimmer-film-music-656x369-px-w-royal-chopin-hall.webp\" alt=\"\">\n        <\/div>\n        <div class=\"card-event__data\">\n            <div class=\"card-event__name\">\n                <p>Hans Zimmer Grand Piano Trio Concert By Candle Glow<\/p>\n            <\/div>\n            <div class=\"card-event__date\"><\/div>\n            <div class=\"card-event__location\">Krak\u00f3w<\/div>\n        <\/div>\n    <\/div>\n<\/div>                                    <\/div>\n                                                                    <div class=\"events-carousel-block__sliderItem swiper-slide\"\n                                        data-id=\"183951\"\n                                        data-name=\"The Magical Music of Harry Potter\"\n                                        data-brand=\"LANCELOT PRODUCTIONS, UNIPESSOAL LDA\"\n                                        data-category=\"klasyka\"\n                                        data-subcategory=\"muzyka-filmowa\"\n                                        data-city=\"Katowice, Warszawa, Wroc\u0142aw\"\n                                        data-venue=\"\">\n                                        \n<div class=\"card-event  card-event--size-small\">\n        <a href=\"https:\/\/www.ebilet.pl\/klasyka\/muzyka-filmowa\/the-magical-music-of-harry-potter\" target=\"_blank\" class=\"card-event__link\" rel=\"nofollow noopener\"><\/a>\n        <div class=\"card-event__wrapper\">\n        <div class=\"card-event__image\">\n            <img decoding=\"async\" src=\"https:\/\/www.ebilet.pl\/media\/cms\/media\/qgxpmz3l\/hp-656x369-polish-cfbc9676-8cf3-4634-b736-cf8cc079064b.webp\" alt=\"\">\n        <\/div>\n        <div class=\"card-event__data\">\n            <div class=\"card-event__name\">\n                <p>The Magical Music of Harry Potter<\/p>\n            <\/div>\n            <div class=\"card-event__date\"><\/div>\n            <div class=\"card-event__location\">Katowice, Warszawa, Wroc\u0142aw<\/div>\n        <\/div>\n    <\/div>\n<\/div>                                    <\/div>\n                                                                    <div class=\"events-carousel-block__sliderItem swiper-slide\"\n                                        data-id=\"193936\"\n                                        data-name=\"Koncert przy \u015bwiecach \u2013 Muzyka z serialu \u201eStranger Things\u201d\"\n                                        data-brand=\"Fundacja na Rzecz Pomocy Pestka\"\n                                        data-category=\"klasyka\"\n                                        data-subcategory=\"muzyka-filmowa\"\n                                        data-city=\"Katowice, Pozna\u0144, Warszawa\"\n                                        data-venue=\"Pa\u0142ac Staszica w Warszawie\">\n                                        \n<div class=\"card-event  card-event--size-small\">\n        <a href=\"https:\/\/www.ebilet.pl\/klasyka\/muzyka-filmowa\/stranger-things\" target=\"_blank\" class=\"card-event__link\" rel=\"nofollow noopener\"><\/a>\n        <div class=\"card-event__wrapper\">\n        <div class=\"card-event__image\">\n            <img decoding=\"async\" src=\"https:\/\/www.ebilet.pl\/media\/cms\/media\/htjjrvh1\/3_2009-6c4203b2-8ea2-4486-9bce-df6c22c627c7.webp\" alt=\"\">\n        <\/div>\n        <div class=\"card-event__data\">\n            <div class=\"card-event__name\">\n                <p>Koncert przy \u015bwiecach \u2013 Muzyka z serialu \u201eStranger Things\u201d<\/p>\n            <\/div>\n            <div class=\"card-event__date\"><\/div>\n            <div class=\"card-event__location\">Katowice, Pozna\u0144, Warszawa<\/div>\n        <\/div>\n    <\/div>\n<\/div>                                    <\/div>\n                                                                    <div class=\"events-carousel-block__sliderItem swiper-slide\"\n                                        data-id=\"202731\"\n                                        data-name=\"Hans Zimmer \u2013 Muzyka Filmowa w Klasycznej Ods\u0142onie\"\n                                        data-brand=\"Copernicus Sp\u00f3\u0142ka z o.o.\"\n                                        data-category=\"klasyka\"\n                                        data-subcategory=\"muzyka-filmowa\"\n                                        data-city=\"\u0141\u00f3d\u017a\"\n                                        data-venue=\"Hotel Grand \u0141\u00f3d\u017a\">\n                                        \n<div class=\"card-event  card-event--size-small\">\n        <a href=\"https:\/\/www.ebilet.pl\/klasyka\/muzyka-filmowa\/hans-zimmer-film-music\" target=\"_blank\" class=\"card-event__link\" rel=\"nofollow noopener\"><\/a>\n        <div class=\"card-event__wrapper\">\n        <div class=\"card-event__image\">\n            <img decoding=\"async\" src=\"https:\/\/www.ebilet.pl\/media\/cms\/media\/5afo55cy\/film-music-hans-zimmer-656x369-px.webp\" alt=\"\">\n        <\/div>\n        <div class=\"card-event__data\">\n            <div class=\"card-event__name\">\n                <p>Hans Zimmer \u2013 Muzyka Filmowa w Klasycznej Ods\u0142onie<\/p>\n            <\/div>\n            <div class=\"card-event__date\"><\/div>\n            <div class=\"card-event__location\">\u0141\u00f3d\u017a<\/div>\n        <\/div>\n    <\/div>\n<\/div>                                    <\/div>\n                                                                    <div class=\"events-carousel-block__sliderItem swiper-slide\"\n                                        data-id=\"182876\"\n                                        data-name=\"Muzyka filmowa: Koncert przy \u015bwiecach\"\n                                        data-brand=\"Dreamlive Concerts\"\n                                        data-category=\"klasyka\"\n                                        data-subcategory=\"muzyka-filmowa\"\n                                        data-city=\"Katowice, Warszawa, Wroc\u0142aw\"\n                                        data-venue=\"Pa\u0142ac M\u0142odzie\u017cy w Katowicach\">\n                                        \n<div class=\"card-event  card-event--size-small\">\n        <a href=\"https:\/\/www.ebilet.pl\/klasyka\/muzyka-filmowa\/muzyka-filmowa-koncerty-przy-swiecach\" target=\"_blank\" class=\"card-event__link\" rel=\"nofollow noopener\"><\/a>\n        <div class=\"card-event__wrapper\">\n        <div class=\"card-event__image\">\n            <img decoding=\"async\" src=\"https:\/\/www.ebilet.pl\/media\/cms\/media\/d5chgl31\/656x369.webp\" alt=\"\">\n        <\/div>\n        <div class=\"card-event__data\">\n            <div class=\"card-event__name\">\n                <p>Muzyka filmowa: Koncert przy \u015bwiecach<\/p>\n            <\/div>\n            <div class=\"card-event__date\"><\/div>\n            <div class=\"card-event__location\">Katowice, Warszawa, Wroc\u0142aw<\/div>\n        <\/div>\n    <\/div>\n<\/div>                                    <\/div>\n                                                                    <div class=\"events-carousel-block__sliderItem swiper-slide\"\n                                        data-id=\"212385\"\n                                        data-name=\"Muzyka z serialu Bridgerton: Koncert przy \u015bwiecach\"\n                                        data-brand=\"Dreamlive Concerts\"\n                                        data-category=\"klasyka\"\n                                        data-subcategory=\"muzyka-filmowa\"\n                                        data-city=\"Krak\u00f3w, Wroc\u0142aw\"\n                                        data-venue=\"Hotel Saski Krak\u00f3w, Curio Collection by Hilton\">\n                                        \n<div class=\"card-event  card-event--size-small\">\n        <a href=\"https:\/\/www.ebilet.pl\/klasyka\/muzyka-filmowa\/muzyka-z-serialu-bridgerton-przy-swiecach\" target=\"_blank\" class=\"card-event__link\" rel=\"nofollow noopener\"><\/a>\n        <div class=\"card-event__wrapper\">\n        <div class=\"card-event__image\">\n            <img decoding=\"async\" src=\"https:\/\/www.ebilet.pl\/media\/cms\/media\/5nulvkzp\/656-x-369-px.webp\" alt=\"\">\n        <\/div>\n        <div class=\"card-event__data\">\n            <div class=\"card-event__name\">\n                <p>Muzyka z serialu Bridgerton: Koncert przy \u015bwiecach<\/p>\n            <\/div>\n            <div class=\"card-event__date\"><\/div>\n            <div class=\"card-event__location\">Krak\u00f3w, Wroc\u0142aw<\/div>\n        <\/div>\n    <\/div>\n<\/div>                                    <\/div>\n                                                            <\/div>\n                        <\/div>\n                    <\/div>\n                    <div class=\"events-carousel-block__pagination\">\n                        <div class=\"swiper-pagination slider-pagination\" data-events-carousel-pagination><\/div>\n                    <\/div>\n                <\/div>\n            <\/div>\n        <\/div>\n    <\/section>\n\n\n\n<section class=\"text-block  section-margin-32\" >\n    <div class=\"container\">\n        <div class=\"row\">\n            <div class=\"col-24\">\n                <div class=\"text-block__content\"><h3><strong>Okrojony sk\u0142ad podczas koncertu muzyki filmowej<\/strong><\/h3>\n<p><span style=\"font-weight: 400;\">Niekt\u00f3re koncerty muzyki filmowej s\u0105 grane przez orkiestry symfoniczne w pe\u0142nym sk\u0142adzie. Mo\u017cemy te\u017c wybra\u0107 si\u0119 na koncert np. kwartetu smyczkowego, kt\u00f3ry wykonuje bardziej minimalistyczn\u0105 wersj\u0119 znanych utwor\u00f3w. Jest jeszcze jedna opcja: okrojony sk\u0142ad gra na \u017cywo na w\u0142asnych instrumentach, a dodatkowo towarzyszy mu odtwarzana muzyka z pozosta\u0142ych instrument\u00f3w orkiestry, by ca\u0142o\u015b\u0107 prezentowa\u0142a si\u0119 dok\u0142adnie tak, jak mia\u0142o to miejsce w filmie.<\/span><\/p>\n<h3><strong>Film z muzyk\u0105 na \u017cywo<\/strong><\/h3>\n<p><span style=\"font-weight: 400;\">Cho\u0107 takie podej\u015bcie znamy ju\u017c z pocz\u0105tk\u00f3w ud\u017awi\u0119kowienia film\u00f3w, nawet dzi\u015b s\u0105 specjalne seanse, podczas kt\u00f3rych mo\u017cemy us\u0142ysze\u0107 muzyk\u0119 na \u017cywo. To zupe\u0142nie inne do\u015bwiadczenie ni\u017c w przypadku tradycyjnych koncert\u00f3w lub seans\u00f3w kinowych.\u00a0<\/span><\/p>\n<h3><strong>Technologia 3D<\/strong><\/h3>\n<p><span style=\"font-weight: 400;\">To po\u0142\u0105czenie koncertu muzyki filmowej z projekcj\u0105 filmu w technologii 3D, dzi\u0119ki czemu mo\u017cemy zobaczy\u0107 produkcj\u0119 z zupe\u0142nie innej perspektywy. Sceny, kt\u00f3re dos\u0142ownie wychodz\u0105 z ekranu prosto na nas, w po\u0142\u0105czeniu z muzyk\u0105 na \u017cywo daj\u0105 niezapomniane doznania.\u00a0<\/span><\/p>\n<h3><strong>Technologia VR<\/strong><\/h3>\n<p><span style=\"font-weight: 400;\">Technologia Virtual Reality zabiera nas do \u015brodka akcji filmu. Bierzemy w nim udzia\u0142 tak, jakby\u015bmy byli aktorami. Jednocze\u015bnie dooko\u0142a s\u0142yszymy muzyk\u0119 z danej produkcji gran\u0105 na \u017cywo.\u00a0<\/span><\/p>\n<h3><strong>Wydarzenia interaktywno-muzyczne<\/strong><\/h3>\n<p><span style=\"font-weight: 400;\">Takie wydarzenia \u0142\u0105cz\u0105 w sobie koncerty muzyki filmowej z innymi panelami, np. spotkaniami autorskimi z kompozytorami danych \u015bcie\u017cek d\u017awi\u0119kowych, z warsztatami, wyk\u0142adami, konkursami oraz innymi ciekawymi elementami. S\u0105 to najcz\u0119\u015bciej ca\u0142e festiwale muzyki filmowej.<\/span><\/p>\n<h3><strong>Jak\u0105 jeszcze technologi\u0119 mo\u017cna wykorzysta\u0107 podczas koncertu muzyki filmowej?<\/strong><\/h3>\n<p><span style=\"font-weight: 400;\">Podczas koncertu muzyki filmowej mo\u017cemy te\u017c zobaczy\u0107 pokazy \u015bwietlne i laserowe, kt\u00f3re b\u0119d\u0105 oddawa\u0142y klimat danej produkcji i jednocze\u015bnie b\u0119d\u0105 wsp\u00f3\u0142gra\u0142y z muzyk\u0105.\u00a0<\/span><\/p>\n<p><span style=\"font-weight: 400;\">Cho\u0107 na koncertach muzyki filmowej jeszcze si\u0119 one nie pojawi\u0142y, hologramy podbijaj\u0105 sceny muzyczne na ca\u0142ym \u015bwiecie. Na razie mog\u0105 sobie pozwoli\u0107 na nie tylko najbogatsze zespo\u0142y, ale <\/span><b>wyobra\u017amy sobie, jak ciekawie by\u0142oby np. pos\u0142ucha\u0107 piosenki &#8216;(Now I\u2019ve Had) The Time of My Life&#8217;, jednocze\u015bnie widz\u0105c na scenie ta\u0144cz\u0105ce hologramy g\u0142\u00f3wnych bohater\u00f3w filmu &#8216;Dirty Dancing&#8217;&#8230; <\/b><span style=\"font-weight: 400;\">to by\u0142oby niesamowite do\u015bwiadczenie!<\/span><\/p>\n<h2><\/h2>\n<p><span style=\"font-weight: 400;\">Sami jeste\u015bmy ciekawi, jak technologia wp\u0142ynie na koncerty muzyki filmowej w przysz\u0142o\u015bci.<\/span><\/p>\n<\/div>\n            <\/div>\n        <\/div>\n    <\/div>\n<\/section>\n\n\n<section class=\"events-slider-block  section-margin-32\" data-events-slider-block data-carousel-title=\"Gor\u0105ce wydarzenia\" data-carousel-type=\"karuzela_z_t\u0142em\" data-item-list-name=\"Karuzela z t\u0142em Gor\u0105ce wydarzenia\" data-item-list-id=\"karuzela_z_t\u0142em Gor\u0105ce wydarzenia\" >\n    <div class=\"container\">\n        <div class=\"row\">\n            <div class=\"col-24\">\n                <div class=\"events-slider-block__wrapper\">\n                                            <div class=\"events-slider-block__bg\"><img loading=\"lazy\" decoding=\"async\" width=\"1920\" height=\"1080\" src=\"https:\/\/www.ebilet.pl\/now\/app\/uploads\/2024\/04\/shutterstock_1308510637.jpg\" class=\"attachment-full size-full\" alt=\"Fot.\" srcset=\"https:\/\/www.ebilet.pl\/now\/app\/uploads\/2024\/04\/shutterstock_1308510637.jpg 1920w, https:\/\/www.ebilet.pl\/now\/app\/uploads\/2024\/04\/shutterstock_1308510637-1024x576.jpg 1024w, https:\/\/www.ebilet.pl\/now\/app\/uploads\/2024\/04\/shutterstock_1308510637-1536x864.jpg 1536w, https:\/\/www.ebilet.pl\/now\/app\/uploads\/2024\/04\/shutterstock_1308510637-1280x720.jpg 1280w, https:\/\/www.ebilet.pl\/now\/app\/uploads\/2024\/04\/shutterstock_1308510637-500x281.jpg 500w, https:\/\/www.ebilet.pl\/now\/app\/uploads\/2024\/04\/shutterstock_1308510637-632x356.jpg 632w, https:\/\/www.ebilet.pl\/now\/app\/uploads\/2024\/04\/shutterstock_1308510637-308x174.jpg 308w\" sizes=\"auto, (max-width: 1920px) 100vw, 1920px\" \/><\/div>\n                                                                <div class=\"events-slider-block__top\">\n                                                            <div class=\"events-slider-block__title desktop\">\n                                    <h2 class=\"typo-h2\">Gor\u0105ce wydarzenia<\/h2>\n                                <\/div>\n                                                                                        <div class=\"events-slider-block__title mobile\">\n                                    <h2 class=\"typo-h2\">Gor\u0105ce wydarzenia<\/h2>\n                                <\/div>\n                                                    <\/div>\n                                                            <div class=\"events-slider-block__main\">\n                        <div class=\"events-slider-block__nav events-slider-block__nav--prev\">\n                            <div class=\"button button--withIcon button--theme-white-blur button--size-fixed-48\" data-events-prev>\n                                <span class=\"button__icon icon icon-chevron-left\"><\/span>\n                            <\/div>\n                        <\/div>\n                        <div class=\"events-slider-block__nav events-slider-block__nav--next\">\n                            <div class=\"button button--withIcon button--theme-white-blur button--size-fixed-48\" data-events-next>\n                                <span class=\"button__icon icon icon-chevron-right\"><\/span>\n                            <\/div>\n                        <\/div>\n                        <div class=\"events-slider-block__slider\">\n                            <div class=\"swiper\" data-events-slider>\n                                <div class=\"events-slider-block__sliderWrapper swiper-wrapper\">\n                                                                    <div class=\"events-slider-block__sliderItem swiper-slide\">\n                                    \n<div class=\"card-event  card-event--size-small\">\n        <a href=\"https:\/\/www.ebilet.pl\/muzyka\/festiwale\/orange-warsaw-festival\" target=\"_blank\" class=\"card-event__link\" rel=\"nofollow noopener\"><\/a>\n        <div class=\"card-event__wrapper\">\n        <div class=\"card-event__image\">\n            <img decoding=\"async\" src=\"https:\/\/www.ebilet.pl\/media\/cms\/media\/10tfavkl\/owf27_wejs-cie_portal_552x736.webp\" alt=\"\">\n        <\/div>\n        <div class=\"card-event__data\">\n            <div class=\"card-event__name\">\n                <p>Orange Warsaw Festival 2027<\/p>\n            <\/div>\n            <div class=\"card-event__date\"><\/div>\n            <div class=\"card-event__location\"><\/div>\n        <\/div>\n    <\/div>\n<\/div>                                    <\/div>\n                                                                    <div class=\"events-slider-block__sliderItem swiper-slide\">\n                                    \n<div class=\"card-event  card-event--size-small\">\n        <a href=\"https:\/\/www.ebilet.pl\/teatr\/musicale\/wielki-gatsby\" target=\"_blank\" class=\"card-event__link\" rel=\"nofollow noopener\"><\/a>\n        <div class=\"card-event__wrapper\">\n        <div class=\"card-event__image\">\n            <img decoding=\"async\" src=\"https:\/\/www.ebilet.pl\/media\/cms\/media\/5eihaojx\/552x736-c1222f1c-09f0-4f58-a3ca-98b5badf4b8b.webp\" alt=\"\">\n        <\/div>\n        <div class=\"card-event__data\">\n            <div class=\"card-event__name\">\n                <p>Wielki Gatsby<\/p>\n            <\/div>\n            <div class=\"card-event__date\"><\/div>\n            <div class=\"card-event__location\"><\/div>\n        <\/div>\n    <\/div>\n<\/div>                                    <\/div>\n                                                                    <div class=\"events-slider-block__sliderItem swiper-slide\">\n                                    \n<div class=\"card-event  card-event--size-small\">\n        <a href=\"https:\/\/www.ebilet.pl\/teatr\/tragedia-dramat\/powodzenia-leo-grande\" target=\"_blank\" class=\"card-event__link\" rel=\"nofollow noopener\"><\/a>\n        <div class=\"card-event__wrapper\">\n        <div class=\"card-event__image\">\n            <img decoding=\"async\" src=\"https:\/\/www.ebilet.pl\/media\/cms\/media\/id1npal2\/552x736-b60cb163-87db-43ce-a14e-fd8ba6cf2ab8.webp\" alt=\"\">\n        <\/div>\n        <div class=\"card-event__data\">\n            <div class=\"card-event__name\">\n                <p>Powodzenia, Leo Grande<\/p>\n            <\/div>\n            <div class=\"card-event__date\">23.03.2027-23.03.2027<\/div>\n            <div class=\"card-event__location\">Warszawa<\/div>\n        <\/div>\n    <\/div>\n<\/div>                                    <\/div>\n                                                                    <div class=\"events-slider-block__sliderItem swiper-slide\">\n                                    \n<div class=\"card-event  card-event--size-small\">\n        <a href=\"https:\/\/www.ebilet.pl\/muzyka\/rock\/blind-channel\" target=\"_blank\" class=\"card-event__link\" rel=\"nofollow noopener\"><\/a>\n        <div class=\"card-event__wrapper\">\n        <div class=\"card-event__image\">\n            <img decoding=\"async\" src=\"https:\/\/www.ebilet.pl\/media\/cms\/media\/heakcnq4\/blind-channel-ebilet-strona-wydarzenia-pion-wspo-lne.webp\" alt=\"\">\n        <\/div>\n        <div class=\"card-event__data\">\n            <div class=\"card-event__name\">\n                <p>Blind Channel<\/p>\n            <\/div>\n            <div class=\"card-event__date\">11.02.2027-11.02.2027<\/div>\n            <div class=\"card-event__location\">Krak\u00f3w, Warszawa<\/div>\n        <\/div>\n    <\/div>\n<\/div>                                    <\/div>\n                                                                    <div class=\"events-slider-block__sliderItem swiper-slide\">\n                                    \n<div class=\"card-event  card-event--size-small\">\n        <a href=\"https:\/\/www.ebilet.pl\/klasyka\/opera-operetka\/gala-operowa\" target=\"_blank\" class=\"card-event__link\" rel=\"nofollow noopener\"><\/a>\n        <div class=\"card-event__wrapper\">\n        <div class=\"card-event__image\">\n            <img decoding=\"async\" src=\"https:\/\/www.ebilet.pl\/media\/cms\/media\/upep01ak\/ebilet-552x736-gala-operowa-knapczyk-eb-aa3872aa-1b03-4f4b-b1ae-0fd8be6a1b1e.webp\" alt=\"\">\n        <\/div>\n        <div class=\"card-event__data\">\n            <div class=\"card-event__name\">\n                <p>Wielka Gala Operowa: Krzysztof Knapczyk, Carmen, La Traviata, Turandot<\/p>\n            <\/div>\n            <div class=\"card-event__date\">18.10.2026-18.10.2026<\/div>\n            <div class=\"card-event__location\">Bia\u0142ystok, Gda\u0144sk, Gorz\u00f3w Wielkopolski i inne<\/div>\n        <\/div>\n    <\/div>\n<\/div>                                    <\/div>\n                                                                    <div class=\"events-slider-block__sliderItem swiper-slide\">\n                                    \n<div class=\"card-event  card-event--size-small\">\n        <a href=\"https:\/\/www.ebilet.pl\/muzyka\/hip-hop-rap\/otsochodzi\" target=\"_blank\" class=\"card-event__link\" rel=\"nofollow noopener\"><\/a>\n        <div class=\"card-event__wrapper\">\n        <div class=\"card-event__image\">\n            <img decoding=\"async\" src=\"https:\/\/www.ebilet.pl\/media\/cms\/media\/ucuizr2w\/tt-552-x-736-kopia.webp\" alt=\"\">\n        <\/div>\n        <div class=\"card-event__data\">\n            <div class=\"card-event__name\">\n                <p>Otsochodzi &#8211; RIOTT<\/p>\n            <\/div>\n            <div class=\"card-event__date\">01.10.2026-01.10.2026<\/div>\n            <div class=\"card-event__location\">Gda\u0144sk, Krak\u00f3w, Pozna\u0144 i inne<\/div>\n        <\/div>\n    <\/div>\n<\/div>                                    <\/div>\n                                                                    <div class=\"events-slider-block__sliderItem swiper-slide\">\n                                    \n<div class=\"card-event  card-event--size-small\">\n        <a href=\"https:\/\/www.ebilet.pl\/muzyka\/rock\/kult-koncerty\" target=\"_blank\" class=\"card-event__link\" rel=\"nofollow noopener\"><\/a>\n        <div class=\"card-event__wrapper\">\n        <div class=\"card-event__image\">\n            <img decoding=\"async\" src=\"https:\/\/www.ebilet.pl\/media\/cms\/media\/wkun24dx\/kult_kato_ebilet_552x7362-e37ee07b-c83a-4c9a-9173-50357c70e10b.webp\" alt=\"\">\n        <\/div>\n        <div class=\"card-event__data\">\n            <div class=\"card-event__name\">\n                <p>Kult &#8211; Trasa Pomara\u0144czowa 2026<\/p>\n            <\/div>\n            <div class=\"card-event__date\">30.10.2026-30.10.2026<\/div>\n            <div class=\"card-event__location\">Katowice, \u0141\u00f3d\u017a, Wroc\u0142aw<\/div>\n        <\/div>\n    <\/div>\n<\/div>                                    <\/div>\n                                                                    <div class=\"events-slider-block__sliderItem swiper-slide\">\n                                    \n<div class=\"card-event  card-event--size-small\">\n        <a href=\"https:\/\/www.ebilet.pl\/klasyka\/koncert\/festiwal-pianistyczny-na-instrumentach-historycznych\" target=\"_blank\" class=\"card-event__link\" rel=\"nofollow noopener\"><\/a>\n        <div class=\"card-event__wrapper\">\n        <div class=\"card-event__image\">\n            <img decoding=\"async\" src=\"https:\/\/www.ebilet.pl\/media\/cms\/media\/vphe1lch\/552x736-2026-09-04t142751974-cefe0e84-0e5a-4e30-8c65-0200d5c1f5ef.webp\" alt=\"\">\n        <\/div>\n        <div class=\"card-event__data\">\n            <div class=\"card-event__name\">\n                <p>Festiwal pianistyczny na instrumentach historycznych<\/p>\n            <\/div>\n            <div class=\"card-event__date\">11.09.2026-11.09.2026<\/div>\n            <div class=\"card-event__location\">Nowy Wi\u015bnicz<\/div>\n        <\/div>\n    <\/div>\n<\/div>                                    <\/div>\n                                                                    <div class=\"events-slider-block__sliderItem swiper-slide\">\n                                    \n<div class=\"card-event  card-event--size-small\">\n        <a href=\"https:\/\/www.ebilet.pl\/teatr\/komedia\/do-zobaczenia-za-rok\" target=\"_blank\" class=\"card-event__link\" rel=\"nofollow noopener\"><\/a>\n        <div class=\"card-event__wrapper\">\n        <div class=\"card-event__image\">\n            <img decoding=\"async\" src=\"https:\/\/www.ebilet.pl\/media\/cms\/media\/vxlnrkge\/552x736.webp\" alt=\"\">\n        <\/div>\n        <div class=\"card-event__data\">\n            <div class=\"card-event__name\">\n                <p>Do zobaczenia za rok<\/p>\n            <\/div>\n            <div class=\"card-event__date\">18.10.2026-18.10.2026<\/div>\n            <div class=\"card-event__location\">Gda\u0144sk<\/div>\n        <\/div>\n    <\/div>\n<\/div>                                    <\/div>\n                                                                    <div class=\"events-slider-block__sliderItem swiper-slide\">\n                                    \n<div class=\"card-event  card-event--size-small\">\n        <a href=\"https:\/\/www.ebilet.pl\/muzyka\/piosenka\/kochajmy-starszych-panow\" target=\"_blank\" class=\"card-event__link\" rel=\"nofollow noopener\"><\/a>\n        <div class=\"card-event__wrapper\">\n        <div class=\"card-event__image\">\n            <img decoding=\"async\" src=\"https:\/\/www.ebilet.pl\/media\/cms\/media\/si1frm4x\/ebilet_552x736_kochajmy-starszych-pan_w-8ffc6954-6a62-4510-83c1-0a662ceae353.webp\" alt=\"\">\n        <\/div>\n        <div class=\"card-event__data\">\n            <div class=\"card-event__name\">\n                <p>Kochajmy Starszych Pan\u00f3w!<\/p>\n            <\/div>\n            <div class=\"card-event__date\">15.10.2026-15.10.2026<\/div>\n            <div class=\"card-event__location\">Szczecin, Wroc\u0142aw<\/div>\n        <\/div>\n    <\/div>\n<\/div>                                    <\/div>\n                                                                    <div class=\"events-slider-block__sliderItem swiper-slide\">\n                                    \n<div class=\"card-event  card-event--size-small\">\n        <a href=\"https:\/\/www.ebilet.pl\/muzyka\/pop\/piaseczny-the-best-of\" target=\"_blank\" class=\"card-event__link\" rel=\"nofollow noopener\"><\/a>\n        <div class=\"card-event__wrapper\">\n        <div class=\"card-event__image\">\n            <img decoding=\"async\" src=\"https:\/\/www.ebilet.pl\/media\/cms\/media\/tx5fyo3c\/552x736-b9704cdf-5ae9-496f-b7ac-78c53124b73d.webp\" alt=\"\">\n        <\/div>\n        <div class=\"card-event__data\">\n            <div class=\"card-event__name\">\n                <p>Andrzej Piaseczny &#8211; The Best<\/p>\n            <\/div>\n            <div class=\"card-event__date\">08.11.2026-08.11.2026<\/div>\n            <div class=\"card-event__location\">Gda\u0144sk<\/div>\n        <\/div>\n    <\/div>\n<\/div>                                    <\/div>\n                                                                    <div class=\"events-slider-block__sliderItem swiper-slide\">\n                                    \n<div class=\"card-event  card-event--size-small\">\n        <a href=\"https:\/\/www.ebilet.pl\/muzyka\/rock\/byl-kiedys-jarocin\" target=\"_blank\" class=\"card-event__link\" rel=\"nofollow noopener\"><\/a>\n        <div class=\"card-event__wrapper\">\n        <div class=\"card-event__image\">\n            <img decoding=\"async\" src=\"https:\/\/www.ebilet.pl\/media\/cms\/media\/icpfzrng\/ebilet-552x736-byl-kiedys-jarocin-b90-710ff81a-1318-4b27-8d06-ce9e179b4349.webp\" alt=\"\">\n        <\/div>\n        <div class=\"card-event__data\">\n            <div class=\"card-event__name\">\n                <p>By\u0142 Kiedy\u015b Jarocin<\/p>\n            <\/div>\n            <div class=\"card-event__date\">11.12.2026-11.12.2026<\/div>\n            <div class=\"card-event__location\">Gda\u0144sk<\/div>\n        <\/div>\n    <\/div>\n<\/div>                                    <\/div>\n                                                                    <div class=\"events-slider-block__sliderItem swiper-slide\">\n                                    \n<div class=\"card-event  card-event--size-small\">\n        <a href=\"https:\/\/www.ebilet.pl\/sport\/sporty-druzynowe\/mecz-mistrzow\" target=\"_blank\" class=\"card-event__link\" rel=\"nofollow noopener\"><\/a>\n        <div class=\"card-event__wrapper\">\n        <div class=\"card-event__image\">\n            <img decoding=\"async\" src=\"https:\/\/www.ebilet.pl\/media\/cms\/media\/anml1cos\/552x736.webp\" alt=\"\">\n        <\/div>\n        <div class=\"card-event__data\">\n            <div class=\"card-event__name\">\n                <p>Mecz mistrz\u00f3w: Polska &#8211; W\u0142ochy<\/p>\n            <\/div>\n            <div class=\"card-event__date\">04.10.2026-04.10.2026<\/div>\n            <div class=\"card-event__location\">Wroc\u0142aw<\/div>\n        <\/div>\n    <\/div>\n<\/div>                                    <\/div>\n                                                                    <div class=\"events-slider-block__sliderItem swiper-slide\">\n                                    \n<div class=\"card-event  card-event--size-small\">\n        <a href=\"https:\/\/www.ebilet.pl\/muzyka\/pozostale\/pablopavo\" target=\"_blank\" class=\"card-event__link\" rel=\"nofollow noopener\"><\/a>\n        <div class=\"card-event__wrapper\">\n        <div class=\"card-event__image\">\n            <img decoding=\"async\" src=\"https:\/\/www.ebilet.pl\/media\/cms\/media\/vnikim4a\/za-pablopavo-13-11-26_ebilet-552x736.webp\" alt=\"\">\n        <\/div>\n        <div class=\"card-event__data\">\n            <div class=\"card-event__name\">\n                <p>Pablopavo i Ludziki<\/p>\n            <\/div>\n            <div class=\"card-event__date\">13.11.2026-13.11.2026<\/div>\n            <div class=\"card-event__location\">Krak\u00f3w<\/div>\n        <\/div>\n    <\/div>\n<\/div>                                    <\/div>\n                                                                    <div class=\"events-slider-block__sliderItem swiper-slide\">\n                                    \n<div class=\"card-event  card-event--size-small\">\n        <a href=\"https:\/\/www.ebilet.pl\/sport\/sporty-druzynowe\/mks-bedzin\" target=\"_blank\" class=\"card-event__link\" rel=\"nofollow noopener\"><\/a>\n        <div class=\"card-event__wrapper\">\n        <div class=\"card-event__image\">\n            <img decoding=\"async\" src=\"https:\/\/www.ebilet.pl\/media\/cms\/media\/nsrhizgb\/portal-1-1.webp\" alt=\"\">\n        <\/div>\n        <div class=\"card-event__data\">\n            <div class=\"card-event__name\">\n                <p>Nowak-Mosty MKS B\u0119dzin &#8211; Sezon 2026\/2027<\/p>\n            <\/div>\n            <div class=\"card-event__date\"><\/div>\n            <div class=\"card-event__location\">B\u0119dzin<\/div>\n        <\/div>\n    <\/div>\n<\/div>                                    <\/div>\n                                                                <\/div>\n                            <\/div>\n                        <\/div>\n                        <div class=\"events-slider-block__events swiper\" data-events-events-descriptions>\n                            <div class=\"events-slider-block__eventsWrapper swiper-wrapper\">\n                                                            <div class=\"events-slider-block__eventsItem swiper-slide\">\n                                    <a href=\"https:\/\/www.ebilet.pl\/muzyka\/festiwale\/orange-warsaw-festival\" target=\"_blank\" class=\"events-slider-block__eventsName\">\n                                        <p>Orange Warsaw Festival 2027<\/p>\n                                    <\/a>\n                                    <div class=\"events-slider-block__eventsDate\">\n                                                                            <\/div>\n                                    <div class=\"events-slider-block__eventsLocation\"><\/div>\n                                <\/div>\n                                                            <div class=\"events-slider-block__eventsItem swiper-slide\">\n                                    <a href=\"https:\/\/www.ebilet.pl\/teatr\/musicale\/wielki-gatsby\" target=\"_blank\" class=\"events-slider-block__eventsName\">\n                                        <p>Wielki Gatsby<\/p>\n                                    <\/a>\n                                    <div class=\"events-slider-block__eventsDate\">\n                                                                            <\/div>\n                                    <div class=\"events-slider-block__eventsLocation\"><\/div>\n                                <\/div>\n                                                            <div class=\"events-slider-block__eventsItem swiper-slide\">\n                                    <a href=\"https:\/\/www.ebilet.pl\/teatr\/tragedia-dramat\/powodzenia-leo-grande\" target=\"_blank\" class=\"events-slider-block__eventsName\">\n                                        <p>Powodzenia, Leo Grande<\/p>\n                                    <\/a>\n                                    <div class=\"events-slider-block__eventsDate\">\n                                        23.03.2027-23.03.2027                                    <\/div>\n                                    <div class=\"events-slider-block__eventsLocation\">Warszawa<\/div>\n                                <\/div>\n                                                            <div class=\"events-slider-block__eventsItem swiper-slide\">\n                                    <a href=\"https:\/\/www.ebilet.pl\/muzyka\/rock\/blind-channel\" target=\"_blank\" class=\"events-slider-block__eventsName\">\n                                        <p>Blind Channel<\/p>\n                                    <\/a>\n                                    <div class=\"events-slider-block__eventsDate\">\n                                        11.02.2027-12.02.2027                                    <\/div>\n                                    <div class=\"events-slider-block__eventsLocation\">Krak\u00f3w, Warszawa<\/div>\n                                <\/div>\n                                                            <div class=\"events-slider-block__eventsItem swiper-slide\">\n                                    <a href=\"https:\/\/www.ebilet.pl\/klasyka\/opera-operetka\/gala-operowa\" target=\"_blank\" class=\"events-slider-block__eventsName\">\n                                        <p>Wielka Gala Operowa: Krzysztof Knapczyk, Carmen, La Traviata, Turandot<\/p>\n                                    <\/a>\n                                    <div class=\"events-slider-block__eventsDate\">\n                                        18.10.2026-08.12.2028                                    <\/div>\n                                    <div class=\"events-slider-block__eventsLocation\">Bia\u0142ystok, Gda\u0144sk, Gorz\u00f3w Wielkopolski i inne<\/div>\n                                <\/div>\n                                                            <div class=\"events-slider-block__eventsItem swiper-slide\">\n                                    <a href=\"https:\/\/www.ebilet.pl\/muzyka\/hip-hop-rap\/otsochodzi\" target=\"_blank\" class=\"events-slider-block__eventsName\">\n                                        <p>Otsochodzi &#8211; RIOTT<\/p>\n                                    <\/a>\n                                    <div class=\"events-slider-block__eventsDate\">\n                                        01.10.2026-03.12.2026                                    <\/div>\n                                    <div class=\"events-slider-block__eventsLocation\">Gda\u0144sk, Krak\u00f3w, Pozna\u0144 i inne<\/div>\n                                <\/div>\n                                                            <div class=\"events-slider-block__eventsItem swiper-slide\">\n                                    <a href=\"https:\/\/www.ebilet.pl\/muzyka\/rock\/kult-koncerty\" target=\"_blank\" class=\"events-slider-block__eventsName\">\n                                        <p>Kult &#8211; Trasa Pomara\u0144czowa 2026<\/p>\n                                    <\/a>\n                                    <div class=\"events-slider-block__eventsDate\">\n                                        30.10.2026-15.11.2026                                    <\/div>\n                                    <div class=\"events-slider-block__eventsLocation\">Katowice, \u0141\u00f3d\u017a, Wroc\u0142aw<\/div>\n                                <\/div>\n                                                            <div class=\"events-slider-block__eventsItem swiper-slide\">\n                                    <a href=\"https:\/\/www.ebilet.pl\/klasyka\/koncert\/festiwal-pianistyczny-na-instrumentach-historycznych\" target=\"_blank\" class=\"events-slider-block__eventsName\">\n                                        <p>Festiwal pianistyczny na instrumentach historycznych<\/p>\n                                    <\/a>\n                                    <div class=\"events-slider-block__eventsDate\">\n                                        11.09.2026-13.09.2026                                    <\/div>\n                                    <div class=\"events-slider-block__eventsLocation\">Nowy Wi\u015bnicz<\/div>\n                                <\/div>\n                                                            <div class=\"events-slider-block__eventsItem swiper-slide\">\n                                    <a href=\"https:\/\/www.ebilet.pl\/teatr\/komedia\/do-zobaczenia-za-rok\" target=\"_blank\" class=\"events-slider-block__eventsName\">\n                                        <p>Do zobaczenia za rok<\/p>\n                                    <\/a>\n                                    <div class=\"events-slider-block__eventsDate\">\n                                        18.10.2026-18.10.2026                                    <\/div>\n                                    <div class=\"events-slider-block__eventsLocation\">Gda\u0144sk<\/div>\n                                <\/div>\n                                                            <div class=\"events-slider-block__eventsItem swiper-slide\">\n                                    <a href=\"https:\/\/www.ebilet.pl\/muzyka\/piosenka\/kochajmy-starszych-panow\" target=\"_blank\" class=\"events-slider-block__eventsName\">\n                                        <p>Kochajmy Starszych Pan\u00f3w!<\/p>\n                                    <\/a>\n                                    <div class=\"events-slider-block__eventsDate\">\n                                        15.10.2026-20.10.2026                                    <\/div>\n                                    <div class=\"events-slider-block__eventsLocation\">Szczecin, Wroc\u0142aw<\/div>\n                                <\/div>\n                                                            <div class=\"events-slider-block__eventsItem swiper-slide\">\n                                    <a href=\"https:\/\/www.ebilet.pl\/muzyka\/pop\/piaseczny-the-best-of\" target=\"_blank\" class=\"events-slider-block__eventsName\">\n                                        <p>Andrzej Piaseczny &#8211; The Best<\/p>\n                                    <\/a>\n                                    <div class=\"events-slider-block__eventsDate\">\n                                        08.11.2026-08.11.2026                                    <\/div>\n                                    <div class=\"events-slider-block__eventsLocation\">Gda\u0144sk<\/div>\n                                <\/div>\n                                                            <div class=\"events-slider-block__eventsItem swiper-slide\">\n                                    <a href=\"https:\/\/www.ebilet.pl\/muzyka\/rock\/byl-kiedys-jarocin\" target=\"_blank\" class=\"events-slider-block__eventsName\">\n                                        <p>By\u0142 Kiedy\u015b Jarocin<\/p>\n                                    <\/a>\n                                    <div class=\"events-slider-block__eventsDate\">\n                                        11.12.2026-13.12.2026                                    <\/div>\n                                    <div class=\"events-slider-block__eventsLocation\">Gda\u0144sk<\/div>\n                                <\/div>\n                                                            <div class=\"events-slider-block__eventsItem swiper-slide\">\n                                    <a href=\"https:\/\/www.ebilet.pl\/sport\/sporty-druzynowe\/mecz-mistrzow\" target=\"_blank\" class=\"events-slider-block__eventsName\">\n                                        <p>Mecz mistrz\u00f3w: Polska &#8211; W\u0142ochy<\/p>\n                                    <\/a>\n                                    <div class=\"events-slider-block__eventsDate\">\n                                        04.10.2026-04.10.2026                                    <\/div>\n                                    <div class=\"events-slider-block__eventsLocation\">Wroc\u0142aw<\/div>\n                                <\/div>\n                                                            <div class=\"events-slider-block__eventsItem swiper-slide\">\n                                    <a href=\"https:\/\/www.ebilet.pl\/muzyka\/pozostale\/pablopavo\" target=\"_blank\" class=\"events-slider-block__eventsName\">\n                                        <p>Pablopavo i Ludziki<\/p>\n                                    <\/a>\n                                    <div class=\"events-slider-block__eventsDate\">\n                                        13.11.2026-13.11.2026                                    <\/div>\n                                    <div class=\"events-slider-block__eventsLocation\">Krak\u00f3w<\/div>\n                                <\/div>\n                                                            <div class=\"events-slider-block__eventsItem swiper-slide\">\n                                    <a href=\"https:\/\/www.ebilet.pl\/sport\/sporty-druzynowe\/mks-bedzin\" target=\"_blank\" class=\"events-slider-block__eventsName\">\n                                        <p>Nowak-Mosty MKS B\u0119dzin &#8211; Sezon 2026\/2027<\/p>\n                                    <\/a>\n                                    <div class=\"events-slider-block__eventsDate\">\n                                                                            <\/div>\n                                    <div class=\"events-slider-block__eventsLocation\">B\u0119dzin<\/div>\n                                <\/div>\n                                                        <\/div>\n                        <\/div>\n                        <div class=\"events-slider-block__pagination\">\n                            <div class=\"swiper-pagination slider-pagination slider-pagination--theme-white\" data-events-slider-pagination><\/div>\n                        <\/div>\n                    <\/div>\n                                        <div class=\"events-slider-block__bottom\">\n                                                                                <div class=\"events-slider-block__link desktop\">\n                                    <a\n                                        class=\"button button--size-small button--theme-primary-yellow button--withIconLeft\"\n                                        href=\"https:\/\/www.ebilet.pl\/\">\n                                                                                    <div class=\"button__icon\"><img loading=\"lazy\" decoding=\"async\" width=\"30\" height=\"30\" src=\"https:\/\/www.ebilet.pl\/now\/app\/uploads\/2024\/01\/ticket-cinema-entertainment-coupon-discount-sale_30px.png\" class=\"attachment-full size-full\" alt=\"\" \/><\/div>\n                                                                                <p class=\"button__text typo-18\">Kup na eBilet.pl<\/p>\n                                    <\/a>\n                                <\/div>\n                                                                                <div class=\"events-slider-block__link mobile\">\n                                    <a\n                                        class=\"button button--size-small button--theme-primary-yellow button--withIconLeft\"\n                                        href=\"https:\/\/www.ebilet.pl\/\">\n                                                                                    <div class=\"button__icon\"><img loading=\"lazy\" decoding=\"async\" width=\"30\" height=\"30\" src=\"https:\/\/www.ebilet.pl\/now\/app\/uploads\/2024\/01\/ticket-cinema-entertainment-coupon-discount-sale_30px.png\" class=\"attachment-full size-full\" alt=\"\" \/><\/div>\n                                                                                <p class=\"button__text typo-18\">Kup na eBilet.pl<\/p>\n                                    <\/a>\n                                <\/div>\n                                            <\/div>\n                <\/div>\n            <\/div>\n        <\/div>\n    <\/div>\n<\/section>","protected":false},"excerpt":{"rendered":"<p>Pandemia i lockdown dobitnie pokaza\u0142y nam, \u017ce technologia ma si\u0119 bardzo dobrze i niesamowicie wp\u0142ywa na ka\u017cd\u0105 dziedzin\u0119: od \u017cycia codziennego a\u017c po muzyk\u0119 filmow\u0105. Na tej ostatniej skupimy si\u0119 w tym artykule, bo rozw\u00f3j technologii pozwoli\u0142 na o wiele wi\u0119cej ni\u017c tylko przeniesienie koncert\u00f3w muzyki filmowej do \u015bwiata online. <\/p>\n","protected":false},"author":14,"featured_media":18362,"comment_status":"open","ping_status":"open","sticky":false,"template":"page-templates\/article-default.php","format":"standard","meta":{"_acf_changed":false,"footnotes":""},"article_tag":[31,180,46],"article_type":[5],"class_list":["post-18359","post","type-post","status-publish","format-standard","has-post-thumbnail","hentry","article_tag-muzyka","article_tag-muzyka-filmowa","article_tag-muzyka-klasyczna","article_type-lifestyle"],"acf":[],"_links":{"self":[{"href":"https:\/\/www.ebilet.pl\/now\/wp-json\/wp\/v2\/posts\/18359","targetHints":{"allow":["GET"]}}],"collection":[{"href":"https:\/\/www.ebilet.pl\/now\/wp-json\/wp\/v2\/posts"}],"about":[{"href":"https:\/\/www.ebilet.pl\/now\/wp-json\/wp\/v2\/types\/post"}],"author":[{"embeddable":true,"href":"https:\/\/www.ebilet.pl\/now\/wp-json\/wp\/v2\/users\/14"}],"replies":[{"embeddable":true,"href":"https:\/\/www.ebilet.pl\/now\/wp-json\/wp\/v2\/comments?post=18359"}],"version-history":[{"count":3,"href":"https:\/\/www.ebilet.pl\/now\/wp-json\/wp\/v2\/posts\/18359\/revisions"}],"predecessor-version":[{"id":18364,"href":"https:\/\/www.ebilet.pl\/now\/wp-json\/wp\/v2\/posts\/18359\/revisions\/18364"}],"wp:featuredmedia":[{"embeddable":true,"href":"https:\/\/www.ebilet.pl\/now\/wp-json\/wp\/v2\/media\/18362"}],"wp:attachment":[{"href":"https:\/\/www.ebilet.pl\/now\/wp-json\/wp\/v2\/media?parent=18359"}],"wp:term":[{"taxonomy":"article_tag","embeddable":true,"href":"https:\/\/www.ebilet.pl\/now\/wp-json\/wp\/v2\/article_tag?post=18359"},{"taxonomy":"article_type","embeddable":true,"href":"https:\/\/www.ebilet.pl\/now\/wp-json\/wp\/v2\/article_type?post=18359"}],"curies":[{"name":"wp","href":"https:\/\/api.w.org\/{rel}","templated":true}]}}