{"id":18310,"date":"2024-05-16T17:22:02","date_gmt":"2024-05-16T16:22:02","guid":{"rendered":"https:\/\/www.ebilet.pl\/now\/?p=18310"},"modified":"2024-05-20T11:18:14","modified_gmt":"2024-05-20T10:18:14","slug":"kultowe-tematy-muzyczne-w-filmie-ktore-melodie-staly-sie-ikoniczne-i-niezapomniane","status":"publish","type":"post","link":"https:\/\/www.ebilet.pl\/now\/kultowe-tematy-muzyczne-w-filmie-ktore-melodie-staly-sie-ikoniczne-i-niezapomniane\/","title":{"rendered":"Kultowe tematy muzyczne w filmie: Kt\u00f3re melodie sta\u0142y si\u0119 ikoniczne i niezapomniane?"},"content":{"rendered":"\n<section class=\"text-block  section-margin-32\" >\n    <div class=\"container\">\n        <div class=\"row\">\n            <div class=\"col-24\">\n                <div class=\"text-block__content\"><h2><strong>&#8216;Everybody Needs Somebody to Love&#8217; (&#8216;The Blues Brothers&#8217;)<\/strong><\/h2>\n<p><span style=\"font-weight: 400;\">Autorem piosenki jest Solomon Burke, ale by\u0142a ona tak\u017ce nagrywana przez r\u00f3\u017cne inne zespo\u0142y oraz artyst\u00f3w, m.in. The Rolling Stones. Dopiero, gdy nagrano j\u0105 do filmu &#8216;The Blues Brothers&#8217;, trafi\u0142a na list\u0119 najwi\u0119kszych utwor\u00f3w wszech czas\u00f3w wed\u0142ug magazynu &#8216;Rolling Stone&#8217;, zajmuj\u0105c 429. miejsce.\u00a0<\/span><\/p>\n<h2><strong>&#8216;You Never Can Tell&#8217; (&#8216;Pulp Fiction&#8217;)<\/strong><\/h2>\n<p><span style=\"font-weight: 400;\">Piosenka zosta\u0142a napisana przez Chucka Berry\u2019ego i jest znana tak\u017ce jako &#8216;Teenage Wedding&#8217; oraz &#8216;C\u2019est La Vie&#8217;. Utw\u00f3r sta\u0142 si\u0119 zn\u00f3w popularny, gdy wykorzystano go w filmie &#8216;Pulp Fiction&#8217; Quentina Tarantino (to re\u017cyser, kt\u00f3ry lubi dawa\u0107 drugie \u017cycie piosenkom). Towarzyszy on scenie w barze (na ekranie Uma Thurman i John Travolta).\u00a0<\/span><\/p>\n<h2><strong>&#8216;You\u2019re The One That I Want&#8217; (&#8216;Grease&#8217;)<\/strong><\/h2>\n<p><span style=\"font-weight: 400;\">Piosenka zosta\u0142a napisana przez Johna Farrara specjalnie dla Olivii Newton-John, kt\u00f3ra zagra\u0142a w filmie &#8216;Grease&#8217;. Jednak w oryginalnej wersji musicalu nie znaleziono dla tej piosenki miejsca. W ko\u0144cu re\u017cyser zgodzi\u0142 si\u0119 na jej wykorzystanie, a utw\u00f3r dotar\u0142 na 1. miejsce zestawienia Billboard Hot 100.\u00a0<\/span><\/p>\n<h2><strong>&#8216;I Will Always Love You&#8217; (&#8216;Bodyguard&#8217;)<\/strong><\/h2>\n<p><span style=\"font-weight: 400;\">Piosenka zosta\u0142a za\u015bpiewana przez Whitney Houston, cho\u0107 jej autork\u0105 by\u0142a Dolly Parton. Sta\u0142a si\u0119 ona jednak popularna dopiero wtedy, gdy wykorzystano wokal Houston w filmie &#8216;Bodyguard&#8217;. Utw\u00f3r zaj\u0105\u0142 68. miejsce na li\u015bcie najwi\u0119kszych hit\u00f3w wszechczas\u00f3w, a tak\u017ce otrzyma\u0142 dwie nagrody Grammy.\u00a0<\/span><\/p>\n<h2><strong>&#8216;Stayin Alive&#8217; (&#8216;Gor\u0105czka sobotniej nocy&#8217;)<\/strong><\/h2>\n<p><span style=\"font-weight: 400;\">Utw\u00f3r zosta\u0142 napisany przez Barry\u2019ego, Robina i Maurice\u2019a Gibb\u00f3w. Otwiera on \u015bcie\u017ck\u0119 d\u017awi\u0119kow\u0105 do filmu, a w 1978 roku znalaz\u0142 si\u0119 na 1. miejscu listy Billboard Hot 100.<\/span><\/p>\n<h2><strong>&#8216;(Now I\u2019ve Had) The Time of My Life&#8217; (&#8216;Dirty Dancing&#8217;)<\/strong><\/h2>\n<p><span style=\"font-weight: 400;\">Piosenka zosta\u0142a nagrana specjalnie na potrzeby niskobud\u017cetowego filmu &#8216;Dirty Dancing&#8217;. Sama produkcja nie zosta\u0142a doceniona przez krytyk\u00f3w, ale nie przeszkadza\u0142o to widzom w zachwycaniu si\u0119 ni\u0105. Koniec ko\u0144c\u00f3w film zarobi\u0142 ogromne pieni\u0105dze, a piosenka jest znana do dzi\u015b. Wiele m\u0142odych par pr\u00f3buje nawet odtworzy\u0107 s\u0142ynny taniec, podczas kt\u00f3rego wybrzmia\u0142 ten utw\u00f3r w filmie.<\/span><\/p>\n<h2><strong>&#8216;Pretty Woman&#8217; (&#8216;Pretty Woman&#8217;)<\/strong><\/h2>\n<p><span style=\"font-weight: 400;\">Singiel pojawi\u0142 si\u0119 w 1964 roku za spraw\u0105 Roya Orbisona i Billa Deesa. Zaj\u0105\u0142 wtedy 1. miejsce na li\u015bcie Billboard Hot 100 i zosta\u0142 na nim przez 3 tygodnie. Co ciekawe, film wykorzystuj\u0105cy t\u0119 piosenk\u0119 zosta\u0142 nagrany w 1990 roku! Tytu\u0142 produkcji odnosi si\u0119 w\u0142a\u015bnie do tej piosenki.\u00a0<\/span><\/p>\n<h2><strong>&#8216;My Heart Will Go On&#8217; (&#8216;Titanic&#8217;)<\/strong><\/h2>\n<p><span style=\"font-weight: 400;\">Celin Dion za\u015bpiewa\u0142a t\u0119 piosenk\u0119 na potrzeby zar\u00f3wno swojej p\u0142yty, jak i filmu &#8216;Titanic&#8217;. Utw\u00f3r by\u0142 tworzony w tajemnicy przed re\u017cyserem, kt\u00f3ry nie chcia\u0142 tworzenia specjalnej \u015bcie\u017cki d\u017awi\u0119kowej do filmu. Da\u0142 si\u0119 jednak przekona\u0107, a zar\u00f3wno film, jak i piosenka odnios\u0142y ogromny sukces. Utw\u00f3r jest uznawany za jeden z najwi\u0119kszych i najwa\u017cniejszych hit\u00f3w wszechczas\u00f3w.\u00a0<\/span><\/p>\n<h2><strong>&#8216;Kr\u0105g \u017cycia&#8217; (&#8216;Kr\u00f3l Lew&#8217;)<\/strong><\/h2>\n<p><span style=\"font-weight: 400;\">Oryginalnie piosenka zosta\u0142a skomponowana przez Eltona Johna i za\u015bpiewana przez Lebo M oraz Carmen Twillie. Singiel otwiera ca\u0142y film, a za jego ostateczne brzmienie odpowiada Hans Zimmer.\u00a0<\/span><\/p>\n<\/div>\n            <\/div>\n        <\/div>\n    <\/div>\n<\/section>\n\n\n<section class=\"tickets-slider  section-margin-32\"\n    data-tickets-slider\n    data-item-list-name=\"Karuzela z buttonami\"\n    data-item-list-id=\"karuzela_z_buttonami\"\n    >\n    <div class=\"container\">\n        <div class=\"row\">\n            <div class=\"col-24\">\n                <div class=\"tickets-slider__main\">\n                    <div class=\"tickets-slider__nav tickets-slider__nav--prev\">\n                        <div class=\"button button--withIcon button--theme-white-blur button--size-fixed-48\" data-tickets-slider-prev>\n                            <span class=\"button__icon icon icon-chevron-left\"><\/span>\n                        <\/div>\n                    <\/div>\n                    <div class=\"tickets-slider__nav tickets-slider__nav--next\">\n                        <div class=\"button button--withIcon button--theme-white-blur button--size-fixed-48\" data-tickets-slider-next>\n                            <span class=\"button__icon icon icon-chevron-right\"><\/span>\n                        <\/div>\n                    <\/div>\n                    <div class=\"tickets-slider__slider swiper\" data-tickets-slider-slider>\n                        <div class=\"tickets-slider__sliderWrapper swiper-wrapper\">\n                                                            <div class=\"tickets-slider__sliderItem swiper-slide\"\n                                    data-id=\"7104\"\n                                    data-name=\"Open&#039;er Festival 2027\"\n                                    data-brand=\"Alter Art\"\n                                    data-category=\"muzyka\"\n                                    data-subcategory=\"festiwale\"\n                                    data-city=\"Gdynia\"\n                                    data-venue=\"Lotnisko Gdynia - Kosakowo\">\n                                    <div class=\"tickets-slider__sliderCard\">\n                                        \n<div class=\"card-ticket\">\n        <div class=\"card-ticket__image\">\n        <a href=\"https:\/\/www.ebilet.pl\/muzyka\/festiwale\/opener-festival\">\n            <img decoding=\"async\" src=\"https:\/\/www.ebilet.pl\/media\/cms\/media\/qkso1del\/opene_2027_tameimpala_552x736_ebilet-1d7aa61e-0a2a-4f3b-b538-d84518354aa2.webp\" alt=\"Plakat wydarzenia\" \/>\n        <\/a>\n    <\/div>\n             \n    <div class=\"card-ticket__link\">\n        <a href=\"https:\/\/www.ebilet.pl\/muzyka\/festiwale\/opener-festival\" class=\"button button--theme-primary-yellow button--withIconLeft button--size-small\">\n            <span class=\"button__icon icon icon-ticket\"><\/span>\n            <p class=\"button__text typo-16 f-600\">Kup bilet<\/p>\n        <\/a>\n    <\/div>\n    <\/div>                                    <\/div>\n                                <\/div>\n                                                            <div class=\"tickets-slider__sliderItem swiper-slide\"\n                                    data-id=\"118194\"\n                                    data-name=\"Kwalifikacje do Mistrzostw \u015awiata w koszyk\u00f3wce m\u0119\u017cczyzn 2027: Polska \u2013 Chorwacja\"\n                                    data-brand=\"Polski Zwi\u0105zek Koszyk\u00f3wki\"\n                                    data-category=\"sport\"\n                                    data-subcategory=\"sporty-druzynowe\"\n                                    data-city=\"Gliwice\"\n                                    data-venue=\"PreZero Arena Gliwice\">\n                                    <div class=\"tickets-slider__sliderCard\">\n                                        \n<div class=\"card-ticket\">\n        <div class=\"card-ticket__image\">\n        <a href=\"https:\/\/www.ebilet.pl\/sport\/sporty-druzynowe\/koszykowka-mecz\">\n            <img decoding=\"async\" src=\"https:\/\/www.ebilet.pl\/media\/cms\/media\/hoxono4g\/podstawowe_portal-98225706-f40f-4253-9b63-9f6c375fb13f.webp\" alt=\"Plakat wydarzenia\" \/>\n        <\/a>\n    <\/div>\n             \n    <div class=\"card-ticket__link\">\n        <a href=\"https:\/\/www.ebilet.pl\/sport\/sporty-druzynowe\/koszykowka-mecz\" class=\"button button--theme-primary-yellow button--withIconLeft button--size-small\">\n            <span class=\"button__icon icon icon-ticket\"><\/span>\n            <p class=\"button__text typo-16 f-600\">Kup bilet<\/p>\n        <\/a>\n    <\/div>\n    <\/div>                                    <\/div>\n                                <\/div>\n                                                            <div class=\"tickets-slider__sliderItem swiper-slide\"\n                                    data-id=\"163993\"\n                                    data-name=\"Wicked\"\n                                    data-brand=\"Teatr Muzyczny Roma\"\n                                    data-category=\"teatr\"\n                                    data-subcategory=\"musicale\"\n                                    data-city=\"Warszawa\"\n                                    data-venue=\"Teatr Muzyczny ROMA w Warszawie\">\n                                    <div class=\"tickets-slider__sliderCard\">\n                                        \n<div class=\"card-ticket\">\n        <div class=\"card-ticket__image\">\n        <a href=\"https:\/\/www.ebilet.pl\/teatr\/musicale\/wicked\">\n            <img decoding=\"async\" src=\"https:\/\/www.ebilet.pl\/media\/cms\/media\/t1vbgs4w\/552x736_wickeduniejow-5b08a259-81c1-4704-a3d9-3086b7766d96.webp\" alt=\"Plakat wydarzenia\" \/>\n        <\/a>\n    <\/div>\n             \n    <div class=\"card-ticket__link\">\n        <a href=\"https:\/\/www.ebilet.pl\/teatr\/musicale\/wicked\" class=\"button button--theme-primary-yellow button--withIconLeft button--size-small\">\n            <span class=\"button__icon icon icon-ticket\"><\/span>\n            <p class=\"button__text typo-16 f-600\">Kup bilet<\/p>\n        <\/a>\n    <\/div>\n    <\/div>                                    <\/div>\n                                <\/div>\n                                                            <div class=\"tickets-slider__sliderItem swiper-slide\"\n                                    data-id=\"179391\"\n                                    data-name=\"Pitbull - I&#039;m Back!\"\n                                    data-brand=\"Live Nation\"\n                                    data-category=\"muzyka\"\n                                    data-subcategory=\"pop\"\n                                    data-city=\"Gda\u0144sk\/Sopot, \u0141\u00f3d\u017a\"\n                                    data-venue=\"Atlas Arena\">\n                                    <div class=\"tickets-slider__sliderCard\">\n                                        \n<div class=\"card-ticket\">\n        <div class=\"card-ticket__image\">\n        <a href=\"https:\/\/www.ebilet.pl\/muzyka\/pop\/pitbull\">\n            <img decoding=\"async\" src=\"https:\/\/www.ebilet.pl\/media\/cms\/media\/5lzfwzwf\/pitbull_552x736-51986cca-48f5-4419-a9c5-cba531ed65a3.webp\" alt=\"Plakat wydarzenia\" \/>\n        <\/a>\n    <\/div>\n             \n    <div class=\"card-ticket__link\">\n        <a href=\"https:\/\/www.ebilet.pl\/muzyka\/pop\/pitbull\" class=\"button button--theme-primary-yellow button--withIconLeft button--size-small\">\n            <span class=\"button__icon icon icon-ticket\"><\/span>\n            <p class=\"button__text typo-16 f-600\">Kup bilet<\/p>\n        <\/a>\n    <\/div>\n    <\/div>                                    <\/div>\n                                <\/div>\n                                                            <div class=\"tickets-slider__sliderItem swiper-slide\"\n                                    data-id=\"179820\"\n                                    data-name=\"XTB KSW 122\"\n                                    data-brand=\"Federacja KSW\"\n                                    data-category=\"sport\"\n                                    data-subcategory=\"sporty-walki\"\n                                    data-city=\"Rzesz\u00f3w\"\n                                    data-venue=\"Regionalne Centrum Sportowo-Widowiskowe Podpromie\">\n                                    <div class=\"tickets-slider__sliderCard\">\n                                        \n<div class=\"card-ticket\">\n        <div class=\"card-ticket__image\">\n        <a href=\"https:\/\/www.ebilet.pl\/sport\/sporty-walki\/ksw-gala\">\n            <img decoding=\"async\" src=\"https:\/\/www.ebilet.pl\/media\/cms\/media\/cz4hwoy5\/ksw122_552x736-kopia-2bfd4e82-ebbc-475a-901b-7cd82d226339.webp\" alt=\"Plakat wydarzenia\" \/>\n        <\/a>\n    <\/div>\n             \n    <div class=\"card-ticket__link\">\n        <a href=\"https:\/\/www.ebilet.pl\/sport\/sporty-walki\/ksw-gala\" class=\"button button--theme-primary-yellow button--withIconLeft button--size-small\">\n            <span class=\"button__icon icon icon-ticket\"><\/span>\n            <p class=\"button__text typo-16 f-600\">Kup bilet<\/p>\n        <\/a>\n    <\/div>\n    <\/div>                                    <\/div>\n                                <\/div>\n                                                            <div class=\"tickets-slider__sliderItem swiper-slide\"\n                                    data-id=\"169186\"\n                                    data-name=\"Up To Date Festival 2027\"\n                                    data-brand=\"STOWARZYSZENIE POGOTOWIE KULTURALNO-SPO\u0141ECZNE\"\n                                    data-category=\"muzyka\"\n                                    data-subcategory=\"festiwale\"\n                                    data-city=\"Bia\u0142ystok\"\n                                    data-venue=\"Bia\u0142ystok\">\n                                    <div class=\"tickets-slider__sliderCard\">\n                                        \n<div class=\"card-ticket\">\n        <div class=\"card-ticket__image\">\n        <a href=\"https:\/\/www.ebilet.pl\/muzyka\/festiwale\/up-to-date-festival\">\n            <img decoding=\"async\" src=\"https:\/\/www.ebilet.pl\/media\/cms\/media\/jfdlnoqn\/ebilet-552x736-portal-wersja-2-c38ddeaf-bf05-4f54-9e4d-377e6b572335.webp\" alt=\"Plakat wydarzenia\" \/>\n        <\/a>\n    <\/div>\n             \n    <div class=\"card-ticket__link\">\n        <a href=\"https:\/\/www.ebilet.pl\/muzyka\/festiwale\/up-to-date-festival\" class=\"button button--theme-primary-yellow button--withIconLeft button--size-small\">\n            <span class=\"button__icon icon icon-ticket\"><\/span>\n            <p class=\"button__text typo-16 f-600\">Kup bilet<\/p>\n        <\/a>\n    <\/div>\n    <\/div>                                    <\/div>\n                                <\/div>\n                                                            <div class=\"tickets-slider__sliderItem swiper-slide\"\n                                    data-id=\"187523\"\n                                    data-name=\"Otsochodzi - RIOTT\"\n                                    data-brand=\"Revolume Sp. z o.o.\"\n                                    data-category=\"muzyka\"\n                                    data-subcategory=\"hip-hop-rap\"\n                                    data-city=\"Gda\u0144sk, Krak\u00f3w, Pozna\u0144 i inne\"\n                                    data-venue=\"Hala COS Torwar \">\n                                    <div class=\"tickets-slider__sliderCard\">\n                                        \n<div class=\"card-ticket\">\n        <div class=\"card-ticket__image\">\n        <a href=\"https:\/\/www.ebilet.pl\/muzyka\/hip-hop-rap\/otsochodzi\">\n            <img decoding=\"async\" src=\"https:\/\/www.ebilet.pl\/media\/cms\/media\/ucuizr2w\/tt-552-x-736-kopia.webp\" alt=\"Plakat wydarzenia\" \/>\n        <\/a>\n    <\/div>\n             \n    <div class=\"card-ticket__link\">\n        <a href=\"https:\/\/www.ebilet.pl\/muzyka\/hip-hop-rap\/otsochodzi\" class=\"button button--theme-primary-yellow button--withIconLeft button--size-small\">\n            <span class=\"button__icon icon icon-ticket\"><\/span>\n            <p class=\"button__text typo-16 f-600\">Kup bilet<\/p>\n        <\/a>\n    <\/div>\n    <\/div>                                    <\/div>\n                                <\/div>\n                                                            <div class=\"tickets-slider__sliderItem swiper-slide\"\n                                    data-id=\"214154\"\n                                    data-name=\"Russell Crowe\u2019s Indoor Garden Party\"\n                                    data-brand=\"BACKSTAGE PRODUCTIONS ANNA ZAR\u0118BSKA\"\n                                    data-category=\"muzyka\"\n                                    data-subcategory=\"rock\"\n                                    data-city=\"\u0106miel\u00f3w\"\n                                    data-venue=\"Zamek \u0106miel\u00f3w\">\n                                    <div class=\"tickets-slider__sliderCard\">\n                                        \n<div class=\"card-ticket\">\n        <div class=\"card-ticket__image\">\n        <a href=\"https:\/\/www.ebilet.pl\/muzyka\/rock\/russell-crowe\">\n            <img decoding=\"async\" src=\"https:\/\/www.ebilet.pl\/media\/cms\/media\/dajolyng\/rusel_pion-738c048c-2504-4de3-a226-d83518cf8463.webp\" alt=\"Plakat wydarzenia\" \/>\n        <\/a>\n    <\/div>\n             \n    <div class=\"card-ticket__link\">\n        <a href=\"https:\/\/www.ebilet.pl\/muzyka\/rock\/russell-crowe\" class=\"button button--theme-primary-yellow button--withIconLeft button--size-small\">\n            <span class=\"button__icon icon icon-ticket\"><\/span>\n            <p class=\"button__text typo-16 f-600\">Kup bilet<\/p>\n        <\/a>\n    <\/div>\n    <\/div>                                    <\/div>\n                                <\/div>\n                                                            <div class=\"tickets-slider__sliderItem swiper-slide\"\n                                    data-id=\"214327\"\n                                    data-name=\"Take That\"\n                                    data-brand=\"Fource Entertainment sp. z o o\"\n                                    data-category=\"muzyka\"\n                                    data-subcategory=\"pop\"\n                                    data-city=\"Warszawa\"\n                                    data-venue=\"Letnia Scena Progresji\">\n                                    <div class=\"tickets-slider__sliderCard\">\n                                        \n<div class=\"card-ticket\">\n        <div class=\"card-ticket__image\">\n        <a href=\"https:\/\/www.ebilet.pl\/muzyka\/pop\/take-that\">\n            <img decoding=\"async\" src=\"https:\/\/www.ebilet.pl\/media\/cms\/media\/eiqdozli\/ebilet-552x736-take-that.webp\" alt=\"Plakat wydarzenia\" \/>\n        <\/a>\n    <\/div>\n             \n    <div class=\"card-ticket__link\">\n        <a href=\"https:\/\/www.ebilet.pl\/muzyka\/pop\/take-that\" class=\"button button--theme-primary-yellow button--withIconLeft button--size-small\">\n            <span class=\"button__icon icon icon-ticket\"><\/span>\n            <p class=\"button__text typo-16 f-600\">Kup bilet<\/p>\n        <\/a>\n    <\/div>\n    <\/div>                                    <\/div>\n                                <\/div>\n                                                            <div class=\"tickets-slider__sliderItem swiper-slide\"\n                                    data-id=\"27087\"\n                                    data-name=\"Tokio Hotel\"\n                                    data-brand=\"Knock Out Productions\"\n                                    data-category=\"muzyka\"\n                                    data-subcategory=\"pop\"\n                                    data-city=\"Warszawa\"\n                                    data-venue=\"Letnia Scena Progresji\">\n                                    <div class=\"tickets-slider__sliderCard\">\n                                        \n<div class=\"card-ticket\">\n        <div class=\"card-ticket__image\">\n        <a href=\"https:\/\/www.ebilet.pl\/muzyka\/pop\/tokio-hotel\">\n            <img decoding=\"async\" src=\"https:\/\/www.ebilet.pl\/media\/cms\/media\/i02j3uly\/tokio-hotel-552.webp\" alt=\"Plakat wydarzenia\" \/>\n        <\/a>\n    <\/div>\n             \n    <div class=\"card-ticket__link\">\n        <a href=\"https:\/\/www.ebilet.pl\/muzyka\/pop\/tokio-hotel\" class=\"button button--theme-primary-yellow button--withIconLeft button--size-small\">\n            <span class=\"button__icon icon icon-ticket\"><\/span>\n            <p class=\"button__text typo-16 f-600\">Kup bilet<\/p>\n        <\/a>\n    <\/div>\n    <\/div>                                    <\/div>\n                                <\/div>\n                                                            <div class=\"tickets-slider__sliderItem swiper-slide\"\n                                    data-id=\"177995\"\n                                    data-name=\"G33 Tour - Tadeo x Szczepan x Wygu\u015b x Mata\"\n                                    data-brand=\"BREND GROUP SP\u00d3\u0141KA Z OGRANICZON\u0104 ODPOWIEDZIALNO\u015aCI\u0104\"\n                                    data-category=\"muzyka\"\n                                    data-subcategory=\"hip-hop-rap\"\n                                    data-city=\"Bydgoszcz, Gwi\u017adziny, Kra\u015bnik i inne\"\n                                    data-venue=\"Plac Targowy w Soko\u0142owie Ma\u0142opolskim\">\n                                    <div class=\"tickets-slider__sliderCard\">\n                                        \n<div class=\"card-ticket\">\n        <div class=\"card-ticket__image\">\n        <a href=\"https:\/\/www.ebilet.pl\/muzyka\/hip-hop-rap\/gombao33\">\n            <img decoding=\"async\" src=\"https:\/\/www.ebilet.pl\/media\/cms\/media\/ctcikvkb\/gombao_bez_napisu-2ebe28b7-760a-4987-8d6c-0cb2fe6f2203.webp\" alt=\"Plakat wydarzenia\" \/>\n        <\/a>\n    <\/div>\n             \n    <div class=\"card-ticket__link\">\n        <a href=\"https:\/\/www.ebilet.pl\/muzyka\/hip-hop-rap\/gombao33\" class=\"button button--theme-primary-yellow button--withIconLeft button--size-small\">\n            <span class=\"button__icon icon icon-ticket\"><\/span>\n            <p class=\"button__text typo-16 f-600\">Kup bilet<\/p>\n        <\/a>\n    <\/div>\n    <\/div>                                    <\/div>\n                                <\/div>\n                                                            <div class=\"tickets-slider__sliderItem swiper-slide\"\n                                    data-id=\"92388\"\n                                    data-name=\"Fontaines D.C. EU TOUR 2026\"\n                                    data-brand=\"Alter Art\"\n                                    data-category=\"muzyka\"\n                                    data-subcategory=\"rock\"\n                                    data-city=\"\u0141\u00f3d\u017a\"\n                                    data-venue=\"Atlas Arena\">\n                                    <div class=\"tickets-slider__sliderCard\">\n                                        \n<div class=\"card-ticket\">\n        <div class=\"card-ticket__image\">\n        <a href=\"https:\/\/www.ebilet.pl\/muzyka\/rock\/fontaines-dc\">\n            <img decoding=\"async\" src=\"https:\/\/www.ebilet.pl\/media\/cms\/media\/ovge4bna\/fontaines_dc_portal_552x736.webp\" alt=\"Plakat wydarzenia\" \/>\n        <\/a>\n    <\/div>\n             \n    <div class=\"card-ticket__link\">\n        <a href=\"https:\/\/www.ebilet.pl\/muzyka\/rock\/fontaines-dc\" class=\"button button--theme-primary-yellow button--withIconLeft button--size-small\">\n            <span class=\"button__icon icon icon-ticket\"><\/span>\n            <p class=\"button__text typo-16 f-600\">Kup bilet<\/p>\n        <\/a>\n    <\/div>\n    <\/div>                                    <\/div>\n                                <\/div>\n                                                            <div class=\"tickets-slider__sliderItem swiper-slide\"\n                                    data-id=\"185007\"\n                                    data-name=\"Olsztyn Green Festival 2027\"\n                                    data-brand=\"Wyborcza Sp. z o.o.\"\n                                    data-category=\"muzyka\"\n                                    data-subcategory=\"festiwale\"\n                                    data-city=\"Olsztyn\"\n                                    data-venue=\"CRS Ukiel\">\n                                    <div class=\"tickets-slider__sliderCard\">\n                                        \n<div class=\"card-ticket\">\n        <div class=\"card-ticket__image\">\n        <a href=\"https:\/\/www.ebilet.pl\/muzyka\/festiwale\/olsztyn-green-festival\">\n            <img decoding=\"async\" src=\"https:\/\/www.ebilet.pl\/media\/cms\/media\/ivzhtv3z\/1080x1350_ogf_edycja_2027-18faf89b-3a6e-4aa9-b07b-593f24448a27.webp\" alt=\"Plakat wydarzenia\" \/>\n        <\/a>\n    <\/div>\n             \n    <div class=\"card-ticket__link\">\n        <a href=\"https:\/\/www.ebilet.pl\/muzyka\/festiwale\/olsztyn-green-festival\" class=\"button button--theme-primary-yellow button--withIconLeft button--size-small\">\n            <span class=\"button__icon icon icon-ticket\"><\/span>\n            <p class=\"button__text typo-16 f-600\">Kup bilet<\/p>\n        <\/a>\n    <\/div>\n    <\/div>                                    <\/div>\n                                <\/div>\n                                                    <\/div>\n                    <\/div>\n                <\/div>\n            <\/div>\n        <\/div>\n    <\/div>\n<\/section>\n\n\n<section class=\"text-block  section-margin-32\" >\n    <div class=\"container\">\n        <div class=\"row\">\n            <div class=\"col-24\">\n                <div class=\"text-block__content\"><h2><strong>&#8216;Lux Aeterna&#8217; (&#8216;Requiem dla snu&#8217;)<\/strong><\/h2>\n<p><span style=\"font-weight: 400;\">Utw\u00f3r zosta\u0142 napisany przez Clinta Mansella i dzi\u015b niewiele os\u00f3b nawet wie, \u017ce kompozytor zrobi\u0142 to na potrzeby filmu. Piosenka pojawi\u0142a si\u0119 tak\u017ce w wielu grach (np. &#8216;Assassin\u2019s Creed&#8217;) oraz w zwiastunach filmowych.\u00a0<\/span><\/p>\n<h2><strong>&#8216;Marsz imperialny&#8217; (&#8216;Gwiezdne wojny: Cz\u0119\u015b\u0107 V Imperium kontratakuje&#8217;)<\/strong><\/h2>\n<p><span style=\"font-weight: 400;\">&#8216;Marsz imperialny&#8217; nazywany jest tak\u017ce &#8216;Motywem Dartha Vadera&#8217;. Skomponowa\u0142 go John Williams, kt\u00f3ry jest jedn\u0105 z najcz\u0119\u015bciej nominowanych do Oscara os\u00f3b. Utw\u00f3r jest znany nawet przez te osoby, kt\u00f3re nigdy nie ogl\u0105da\u0142y &#8216;Gwiezdnych wojen&#8217;.\u00a0<\/span><\/p>\n<h2><strong>&#8216;Cornfield Chase&#8217; (&#8216;Interstellar&#8217;)<\/strong><\/h2>\n<p><span style=\"font-weight: 400;\">Muzyka do tego filmu wywo\u0142a\u0142a chyba wi\u0119cej pozytywnych emocji ni\u017c sam obraz. Jej autorem jest Hans Zimmer, a sama piosenka pojawi\u0142a si\u0119 w scenie samochodowego po\u015bcigu przez pole kukurydzy. Co ciekawe, utw\u00f3r zyska\u0142 drugie \u017cycie w mediach spo\u0142eczno\u015bciowych, gdzie stanowi\u0142 t\u0142o do wzruszaj\u0105cych filmik\u00f3w.\u00a0<\/span><\/p>\n<h2><strong>&#8216;Gonna Fly Now&#8217; (&#8216;Rocky&#8217;)<\/strong><\/h2>\n<p><span style=\"font-weight: 400;\">Piosenka jest znana tak\u017ce jako &#8216;Theme from Rocky&#8217;. Pojawia si\u0119 w scenie biegu po schodach, kt\u00f3ry bez muzyki nie by\u0142by taki energetyzuj\u0105cy. Nawet dzi\u015b zdarza si\u0119, \u017ce piosenka ta jest wykorzystywana do zagrzewania sportowc\u00f3w do boju.\u00a0<\/span><\/p>\n<h2><strong>Inne utwory i \u015bcie\u017cki d\u017awi\u0119kowe<\/strong><\/h2>\n<h3><strong>Muzyka z filmu &#8216;Dracula&#8217;<\/strong><\/h3>\n<p><span style=\"font-weight: 400;\">Mowa tutaj o filmie z 1992 roku nakr\u0119conym przez Francisa Forda Coppol\u0119. Muzyk\u0119 do niego stworzy\u0142 Wojciech Kilar, a \u015bcie\u017cka d\u017awi\u0119kowa idealnie stworzy\u0142a nastr\u00f3j grozy, za co zosta\u0142a nagrodzona statuetk\u0105 Saturn.\u00a0<\/span><\/p>\n<h3><strong>Muzyka z filmu &#8216;Szcz\u0119ki&#8217;<\/strong><\/h3>\n<p><span style=\"font-weight: 400;\">John Williams stworzy\u0142 muzyk\u0119 do tego filmu, za co otrzyma\u0142 wiele nagr\u00f3d, w tym m.in. Grammy. Gdy film mia\u0142 swoj\u0105 premier\u0119, nikt nie przypuszcza\u0142, \u017ce melodia stworzona z jedynie dw\u00f3ch przeplataj\u0105cych si\u0119 d\u017awi\u0119k\u00f3w stanie si\u0119 tak charakterystyczna.\u00a0<\/span><\/p>\n<h3><strong>Muzyka z &#8216;Listy Schindlera&#8217;<\/strong><\/h3>\n<p><span style=\"font-weight: 400;\">Za t\u0119 \u015bcie\u017ck\u0119 d\u017awi\u0119kow\u0105 John Williams otrzyma\u0142 Oscara. Sam film r\u00f3wnie\u017c zosta\u0142 wielokrotnie nagrodzony. Muzyczny motyw oddaje tragedi\u0119 Holokaustu lepiej ni\u017c jakiekolwiek s\u0142owa czy obraz. Przez to w\u0142a\u015bnie film zosta\u0142 okrzykni\u0119ty jednym z najsmutniejszych w historii.\u00a0<\/span><\/p>\n<h3><strong>Muzyka &#8216;Hedwig\u2019s Theme&#8217; z &#8216;Harrego Pottera&#8217;<\/strong><\/h3>\n<p><span style=\"font-weight: 400;\">John Williams stworzy\u0142 ten utw\u00f3r do pierwszej cz\u0119\u015bci przyg\u00f3d czarodzieja, czyli &#8216;Harry Potter i Kamie\u0144 Filozoficzny&#8217;. Sta\u0142 si\u0119 on z czasem motywem g\u0142\u00f3wnym ca\u0142ej serii film\u00f3w, a sama melodia brzmi magicznie. Mo\u017cesz go kojarzy\u0107, nawet je\u015bli nie jeste\u015b potterheadem.\u00a0<\/span><\/p>\n<h3><strong>Muzyka Jamesa Bonda w serii film\u00f3w &#8216;James Bond&#8217;<\/strong><\/h3>\n<p><span style=\"font-weight: 400;\">Gitarowy riff, kt\u00f3ry pojawia si\u0119 w ka\u017cdym filmie z serii o Jamesie Bondzie, sta\u0142 si\u0119 jednym z najs\u0142ynniejszych motyw\u00f3w muzycznych w historii kina. Co ciekawe, riff ten zosta\u0142 oryginalnie zagrany przez muzyka, Vica Flicka, kt\u00f3rego wynagrodzenie za utw\u00f3r wynosi\u0142o\u2026 6 funt\u00f3w<\/span><\/p>\n<h3><strong>Muzyka z &#8216;Ojca chrzestnego&#8217;<\/strong><\/h3>\n<p><span style=\"font-weight: 400;\">Klimatyczna \u015bcie\u017cka d\u017awi\u0119kowa z filmu &#8216;Ojciec chrzestny&#8217; wpisa\u0142a si\u0119 na sta\u0142e w popkultur\u0119. Zosta\u0142a ona stworzona przez Ennio Morricone i Nino Rot\u0119. Muzyka \u0142\u0105czy elementy klasycznego stylu operowego, muzyk\u0119 taneczn\u0105, jazz i muzyk\u0119 popularn\u0105. Dzi\u0119ki temu kreuje dramatyzm, napi\u0119cie oraz emocje. Nino Rota jest odpowiedzialny za stworzenie leitmotiv\u00f3w, kt\u00f3re \u0142\u0105cz\u0105 si\u0119 z postaciami i wydarzeniami.\u00a0<\/span><\/p>\n<\/div>\n            <\/div>\n        <\/div>\n    <\/div>\n<\/section>\n\n\n    <section class=\"events-carousel-block  section-margin-32\"\n        data-events-carousel\n        data-settings='{\"per_view\":5}'\n        data-item-list-name=\"Karuzela niska Polecamy na eBilet\"\n        data-item-list-id=\"karuzela_niska Polecamy na eBilet\"\n        >\n        <div class=\"container\">\n                            <div class=\"row\">\n                    <div class=\"col-24\">\n                        <div class=\"events-carousel-block__title\">\n                            <h2 class=\"typo-h2\">Polecamy na eBilet<\/h2>\n                        <\/div>\n                    <\/div>\n                <\/div>\n                        <div class=\"row\">\n                <div class=\"col-24\">\n                    <div class=\"events-carousel-block__events\">\n                        <div class=\"events-carousel-block__nav events-carousel-block__nav--prev\">\n                            <div class=\"button button--withIcon button--theme-white-blur button--size-fixed-48\" data-events-carousel-prev>\n                                <span class=\"button__icon icon icon-chevron-left\"><\/span>\n                            <\/div>\n                        <\/div>\n                        <div class=\"events-carousel-block__nav events-carousel-block__nav--next\">\n                            <div class=\"button button--withIcon button--theme-white-blur button--size-fixed-48\" data-events-carousel-next>\n                                <span class=\"button__icon icon icon-chevron-right\"><\/span>\n                            <\/div>\n                        <\/div>\n                        <div class=\"events-carousel-block__slider swiper\" data-events-carousel-slider>\n                            <div class=\"events-carousel-block__sliderWrapper swiper-wrapper\">\n                                                                    <div class=\"events-carousel-block__sliderItem swiper-slide\"\n                                        data-id=\"152494\"\n                                        data-name=\"Che\u0142mo\u0144ski. D\u017awi\u0119kiem malowane\"\n                                        data-brand=\"FUNDACJA KONCEPT KULTURA\"\n                                        data-category=\"widowiska\"\n                                        data-subcategory=\"inne\"\n                                        data-city=\"Kielce, Sosnowiec\"\n                                        data-venue=\"Kieleckie Centrum Kultury\">\n                                        \n<div class=\"card-event  card-event--size-small\">\n        <a href=\"https:\/\/www.ebilet.pl\/widowiska\/inne\/chelmonski\" target=\"_blank\" class=\"card-event__link\" rel=\"nofollow noopener\"><\/a>\n        <div class=\"card-event__wrapper\">\n        <div class=\"card-event__image\">\n            <img decoding=\"async\" src=\"https:\/\/www.ebilet.pl\/media\/cms\/media\/spqlldrz\/656-x-369-px-ver-2-71dd7728-325d-4e4b-8ebd-1fe67cc5d587.webp\" alt=\"\">\n        <\/div>\n        <div class=\"card-event__data\">\n            <div class=\"card-event__name\">\n                <p>Che\u0142mo\u0144ski. D\u017awi\u0119kiem malowane<\/p>\n            <\/div>\n            <div class=\"card-event__date\"><\/div>\n            <div class=\"card-event__location\">Kielce, Sosnowiec<\/div>\n        <\/div>\n    <\/div>\n<\/div>                                    <\/div>\n                                                                    <div class=\"events-carousel-block__sliderItem swiper-slide\"\n                                        data-id=\"161461\"\n                                        data-name=\"Boeing Boeing - Teatr Capitol\"\n                                        data-brand=\"Teatr Capitol\"\n                                        data-category=\"teatr\"\n                                        data-subcategory=\"komedia\"\n                                        data-city=\"Gda\u0144sk, Warszawa\"\n                                        data-venue=\"Teatr Capitol w Warszawie\">\n                                        \n<div class=\"card-event  card-event--size-small\">\n        <a href=\"https:\/\/www.ebilet.pl\/teatr\/komedia\/boeing-boeing-teatr-capitol\" target=\"_blank\" class=\"card-event__link\" rel=\"nofollow noopener\"><\/a>\n        <div class=\"card-event__wrapper\">\n        <div class=\"card-event__image\">\n            <img decoding=\"async\" src=\"https:\/\/www.ebilet.pl\/media\/cms\/media\/4oebxceo\/656x359-popr-20-11.webp\" alt=\"\">\n        <\/div>\n        <div class=\"card-event__data\">\n            <div class=\"card-event__name\">\n                <p>Boeing Boeing &#8211; Teatr Capitol<\/p>\n            <\/div>\n            <div class=\"card-event__date\"><\/div>\n            <div class=\"card-event__location\">Gda\u0144sk, Warszawa<\/div>\n        <\/div>\n    <\/div>\n<\/div>                                    <\/div>\n                                                                    <div class=\"events-carousel-block__sliderItem swiper-slide\"\n                                        data-id=\"10672\"\n                                        data-name=\"Red Bull Drift Masters, Grand Finale 2026, Poland\"\n                                        data-brand=\"Drift Masters Grand Prix Sp. z o.o.\"\n                                        data-category=\"sport\"\n                                        data-subcategory=\"sporty-motorowe\"\n                                        data-city=\"Warszawa\"\n                                        data-venue=\"PGE Narodowy im. Kazimierza G\u00f3rskiego\">\n                                        \n<div class=\"card-event  card-event--size-small\">\n        <a href=\"https:\/\/www.ebilet.pl\/sport\/sporty-motorowe\/drift-masters\" target=\"_blank\" class=\"card-event__link\" rel=\"nofollow noopener\"><\/a>\n        <div class=\"card-event__wrapper\">\n        <div class=\"card-event__image\">\n            <img decoding=\"async\" src=\"https:\/\/www.ebilet.pl\/media\/cms\/media\/10ijqlni\/656x369pl-4af36ea5-1769-4cd8-915e-6215e771f59d.webp\" alt=\"\">\n        <\/div>\n        <div class=\"card-event__data\">\n            <div class=\"card-event__name\">\n                <p>Red Bull Drift Masters, Grand Finale 2026, Poland<\/p>\n            <\/div>\n            <div class=\"card-event__date\"><\/div>\n            <div class=\"card-event__location\">Warszawa<\/div>\n        <\/div>\n    <\/div>\n<\/div>                                    <\/div>\n                                                                    <div class=\"events-carousel-block__sliderItem swiper-slide\"\n                                        data-id=\"16543\"\n                                        data-name=\"Rozta\u0144czony PGE Narodowy 2026\"\n                                        data-brand=\"KRYSIAK POLSKA CORPORATION Sp. z o.o.\"\n                                        data-category=\"muzyka\"\n                                        data-subcategory=\"festiwale\"\n                                        data-city=\"Warszawa\"\n                                        data-venue=\"PGE Narodowy im. Kazimierza G\u00f3rskiego\">\n                                        \n<div class=\"card-event  card-event--size-small\">\n        <a href=\"https:\/\/www.ebilet.pl\/muzyka\/festiwale\/roztanczony-narodowy\" target=\"_blank\" class=\"card-event__link\" rel=\"nofollow noopener\"><\/a>\n        <div class=\"card-event__wrapper\">\n        <div class=\"card-event__image\">\n            <img decoding=\"async\" src=\"https:\/\/www.ebilet.pl\/media\/cms\/media\/ih4mtfpw\/newletter_basic.webp\" alt=\"\">\n        <\/div>\n        <div class=\"card-event__data\">\n            <div class=\"card-event__name\">\n                <p>Rozta\u0144czony PGE Narodowy 2026<\/p>\n            <\/div>\n            <div class=\"card-event__date\"><\/div>\n            <div class=\"card-event__location\">Warszawa<\/div>\n        <\/div>\n    <\/div>\n<\/div>                                    <\/div>\n                                                                    <div class=\"events-carousel-block__sliderItem swiper-slide\"\n                                        data-id=\"129853\"\n                                        data-name=\"Beksi\u0144ski.Live\"\n                                        data-brand=\"L2L Sp z o.o.\"\n                                        data-category=\"widowiska\"\n                                        data-subcategory=\"inne\"\n                                        data-city=\"Warszawa, Wroc\u0142aw\"\n                                        data-venue=\"Hala COS Torwar \">\n                                        \n<div class=\"card-event  card-event--size-small\">\n        <a href=\"https:\/\/www.ebilet.pl\/widowiska\/inne\/beksinski-live\" target=\"_blank\" class=\"card-event__link\" rel=\"nofollow noopener\"><\/a>\n        <div class=\"card-event__wrapper\">\n        <div class=\"card-event__image\">\n            <img decoding=\"async\" src=\"https:\/\/www.ebilet.pl\/media\/cms\/media\/y2nprogb\/656x369-2026-04-27t161826313.webp\" alt=\"\">\n        <\/div>\n        <div class=\"card-event__data\">\n            <div class=\"card-event__name\">\n                <p>Beksi\u0144ski.Live<\/p>\n            <\/div>\n            <div class=\"card-event__date\"><\/div>\n            <div class=\"card-event__location\">Warszawa, Wroc\u0142aw<\/div>\n        <\/div>\n    <\/div>\n<\/div>                                    <\/div>\n                                                                    <div class=\"events-carousel-block__sliderItem swiper-slide\"\n                                        data-id=\"144549\"\n                                        data-name=\"Zwiedzanie ZOO Warszawa\"\n                                        data-brand=\"Miasto Sto\u0142eczne Warszawa\"\n                                        data-category=\"zwiedzanie\"\n                                        data-subcategory=\"zoo\"\n                                        data-city=\"Warszawa\"\n                                        data-venue=\"\">\n                                        \n<div class=\"card-event  card-event--size-small\">\n        <a href=\"https:\/\/www.ebilet.pl\/zwiedzanie\/zoo\/zwiedzanie-zoo-warszawa\" target=\"_blank\" class=\"card-event__link\" rel=\"nofollow noopener\"><\/a>\n        <div class=\"card-event__wrapper\">\n        <div class=\"card-event__image\">\n            <img decoding=\"async\" src=\"https:\/\/www.ebilet.pl\/media\/cms\/media\/vxxcxvae\/04_bilet-domowy_656x369-05e8639e-58dc-445e-95ca-14f25e17b4f3.webp\" alt=\"\">\n        <\/div>\n        <div class=\"card-event__data\">\n            <div class=\"card-event__name\">\n                <p>Zwiedzanie ZOO Warszawa<\/p>\n            <\/div>\n            <div class=\"card-event__date\"><\/div>\n            <div class=\"card-event__location\">Warszawa<\/div>\n        <\/div>\n    <\/div>\n<\/div>                                    <\/div>\n                                                                    <div class=\"events-carousel-block__sliderItem swiper-slide\"\n                                        data-id=\"125950\"\n                                        data-name=\"Zwiedzanie ZOO Wroc\u0142aw\"\n                                        data-brand=\"ZOO Wroc\u0142aw\"\n                                        data-category=\"zwiedzanie\"\n                                        data-subcategory=\"zoo\"\n                                        data-city=\"Wroc\u0142aw\"\n                                        data-venue=\"ZOO we Wroc\u0142awiu\">\n                                        \n<div class=\"card-event  card-event--size-small\">\n        <a href=\"https:\/\/www.ebilet.pl\/zwiedzanie\/zoo\/zwiedzanie-zoo-wroclaw\" target=\"_blank\" class=\"card-event__link\" rel=\"nofollow noopener\"><\/a>\n        <div class=\"card-event__wrapper\">\n        <div class=\"card-event__image\">\n            <img decoding=\"async\" src=\"https:\/\/www.ebilet.pl\/media\/cms\/media\/wpzfsqii\/01_zoo_ebilet_656x369px-8e081b48-ed80-10b3-4ede-a1fdb0e8bde2.webp\" alt=\"\">\n        <\/div>\n        <div class=\"card-event__data\">\n            <div class=\"card-event__name\">\n                <p>Zwiedzanie ZOO Wroc\u0142aw<\/p>\n            <\/div>\n            <div class=\"card-event__date\"><\/div>\n            <div class=\"card-event__location\">Wroc\u0142aw<\/div>\n        <\/div>\n    <\/div>\n<\/div>                                    <\/div>\n                                                                    <div class=\"events-carousel-block__sliderItem swiper-slide\"\n                                        data-id=\"49432\"\n                                        data-name=\"Wroc\u0142aw Hip Hop Festival 2026\"\n                                        data-brand=\"Stowarzyszenie Planeta M\u0142odych\"\n                                        data-category=\"muzyka\"\n                                        data-subcategory=\"festiwale\"\n                                        data-city=\"Wroc\u0142aw\"\n                                        data-venue=\"Hala Stulecia\">\n                                        \n<div class=\"card-event  card-event--size-small\">\n        <a href=\"https:\/\/www.ebilet.pl\/muzyka\/festiwale\/wroclaw-hip-hop-festival\" target=\"_blank\" class=\"card-event__link\" rel=\"nofollow noopener\"><\/a>\n        <div class=\"card-event__wrapper\">\n        <div class=\"card-event__image\">\n            <img decoding=\"async\" src=\"https:\/\/www.ebilet.pl\/media\/cms\/media\/ijjninf5\/ebilet-grafiki-whhf-656x369-70d9e835-99c3-4111-8a4e-a15ed2733522.webp\" alt=\"\">\n        <\/div>\n        <div class=\"card-event__data\">\n            <div class=\"card-event__name\">\n                <p>Wroc\u0142aw Hip Hop Festival 2026<\/p>\n            <\/div>\n            <div class=\"card-event__date\"><\/div>\n            <div class=\"card-event__location\">Wroc\u0142aw<\/div>\n        <\/div>\n    <\/div>\n<\/div>                                    <\/div>\n                                                                    <div class=\"events-carousel-block__sliderItem swiper-slide\"\n                                        data-id=\"7104\"\n                                        data-name=\"Open&#039;er Festival 2027\"\n                                        data-brand=\"Alter Art\"\n                                        data-category=\"muzyka\"\n                                        data-subcategory=\"festiwale\"\n                                        data-city=\"Gdynia\"\n                                        data-venue=\"Lotnisko Gdynia - Kosakowo\">\n                                        \n<div class=\"card-event  card-event--size-small\">\n        <a href=\"https:\/\/www.ebilet.pl\/muzyka\/festiwale\/opener-festival\" target=\"_blank\" class=\"card-event__link\" rel=\"nofollow noopener\"><\/a>\n        <div class=\"card-event__wrapper\">\n        <div class=\"card-event__image\">\n            <img decoding=\"async\" src=\"https:\/\/www.ebilet.pl\/media\/cms\/media\/yllhazkq\/opene_2027_tameimpala_656x369_ebilet.webp\" alt=\"\">\n        <\/div>\n        <div class=\"card-event__data\">\n            <div class=\"card-event__name\">\n                <p>Open&#8217;er Festival 2027<\/p>\n            <\/div>\n            <div class=\"card-event__date\"><\/div>\n            <div class=\"card-event__location\">Gdynia<\/div>\n        <\/div>\n    <\/div>\n<\/div>                                    <\/div>\n                                                                    <div class=\"events-carousel-block__sliderItem swiper-slide\"\n                                        data-id=\"149533\"\n                                        data-name=\"JIMEK | Orkiestra | Go\u015bcie \u2013 Historia Polskiego Hip-Hopu. Rozdzia\u0142 III Ostatni\"\n                                        data-brand=\"NOTE THE NOTE SP\u00d3\u0141KA Z OGRANICZON\u0104 ODPOWIEDZIALNO\u015aCI\u0104\"\n                                        data-category=\"muzyka\"\n                                        data-subcategory=\"hip-hop-rap\"\n                                        data-city=\"Warszawa\"\n                                        data-venue=\"Lotnisko Bemowo (Warszawa-Babice)\">\n                                        \n<div class=\"card-event  card-event--size-small\">\n        <a href=\"https:\/\/www.ebilet.pl\/muzyka\/hip-hop-rap\/jimek\" target=\"_blank\" class=\"card-event__link\" rel=\"nofollow noopener\"><\/a>\n        <div class=\"card-event__wrapper\">\n        <div class=\"card-event__image\">\n            <img decoding=\"async\" src=\"https:\/\/www.ebilet.pl\/media\/cms\/media\/br5g3adk\/656x369-jimek-94ea5658-790b-4b12-bd07-ac87b14dfccd.webp\" alt=\"\">\n        <\/div>\n        <div class=\"card-event__data\">\n            <div class=\"card-event__name\">\n                <p>JIMEK | Orkiestra | Go\u015bcie \u2013 Historia Polskiego Hip-Hopu. Rozdzia\u0142 III Ostatni<\/p>\n            <\/div>\n            <div class=\"card-event__date\"><\/div>\n            <div class=\"card-event__location\">Warszawa<\/div>\n        <\/div>\n    <\/div>\n<\/div>                                    <\/div>\n                                                                    <div class=\"events-carousel-block__sliderItem swiper-slide\"\n                                        data-id=\"12072\"\n                                        data-name=\"Driftingowe Mistrzostwa Polski 2026 \/\/ New Grounds\"\n                                        data-brand=\"Polska Federacja Driftingu Sp. z o.o.\"\n                                        data-category=\"sport\"\n                                        data-subcategory=\"sporty-motorowe\"\n                                        data-city=\"Prze\u017amierowo\"\n                                        data-venue=\"Tor Pozna\u0144\">\n                                        \n<div class=\"card-event  card-event--size-small\">\n        <a href=\"https:\/\/www.ebilet.pl\/sport\/sporty-motorowe\/driftingowe-mistrzostwa-polski\" target=\"_blank\" class=\"card-event__link\" rel=\"nofollow noopener\"><\/a>\n        <div class=\"card-event__wrapper\">\n        <div class=\"card-event__image\">\n            <img decoding=\"async\" src=\"https:\/\/www.ebilet.pl\/media\/cms\/media\/jdrkqcix\/grafika_ebilet_dmp2026_rnd1_595x-1-51faa121-e406-43e8-9235-5e44f475fc0e.webp\" alt=\"\">\n        <\/div>\n        <div class=\"card-event__data\">\n            <div class=\"card-event__name\">\n                <p>Driftingowe Mistrzostwa Polski 2026 \/\/ New Grounds<\/p>\n            <\/div>\n            <div class=\"card-event__date\"><\/div>\n            <div class=\"card-event__location\">Prze\u017amierowo<\/div>\n        <\/div>\n    <\/div>\n<\/div>                                    <\/div>\n                                                                    <div class=\"events-carousel-block__sliderItem swiper-slide\"\n                                        data-id=\"146404\"\n                                        data-name=\"Taneczny Spodek - Festiwal Muzyki Disco\"\n                                        data-brand=\"Junior Media Music Micha\u0142 Jele\u0144\"\n                                        data-category=\"muzyka\"\n                                        data-subcategory=\"disco-polo\"\n                                        data-city=\"Katowice\"\n                                        data-venue=\"Hala Spodek\">\n                                        \n<div class=\"card-event  card-event--size-small\">\n        <a href=\"https:\/\/www.ebilet.pl\/muzyka\/disco-polo\/taneczny-spodek\" target=\"_blank\" class=\"card-event__link\" rel=\"nofollow noopener\"><\/a>\n        <div class=\"card-event__wrapper\">\n        <div class=\"card-event__image\">\n            <img decoding=\"async\" src=\"https:\/\/www.ebilet.pl\/media\/cms\/media\/w1cnpnzg\/tanecznyspodek-wydarzenie-656x369-1-f9f29e67-4f26-4d0c-abc7-f096ac1d40ff.webp\" alt=\"\">\n        <\/div>\n        <div class=\"card-event__data\">\n            <div class=\"card-event__name\">\n                <p>Taneczny Spodek &#8211; Festiwal Muzyki Disco<\/p>\n            <\/div>\n            <div class=\"card-event__date\"><\/div>\n            <div class=\"card-event__location\">Katowice<\/div>\n        <\/div>\n    <\/div>\n<\/div>                                    <\/div>\n                                                                    <div class=\"events-carousel-block__sliderItem swiper-slide\"\n                                        data-id=\"60658\"\n                                        data-name=\"XVII Summer Dying Loud\"\n                                        data-brand=\"ALEKSANDROWSKIE CENTRUM KULTURY\"\n                                        data-category=\"muzyka\"\n                                        data-subcategory=\"festiwale\"\n                                        data-city=\"Aleksandr\u00f3w \u0141\u00f3dzki\"\n                                        data-venue=\"MOSiR im. W\u0142odzimierza Smolarka w Aleksandrowie \u0141\u00f3dzkim\">\n                                        \n<div class=\"card-event  card-event--size-small\">\n        <a href=\"https:\/\/www.ebilet.pl\/muzyka\/festiwale\/summer-dying-loud\" target=\"_blank\" class=\"card-event__link\" rel=\"nofollow noopener\"><\/a>\n        <div class=\"card-event__wrapper\">\n        <div class=\"card-event__image\">\n            <img decoding=\"async\" src=\"https:\/\/www.ebilet.pl\/media\/cms\/media\/xuicslej\/656x369-bc8725d5-b3cf-4dcd-8184-43f45a397ccc.webp\" alt=\"\">\n        <\/div>\n        <div class=\"card-event__data\">\n            <div class=\"card-event__name\">\n                <p>XVII Summer Dying Loud<\/p>\n            <\/div>\n            <div class=\"card-event__date\"><\/div>\n            <div class=\"card-event__location\">Aleksandr\u00f3w \u0141\u00f3dzki<\/div>\n        <\/div>\n    <\/div>\n<\/div>                                    <\/div>\n                                                                    <div class=\"events-carousel-block__sliderItem swiper-slide\"\n                                        data-id=\"20774\"\n                                        data-name=\"Deep Purple + Jayler\"\n                                        data-brand=\"Mystic Coalition sp. zoo\"\n                                        data-category=\"muzyka\"\n                                        data-subcategory=\"rock\"\n                                        data-city=\"\u0141\u00f3d\u017a\"\n                                        data-venue=\"Atlas Arena\">\n                                        \n<div class=\"card-event  card-event--size-small\">\n        <a href=\"https:\/\/www.ebilet.pl\/muzyka\/rock\/deep-purple\" target=\"_blank\" class=\"card-event__link\" rel=\"nofollow noopener\"><\/a>\n        <div class=\"card-event__wrapper\">\n        <div class=\"card-event__image\">\n            <img decoding=\"async\" src=\"https:\/\/www.ebilet.pl\/media\/cms\/media\/ejqphb2d\/deep_purple_656x369-571f9c06-a899-454b-933a-e6b7cda413a8.webp\" alt=\"\">\n        <\/div>\n        <div class=\"card-event__data\">\n            <div class=\"card-event__name\">\n                <p>Deep Purple + Jayler<\/p>\n            <\/div>\n            <div class=\"card-event__date\"><\/div>\n            <div class=\"card-event__location\">\u0141\u00f3d\u017a<\/div>\n        <\/div>\n    <\/div>\n<\/div>                                    <\/div>\n                                                                    <div class=\"events-carousel-block__sliderItem swiper-slide\"\n                                        data-id=\"94381\"\n                                        data-name=\"Great September Showcase Festival &amp; Conference 2026\"\n                                        data-brand=\"Fundacja Independent\"\n                                        data-category=\"muzyka\"\n                                        data-subcategory=\"festiwale\"\n                                        data-city=\"\u0141\u00f3d\u017a\"\n                                        data-venue=\"\u0141\u00f3d\u017a\">\n                                        \n<div class=\"card-event  card-event--size-small\">\n        <a href=\"https:\/\/www.ebilet.pl\/muzyka\/festiwale\/great-september\" target=\"_blank\" class=\"card-event__link\" rel=\"nofollow noopener\"><\/a>\n        <div class=\"card-event__wrapper\">\n        <div class=\"card-event__image\">\n            <img decoding=\"async\" src=\"https:\/\/www.ebilet.pl\/media\/cms\/media\/u2wn1cz4\/gs-26-ebilet-4_656x369-7ea70d0c-53ac-42ca-939c-35c95aaf57c9.webp\" alt=\"\">\n        <\/div>\n        <div class=\"card-event__data\">\n            <div class=\"card-event__name\">\n                <p>Great September Showcase Festival &#038; Conference 2026<\/p>\n            <\/div>\n            <div class=\"card-event__date\"><\/div>\n            <div class=\"card-event__location\">\u0141\u00f3d\u017a<\/div>\n        <\/div>\n    <\/div>\n<\/div>                                    <\/div>\n                                                            <\/div>\n                        <\/div>\n                    <\/div>\n                    <div class=\"events-carousel-block__pagination\">\n                        <div class=\"swiper-pagination slider-pagination\" data-events-carousel-pagination><\/div>\n                    <\/div>\n                <\/div>\n            <\/div>\n        <\/div>\n    <\/section>\n\n\n\n<section class=\"text-block  section-margin-32\" >\n    <div class=\"container\">\n        <div class=\"row\">\n            <div class=\"col-24\">\n                <div class=\"text-block__content\"><h3><strong>Muzyka z filmu &#8216;Top Gun&#8217;<\/strong><\/h3>\n<p><span style=\"font-weight: 400;\">Ca\u0142a \u015bcie\u017cka d\u017awi\u0119kowa filmu &#8216;Top Gun&#8217; zas\u0142uguje na uwag\u0119, ale najwi\u0119kszymi hitami sta\u0142y si\u0119 dwie piosenki:<\/span><\/p>\n<ul>\n<li style=\"font-weight: 400;\" aria-level=\"1\"><span style=\"font-weight: 400;\">&#8216;Danger Zone&#8217; Kenny\u2019ego Logginsa,<\/span><\/li>\n<li style=\"font-weight: 400;\" aria-level=\"1\"><span style=\"font-weight: 400;\">&#8216;Every Breath You Take&#8217; The Police.\u00a0<\/span><\/li>\n<\/ul>\n<h3><strong>Muzyka z filmu &#8216;Ta\u0144cz\u0105cy z wilkami&#8217;<\/strong><\/h3>\n<p><span style=\"font-weight: 400;\">\u015acie\u017ck\u0119 d\u017awi\u0119kow\u0105 do filmu &#8216;Ta\u0144cz\u0105cy z wilkami&#8217; skomponowa\u0142 John Barry. Otrzyma\u0142 zreszt\u0105 za ni\u0105 Oscara, a sama p\u0142yta cieszy\u0142a si\u0119 tak du\u017cym powodzeniem, \u017ce zosta\u0142a dwukrotnie rozszerzona o nowe utwory (w 1995 roku oraz w 2004 roku). Sama muzyka jest opisywana jako interpretacja muzyki india\u0144skiej.\u00a0<\/span><\/p>\n<h3><strong>Muzyka z filmu &#8216;Mission: Impossible&#8217;<\/strong><\/h3>\n<p><span style=\"font-weight: 400;\">Muzyka stworzona przez wielu producent\u00f3w ju\u017c zawsze b\u0119dzie kojarzy\u0107 si\u0119 ze szpiegowaniem i misj\u0105 specjaln\u0105. \u015acie\u017cka d\u017awi\u0119kowa dotar\u0142a do 16. miejsca w zestawieniu Billboard 200. Sprzeda\u0142a si\u0119 w nak\u0142adzie ponad p\u00f3\u0142 miliona sztuk w dwa tygodnie.\u00a0<\/span><\/p>\n<h3><strong>Muzyka z &#8216;Gladiatora&#8217;<\/strong><\/h3>\n<p><span style=\"font-weight: 400;\">\u015acie\u017cka d\u017awi\u0119kowa stworzona do &#8216;Gladiatora&#8217; to jedno z najwi\u0119kszych dzie\u0142 Hansa Zimmera (kt\u00f3ry pracowa\u0142 nad ni\u0105 z Lis\u0105 Gerrard). Zosta\u0142a nagrodzona Z\u0142otym Globem oraz dwiema nominacjami: do Oscara oraz nagrody BAFTA. Muzyka jest porywaj\u0105ca i nie tylko oddaje silne emocje, kt\u00f3re widzimy na ekranie, ale tak\u017ce je wywo\u0142uje u widz\u00f3w.\u00a0<\/span><\/p>\n<h3><strong>Muzyka z &#8216;W\u0142adcy Pier\u015bcieni&#8217;<\/strong><\/h3>\n<p><span style=\"font-weight: 400;\">Muzyk\u0119 do ca\u0142ej trylogii stworzy\u0142 Howard Shore wraz z:<\/span><\/p>\n<ul>\n<li style=\"font-weight: 400;\" aria-level=\"1\"><span style=\"font-weight: 400;\">London Philharmonic Orchestra,<\/span><\/li>\n<li style=\"font-weight: 400;\" aria-level=\"1\"><span style=\"font-weight: 400;\">New Zealand Symphony Orchestra,<\/span><\/li>\n<li style=\"font-weight: 400;\" aria-level=\"1\"><span style=\"font-weight: 400;\">London Voices,<\/span><\/li>\n<li style=\"font-weight: 400;\" aria-level=\"1\"><span style=\"font-weight: 400;\">London Oratory School Schola choir,<\/span><\/li>\n<li style=\"font-weight: 400;\" aria-level=\"1\"><span style=\"font-weight: 400;\">oraz wieloma instrumentalistami oraz solistami.\u00a0<\/span><\/li>\n<\/ul>\n<p><span style=\"font-weight: 400;\">Ca\u0142a \u015bcie\u017cka d\u017awi\u0119kowa jest dopasowana nie tylko do wydarze\u0144 na ekranie, ale tak\u017ce do krajobrazu czy konkretnych postaci. Co ciekawe, pierwsza wersja muzyki do czo\u0142\u00f3wki by\u0142a znacznie d\u0142u\u017csza.\u00a0<\/span><\/p>\n<h3><strong>Muzyka z &#8216;Marzyciela&#8217;<\/strong><\/h3>\n<p><span style=\"font-weight: 400;\">Pora na polski akcent, bo muzyk\u0119 do &#8216;Marzyciela&#8217; stworzy\u0142 w\u0142a\u015bnie Polak, Jan A.P. Kaczmarek. Co wi\u0119cej, otrzyma\u0142 za ni\u0105 Oscara. Sama \u015bcie\u017cka d\u017awi\u0119kowa idealnie oddaje klimat fantazji, wyobra\u017ani i magii.\u00a0<\/span><\/p>\n<h3><strong>Muzyka z &#8216;Opowie\u015bci z Narnii&#8217;<\/strong><\/h3>\n<p><span style=\"font-weight: 400;\">\u015acie\u017cka d\u017awi\u0119kowa do film\u00f3w z serii &#8216;Opowie\u015bci z Narnii&#8217; zosta\u0142a stworzona przez Harry\u2019ego Gregsona-Williamsa. Podczas tworzenia poszczeg\u00f3lnych melodii bazowa\u0142 on na ksi\u0105\u017ckach, kt\u00f3re by\u0142y wed\u0142ug niego \u017ar\u00f3d\u0142em wielu przydatnych informacji. Przyda\u0142y mu si\u0119 te\u017c scenariusze, w kt\u00f3rych znalaz\u0142y si\u0119 sceny, kt\u00f3rych nie by\u0142o w ksi\u0105\u017ckach. Sama \u015bcie\u017cka d\u017awi\u0119kowa zosta\u0142a nagrana z pomoc\u0105 75-osobowej orkiestry symfonicznej, 140-osobowego ch\u00f3ru oraz wielu innych artyst\u00f3w.\u00a0<\/span><\/p>\n<h3><strong>Muzyka z &#8216;Incepcji&#8217;<\/strong><\/h3>\n<p><span style=\"font-weight: 400;\">To jedno z najwa\u017cniejszych dzie\u0142 Hansa Zimmera. Wiele os\u00f3b, nawet je\u015bli nie ogl\u0105da\u0142o filmu, kojarzy utw\u00f3r &#8216;Time&#8217;, kt\u00f3ry jest dok\u0142adnym odzwierciedleniem filmu: nie wiadomo, czy mamy do czynienia z rzeczywisto\u015bci\u0105, czy jednak z fikcj\u0105. Utwory rozwijaj\u0105 si\u0119 powoli, rosn\u0105 i wspomagaj\u0105 momenty kulminacyjne fabu\u0142y.\u00a0<\/span><\/p>\n<h3><strong>Muzyka z &#8216;Czarnej Pantery&#8217;<\/strong><\/h3>\n<p><span style=\"font-weight: 400;\">To wyj\u0105tkowe dzie\u0142o, kt\u00f3rego autorem jest Ludwig Goransson. S\u0142ynie on z wykorzystania ma\u0142o oczywistych instrument\u00f3w, kt\u00f3re wpasowuj\u0105 si\u0119 idealnie w klimat filmu. Filmowa Wakanda odr\u00f3\u017cnia si\u0119 zupe\u0142nie innym brzmieniem ni\u017c pozosta\u0142e lokalizacje. Jest ono unikatowe i niepowtarzalne, a nawet wyra\u017aniejsze.\u00a0<\/span><\/p>\n<h3><strong>Muzyka z &#8216;Jokera&#8217;<\/strong><\/h3>\n<p><span style=\"font-weight: 400;\">Hildur Gu\u00f0nad\u00f3ttir to ewenement. Kompozytorka tworzy\u0142a muzyk\u0119 do filmu jeszcze zanim w og\u00f3le zako\u0144czono zdj\u0119cia. Czyta\u0142a ona scenariusz, ale nie widzia\u0142a nakr\u0119conych scen. Na szcz\u0119\u015bcie uda\u0142o jej si\u0119 odda\u0107 emocje tak, by muzyka chwyta\u0142a widz\u00f3w za serce.\u00a0<\/span><\/p>\n<h3><strong>Muzyka z &#8216;Co w duszy gra&#8217;<\/strong><\/h3>\n<p><span style=\"font-weight: 400;\">Czy muzyka z filmu animowanego mo\u017ce robi\u0107 wra\u017cenie? Oczywi\u015bcie. Cho\u0107 produkcja mia\u0142a swoj\u0105 premier\u0119 w 2020 roku, zyska\u0142a spor\u0105 rozpoznawalno\u015b\u0107. Muzyka oryginalna zosta\u0142a skomponowana przez Atticusa Rossa i Trenta Reznora, a utwory jazzowe stworzy\u0142 Jon Batiste. Ca\u0142a \u015bcie\u017cka d\u017awi\u0119kowa zosta\u0142a nagrodzona wieloma statuetkami, w tym Oscarem i Z\u0142otym Globem.<\/span><\/p>\n<h2><\/h2>\n<p><span style=\"font-weight: 400;\">Oczywi\u015bcie jest jeszcze wiele kultowych ju\u017c temat\u00f3w muzycznych, kt\u00f3re zosta\u0142y w pami\u0119ci widz\u00f3w, chocia\u017cby &#8216;R\u00f3\u017cowa pantera&#8217;, ale te, kt\u00f3re wymienili\u015bmy, s\u0105 najbardziej znane i cenione.\u00a0<\/span><\/p>\n<\/div>\n            <\/div>\n        <\/div>\n    <\/div>\n<\/section>\n\n\n<section class=\"events-slider-block  section-margin-32\" data-events-slider-block data-carousel-title=\"Gor\u0105ce wydarzenia\" data-carousel-type=\"karuzela_z_t\u0142em\" data-item-list-name=\"Karuzela z t\u0142em Gor\u0105ce wydarzenia\" data-item-list-id=\"karuzela_z_t\u0142em Gor\u0105ce wydarzenia\" >\n    <div class=\"container\">\n        <div class=\"row\">\n            <div class=\"col-24\">\n                <div class=\"events-slider-block__wrapper\">\n                                            <div class=\"events-slider-block__bg\"><img loading=\"lazy\" decoding=\"async\" width=\"1920\" height=\"1080\" src=\"https:\/\/www.ebilet.pl\/now\/app\/uploads\/2024\/04\/shutterstock_1308510637.jpg\" class=\"attachment-full size-full\" alt=\"Fot.\" srcset=\"https:\/\/www.ebilet.pl\/now\/app\/uploads\/2024\/04\/shutterstock_1308510637.jpg 1920w, https:\/\/www.ebilet.pl\/now\/app\/uploads\/2024\/04\/shutterstock_1308510637-1024x576.jpg 1024w, https:\/\/www.ebilet.pl\/now\/app\/uploads\/2024\/04\/shutterstock_1308510637-1536x864.jpg 1536w, https:\/\/www.ebilet.pl\/now\/app\/uploads\/2024\/04\/shutterstock_1308510637-1280x720.jpg 1280w, https:\/\/www.ebilet.pl\/now\/app\/uploads\/2024\/04\/shutterstock_1308510637-500x281.jpg 500w, https:\/\/www.ebilet.pl\/now\/app\/uploads\/2024\/04\/shutterstock_1308510637-632x356.jpg 632w, https:\/\/www.ebilet.pl\/now\/app\/uploads\/2024\/04\/shutterstock_1308510637-308x174.jpg 308w\" sizes=\"auto, (max-width: 1920px) 100vw, 1920px\" \/><\/div>\n                                                                <div class=\"events-slider-block__top\">\n                                                            <div class=\"events-slider-block__title desktop\">\n                                    <h2 class=\"typo-h2\">Gor\u0105ce wydarzenia<\/h2>\n                                <\/div>\n                                                                                        <div class=\"events-slider-block__title mobile\">\n                                    <h2 class=\"typo-h2\">Gor\u0105ce wydarzenia<\/h2>\n                                <\/div>\n                                                    <\/div>\n                                                            <div class=\"events-slider-block__main\">\n                        <div class=\"events-slider-block__nav events-slider-block__nav--prev\">\n                            <div class=\"button button--withIcon button--theme-white-blur button--size-fixed-48\" data-events-prev>\n                                <span class=\"button__icon icon icon-chevron-left\"><\/span>\n                            <\/div>\n                        <\/div>\n                        <div class=\"events-slider-block__nav events-slider-block__nav--next\">\n                            <div class=\"button button--withIcon button--theme-white-blur button--size-fixed-48\" data-events-next>\n                                <span class=\"button__icon icon icon-chevron-right\"><\/span>\n                            <\/div>\n                        <\/div>\n                        <div class=\"events-slider-block__slider\">\n                            <div class=\"swiper\" data-events-slider>\n                                <div class=\"events-slider-block__sliderWrapper swiper-wrapper\">\n                                                                    <div class=\"events-slider-block__sliderItem swiper-slide\">\n                                    \n<div class=\"card-event  card-event--size-small\">\n        <a href=\"https:\/\/www.ebilet.pl\/muzyka\/festiwale\/orange-warsaw-festival\" target=\"_blank\" class=\"card-event__link\" rel=\"nofollow noopener\"><\/a>\n        <div class=\"card-event__wrapper\">\n        <div class=\"card-event__image\">\n            <img decoding=\"async\" src=\"https:\/\/www.ebilet.pl\/media\/cms\/media\/10tfavkl\/owf27_wejs-cie_portal_552x736.webp\" alt=\"\">\n        <\/div>\n        <div class=\"card-event__data\">\n            <div class=\"card-event__name\">\n                <p>Orange Warsaw Festival 2027<\/p>\n            <\/div>\n            <div class=\"card-event__date\"><\/div>\n            <div class=\"card-event__location\"><\/div>\n        <\/div>\n    <\/div>\n<\/div>                                    <\/div>\n                                                                    <div class=\"events-slider-block__sliderItem swiper-slide\">\n                                    \n<div class=\"card-event  card-event--size-small\">\n        <a href=\"https:\/\/www.ebilet.pl\/teatr\/musicale\/wielki-gatsby\" target=\"_blank\" class=\"card-event__link\" rel=\"nofollow noopener\"><\/a>\n        <div class=\"card-event__wrapper\">\n        <div class=\"card-event__image\">\n            <img decoding=\"async\" src=\"https:\/\/www.ebilet.pl\/media\/cms\/media\/5eihaojx\/552x736-c1222f1c-09f0-4f58-a3ca-98b5badf4b8b.webp\" alt=\"\">\n        <\/div>\n        <div class=\"card-event__data\">\n            <div class=\"card-event__name\">\n                <p>Wielki Gatsby<\/p>\n            <\/div>\n            <div class=\"card-event__date\"><\/div>\n            <div class=\"card-event__location\"><\/div>\n        <\/div>\n    <\/div>\n<\/div>                                    <\/div>\n                                                                    <div class=\"events-slider-block__sliderItem swiper-slide\">\n                                    \n<div class=\"card-event  card-event--size-small\">\n        <a href=\"https:\/\/www.ebilet.pl\/muzyka\/rock\/fontaines-dc\" target=\"_blank\" class=\"card-event__link\" rel=\"nofollow noopener\"><\/a>\n        <div class=\"card-event__wrapper\">\n        <div class=\"card-event__image\">\n            <img decoding=\"async\" src=\"https:\/\/www.ebilet.pl\/media\/cms\/media\/ovge4bna\/fontaines_dc_portal_552x736.webp\" alt=\"\">\n        <\/div>\n        <div class=\"card-event__data\">\n            <div class=\"card-event__name\">\n                <p>Fontaines D.C. EU TOUR 2026<\/p>\n            <\/div>\n            <div class=\"card-event__date\">31.10.2026-31.10.2026<\/div>\n            <div class=\"card-event__location\">\u0141\u00f3d\u017a<\/div>\n        <\/div>\n    <\/div>\n<\/div>                                    <\/div>\n                                                                    <div class=\"events-slider-block__sliderItem swiper-slide\">\n                                    \n<div class=\"card-event  card-event--size-small\">\n        <a href=\"https:\/\/www.ebilet.pl\/klasyka\/koncert\/abba-i-queen\" target=\"_blank\" class=\"card-event__link\" rel=\"nofollow noopener\"><\/a>\n        <div class=\"card-event__wrapper\">\n        <div class=\"card-event__image\">\n            <img decoding=\"async\" src=\"https:\/\/www.ebilet.pl\/media\/cms\/media\/1tylc0t3\/552-x-736-px-48059906-b212-4424-9dc4-2bffbf3da3bc.webp\" alt=\"\">\n        <\/div>\n        <div class=\"card-event__data\">\n            <div class=\"card-event__name\">\n                <p>The Best of QUEEN &#038; ABBA: Koncert przy \u015bwiecach<\/p>\n            <\/div>\n            <div class=\"card-event__date\">10.10.2026-10.10.2026<\/div>\n            <div class=\"card-event__location\">Katowice<\/div>\n        <\/div>\n    <\/div>\n<\/div>                                    <\/div>\n                                                                    <div class=\"events-slider-block__sliderItem swiper-slide\">\n                                    \n<div class=\"card-event  card-event--size-small\">\n        <a href=\"https:\/\/www.ebilet.pl\/muzyka\/pop\/tatiana-okupnik-kameralnie\" target=\"_blank\" class=\"card-event__link\" rel=\"nofollow noopener\"><\/a>\n        <div class=\"card-event__wrapper\">\n        <div class=\"card-event__image\">\n            <img decoding=\"async\" src=\"https:\/\/www.ebilet.pl\/media\/cms\/media\/htvmqfca\/to_552x736.webp\" alt=\"\">\n        <\/div>\n        <div class=\"card-event__data\">\n            <div class=\"card-event__name\">\n                <p>Tatiana Okupnik kameralnie<\/p>\n            <\/div>\n            <div class=\"card-event__date\">13.09.2026-13.09.2026<\/div>\n            <div class=\"card-event__location\">Warszawa<\/div>\n        <\/div>\n    <\/div>\n<\/div>                                    <\/div>\n                                                                    <div class=\"events-slider-block__sliderItem swiper-slide\">\n                                    \n<div class=\"card-event  card-event--size-small\">\n        <a href=\"https:\/\/www.ebilet.pl\/klasyka\/koncert\/ballady-rockowe-przy-swiecach-polskie-legendy\" target=\"_blank\" class=\"card-event__link\" rel=\"nofollow noopener\"><\/a>\n        <div class=\"card-event__wrapper\">\n        <div class=\"card-event__image\">\n            <img decoding=\"async\" src=\"https:\/\/www.ebilet.pl\/media\/cms\/media\/xjlborh2\/552x736-717deac0-a4da-43ab-8588-663117903cf5.webp\" alt=\"\">\n        <\/div>\n        <div class=\"card-event__data\">\n            <div class=\"card-event__name\">\n                <p>Ballady Rockowe przy \u015awiecach: Polskie Legendy<\/p>\n            <\/div>\n            <div class=\"card-event__date\">14.11.2026-14.11.2026<\/div>\n            <div class=\"card-event__location\">Bydgoszcz, Lublin, Olsztyn i inne<\/div>\n        <\/div>\n    <\/div>\n<\/div>                                    <\/div>\n                                                                    <div class=\"events-slider-block__sliderItem swiper-slide\">\n                                    \n<div class=\"card-event  card-event--size-small\">\n        <a href=\"https:\/\/www.ebilet.pl\/muzyka\/pop\/byles-i-badz\" target=\"_blank\" class=\"card-event__link\" rel=\"nofollow noopener\"><\/a>\n        <div class=\"card-event__wrapper\">\n        <div class=\"card-event__image\">\n            <img decoding=\"async\" src=\"https:\/\/www.ebilet.pl\/media\/cms\/media\/b5vjuut4\/zauchafest26_301126_552-x-736-ab99088d-b544-4a0f-8625-8133d4fbb99a.webp\" alt=\"\">\n        <\/div>\n        <div class=\"card-event__data\">\n            <div class=\"card-event__name\">\n                <p>By\u0142e\u015b i B\u0105d\u017a! &#8211; Zaucha Fest Igo, Renata Przemyk, Andrzej D\u0105browski, Hanka W\u00f3jciak, Jasiek Piwowarczyk, Sandra Mika<\/p>\n            <\/div>\n            <div class=\"card-event__date\">30.11.2026-30.11.2026<\/div>\n            <div class=\"card-event__location\">Krak\u00f3w<\/div>\n        <\/div>\n    <\/div>\n<\/div>                                    <\/div>\n                                                                    <div class=\"events-slider-block__sliderItem swiper-slide\">\n                                    \n<div class=\"card-event  card-event--size-small\">\n        <a href=\"https:\/\/www.ebilet.pl\/biznes\/wystawa\/wieslaw-walkuski-plakat-i-malarstwo\" target=\"_blank\" class=\"card-event__link\" rel=\"nofollow noopener\"><\/a>\n        <div class=\"card-event__wrapper\">\n        <div class=\"card-event__image\">\n            <img decoding=\"async\" src=\"https:\/\/www.ebilet.pl\/media\/cms\/media\/5onnpk31\/wieslaw_walkuski_plakat_i_malarstwo_552x736px_ebilet-a33f3e18-fba0-4b41-97da-118b61fe6db2.webp\" alt=\"\">\n        <\/div>\n        <div class=\"card-event__data\">\n            <div class=\"card-event__name\">\n                <p>WIES\u0141AW WA\u0141KUSKI. Plakat i Malarstwo<\/p>\n            <\/div>\n            <div class=\"card-event__date\">05.09.2026-05.09.2026<\/div>\n            <div class=\"card-event__location\">Warszawa<\/div>\n        <\/div>\n    <\/div>\n<\/div>                                    <\/div>\n                                                                    <div class=\"events-slider-block__sliderItem swiper-slide\">\n                                    \n<div class=\"card-event  card-event--size-small\">\n        <a href=\"https:\/\/www.ebilet.pl\/muzyka\/rock\/michael-schenker-group\" target=\"_blank\" class=\"card-event__link\" rel=\"nofollow noopener\"><\/a>\n        <div class=\"card-event__wrapper\">\n        <div class=\"card-event__image\">\n            <img decoding=\"async\" src=\"https:\/\/www.ebilet.pl\/media\/cms\/media\/fgqlazwg\/michael-schenker-group-ebilet-strona-wydarzenia-pion-wspo-lne-81be7980-19a0-412d-bc1a-fa4e51bc2d46.webp\" alt=\"\">\n        <\/div>\n        <div class=\"card-event__data\">\n            <div class=\"card-event__name\">\n                <p>Michael Schenker<\/p>\n            <\/div>\n            <div class=\"card-event__date\">23.03.2027-23.03.2027<\/div>\n            <div class=\"card-event__location\">Krak\u00f3w, Pozna\u0144<\/div>\n        <\/div>\n    <\/div>\n<\/div>                                    <\/div>\n                                                                    <div class=\"events-slider-block__sliderItem swiper-slide\">\n                                    \n<div class=\"card-event  card-event--size-small\">\n        <a href=\"https:\/\/www.ebilet.pl\/muzyka\/pop\/varius-manx-kasia-stankiewicz\" target=\"_blank\" class=\"card-event__link\" rel=\"nofollow noopener\"><\/a>\n        <div class=\"card-event__wrapper\">\n        <div class=\"card-event__image\">\n            <img decoding=\"async\" src=\"https:\/\/www.ebilet.pl\/media\/cms\/media\/njbkliaj\/ebilet-552x736-varius-9b90b59c-ec5c-476c-a4fc-49575953d8d9.webp\" alt=\"\">\n        <\/div>\n        <div class=\"card-event__data\">\n            <div class=\"card-event__name\">\n                <p>SUPER EGO TOUR Varius Manx &#038; Kasia Stankiewicz<\/p>\n            <\/div>\n            <div class=\"card-event__date\">07.03.2027-07.03.2027<\/div>\n            <div class=\"card-event__location\">Bielsko-Bia\u0142a, Jasionka<\/div>\n        <\/div>\n    <\/div>\n<\/div>                                    <\/div>\n                                                                    <div class=\"events-slider-block__sliderItem swiper-slide\">\n                                    \n<div class=\"card-event  card-event--size-small\">\n        <a href=\"https:\/\/www.ebilet.pl\/muzyka\/pop\/erykah-badu\" target=\"_blank\" class=\"card-event__link\" rel=\"nofollow noopener\"><\/a>\n        <div class=\"card-event__wrapper\">\n        <div class=\"card-event__image\">\n            <img decoding=\"async\" src=\"https:\/\/www.ebilet.pl\/media\/cms\/media\/veqnjqea\/badu-600x850-copy-c5e961a0-d819-4800-89af-2f9968352870.webp\" alt=\"\">\n        <\/div>\n        <div class=\"card-event__data\">\n            <div class=\"card-event__name\">\n                <p>Erykah Badu &#8211; IMEHO<\/p>\n            <\/div>\n            <div class=\"card-event__date\">25.10.2026-25.10.2026<\/div>\n            <div class=\"card-event__location\">Katowice<\/div>\n        <\/div>\n    <\/div>\n<\/div>                                    <\/div>\n                                                                    <div class=\"events-slider-block__sliderItem swiper-slide\">\n                                    \n<div class=\"card-event  card-event--size-small\">\n        <a href=\"https:\/\/www.ebilet.pl\/muzyka\/jazz-blues\/koncert-swiateczny-w-blasku-swiec\" target=\"_blank\" class=\"card-event__link\" rel=\"nofollow noopener\"><\/a>\n        <div class=\"card-event__wrapper\">\n        <div class=\"card-event__image\">\n            <img decoding=\"async\" src=\"https:\/\/www.ebilet.pl\/media\/cms\/media\/034dlcyu\/plakat-koncertu-_wi_tecznego-06122026-0812003f-a700-42a4-8e50-715dce5c12a3.webp\" alt=\"\">\n        <\/div>\n        <div class=\"card-event__data\">\n            <div class=\"card-event__name\">\n                <p>Koncert \u015awi\u0105teczny w Blasku \u015awiec<\/p>\n            <\/div>\n            <div class=\"card-event__date\">06.12.2026-06.12.2026<\/div>\n            <div class=\"card-event__location\">\u0141\u00f3d\u017a<\/div>\n        <\/div>\n    <\/div>\n<\/div>                                    <\/div>\n                                                                    <div class=\"events-slider-block__sliderItem swiper-slide\">\n                                    \n<div class=\"card-event  card-event--size-small\">\n        <a href=\"https:\/\/www.ebilet.pl\/muzyka\/pop\/zimmer90\" target=\"_blank\" class=\"card-event__link\" rel=\"nofollow noopener\"><\/a>\n        <div class=\"card-event__wrapper\">\n        <div class=\"card-event__image\">\n            <img decoding=\"async\" src=\"https:\/\/www.ebilet.pl\/media\/cms\/media\/vbdgxs1d\/z90_552x736-9b9706c7-ee0a-4875-8249-c668de262eb9.webp\" alt=\"\">\n        <\/div>\n        <div class=\"card-event__data\">\n            <div class=\"card-event__name\">\n                <p>Zimmer90<\/p>\n            <\/div>\n            <div class=\"card-event__date\">05.11.2026-05.11.2026<\/div>\n            <div class=\"card-event__location\">Warszawa<\/div>\n        <\/div>\n    <\/div>\n<\/div>                                    <\/div>\n                                                                    <div class=\"events-slider-block__sliderItem swiper-slide\">\n                                    \n<div class=\"card-event  card-event--size-small\">\n        <a href=\"https:\/\/www.ebilet.pl\/muzyka\/hard-heavy\/fck-im-hard\" target=\"_blank\" class=\"card-event__link\" rel=\"nofollow noopener\"><\/a>\n        <div class=\"card-event__wrapper\">\n        <div class=\"card-event__image\">\n            <img decoding=\"async\" src=\"https:\/\/www.ebilet.pl\/media\/cms\/media\/pi1f2mrb\/2.webp\" alt=\"\">\n        <\/div>\n        <div class=\"card-event__data\">\n            <div class=\"card-event__name\">\n                <p>Fck Im Hard Vol. 2<\/p>\n            <\/div>\n            <div class=\"card-event__date\">10.10.2026-10.10.2026<\/div>\n            <div class=\"card-event__location\">Wroc\u0142aw<\/div>\n        <\/div>\n    <\/div>\n<\/div>                                    <\/div>\n                                                                    <div class=\"events-slider-block__sliderItem swiper-slide\">\n                                    \n<div class=\"card-event  card-event--size-small\">\n        <a href=\"https:\/\/www.ebilet.pl\/sport\/sporty-druzynowe\/koszykowka-mecz\" target=\"_blank\" class=\"card-event__link\" rel=\"nofollow noopener\"><\/a>\n        <div class=\"card-event__wrapper\">\n        <div class=\"card-event__image\">\n            <img decoding=\"async\" src=\"https:\/\/www.ebilet.pl\/media\/cms\/media\/hoxono4g\/podstawowe_portal-98225706-f40f-4253-9b63-9f6c375fb13f.webp\" alt=\"\">\n        <\/div>\n        <div class=\"card-event__data\">\n            <div class=\"card-event__name\">\n                <p>Kwalifikacje do Mistrzostw \u015awiata w koszyk\u00f3wce m\u0119\u017cczyzn 2027: Polska \u2013 Chorwacja<\/p>\n            <\/div>\n            <div class=\"card-event__date\">27.11.2026-27.11.2026<\/div>\n            <div class=\"card-event__location\">Gliwice<\/div>\n        <\/div>\n    <\/div>\n<\/div>                                    <\/div>\n                                                                <\/div>\n                            <\/div>\n                        <\/div>\n                        <div class=\"events-slider-block__events swiper\" data-events-events-descriptions>\n                            <div class=\"events-slider-block__eventsWrapper swiper-wrapper\">\n                                                            <div class=\"events-slider-block__eventsItem swiper-slide\">\n                                    <a href=\"https:\/\/www.ebilet.pl\/muzyka\/festiwale\/orange-warsaw-festival\" target=\"_blank\" class=\"events-slider-block__eventsName\">\n                                        <p>Orange Warsaw Festival 2027<\/p>\n                                    <\/a>\n                                    <div class=\"events-slider-block__eventsDate\">\n                                                                            <\/div>\n                                    <div class=\"events-slider-block__eventsLocation\"><\/div>\n                                <\/div>\n                                                            <div class=\"events-slider-block__eventsItem swiper-slide\">\n                                    <a href=\"https:\/\/www.ebilet.pl\/teatr\/musicale\/wielki-gatsby\" target=\"_blank\" class=\"events-slider-block__eventsName\">\n                                        <p>Wielki Gatsby<\/p>\n                                    <\/a>\n                                    <div class=\"events-slider-block__eventsDate\">\n                                                                            <\/div>\n                                    <div class=\"events-slider-block__eventsLocation\"><\/div>\n                                <\/div>\n                                                            <div class=\"events-slider-block__eventsItem swiper-slide\">\n                                    <a href=\"https:\/\/www.ebilet.pl\/muzyka\/rock\/fontaines-dc\" target=\"_blank\" class=\"events-slider-block__eventsName\">\n                                        <p>Fontaines D.C. EU TOUR 2026<\/p>\n                                    <\/a>\n                                    <div class=\"events-slider-block__eventsDate\">\n                                        31.10.2026-31.10.2026                                    <\/div>\n                                    <div class=\"events-slider-block__eventsLocation\">\u0141\u00f3d\u017a<\/div>\n                                <\/div>\n                                                            <div class=\"events-slider-block__eventsItem swiper-slide\">\n                                    <a href=\"https:\/\/www.ebilet.pl\/klasyka\/koncert\/abba-i-queen\" target=\"_blank\" class=\"events-slider-block__eventsName\">\n                                        <p>The Best of QUEEN &amp; ABBA: Koncert przy \u015bwiecach<\/p>\n                                    <\/a>\n                                    <div class=\"events-slider-block__eventsDate\">\n                                        10.10.2026-10.10.2026                                    <\/div>\n                                    <div class=\"events-slider-block__eventsLocation\">Katowice<\/div>\n                                <\/div>\n                                                            <div class=\"events-slider-block__eventsItem swiper-slide\">\n                                    <a href=\"https:\/\/www.ebilet.pl\/muzyka\/pop\/tatiana-okupnik-kameralnie\" target=\"_blank\" class=\"events-slider-block__eventsName\">\n                                        <p>Tatiana Okupnik kameralnie<\/p>\n                                    <\/a>\n                                    <div class=\"events-slider-block__eventsDate\">\n                                        13.09.2026-13.09.2026                                    <\/div>\n                                    <div class=\"events-slider-block__eventsLocation\">Warszawa<\/div>\n                                <\/div>\n                                                            <div class=\"events-slider-block__eventsItem swiper-slide\">\n                                    <a href=\"https:\/\/www.ebilet.pl\/klasyka\/koncert\/ballady-rockowe-przy-swiecach-polskie-legendy\" target=\"_blank\" class=\"events-slider-block__eventsName\">\n                                        <p>Ballady Rockowe przy \u015awiecach: Polskie Legendy<\/p>\n                                    <\/a>\n                                    <div class=\"events-slider-block__eventsDate\">\n                                        14.11.2026-30.11.2026                                    <\/div>\n                                    <div class=\"events-slider-block__eventsLocation\">Bydgoszcz, Lublin, Olsztyn i inne<\/div>\n                                <\/div>\n                                                            <div class=\"events-slider-block__eventsItem swiper-slide\">\n                                    <a href=\"https:\/\/www.ebilet.pl\/muzyka\/pop\/byles-i-badz\" target=\"_blank\" class=\"events-slider-block__eventsName\">\n                                        <p>By\u0142e\u015b i B\u0105d\u017a! &#8211; Zaucha Fest Igo, Renata Przemyk, Andrzej D\u0105browski, Hanka W\u00f3jciak, Jasiek Piwowarczyk, Sandra Mika<\/p>\n                                    <\/a>\n                                    <div class=\"events-slider-block__eventsDate\">\n                                        30.11.2026-30.11.2026                                    <\/div>\n                                    <div class=\"events-slider-block__eventsLocation\">Krak\u00f3w<\/div>\n                                <\/div>\n                                                            <div class=\"events-slider-block__eventsItem swiper-slide\">\n                                    <a href=\"https:\/\/www.ebilet.pl\/biznes\/wystawa\/wieslaw-walkuski-plakat-i-malarstwo\" target=\"_blank\" class=\"events-slider-block__eventsName\">\n                                        <p>WIES\u0141AW WA\u0141KUSKI. Plakat i Malarstwo<\/p>\n                                    <\/a>\n                                    <div class=\"events-slider-block__eventsDate\">\n                                        05.09.2026-29.11.2026                                    <\/div>\n                                    <div class=\"events-slider-block__eventsLocation\">Warszawa<\/div>\n                                <\/div>\n                                                            <div class=\"events-slider-block__eventsItem swiper-slide\">\n                                    <a href=\"https:\/\/www.ebilet.pl\/muzyka\/rock\/michael-schenker-group\" target=\"_blank\" class=\"events-slider-block__eventsName\">\n                                        <p>Michael Schenker<\/p>\n                                    <\/a>\n                                    <div class=\"events-slider-block__eventsDate\">\n                                        23.03.2027-24.03.2027                                    <\/div>\n                                    <div class=\"events-slider-block__eventsLocation\">Krak\u00f3w, Pozna\u0144<\/div>\n                                <\/div>\n                                                            <div class=\"events-slider-block__eventsItem swiper-slide\">\n                                    <a href=\"https:\/\/www.ebilet.pl\/muzyka\/pop\/varius-manx-kasia-stankiewicz\" target=\"_blank\" class=\"events-slider-block__eventsName\">\n                                        <p>SUPER EGO TOUR Varius Manx &amp; Kasia Stankiewicz<\/p>\n                                    <\/a>\n                                    <div class=\"events-slider-block__eventsDate\">\n                                        07.03.2027-08.03.2027                                    <\/div>\n                                    <div class=\"events-slider-block__eventsLocation\">Bielsko-Bia\u0142a, Jasionka<\/div>\n                                <\/div>\n                                                            <div class=\"events-slider-block__eventsItem swiper-slide\">\n                                    <a href=\"https:\/\/www.ebilet.pl\/muzyka\/pop\/erykah-badu\" target=\"_blank\" class=\"events-slider-block__eventsName\">\n                                        <p>Erykah Badu &#8211; IMEHO<\/p>\n                                    <\/a>\n                                    <div class=\"events-slider-block__eventsDate\">\n                                        25.10.2026-25.10.2026                                    <\/div>\n                                    <div class=\"events-slider-block__eventsLocation\">Katowice<\/div>\n                                <\/div>\n                                                            <div class=\"events-slider-block__eventsItem swiper-slide\">\n                                    <a href=\"https:\/\/www.ebilet.pl\/muzyka\/jazz-blues\/koncert-swiateczny-w-blasku-swiec\" target=\"_blank\" class=\"events-slider-block__eventsName\">\n                                        <p>Koncert \u015awi\u0105teczny w Blasku \u015awiec<\/p>\n                                    <\/a>\n                                    <div class=\"events-slider-block__eventsDate\">\n                                        06.12.2026-06.12.2026                                    <\/div>\n                                    <div class=\"events-slider-block__eventsLocation\">\u0141\u00f3d\u017a<\/div>\n                                <\/div>\n                                                            <div class=\"events-slider-block__eventsItem swiper-slide\">\n                                    <a href=\"https:\/\/www.ebilet.pl\/muzyka\/pop\/zimmer90\" target=\"_blank\" class=\"events-slider-block__eventsName\">\n                                        <p>Zimmer90<\/p>\n                                    <\/a>\n                                    <div class=\"events-slider-block__eventsDate\">\n                                        05.11.2026-05.11.2026                                    <\/div>\n                                    <div class=\"events-slider-block__eventsLocation\">Warszawa<\/div>\n                                <\/div>\n                                                            <div class=\"events-slider-block__eventsItem swiper-slide\">\n                                    <a href=\"https:\/\/www.ebilet.pl\/muzyka\/hard-heavy\/fck-im-hard\" target=\"_blank\" class=\"events-slider-block__eventsName\">\n                                        <p>Fck Im Hard Vol. 2<\/p>\n                                    <\/a>\n                                    <div class=\"events-slider-block__eventsDate\">\n                                        10.10.2026-10.10.2026                                    <\/div>\n                                    <div class=\"events-slider-block__eventsLocation\">Wroc\u0142aw<\/div>\n                                <\/div>\n                                                            <div class=\"events-slider-block__eventsItem swiper-slide\">\n                                    <a href=\"https:\/\/www.ebilet.pl\/sport\/sporty-druzynowe\/koszykowka-mecz\" target=\"_blank\" class=\"events-slider-block__eventsName\">\n                                        <p>Kwalifikacje do Mistrzostw \u015awiata w koszyk\u00f3wce m\u0119\u017cczyzn 2027: Polska \u2013 Chorwacja<\/p>\n                                    <\/a>\n                                    <div class=\"events-slider-block__eventsDate\">\n                                        27.11.2026-27.11.2026                                    <\/div>\n                                    <div class=\"events-slider-block__eventsLocation\">Gliwice<\/div>\n                                <\/div>\n                                                        <\/div>\n                        <\/div>\n                        <div class=\"events-slider-block__pagination\">\n                            <div class=\"swiper-pagination slider-pagination slider-pagination--theme-white\" data-events-slider-pagination><\/div>\n                        <\/div>\n                    <\/div>\n                                        <div class=\"events-slider-block__bottom\">\n                                                                                <div class=\"events-slider-block__link desktop\">\n                                    <a\n                                        class=\"button button--size-small button--theme-primary-yellow button--withIconLeft\"\n                                        href=\"https:\/\/www.ebilet.pl\/\">\n                                                                                    <div class=\"button__icon\"><img loading=\"lazy\" decoding=\"async\" width=\"30\" height=\"30\" src=\"https:\/\/www.ebilet.pl\/now\/app\/uploads\/2024\/01\/ticket-cinema-entertainment-coupon-discount-sale_30px.png\" class=\"attachment-full size-full\" alt=\"\" \/><\/div>\n                                                                                <p class=\"button__text typo-18\">Kup na eBilet.pl<\/p>\n                                    <\/a>\n                                <\/div>\n                                                                                <div class=\"events-slider-block__link mobile\">\n                                    <a\n                                        class=\"button button--size-small button--theme-primary-yellow button--withIconLeft\"\n                                        href=\"https:\/\/www.ebilet.pl\/\">\n                                                                                    <div class=\"button__icon\"><img loading=\"lazy\" decoding=\"async\" width=\"30\" height=\"30\" src=\"https:\/\/www.ebilet.pl\/now\/app\/uploads\/2024\/01\/ticket-cinema-entertainment-coupon-discount-sale_30px.png\" class=\"attachment-full size-full\" alt=\"\" \/><\/div>\n                                                                                <p class=\"button__text typo-18\">Kup na eBilet.pl<\/p>\n                                    <\/a>\n                                <\/div>\n                                            <\/div>\n                <\/div>\n            <\/div>\n        <\/div>\n    <\/div>\n<\/section>","protected":false},"excerpt":{"rendered":"<p>S\u0105 takie melodie, kt\u00f3re sta\u0142y si\u0119 wielkimi hitami i kojarzy je wi\u0119kszo\u015b\u0107 ludzi na \u015bwiecie, nawet je\u015bli nie ogl\u0105dali oni poszczeg\u00f3lnych film\u00f3w. Sprawd\u017amy, jakie s\u0105 najbardziej rozpoznawalne \u015bcie\u017cki d\u017awi\u0119kowe oraz piosenki z r\u00f3\u017cnych produkcji filmowych.<\/p>\n","protected":false},"author":14,"featured_media":18313,"comment_status":"open","ping_status":"open","sticky":false,"template":"page-templates\/article-default.php","format":"standard","meta":{"_acf_changed":false,"footnotes":""},"article_tag":[88,31,180],"article_type":[5],"class_list":["post-18310","post","type-post","status-publish","format-standard","has-post-thumbnail","hentry","article_tag-ciekawostki","article_tag-muzyka","article_tag-muzyka-filmowa","article_type-lifestyle"],"acf":[],"_links":{"self":[{"href":"https:\/\/www.ebilet.pl\/now\/wp-json\/wp\/v2\/posts\/18310","targetHints":{"allow":["GET"]}}],"collection":[{"href":"https:\/\/www.ebilet.pl\/now\/wp-json\/wp\/v2\/posts"}],"about":[{"href":"https:\/\/www.ebilet.pl\/now\/wp-json\/wp\/v2\/types\/post"}],"author":[{"embeddable":true,"href":"https:\/\/www.ebilet.pl\/now\/wp-json\/wp\/v2\/users\/14"}],"replies":[{"embeddable":true,"href":"https:\/\/www.ebilet.pl\/now\/wp-json\/wp\/v2\/comments?post=18310"}],"version-history":[{"count":3,"href":"https:\/\/www.ebilet.pl\/now\/wp-json\/wp\/v2\/posts\/18310\/revisions"}],"predecessor-version":[{"id":18690,"href":"https:\/\/www.ebilet.pl\/now\/wp-json\/wp\/v2\/posts\/18310\/revisions\/18690"}],"wp:featuredmedia":[{"embeddable":true,"href":"https:\/\/www.ebilet.pl\/now\/wp-json\/wp\/v2\/media\/18313"}],"wp:attachment":[{"href":"https:\/\/www.ebilet.pl\/now\/wp-json\/wp\/v2\/media?parent=18310"}],"wp:term":[{"taxonomy":"article_tag","embeddable":true,"href":"https:\/\/www.ebilet.pl\/now\/wp-json\/wp\/v2\/article_tag?post=18310"},{"taxonomy":"article_type","embeddable":true,"href":"https:\/\/www.ebilet.pl\/now\/wp-json\/wp\/v2\/article_type?post=18310"}],"curies":[{"name":"wp","href":"https:\/\/api.w.org\/{rel}","templated":true}]}}