{"id":18248,"date":"2024-05-15T21:24:09","date_gmt":"2024-05-15T20:24:09","guid":{"rendered":"https:\/\/www.ebilet.pl\/now\/?p=18248"},"modified":"2024-05-20T11:19:36","modified_gmt":"2024-05-20T10:19:36","slug":"kulisy-wspolpracy-rezysera-z-kompozytorem-jak-wazna-jest-relacja-miedzy-tworcami-filmu-a-muzyki-do-niego","status":"publish","type":"post","link":"https:\/\/www.ebilet.pl\/now\/kulisy-wspolpracy-rezysera-z-kompozytorem-jak-wazna-jest-relacja-miedzy-tworcami-filmu-a-muzyki-do-niego\/","title":{"rendered":"Kulisy wsp\u00f3\u0142pracy re\u017cysera z kompozytorem: Jak wa\u017cna jest relacja mi\u0119dzy tw\u00f3rcami filmu a muzyki do niego?"},"content":{"rendered":"\n<section class=\"text-block  section-margin-32\" >\n    <div class=\"container\">\n        <div class=\"row\">\n            <div class=\"col-24\">\n                <div class=\"text-block__content\"><h2><strong>Kto zajmuje si\u0119 tworzeniem filmu i jak wygl\u0105da wsp\u00f3\u0142praca tych os\u00f3b z kompozytorem?<\/strong><\/h2>\n<p><span style=\"font-weight: 400;\">Do produkcji filmu anga\u017cuje si\u0119 wiele os\u00f3b, m.in. scenarzyst\u0119, re\u017cysera, operatora filmowego, aktor\u00f3w, scenograf\u00f3w, charakteryzator\u00f3w, monta\u017cyst\u00f3w, kostiumograf\u00f3w czy kompozytor\u00f3w. Opr\u00f3cz tego wa\u017cne funkcje pe\u0142ni tak\u017ce kierownik produkcji, kt\u00f3ry jest odpowiedzialny za sprawy organizacyjne. Istotny jest te\u017c producent filmowy, kt\u00f3ry sprawuje nadz\u00f3r nad ca\u0142ym przedsi\u0119wzi\u0119ciem, by okaza\u0142o si\u0119 ono rentowne. Dba on o odpowiednie rozplanowanie wydatk\u00f3w oraz o to, by na planie znalaz\u0142o si\u0119 wszystko, co potrzebne. <\/span><b>Jak te wszystkie osoby maj\u0105 si\u0119 do kompozytora?<\/b><\/p>\n<ul>\n<li style=\"font-weight: 400;\" aria-level=\"1\"><b>producent filmowy<\/b><span style=\"font-weight: 400;\"> sprawuje nadz\u00f3r nad jego prac\u0105 i efektem ko\u0144cowym,<\/span><\/li>\n<li style=\"font-weight: 400;\" aria-level=\"1\"><b>kierownik produkcji (wraz z re\u017cyserem) <\/b><span style=\"font-weight: 400;\">odpowiada za organizacj\u0119 wszystkich zada\u0144, czyli ustala z kompozytorem wytyczne, bud\u017cet oraz terminy, kt\u00f3rych ma on przestrzega\u0107, aby produkcja by\u0142a gotowa na czas,<\/span><\/li>\n<li style=\"font-weight: 400;\" aria-level=\"1\"><b>scenarzysta<\/b><span style=\"font-weight: 400;\"> przygotowuje scenariusz, w kt\u00f3rym znajduj\u0105 si\u0119 istotne uwagi na temat charakterystyki postaci czy przebiegu akcji oraz dialog\u00f3w (a muzyka filmowa musi by\u0107 z tym wszystkim sp\u00f3jna), a do tego dochodzi scenopis, kt\u00f3ry zawiera przewidywan\u0105 d\u0142ugo\u015b\u0107 poszczeg\u00f3lnych uj\u0119\u0107 czy spos\u00f3b filmowania (a to tak\u017ce jest dla kompozytora bardzo wa\u017cne),<\/span><\/li>\n<li style=\"font-weight: 400;\" aria-level=\"1\"><b>aktorzy<\/b><span style=\"font-weight: 400;\"> odgrywaj\u0105 swoje role przed kamer\u0105, ale mo\u017ce si\u0119 zdarzy\u0107, \u017ce maj\u0105 w scenariuszu tak\u017ce kwestie \u015bpiewane, a wtedy wymagana jest ich wsp\u00f3\u0142praca z kompozytorem, kt\u00f3ry odpowiada za ka\u017cd\u0105 piosenk\u0119,<\/span><\/li>\n<li style=\"font-weight: 400;\" aria-level=\"1\"><b>monta\u017cysta<\/b><span style=\"font-weight: 400;\"> odpowiada za z\u0142o\u017cenie wszystkich uj\u0119\u0107 w jedn\u0105, sp\u00f3jn\u0105 ca\u0142o\u015b\u0107. Prezentuje on p\u00f3\u017aniej dzie\u0142o kompozytorowi, kt\u00f3ry mo\u017ce stworzy\u0107 idealnie dopasowan\u0105 \u015bcie\u017ck\u0119 d\u017awi\u0119kow\u0105 na podstawie wcze\u015bniejszych koncepcji. Mo\u017ce by\u0107 tak, \u017ce poszczeg\u00f3lne piosenki s\u0105 przygotowywane wcze\u015bniej, a p\u00f3\u017aniej albo zostan\u0105 u\u017cyte przy konkretnych scenach, albo nie zostan\u0105 wykorzystane, poniewa\u017c sceny zostan\u0105 wyci\u0119te przez monta\u017cyst\u0119 w\u0142a\u015bnie. Oczywi\u015bcie nie decyduje on sam o tym, jakie sceny zostaj\u0105, a jakich si\u0119 pozbywa. Robi to w porozumieniu z re\u017cyserem i czasem tak\u017ce z producentem filmu,<\/span><\/li>\n<li style=\"font-weight: 400;\" aria-level=\"1\"><b>realizator d\u017awi\u0119ku<\/b><span style=\"font-weight: 400;\"> rejestruje d\u017awi\u0119k do filmu (cz\u0119sto jest on nagrywany osobno. Mamy tu na my\u015bli nie tylko dialogi, ale tak\u017ce m.in. deszcz, szczekanie, sapanie). Jego praca wi\u0105\u017ce si\u0119 z prac\u0105 kompozytora, poniewa\u017c ten drugi musi przygotowa\u0107 muzyk\u0119 tak, by wszystkie efekty d\u017awi\u0119kowe by\u0142y dobrze s\u0142yszalne.<\/span><\/li>\n<\/ul>\n<\/div>\n            <\/div>\n        <\/div>\n    <\/div>\n<\/section>\n\n\n<section class=\"tickets-slider  section-margin-32\"\n    data-tickets-slider\n    data-item-list-name=\"Karuzela z buttonami\"\n    data-item-list-id=\"karuzela_z_buttonami\"\n    >\n    <div class=\"container\">\n        <div class=\"row\">\n            <div class=\"col-24\">\n                <div class=\"tickets-slider__main\">\n                    <div class=\"tickets-slider__nav tickets-slider__nav--prev\">\n                        <div class=\"button button--withIcon button--theme-white-blur button--size-fixed-48\" data-tickets-slider-prev>\n                            <span class=\"button__icon icon icon-chevron-left\"><\/span>\n                        <\/div>\n                    <\/div>\n                    <div class=\"tickets-slider__nav tickets-slider__nav--next\">\n                        <div class=\"button button--withIcon button--theme-white-blur button--size-fixed-48\" data-tickets-slider-next>\n                            <span class=\"button__icon icon icon-chevron-right\"><\/span>\n                        <\/div>\n                    <\/div>\n                    <div class=\"tickets-slider__slider swiper\" data-tickets-slider-slider>\n                        <div class=\"tickets-slider__sliderWrapper swiper-wrapper\">\n                                                            <div class=\"tickets-slider__sliderItem swiper-slide\"\n                                    data-id=\"163760\"\n                                    data-name=\"Filharmonia Dowcipu &amp; Waldemar Malicki - Filmowy \u015awiat\"\n                                    data-brand=\"ESKANDER\"\n                                    data-category=\"klasyka\"\n                                    data-subcategory=\"koncert\"\n                                    data-city=\"Chorz\u00f3w, Gdynia, Krak\u00f3w i inne\"\n                                    data-venue=\"Teatr Muzyczny ROMA w Warszawie\">\n                                    <div class=\"tickets-slider__sliderCard\">\n                                        \n<div class=\"card-ticket\">\n        <div class=\"card-ticket__image\">\n        <a href=\"https:\/\/www.ebilet.pl\/klasyka\/koncert\/filharmonia-dowcipu-waldemar-malicki-filmowy-swiat\">\n            <img decoding=\"async\" src=\"https:\/\/www.ebilet.pl\/media\/cms\/media\/kpql1cy2\/fd_granat_552x736-5bc2fc8b-93fe-4476-83d5-59c86a0a4993.webp\" alt=\"Plakat wydarzenia\" \/>\n        <\/a>\n    <\/div>\n             \n    <div class=\"card-ticket__link\">\n        <a href=\"https:\/\/www.ebilet.pl\/klasyka\/koncert\/filharmonia-dowcipu-waldemar-malicki-filmowy-swiat\" class=\"button button--theme-primary-yellow button--withIconLeft button--size-small\">\n            <span class=\"button__icon icon icon-ticket\"><\/span>\n            <p class=\"button__text typo-16 f-600\">Kup bilet<\/p>\n        <\/a>\n    <\/div>\n    <\/div>                                    <\/div>\n                                <\/div>\n                                                            <div class=\"tickets-slider__sliderItem swiper-slide\"\n                                    data-id=\"187410\"\n                                    data-name=\"Carmen\"\n                                    data-brand=\"L2L Sp z o.o.\"\n                                    data-category=\"klasyka\"\n                                    data-subcategory=\"balet-taniec\"\n                                    data-city=\"Katowice, Pozna\u0144\"\n                                    data-venue=\"Teatr Wielki im. Stanis\u0142awa Moniuszki w Poznaniu\">\n                                    <div class=\"tickets-slider__sliderCard\">\n                                        \n<div class=\"card-ticket\">\n        <div class=\"card-ticket__image\">\n        <a href=\"https:\/\/www.ebilet.pl\/klasyka\/balet-taniec\/carmen\">\n            <img decoding=\"async\" src=\"https:\/\/www.ebilet.pl\/media\/cms\/media\/k2xb4kcd\/552x736-1619cc85-bd36-46fc-b1a5-f68124fb0d75.webp\" alt=\"Plakat wydarzenia\" \/>\n        <\/a>\n    <\/div>\n             \n    <div class=\"card-ticket__link\">\n        <a href=\"https:\/\/www.ebilet.pl\/klasyka\/balet-taniec\/carmen\" class=\"button button--theme-primary-yellow button--withIconLeft button--size-small\">\n            <span class=\"button__icon icon icon-ticket\"><\/span>\n            <p class=\"button__text typo-16 f-600\">Kup bilet<\/p>\n        <\/a>\n    <\/div>\n    <\/div>                                    <\/div>\n                                <\/div>\n                                                            <div class=\"tickets-slider__sliderItem swiper-slide\"\n                                    data-id=\"104308\"\n                                    data-name=\"APHKHAZETI - Gruzi\u0144ski Pa\u0144stwowy Balet z ch\u00f3rem i orkiestr\u0105\"\n                                    data-brand=\"TARGREM SP\u00d3\u0141KA Z OGRANICZON\u0104 ODPOWIEDZIALNO\u015aCI\u0104\"\n                                    data-category=\"klasyka\"\n                                    data-subcategory=\"balet-taniec\"\n                                    data-city=\"Katowice, Krak\u00f3w, \u0141\u00f3d\u017a i inne\"\n                                    data-venue=\"MTP - Mi\u0119dzynarodowe Targi Pozna\u0144skie\">\n                                    <div class=\"tickets-slider__sliderCard\">\n                                        \n<div class=\"card-ticket\">\n        <div class=\"card-ticket__image\">\n        <a href=\"https:\/\/www.ebilet.pl\/klasyka\/balet-taniec\/panstwowy-ansambl-gruzji-aphkhazeti\">\n            <img decoding=\"async\" src=\"https:\/\/www.ebilet.pl\/media\/cms\/media\/zn1nrf0b\/552x736-17-f9d5d1d0-2d59-4a6d-b4a1-1867a7836e10.webp\" alt=\"Plakat wydarzenia\" \/>\n        <\/a>\n    <\/div>\n             \n    <div class=\"card-ticket__link\">\n        <a href=\"https:\/\/www.ebilet.pl\/klasyka\/balet-taniec\/panstwowy-ansambl-gruzji-aphkhazeti\" class=\"button button--theme-primary-yellow button--withIconLeft button--size-small\">\n            <span class=\"button__icon icon icon-ticket\"><\/span>\n            <p class=\"button__text typo-16 f-600\">Kup bilet<\/p>\n        <\/a>\n    <\/div>\n    <\/div>                                    <\/div>\n                                <\/div>\n                                                            <div class=\"tickets-slider__sliderItem swiper-slide\"\n                                    data-id=\"54782\"\n                                    data-name=\"Tre Voci \u2013 Akustycznie\"\n                                    data-brand=\"WIKART MA\u0141GORZATA WNUK\"\n                                    data-category=\"klasyka\"\n                                    data-subcategory=\"koncert\"\n                                    data-city=\"Chorz\u00f3w\"\n                                    data-venue=\"Chorzowskie Centrum Kultury\">\n                                    <div class=\"tickets-slider__sliderCard\">\n                                        \n<div class=\"card-ticket\">\n        <div class=\"card-ticket__image\">\n        <a href=\"https:\/\/www.ebilet.pl\/klasyka\/koncert\/tre-voci-the-tenors\">\n            <img decoding=\"async\" src=\"https:\/\/www.ebilet.pl\/media\/cms\/media\/gksdpjbq\/tre-voci-akustycznie-552x736-55503083-26de-4eca-9818-42bdc814fdfa.webp\" alt=\"Plakat wydarzenia\" \/>\n        <\/a>\n    <\/div>\n             \n    <div class=\"card-ticket__link\">\n        <a href=\"https:\/\/www.ebilet.pl\/klasyka\/koncert\/tre-voci-the-tenors\" class=\"button button--theme-primary-yellow button--withIconLeft button--size-small\">\n            <span class=\"button__icon icon icon-ticket\"><\/span>\n            <p class=\"button__text typo-16 f-600\">Kup bilet<\/p>\n        <\/a>\n    <\/div>\n    <\/div>                                    <\/div>\n                                <\/div>\n                                                            <div class=\"tickets-slider__sliderItem swiper-slide\"\n                                    data-id=\"176573\"\n                                    data-name=\"Wszystkie Nokturny Chopina\"\n                                    data-brand=\"Grzegorz Niemczuk - Piano Studio\"\n                                    data-category=\"klasyka\"\n                                    data-subcategory=\"koncert\"\n                                    data-city=\"Krak\u00f3w\"\n                                    data-venue=\"ICE Krak\u00f3w Congress Centre\">\n                                    <div class=\"tickets-slider__sliderCard\">\n                                        \n<div class=\"card-ticket\">\n        <div class=\"card-ticket__image\">\n        <a href=\"https:\/\/www.ebilet.pl\/klasyka\/koncert\/fryderyk-chopin\">\n            <img decoding=\"async\" src=\"https:\/\/www.ebilet.pl\/media\/cms\/media\/z2pl0plp\/grzegorz-niemczuk1-1-94352be8-b5d7-4108-ad8a-623b775fb390.webp\" alt=\"Plakat wydarzenia\" \/>\n        <\/a>\n    <\/div>\n             \n    <div class=\"card-ticket__link\">\n        <a href=\"https:\/\/www.ebilet.pl\/klasyka\/koncert\/fryderyk-chopin\" class=\"button button--theme-primary-yellow button--withIconLeft button--size-small\">\n            <span class=\"button__icon icon icon-ticket\"><\/span>\n            <p class=\"button__text typo-16 f-600\">Kup bilet<\/p>\n        <\/a>\n    <\/div>\n    <\/div>                                    <\/div>\n                                <\/div>\n                                                            <div class=\"tickets-slider__sliderItem swiper-slide\"\n                                    data-id=\"53066\"\n                                    data-name=\"Don Giovanni\"\n                                    data-brand=\"OPERA \u015aL\u0104SKA W BYTOMIU\"\n                                    data-category=\"klasyka\"\n                                    data-subcategory=\"opera-operetka\"\n                                    data-city=\"Bytom\"\n                                    data-venue=\"Opera \u015al\u0105ska w Bytomiu \">\n                                    <div class=\"tickets-slider__sliderCard\">\n                                        \n<div class=\"card-ticket\">\n        <div class=\"card-ticket__image\">\n        <a href=\"https:\/\/www.ebilet.pl\/klasyka\/opera-operetka\/don-giovanni\">\n            <img decoding=\"async\" src=\"https:\/\/www.ebilet.pl\/media\/cms\/media\/05ppt0hg\/don-giovanii-1-grafika-1.webp\" alt=\"Plakat wydarzenia\" \/>\n        <\/a>\n    <\/div>\n             \n    <div class=\"card-ticket__link\">\n        <a href=\"https:\/\/www.ebilet.pl\/klasyka\/opera-operetka\/don-giovanni\" class=\"button button--theme-primary-yellow button--withIconLeft button--size-small\">\n            <span class=\"button__icon icon icon-ticket\"><\/span>\n            <p class=\"button__text typo-16 f-600\">Kup bilet<\/p>\n        <\/a>\n    <\/div>\n    <\/div>                                    <\/div>\n                                <\/div>\n                                                            <div class=\"tickets-slider__sliderItem swiper-slide\"\n                                    data-id=\"12226\"\n                                    data-name=\"Piotr Rubik - Psa\u0142terz Wrze\u015bniowy - Jubileusz 20 lat\"\n                                    data-brand=\"ARTBILET.PL WALCZUK, BYLI\u0143SKI SP\u00d3\u0141KA KOMANDYTOWO - AKCYJNA\"\n                                    data-category=\"klasyka\"\n                                    data-subcategory=\"koncert\"\n                                    data-city=\"Bydgoszcz, Gda\u0144sk\/Sopot, Gorz\u00f3w Wielkopolski i inne\"\n                                    data-venue=\"Arena Jask\u00f3\u0142ka Tarn\u00f3w TOSiR\">\n                                    <div class=\"tickets-slider__sliderCard\">\n                                        \n<div class=\"card-ticket\">\n        <div class=\"card-ticket__image\">\n        <a href=\"https:\/\/www.ebilet.pl\/klasyka\/koncert\/piotr-rubik\">\n            <img decoding=\"async\" src=\"https:\/\/www.ebilet.pl\/media\/cms\/media\/rp1i2rfc\/rubik_psalterz_552x736-1-85d21a5e-b142-4ee2-85ab-e3de39610ab4.webp\" alt=\"Plakat wydarzenia\" \/>\n        <\/a>\n    <\/div>\n             \n    <div class=\"card-ticket__link\">\n        <a href=\"https:\/\/www.ebilet.pl\/klasyka\/koncert\/piotr-rubik\" class=\"button button--theme-primary-yellow button--withIconLeft button--size-small\">\n            <span class=\"button__icon icon icon-ticket\"><\/span>\n            <p class=\"button__text typo-16 f-600\">Kup bilet<\/p>\n        <\/a>\n    <\/div>\n    <\/div>                                    <\/div>\n                                <\/div>\n                                                            <div class=\"tickets-slider__sliderItem swiper-slide\"\n                                    data-id=\"168729\"\n                                    data-name=\"Koncert Kr\u00f3lewski - Majestat Klasyki\"\n                                    data-brand=\"Agencja Kreatywna Barbara Knapczyk\"\n                                    data-category=\"klasyka\"\n                                    data-subcategory=\"koncert\"\n                                    data-city=\"Bia\u0142ystok, Bielsko-Bia\u0142a, Che\u0142m i inne\"\n                                    data-venue=\"Sala Koncertowa Radia Wroc\u0142aw\">\n                                    <div class=\"tickets-slider__sliderCard\">\n                                        \n<div class=\"card-ticket\">\n        <div class=\"card-ticket__image\">\n        <a href=\"https:\/\/www.ebilet.pl\/klasyka\/koncert\/koncert-krolewski-majestat-klasyki\">\n            <img decoding=\"async\" src=\"https:\/\/www.ebilet.pl\/media\/cms\/media\/5hxjkcyz\/koncert-krolewski-552x736-okladka-pion-ebilet-71d096ff-1f29-4f76-9e91-bf00666205b6.webp\" alt=\"Plakat wydarzenia\" \/>\n        <\/a>\n    <\/div>\n             \n    <div class=\"card-ticket__link\">\n        <a href=\"https:\/\/www.ebilet.pl\/klasyka\/koncert\/koncert-krolewski-majestat-klasyki\" class=\"button button--theme-primary-yellow button--withIconLeft button--size-small\">\n            <span class=\"button__icon icon icon-ticket\"><\/span>\n            <p class=\"button__text typo-16 f-600\">Kup bilet<\/p>\n        <\/a>\n    <\/div>\n    <\/div>                                    <\/div>\n                                <\/div>\n                                                            <div class=\"tickets-slider__sliderItem swiper-slide\"\n                                    data-id=\"11775\"\n                                    data-name=\"Carmen\"\n                                    data-brand=\"OPERA \u015aL\u0104SKA W BYTOMIU\"\n                                    data-category=\"klasyka\"\n                                    data-subcategory=\"opera-operetka\"\n                                    data-city=\"Bytom\"\n                                    data-venue=\"Opera \u015al\u0105ska w Bytomiu \">\n                                    <div class=\"tickets-slider__sliderCard\">\n                                        \n<div class=\"card-ticket\">\n        <div class=\"card-ticket__image\">\n        <a href=\"https:\/\/www.ebilet.pl\/klasyka\/opera-operetka\/carmen\">\n            <img decoding=\"async\" src=\"https:\/\/www.ebilet.pl\/media\/cms\/media\/ve1iaa15\/e-bilet-552x736-carmen.webp\" alt=\"Plakat wydarzenia\" \/>\n        <\/a>\n    <\/div>\n             \n    <div class=\"card-ticket__link\">\n        <a href=\"https:\/\/www.ebilet.pl\/klasyka\/opera-operetka\/carmen\" class=\"button button--theme-primary-yellow button--withIconLeft button--size-small\">\n            <span class=\"button__icon icon icon-ticket\"><\/span>\n            <p class=\"button__text typo-16 f-600\">Kup bilet<\/p>\n        <\/a>\n    <\/div>\n    <\/div>                                    <\/div>\n                                <\/div>\n                                                            <div class=\"tickets-slider__sliderItem swiper-slide\"\n                                    data-id=\"209157\"\n                                    data-name=\"Home Alone Live in Concert\"\n                                    data-brand=\"FLIXON LIVE POLSKA SP. Z O. O.\"\n                                    data-category=\"klasyka\"\n                                    data-subcategory=\"muzyka-filmowa\"\n                                    data-city=\"Krak\u00f3w, \u0141\u00f3d\u017a\"\n                                    data-venue=\"TAURON Arena Krak\u00f3w\">\n                                    <div class=\"tickets-slider__sliderCard\">\n                                        \n<div class=\"card-ticket\">\n        <div class=\"card-ticket__image\">\n        <a href=\"https:\/\/www.ebilet.pl\/klasyka\/muzyka-filmowa\/home-alone-live-in-concert\">\n            <img decoding=\"async\" src=\"https:\/\/www.ebilet.pl\/media\/cms\/media\/rmsls43w\/552x736-uniwersal-691efac0-d1bd-406b-b9c6-bc87a2eed332.webp\" alt=\"Plakat wydarzenia\" \/>\n        <\/a>\n    <\/div>\n             \n    <div class=\"card-ticket__link\">\n        <a href=\"https:\/\/www.ebilet.pl\/klasyka\/muzyka-filmowa\/home-alone-live-in-concert\" class=\"button button--theme-primary-yellow button--withIconLeft button--size-small\">\n            <span class=\"button__icon icon icon-ticket\"><\/span>\n            <p class=\"button__text typo-16 f-600\">Kup bilet<\/p>\n        <\/a>\n    <\/div>\n    <\/div>                                    <\/div>\n                                <\/div>\n                                                            <div class=\"tickets-slider__sliderItem swiper-slide\"\n                                    data-id=\"144826\"\n                                    data-name=\"Wim Mertens\"\n                                    data-brand=\"Your Events Art\"\n                                    data-category=\"klasyka\"\n                                    data-subcategory=\"muzyka-filmowa\"\n                                    data-city=\"Warszawa\"\n                                    data-venue=\"Studio Koncertowe Polskiego Radia im. Witolda Lutos\u0142awskiego\">\n                                    <div class=\"tickets-slider__sliderCard\">\n                                        \n<div class=\"card-ticket\">\n        <div class=\"card-ticket__image\">\n        <a href=\"https:\/\/www.ebilet.pl\/klasyka\/muzyka-filmowa\/wim-mertens\">\n            <img decoding=\"async\" src=\"https:\/\/www.ebilet.pl\/media\/cms\/media\/rjxdifzh\/wim_mertens_552x736_ebilet-63c49dd5-4807-46ea-abf8-c7ae8340bf65.webp\" alt=\"Plakat wydarzenia\" \/>\n        <\/a>\n    <\/div>\n             \n    <div class=\"card-ticket__link\">\n        <a href=\"https:\/\/www.ebilet.pl\/klasyka\/muzyka-filmowa\/wim-mertens\" class=\"button button--theme-primary-yellow button--withIconLeft button--size-small\">\n            <span class=\"button__icon icon icon-ticket\"><\/span>\n            <p class=\"button__text typo-16 f-600\">Kup bilet<\/p>\n        <\/a>\n    <\/div>\n    <\/div>                                    <\/div>\n                                <\/div>\n                                                    <\/div>\n                    <\/div>\n                <\/div>\n            <\/div>\n        <\/div>\n    <\/div>\n<\/section>\n\n\n<section class=\"text-block  section-margin-32\" >\n    <div class=\"container\">\n        <div class=\"row\">\n            <div class=\"col-24\">\n                <div class=\"text-block__content\"><h3><strong>Rola kompozytora w tworzeniu filmu<\/strong><\/h3>\n<p><span style=\"font-weight: 400;\">Trudno wyobrazi\u0107 sobie ogl\u0105danie filmu bez muzyki. <\/span><b>To ona odpowiada za budowanie atmosfery, emocje, nadawanie tempa akcji czy zapowiadanie punkt\u00f3w kulminacyjnych. <\/b><span style=\"font-weight: 400;\">Dlatego obecno\u015b\u0107 kompozytora na planie filmowym jest wr\u0119cz obowi\u0105zkowa, cho\u0107 jego praca mo\u017ce wygl\u0105da\u0107 r\u00f3\u017cnie w zale\u017cno\u015bci od tego czy przygotowuje on utwory ca\u0142kowicie samodzielnie, czy te\u017c wykorzystuje niekt\u00f3re istniej\u0105ce ju\u017c piosenki.\u00a0<\/span><\/p>\n<p><b>Najcz\u0119\u015bciej przyst\u0119puje on do pracy, gdy film jest ju\u017c nakr\u0119cony i wst\u0119pnie zmontowany, ale koncepcje utwor\u00f3w mog\u0105 pojawia\u0107 si\u0119 oczywi\u015bcie wcze\u015bniej. <\/b><span style=\"font-weight: 400;\">Podczas tworzenia muzyki kompozytor wsp\u00f3\u0142pracuje z re\u017cyserem oraz pozosta\u0142ymi cz\u0142onkami obsady, by \u015bcie\u017cka d\u017awi\u0119kowa wsp\u00f3\u0142gra\u0142a z produkcj\u0105.\u00a0<\/span><\/p>\n<p><b>Je\u015bli chodzi o przypadek, w kt\u00f3rym kompozytor wykorzystuje istniej\u0105ce ju\u017c utwory, to dotyczy on najcz\u0119\u015bciej takich film\u00f3w, w kt\u00f3rych wa\u017cny jest rys historyczny<\/b><span style=\"font-weight: 400;\">, np. w filmach, kt\u00f3rych akcja toczy si\u0119 w latach 50. mo\u017cna wykorzysta\u0107 popularne wtedy piosenki, by ca\u0142o\u015b\u0107 by\u0142a sp\u00f3jna w odbiorze. Kompozytor musi uwa\u017ca\u0107, by nie wykorzysta\u0107 utworu, kt\u00f3ry w danych czasach jeszcze nie istnia\u0142, bo najwi\u0119ksi fani produkcji czy zespo\u0142u muzycznego b\u0119d\u0105 w stanie to wychwyci\u0107.\u00a0<\/span><\/p>\n<h3><strong>Rola re\u017cysera filmowego<\/strong><\/h3>\n<p><span style=\"font-weight: 400;\">Re\u017cyser jest uwa\u017cany za najwa\u017cniejszego tw\u00f3rc\u0119 oraz autora filmu, dlatego te\u017c to <\/span><b>on decyduje kto w og\u00f3le b\u0119dzie komponowa\u0142 muzyk\u0119 do filmu oraz kto jeszcze znajdzie si\u0119 w obsadzie. <\/b><span style=\"font-weight: 400;\">Bierze on udzia\u0142 w ca\u0142ym procesie produkcji filmu oraz podejmuje najwa\u017cniejsze decyzje. <\/span><b>To od niego zale\u017cy ostateczny kszta\u0142t filmu wraz z przygotowan\u0105 do niego muzyk\u0105.\u00a0<\/b><\/p>\n<h2><span style=\"font-weight: 400;\">Powstawanie filmu krok po kroku<\/span><\/h2>\n<p><span style=\"font-weight: 400;\">By przyjrze\u0107 si\u0119 dok\u0142adniej temu, jak wygl\u0105da wsp\u00f3\u0142praca re\u017cysera z kompozytorem, warto zapozna\u0107 si\u0119 lepiej z przebiegiem produkcji filmu krok po kroku. <\/span><b>Wyr\u00f3\u017cniamy trzy g\u0142\u00f3wne etapy:<\/b><\/p>\n<ul>\n<li style=\"font-weight: 400;\" aria-level=\"1\"><span style=\"font-weight: 400;\">preprodukcja,<\/span><\/li>\n<li style=\"font-weight: 400;\" aria-level=\"1\"><span style=\"font-weight: 400;\">produkcja,<\/span><\/li>\n<li style=\"font-weight: 400;\" aria-level=\"1\"><span style=\"font-weight: 400;\">postprodukcja.<\/span><\/li>\n<\/ul>\n<h3><strong>Preprodukcja<\/strong><\/h3>\n<p><span style=\"font-weight: 400;\">W pierwszej kolejno\u015bci pojawia si\u0119 pomys\u0142 na film, do kt\u00f3rego trzeba napisa\u0107 scenariusz. Na tym etapie anga\u017cuje si\u0119 producenta filmowego, kt\u00f3ry ocenia, ile pieni\u0119dzy potrzeba, by zrealizowa\u0107 dzie\u0142o oraz sk\u0105d je pozyska\u0107. <\/span><b>Re\u017cyser wybiera na tym etapie tak\u017ce g\u0142\u00f3wnych cz\u0142onk\u00f3w ekipy, takich jak w\u0142a\u015bnie scenarzysta, kierownik produkcji, kamerzy\u015bci, realizatorzy d\u017awi\u0119ku czy kompozytor.\u00a0<\/b><\/p>\n<\/div>\n            <\/div>\n        <\/div>\n    <\/div>\n<\/section>\n\n\n    <section class=\"events-carousel-block  section-margin-32\"\n        data-events-carousel\n        data-settings='{\"per_view\":5}'\n        data-item-list-name=\"Karuzela niska Polecamy na eBilet\"\n        data-item-list-id=\"karuzela_niska Polecamy na eBilet\"\n        >\n        <div class=\"container\">\n                            <div class=\"row\">\n                    <div class=\"col-24\">\n                        <div class=\"events-carousel-block__title\">\n                            <h2 class=\"typo-h2\">Polecamy na eBilet<\/h2>\n                        <\/div>\n                    <\/div>\n                <\/div>\n                        <div class=\"row\">\n                <div class=\"col-24\">\n                    <div class=\"events-carousel-block__events\">\n                        <div class=\"events-carousel-block__nav events-carousel-block__nav--prev\">\n                            <div class=\"button button--withIcon button--theme-white-blur button--size-fixed-48\" data-events-carousel-prev>\n                                <span class=\"button__icon icon icon-chevron-left\"><\/span>\n                            <\/div>\n                        <\/div>\n                        <div class=\"events-carousel-block__nav events-carousel-block__nav--next\">\n                            <div class=\"button button--withIcon button--theme-white-blur button--size-fixed-48\" data-events-carousel-next>\n                                <span class=\"button__icon icon icon-chevron-right\"><\/span>\n                            <\/div>\n                        <\/div>\n                        <div class=\"events-carousel-block__slider swiper\" data-events-carousel-slider>\n                            <div class=\"events-carousel-block__sliderWrapper swiper-wrapper\">\n                                                                    <div class=\"events-carousel-block__sliderItem swiper-slide\"\n                                        data-id=\"33090\"\n                                        data-name=\"Koncert Muzyki Filmowej z utworami Hansa Zimmera\"\n                                        data-brand=\"TRINITY\"\n                                        data-category=\"klasyka\"\n                                        data-subcategory=\"muzyka-filmowa\"\n                                        data-city=\"Warszawa\"\n                                        data-venue=\"Hala COS Torwar \">\n                                        \n<div class=\"card-event  card-event--size-small\">\n        <a href=\"https:\/\/www.ebilet.pl\/klasyka\/muzyka-filmowa\/hans-zimmer\" target=\"_blank\" class=\"card-event__link\" rel=\"nofollow noopener\"><\/a>\n        <div class=\"card-event__wrapper\">\n        <div class=\"card-event__image\">\n            <img decoding=\"async\" src=\"https:\/\/www.ebilet.pl\/media\/cms\/media\/zjxhgvt1\/banner-lo-900x507_l.webp\" alt=\"\">\n        <\/div>\n        <div class=\"card-event__data\">\n            <div class=\"card-event__name\">\n                <p>Koncert Muzyki Filmowej z utworami Hansa Zimmera<\/p>\n            <\/div>\n            <div class=\"card-event__date\"><\/div>\n            <div class=\"card-event__location\">Warszawa<\/div>\n        <\/div>\n    <\/div>\n<\/div>                                    <\/div>\n                                                                    <div class=\"events-carousel-block__sliderItem swiper-slide\"\n                                        data-id=\"144776\"\n                                        data-name=\"Koncert przy \u015bwiecach: Hans Zimmer i inni - Muzyka Filmowa\"\n                                        data-brand=\"Candle Live Music\"\n                                        data-category=\"klasyka\"\n                                        data-subcategory=\"muzyka-filmowa\"\n                                        data-city=\"Bielsko-Bia\u0142a, Elbl\u0105g, Gda\u0144sk i inne\"\n                                        data-venue=\"Polska Filharmonia Ba\u0142tycka im. Fryderyka Chopina\">\n                                        \n<div class=\"card-event  card-event--size-small\">\n        <a href=\"https:\/\/www.ebilet.pl\/klasyka\/muzyka-filmowa\/koncert-przy-swiecach-muzyka-filmowa\" target=\"_blank\" class=\"card-event__link\" rel=\"nofollow noopener\"><\/a>\n        <div class=\"card-event__wrapper\">\n        <div class=\"card-event__image\">\n            <img decoding=\"async\" src=\"https:\/\/www.ebilet.pl\/media\/cms\/media\/xwqhegth\/clm-ebilet-muzykafilmowa-656x369-28c4b364-454f-4f65-ac3b-3e9eceb280a7.webp\" alt=\"\">\n        <\/div>\n        <div class=\"card-event__data\">\n            <div class=\"card-event__name\">\n                <p>Koncert przy \u015bwiecach: Hans Zimmer i inni &#8211; Muzyka Filmowa<\/p>\n            <\/div>\n            <div class=\"card-event__date\"><\/div>\n            <div class=\"card-event__location\">Bielsko-Bia\u0142a, Elbl\u0105g, Gda\u0144sk i inne<\/div>\n        <\/div>\n    <\/div>\n<\/div>                                    <\/div>\n                                                                    <div class=\"events-carousel-block__sliderItem swiper-slide\"\n                                        data-id=\"145934\"\n                                        data-name=\"Koncert Muzyki Filmowej w wykonaniu Orkiestry Maximus\"\n                                        data-brand=\"Agencja Artystyczna Idea Art\"\n                                        data-category=\"klasyka\"\n                                        data-subcategory=\"muzyka-filmowa\"\n                                        data-city=\"Bydgoszcz, Cieszyn, Gorz\u00f3w Wielkopolski i inne\"\n                                        data-venue=\"Aula Artis\">\n                                        \n<div class=\"card-event  card-event--size-small\">\n        <a href=\"https:\/\/www.ebilet.pl\/klasyka\/muzyka-filmowa\/koncert-muzyki-filmowej-orkiestra-maximus\" target=\"_blank\" class=\"card-event__link\" rel=\"nofollow noopener\"><\/a>\n        <div class=\"card-event__wrapper\">\n        <div class=\"card-event__image\">\n            <img decoding=\"async\" src=\"https:\/\/www.ebilet.pl\/media\/cms\/media\/giiptwdd\/gladiator-kasia-martin-656x369-kopia-7a13e961-221d-424f-a15e-bbbaf8b02209.webp\" alt=\"\">\n        <\/div>\n        <div class=\"card-event__data\">\n            <div class=\"card-event__name\">\n                <p>Koncert Muzyki Filmowej w wykonaniu Orkiestry Maximus<\/p>\n            <\/div>\n            <div class=\"card-event__date\"><\/div>\n            <div class=\"card-event__location\">Bydgoszcz, Cieszyn, Gorz\u00f3w Wielkopolski i inne<\/div>\n        <\/div>\n    <\/div>\n<\/div>                                    <\/div>\n                                                                    <div class=\"events-carousel-block__sliderItem swiper-slide\"\n                                        data-id=\"147964\"\n                                        data-name=\"Koncert Muzyki Filmowej - Symphonic Cinematics\"\n                                        data-brand=\"Make Music Robert Nowak\"\n                                        data-category=\"klasyka\"\n                                        data-subcategory=\"muzyka-filmowa\"\n                                        data-city=\"Zielona G\u00f3ra\"\n                                        data-venue=\"\">\n                                        \n<div class=\"card-event  card-event--size-small\">\n        <a href=\"https:\/\/www.ebilet.pl\/klasyka\/muzyka-filmowa\/symphonic-cinematics\" target=\"_blank\" class=\"card-event__link\" rel=\"nofollow noopener\"><\/a>\n        <div class=\"card-event__wrapper\">\n        <div class=\"card-event__image\">\n            <img decoding=\"async\" src=\"https:\/\/www.ebilet.pl\/media\/cms\/media\/4b1bdogu\/656x369-cb47310d-9be8-427d-a95d-8de20e2bbac7.webp\" alt=\"\">\n        <\/div>\n        <div class=\"card-event__data\">\n            <div class=\"card-event__name\">\n                <p>Koncert Muzyki Filmowej &#8211; Symphonic Cinematics<\/p>\n            <\/div>\n            <div class=\"card-event__date\"><\/div>\n            <div class=\"card-event__location\">Zielona G\u00f3ra<\/div>\n        <\/div>\n    <\/div>\n<\/div>                                    <\/div>\n                                                                    <div class=\"events-carousel-block__sliderItem swiper-slide\"\n                                        data-id=\"63709\"\n                                        data-name=\"Visual Concert 4\"\n                                        data-brand=\"VISUAL PRODUCTION Sp. z o.o. \"\n                                        data-category=\"klasyka\"\n                                        data-subcategory=\"muzyka-filmowa\"\n                                        data-city=\"Pozna\u0144\"\n                                        data-venue=\"MTP - Mi\u0119dzynarodowe Targi Pozna\u0144skie\">\n                                        \n<div class=\"card-event  card-event--size-small\">\n        <a href=\"https:\/\/www.ebilet.pl\/klasyka\/muzyka-filmowa\/visual-concert\" target=\"_blank\" class=\"card-event__link\" rel=\"nofollow noopener\"><\/a>\n        <div class=\"card-event__wrapper\">\n        <div class=\"card-event__image\">\n            <img decoding=\"async\" src=\"https:\/\/www.ebilet.pl\/media\/cms\/media\/dluheihm\/ebilet_656_369-13227654-1343-4783-bc52-74839c5837db.webp\" alt=\"\">\n        <\/div>\n        <div class=\"card-event__data\">\n            <div class=\"card-event__name\">\n                <p>Visual Concert 4<\/p>\n            <\/div>\n            <div class=\"card-event__date\"><\/div>\n            <div class=\"card-event__location\">Pozna\u0144<\/div>\n        <\/div>\n    <\/div>\n<\/div>                                    <\/div>\n                                                                    <div class=\"events-carousel-block__sliderItem swiper-slide\"\n                                        data-id=\"148821\"\n                                        data-name=\"Najpi\u0119kniejsza muzyka filmowa na 28. pi\u0119trze\"\n                                        data-brand=\"SVITLO CONCERT Sp. z o.o.\"\n                                        data-category=\"klasyka\"\n                                        data-subcategory=\"muzyka-filmowa\"\n                                        data-city=\"Bydgoszcz, Warszawa\"\n                                        data-venue=\"Teatr Adria\">\n                                        \n<div class=\"card-event  card-event--size-small\">\n        <a href=\"https:\/\/www.ebilet.pl\/klasyka\/muzyka-filmowa\/najpiekniejsza-muzyka-filmowa\" target=\"_blank\" class=\"card-event__link\" rel=\"nofollow noopener\"><\/a>\n        <div class=\"card-event__wrapper\">\n        <div class=\"card-event__image\">\n            <img decoding=\"async\" src=\"https:\/\/www.ebilet.pl\/media\/cms\/media\/t53bheua\/656_369-muzyka-filmowa-1-44bdcf90-dfba-45ba-9e3e-9fd08f780a3b.webp\" alt=\"\">\n        <\/div>\n        <div class=\"card-event__data\">\n            <div class=\"card-event__name\">\n                <p>Najpi\u0119kniejsza muzyka filmowa na 28. pi\u0119trze<\/p>\n            <\/div>\n            <div class=\"card-event__date\"><\/div>\n            <div class=\"card-event__location\">Bydgoszcz, Warszawa<\/div>\n        <\/div>\n    <\/div>\n<\/div>                                    <\/div>\n                                                                    <div class=\"events-carousel-block__sliderItem swiper-slide\"\n                                        data-id=\"178248\"\n                                        data-name=\"Muzyka filmowa na 28. pi\u0119trze: Bridgertonowie\"\n                                        data-brand=\"SVITLO CONCERT Sp. z o.o.\"\n                                        data-category=\"klasyka\"\n                                        data-subcategory=\"muzyka-filmowa\"\n                                        data-city=\"Warszawa\"\n                                        data-venue=\"Sky Hall by Svitlo Concert\">\n                                        \n<div class=\"card-event  card-event--size-small\">\n        <a href=\"https:\/\/www.ebilet.pl\/klasyka\/muzyka-filmowa\/muzyka-filmowa-na-28-pietrze-bridgertonowie\" target=\"_blank\" class=\"card-event__link\" rel=\"nofollow noopener\"><\/a>\n        <div class=\"card-event__wrapper\">\n        <div class=\"card-event__image\">\n            <img decoding=\"async\" src=\"https:\/\/www.ebilet.pl\/media\/cms\/media\/duqeynh5\/656_369-bridgertonowie-8aaeba2f-95b8-42a9-a8e3-96e5a66bf35d.webp\" alt=\"\">\n        <\/div>\n        <div class=\"card-event__data\">\n            <div class=\"card-event__name\">\n                <p>Muzyka filmowa na 28. pi\u0119trze: Bridgertonowie<\/p>\n            <\/div>\n            <div class=\"card-event__date\"><\/div>\n            <div class=\"card-event__location\">Warszawa<\/div>\n        <\/div>\n    <\/div>\n<\/div>                                    <\/div>\n                                                                    <div class=\"events-carousel-block__sliderItem swiper-slide\"\n                                        data-id=\"173211\"\n                                        data-name=\"Kr\u00f3l Lew Live in Concert\"\n                                        data-brand=\"Agencja Artystyczna Pro Musica\"\n                                        data-category=\"klasyka\"\n                                        data-subcategory=\"muzyka-filmowa\"\n                                        data-city=\"Bielsko-Bia\u0142a, Gda\u0144sk, Katowice i inne\"\n                                        data-venue=\"Warmi\u0144sko - Mazurska Filharmonia im. Feliksa Nowowiejskiego w Olsztynie\">\n                                        \n<div class=\"card-event  card-event--size-small\">\n        <a href=\"https:\/\/www.ebilet.pl\/klasyka\/muzyka-filmowa\/krol-lew-live-in-concert\" target=\"_blank\" class=\"card-event__link\" rel=\"nofollow noopener\"><\/a>\n        <div class=\"card-event__wrapper\">\n        <div class=\"card-event__image\">\n            <img decoding=\"async\" src=\"https:\/\/www.ebilet.pl\/media\/cms\/media\/zjnftkrb\/kl_poziom-917ae28a-15e1-46fd-9804-ed867500ce40.webp\" alt=\"\">\n        <\/div>\n        <div class=\"card-event__data\">\n            <div class=\"card-event__name\">\n                <p>Kr\u00f3l Lew Live in Concert<\/p>\n            <\/div>\n            <div class=\"card-event__date\"><\/div>\n            <div class=\"card-event__location\">Bielsko-Bia\u0142a, Gda\u0144sk, Katowice i inne<\/div>\n        <\/div>\n    <\/div>\n<\/div>                                    <\/div>\n                                                                    <div class=\"events-carousel-block__sliderItem swiper-slide\"\n                                        data-id=\"174433\"\n                                        data-name=\"Koncert przy \u015bwiecach \u2013 Filmowe przeboje: od klasyki do rocka\"\n                                        data-brand=\"Fundacja na Rzecz Pomocy Pestka\"\n                                        data-category=\"klasyka\"\n                                        data-subcategory=\"muzyka-filmowa\"\n                                        data-city=\"Wroc\u0142aw\"\n                                        data-venue=\"Aula NOT\">\n                                        \n<div class=\"card-event  card-event--size-small\">\n        <a href=\"https:\/\/www.ebilet.pl\/klasyka\/muzyka-filmowa\/filmowe-przeboje\" target=\"_blank\" class=\"card-event__link\" rel=\"nofollow noopener\"><\/a>\n        <div class=\"card-event__wrapper\">\n        <div class=\"card-event__image\">\n            <img decoding=\"async\" src=\"https:\/\/www.ebilet.pl\/media\/cms\/media\/5y5jz1c3\/4_filmowe-przeboje-em-656-x-369-px-01bd922b-97b1-4f1e-ac77-d374dea59df1.webp\" alt=\"\">\n        <\/div>\n        <div class=\"card-event__data\">\n            <div class=\"card-event__name\">\n                <p>Koncert przy \u015bwiecach \u2013 Filmowe przeboje: od klasyki do rocka<\/p>\n            <\/div>\n            <div class=\"card-event__date\"><\/div>\n            <div class=\"card-event__location\">Wroc\u0142aw<\/div>\n        <\/div>\n    <\/div>\n<\/div>                                    <\/div>\n                                                                    <div class=\"events-carousel-block__sliderItem swiper-slide\"\n                                        data-id=\"150478\"\n                                        data-name=\"Koncert przy \u015bwiecach \u2013 Bridgertonowie\"\n                                        data-brand=\"Fundacja na Rzecz Pomocy Pestka\"\n                                        data-category=\"klasyka\"\n                                        data-subcategory=\"muzyka-filmowa\"\n                                        data-city=\"Katowice, Krak\u00f3w, Lublin i inne\"\n                                        data-venue=\"Bazar Pozna\u0144ski\">\n                                        \n<div class=\"card-event  card-event--size-small\">\n        <a href=\"https:\/\/www.ebilet.pl\/klasyka\/muzyka-filmowa\/muzyka-z-serialu-bridgertonowie\" target=\"_blank\" class=\"card-event__link\" rel=\"nofollow noopener\"><\/a>\n        <div class=\"card-event__wrapper\">\n        <div class=\"card-event__image\">\n            <img decoding=\"async\" src=\"https:\/\/www.ebilet.pl\/media\/cms\/media\/ybtfcvbw\/bridgerton-4-23389892-8b95-4e98-b338-49a89c5fc78c.webp\" alt=\"\">\n        <\/div>\n        <div class=\"card-event__data\">\n            <div class=\"card-event__name\">\n                <p>Koncert przy \u015bwiecach \u2013 Bridgertonowie<\/p>\n            <\/div>\n            <div class=\"card-event__date\"><\/div>\n            <div class=\"card-event__location\">Katowice, Krak\u00f3w, Lublin i inne<\/div>\n        <\/div>\n    <\/div>\n<\/div>                                    <\/div>\n                                                                    <div class=\"events-carousel-block__sliderItem swiper-slide\"\n                                        data-id=\"195272\"\n                                        data-name=\"Koncert przy \u015bwiecach: Muzyka z Naruto\"\n                                        data-brand=\"Candle Live Music\"\n                                        data-category=\"klasyka\"\n                                        data-subcategory=\"muzyka-filmowa\"\n                                        data-city=\"Katowice\"\n                                        data-venue=\"MDK Szopienice-Giszowiec\">\n                                        \n<div class=\"card-event  card-event--size-small\">\n        <a href=\"https:\/\/www.ebilet.pl\/klasyka\/muzyka-filmowa\/muzyka-z-naruto\" target=\"_blank\" class=\"card-event__link\" rel=\"nofollow noopener\"><\/a>\n        <div class=\"card-event__wrapper\">\n        <div class=\"card-event__image\">\n            <img decoding=\"async\" src=\"https:\/\/www.ebilet.pl\/media\/cms\/media\/ncwgwgn0\/naruto-1-e47ea3bd-3971-4427-8fe7-e0ae3bd4da50.webp\" alt=\"\">\n        <\/div>\n        <div class=\"card-event__data\">\n            <div class=\"card-event__name\">\n                <p>Koncert przy \u015bwiecach: Muzyka z Naruto<\/p>\n            <\/div>\n            <div class=\"card-event__date\"><\/div>\n            <div class=\"card-event__location\">Katowice<\/div>\n        <\/div>\n    <\/div>\n<\/div>                                    <\/div>\n                                                                    <div class=\"events-carousel-block__sliderItem swiper-slide\"\n                                        data-id=\"191019\"\n                                        data-name=\"Hans Zimmer \u2013 Muzyka Filmowa Klasycznie przy \u015awiecach\"\n                                        data-brand=\"Copernicus Sp\u00f3\u0142ka z o.o.\"\n                                        data-category=\"klasyka\"\n                                        data-subcategory=\"muzyka-filmowa\"\n                                        data-city=\"Bydgoszcz, Krak\u00f3w, Lublin i inne\"\n                                        data-venue=\"Pa\u0142ac Staszica w Warszawie\">\n                                        \n<div class=\"card-event  card-event--size-small\">\n        <a href=\"https:\/\/www.ebilet.pl\/klasyka\/muzyka-filmowa\/muzyka-filmowa-klasycznie-przy-swiecach\" target=\"_blank\" class=\"card-event__link\" rel=\"nofollow noopener\"><\/a>\n        <div class=\"card-event__wrapper\">\n        <div class=\"card-event__image\">\n            <img decoding=\"async\" src=\"https:\/\/www.ebilet.pl\/media\/cms\/media\/vgahkngx\/film-music-hans-zimmer-656x369-px.webp\" alt=\"\">\n        <\/div>\n        <div class=\"card-event__data\">\n            <div class=\"card-event__name\">\n                <p>Hans Zimmer \u2013 Muzyka Filmowa Klasycznie przy \u015awiecach<\/p>\n            <\/div>\n            <div class=\"card-event__date\"><\/div>\n            <div class=\"card-event__location\">Bydgoszcz, Krak\u00f3w, Lublin i inne<\/div>\n        <\/div>\n    <\/div>\n<\/div>                                    <\/div>\n                                                                    <div class=\"events-carousel-block__sliderItem swiper-slide\"\n                                        data-id=\"193471\"\n                                        data-name=\"Muzyka filmowa przy \u015bwiecach: Bridgertonowie\"\n                                        data-brand=\"SVITLO CONCERT Sp. z o.o.\"\n                                        data-category=\"klasyka\"\n                                        data-subcategory=\"muzyka-filmowa\"\n                                        data-city=\"Bia\u0142ystok, Sopot, Tarn\u00f3w\"\n                                        data-venue=\"Hotel Sheraton w Sopocie\">\n                                        \n<div class=\"card-event  card-event--size-small\">\n        <a href=\"https:\/\/www.ebilet.pl\/klasyka\/muzyka-filmowa\/bridgertonowie-przy-swiecach\" target=\"_blank\" class=\"card-event__link\" rel=\"nofollow noopener\"><\/a>\n        <div class=\"card-event__wrapper\">\n        <div class=\"card-event__image\">\n            <img decoding=\"async\" src=\"https:\/\/www.ebilet.pl\/media\/cms\/media\/f1vj2tmz\/656_369-logo-svitlo-03858064-021b-418c-a4a5-4a43629cbbb9.webp\" alt=\"\">\n        <\/div>\n        <div class=\"card-event__data\">\n            <div class=\"card-event__name\">\n                <p>Muzyka filmowa przy \u015bwiecach: Bridgertonowie<\/p>\n            <\/div>\n            <div class=\"card-event__date\"><\/div>\n            <div class=\"card-event__location\">Bia\u0142ystok, Sopot, Tarn\u00f3w<\/div>\n        <\/div>\n    <\/div>\n<\/div>                                    <\/div>\n                                                                    <div class=\"events-carousel-block__sliderItem swiper-slide\"\n                                        data-id=\"197171\"\n                                        data-name=\"Koncert muzyki Ludovico Einaudiego na 28. pi\u0119trze przy \u015bwiecach\"\n                                        data-brand=\"SVITLO CONCERT Sp. z o.o.\"\n                                        data-category=\"klasyka\"\n                                        data-subcategory=\"muzyka-filmowa\"\n                                        data-city=\"Bydgoszcz, Warszawa\"\n                                        data-venue=\"Teatr Adria\">\n                                        \n<div class=\"card-event  card-event--size-small\">\n        <a href=\"https:\/\/www.ebilet.pl\/klasyka\/muzyka-filmowa\/muzyka-ludovico-einaudiego\" target=\"_blank\" class=\"card-event__link\" rel=\"nofollow noopener\"><\/a>\n        <div class=\"card-event__wrapper\">\n        <div class=\"card-event__image\">\n            <img decoding=\"async\" src=\"https:\/\/www.ebilet.pl\/media\/cms\/media\/r32jd42j\/evening-poziom.webp\" alt=\"\">\n        <\/div>\n        <div class=\"card-event__data\">\n            <div class=\"card-event__name\">\n                <p>Koncert muzyki Ludovico Einaudiego na 28. pi\u0119trze przy \u015bwiecach<\/p>\n            <\/div>\n            <div class=\"card-event__date\"><\/div>\n            <div class=\"card-event__location\">Bydgoszcz, Warszawa<\/div>\n        <\/div>\n    <\/div>\n<\/div>                                    <\/div>\n                                                                    <div class=\"events-carousel-block__sliderItem swiper-slide\"\n                                        data-id=\"204048\"\n                                        data-name=\"Hans Zimmer Grand Piano Trio Concert By Candle Glow\"\n                                        data-brand=\"Copernicus Sp\u00f3\u0142ka z o.o.\"\n                                        data-category=\"klasyka\"\n                                        data-subcategory=\"muzyka-filmowa\"\n                                        data-city=\"Krak\u00f3w\"\n                                        data-venue=\"Royal Chopin Hall\">\n                                        \n<div class=\"card-event  card-event--size-small\">\n        <a href=\"https:\/\/www.ebilet.pl\/klasyka\/muzyka-filmowa\/hans-zimmer-grand-piano-trio\" target=\"_blank\" class=\"card-event__link\" rel=\"nofollow noopener\"><\/a>\n        <div class=\"card-event__wrapper\">\n        <div class=\"card-event__image\">\n            <img decoding=\"async\" src=\"https:\/\/www.ebilet.pl\/media\/cms\/media\/iixhaynq\/hans-zimmer-film-music-656x369-px-w-royal-chopin-hall.webp\" alt=\"\">\n        <\/div>\n        <div class=\"card-event__data\">\n            <div class=\"card-event__name\">\n                <p>Hans Zimmer Grand Piano Trio Concert By Candle Glow<\/p>\n            <\/div>\n            <div class=\"card-event__date\"><\/div>\n            <div class=\"card-event__location\">Krak\u00f3w<\/div>\n        <\/div>\n    <\/div>\n<\/div>                                    <\/div>\n                                                                    <div class=\"events-carousel-block__sliderItem swiper-slide\"\n                                        data-id=\"183951\"\n                                        data-name=\"The Magical Music of Harry Potter\"\n                                        data-brand=\"LANCELOT PRODUCTIONS, UNIPESSOAL LDA\"\n                                        data-category=\"klasyka\"\n                                        data-subcategory=\"muzyka-filmowa\"\n                                        data-city=\"Katowice, Warszawa, Wroc\u0142aw\"\n                                        data-venue=\"\">\n                                        \n<div class=\"card-event  card-event--size-small\">\n        <a href=\"https:\/\/www.ebilet.pl\/klasyka\/muzyka-filmowa\/the-magical-music-of-harry-potter\" target=\"_blank\" class=\"card-event__link\" rel=\"nofollow noopener\"><\/a>\n        <div class=\"card-event__wrapper\">\n        <div class=\"card-event__image\">\n            <img decoding=\"async\" src=\"https:\/\/www.ebilet.pl\/media\/cms\/media\/qgxpmz3l\/hp-656x369-polish-cfbc9676-8cf3-4634-b736-cf8cc079064b.webp\" alt=\"\">\n        <\/div>\n        <div class=\"card-event__data\">\n            <div class=\"card-event__name\">\n                <p>The Magical Music of Harry Potter<\/p>\n            <\/div>\n            <div class=\"card-event__date\"><\/div>\n            <div class=\"card-event__location\">Katowice, Warszawa, Wroc\u0142aw<\/div>\n        <\/div>\n    <\/div>\n<\/div>                                    <\/div>\n                                                                    <div class=\"events-carousel-block__sliderItem swiper-slide\"\n                                        data-id=\"193936\"\n                                        data-name=\"Koncert przy \u015bwiecach \u2013 Muzyka z serialu \u201eStranger Things\u201d\"\n                                        data-brand=\"Fundacja na Rzecz Pomocy Pestka\"\n                                        data-category=\"klasyka\"\n                                        data-subcategory=\"muzyka-filmowa\"\n                                        data-city=\"Katowice, Pozna\u0144, Warszawa\"\n                                        data-venue=\"Pa\u0142ac Staszica w Warszawie\">\n                                        \n<div class=\"card-event  card-event--size-small\">\n        <a href=\"https:\/\/www.ebilet.pl\/klasyka\/muzyka-filmowa\/stranger-things\" target=\"_blank\" class=\"card-event__link\" rel=\"nofollow noopener\"><\/a>\n        <div class=\"card-event__wrapper\">\n        <div class=\"card-event__image\">\n            <img decoding=\"async\" src=\"https:\/\/www.ebilet.pl\/media\/cms\/media\/htjjrvh1\/3_2009-6c4203b2-8ea2-4486-9bce-df6c22c627c7.webp\" alt=\"\">\n        <\/div>\n        <div class=\"card-event__data\">\n            <div class=\"card-event__name\">\n                <p>Koncert przy \u015bwiecach \u2013 Muzyka z serialu \u201eStranger Things\u201d<\/p>\n            <\/div>\n            <div class=\"card-event__date\"><\/div>\n            <div class=\"card-event__location\">Katowice, Pozna\u0144, Warszawa<\/div>\n        <\/div>\n    <\/div>\n<\/div>                                    <\/div>\n                                                                    <div class=\"events-carousel-block__sliderItem swiper-slide\"\n                                        data-id=\"202731\"\n                                        data-name=\"Hans Zimmer \u2013 Muzyka Filmowa w Klasycznej Ods\u0142onie\"\n                                        data-brand=\"Copernicus Sp\u00f3\u0142ka z o.o.\"\n                                        data-category=\"klasyka\"\n                                        data-subcategory=\"muzyka-filmowa\"\n                                        data-city=\"\u0141\u00f3d\u017a\"\n                                        data-venue=\"Hotel Grand \u0141\u00f3d\u017a\">\n                                        \n<div class=\"card-event  card-event--size-small\">\n        <a href=\"https:\/\/www.ebilet.pl\/klasyka\/muzyka-filmowa\/hans-zimmer-film-music\" target=\"_blank\" class=\"card-event__link\" rel=\"nofollow noopener\"><\/a>\n        <div class=\"card-event__wrapper\">\n        <div class=\"card-event__image\">\n            <img decoding=\"async\" src=\"https:\/\/www.ebilet.pl\/media\/cms\/media\/5afo55cy\/film-music-hans-zimmer-656x369-px.webp\" alt=\"\">\n        <\/div>\n        <div class=\"card-event__data\">\n            <div class=\"card-event__name\">\n                <p>Hans Zimmer \u2013 Muzyka Filmowa w Klasycznej Ods\u0142onie<\/p>\n            <\/div>\n            <div class=\"card-event__date\"><\/div>\n            <div class=\"card-event__location\">\u0141\u00f3d\u017a<\/div>\n        <\/div>\n    <\/div>\n<\/div>                                    <\/div>\n                                                                    <div class=\"events-carousel-block__sliderItem swiper-slide\"\n                                        data-id=\"182876\"\n                                        data-name=\"Muzyka filmowa: Koncert przy \u015bwiecach\"\n                                        data-brand=\"Dreamlive Concerts\"\n                                        data-category=\"klasyka\"\n                                        data-subcategory=\"muzyka-filmowa\"\n                                        data-city=\"Katowice, Warszawa, Wroc\u0142aw\"\n                                        data-venue=\"Pa\u0142ac M\u0142odzie\u017cy w Katowicach\">\n                                        \n<div class=\"card-event  card-event--size-small\">\n        <a href=\"https:\/\/www.ebilet.pl\/klasyka\/muzyka-filmowa\/muzyka-filmowa-koncerty-przy-swiecach\" target=\"_blank\" class=\"card-event__link\" rel=\"nofollow noopener\"><\/a>\n        <div class=\"card-event__wrapper\">\n        <div class=\"card-event__image\">\n            <img decoding=\"async\" src=\"https:\/\/www.ebilet.pl\/media\/cms\/media\/d5chgl31\/656x369.webp\" alt=\"\">\n        <\/div>\n        <div class=\"card-event__data\">\n            <div class=\"card-event__name\">\n                <p>Muzyka filmowa: Koncert przy \u015bwiecach<\/p>\n            <\/div>\n            <div class=\"card-event__date\"><\/div>\n            <div class=\"card-event__location\">Katowice, Warszawa, Wroc\u0142aw<\/div>\n        <\/div>\n    <\/div>\n<\/div>                                    <\/div>\n                                                                    <div class=\"events-carousel-block__sliderItem swiper-slide\"\n                                        data-id=\"211214\"\n                                        data-name=\"Najpi\u0119kniejsza muzyka filmowa w plenerze\"\n                                        data-brand=\"SVITLO CONCERT Sp. z o.o.\"\n                                        data-category=\"klasyka\"\n                                        data-subcategory=\"muzyka-filmowa\"\n                                        data-city=\"\u0141\u00f3d\u017a\"\n                                        data-venue=\"Centralne Muzeum W\u0142\u00f3kiennictwa\">\n                                        \n<div class=\"card-event  card-event--size-small\">\n        <a href=\"https:\/\/www.ebilet.pl\/klasyka\/muzyka-filmowa\/najpiekniejsza-muzyka-filmowa-w-plenerze\" target=\"_blank\" class=\"card-event__link\" rel=\"nofollow noopener\"><\/a>\n        <div class=\"card-event__wrapper\">\n        <div class=\"card-event__image\">\n            <img decoding=\"async\" src=\"https:\/\/www.ebilet.pl\/media\/cms\/media\/21kly35q\/concerts-cover-656-369.webp\" alt=\"\">\n        <\/div>\n        <div class=\"card-event__data\">\n            <div class=\"card-event__name\">\n                <p>Najpi\u0119kniejsza muzyka filmowa w plenerze<\/p>\n            <\/div>\n            <div class=\"card-event__date\"><\/div>\n            <div class=\"card-event__location\">\u0141\u00f3d\u017a<\/div>\n        <\/div>\n    <\/div>\n<\/div>                                    <\/div>\n                                                            <\/div>\n                        <\/div>\n                    <\/div>\n                    <div class=\"events-carousel-block__pagination\">\n                        <div class=\"swiper-pagination slider-pagination\" data-events-carousel-pagination><\/div>\n                    <\/div>\n                <\/div>\n            <\/div>\n        <\/div>\n    <\/section>\n\n\n\n<section class=\"text-block  section-margin-32\" >\n    <div class=\"container\">\n        <div class=\"row\">\n            <div class=\"col-24\">\n                <div class=\"text-block__content\"><h3><strong>Produkcja<\/strong><\/h3>\n<p><span style=\"font-weight: 400;\">Ten etap nie zaczyna si\u0119 od zdj\u0119\u0107 na planie, ale od szczeg\u00f3\u0142owych przygotowa\u0144. Trzeba przeprowadzi\u0107 castingi i wybra\u0107 aktor\u00f3w. Opr\u00f3cz tego:<\/span><\/p>\n<ul>\n<li style=\"font-weight: 400;\" aria-level=\"1\"><span style=\"font-weight: 400;\">wybierane s\u0105 miejsca kr\u0119cenia poszczeg\u00f3lnych scen,<\/span><\/li>\n<li style=\"font-weight: 400;\" aria-level=\"1\"><span style=\"font-weight: 400;\">tworzy si\u0119 scenografi\u0119,<\/span><\/li>\n<li style=\"font-weight: 400;\" aria-level=\"1\"><span style=\"font-weight: 400;\">przygotowuje si\u0119 kostiumy, rekwizyty i wszystkie tego typu elementy,<\/span><\/li>\n<li style=\"font-weight: 400;\" aria-level=\"1\"><span style=\"font-weight: 400;\">aktorzy przygotowuj\u0105 si\u0119 do r\u00f3l (np. nabywaj\u0105 umiej\u0119tno\u015bci, kt\u00f3rych im brakuje takie jak chocia\u017cby jazda konna),<\/span><\/li>\n<li style=\"font-weight: 400;\" aria-level=\"1\"><span style=\"font-weight: 400;\">przygotowuje si\u0119 scenopis oraz plan produkcji, czyli kiedy, co i gdzie b\u0119dzie nagrywane oraz jacy aktorzy b\u0119d\u0105 potrzebni.<\/span><\/li>\n<\/ul>\n<p><span style=\"font-weight: 400;\">Dopiero teraz przyst\u0119puje si\u0119 do nagra\u0144. Nie robi si\u0119 tego chronologicznie. Ka\u017cda scena jest nagrywana niezale\u017cnie od siebie, a wszystko jest uk\u0142adane w p\u00f3\u017aniejszym monta\u017cu. Przyk\u0142adowo: jednego dnia nagrywa si\u0119 sceny w konkretnym miejscu, innego w zupe\u0142nie innym. Nie wa\u017cne, \u017ce sceny z jednego dnia b\u0119d\u0105 p\u00f3\u017aniej u\u017cyte w r\u00f3\u017cnych cz\u0119\u015bciach filmu. To znacznie skraca czas nagrywania.\u00a0<\/span><\/p>\n<p><span style=\"font-weight: 400;\">Oczywi\u015bcie zanim kamery zostan\u0105 w\u0142\u0105czone, przeprowadza si\u0119 pr\u00f3by sprz\u0119tu i aktor\u00f3w. Nagrywaj\u0105c, robi si\u0119 kilka powt\u00f3rek, by wybra\u0107 p\u00f3\u017aniej idealnie nagran\u0105 scen\u0119 (najcz\u0119\u015bciej duble nagrywa si\u0119, gdy zajd\u0105 jakie\u015b pomy\u0142ki).\u00a0<\/span><\/p>\n<p><b>Na tym etapie tworzy si\u0119 tak\u017ce nagrania d\u017awi\u0119kowe, ale nie chodzi tu o muzyk\u0119 na \u015bcie\u017ck\u0119 d\u017awi\u0119kow\u0105, a o odg\u0142osy i d\u017awi\u0119ki np. natury, drzwi, chrapania.\u00a0<\/b><\/p>\n<h3><strong>Postprodukcja<\/strong><\/h3>\n<p><span style=\"font-weight: 400;\">Teraz przychodzi pora na monta\u017c filmu.<\/span><b> P\u00f3\u017aniej prezentowany jest on re\u017cyserowi i kompozytorowi.<\/b><span style=\"font-weight: 400;\"> Pierwszy decyduje, czy wszystko jest stworzone zgodnie z jego wizj\u0105. Drugi za\u015b mo\u017ce zacz\u0105\u0107 tworzenie muzyki.\u00a0<\/span><\/p>\n<p><span style=\"font-weight: 400;\">Gdy ta jest gotowa, \u0142\u0105czy si\u0119 wszystko w jedn\u0105 ca\u0142o\u015b\u0107. Co ciekawe, dialogi przewa\u017cnie nagrywane s\u0105 jeszcze raz w studiu d\u017awi\u0119kowym, a p\u00f3\u017aniej s\u0105 synchronizowane z obrazem podczas monta\u017cu. <\/span><b>Dlatego te\u017c na tym etapie do filmu dodaje si\u0119 nie tylko muzyk\u0119, ale te\u017c efekty d\u017awi\u0119kowe i dialogi w\u0142a\u015bnie.\u00a0<\/b><\/p>\n<p><span style=\"font-weight: 400;\">Opr\u00f3cz tego na tym etapie mo\u017cna dokona\u0107 niewielkich korekt i poprawek, np. dotycz\u0105cych balansu bieli. Dodaje si\u0119 tak\u017ce napisy pocz\u0105tkowe oraz napisy ko\u0144cowe. Ostateczna wersja filmu jest prezentowana g\u0142\u00f3wnym odpowiedzialnym za jej powstanie. Czasem dojdzie jeszcze do pewnych poprawek, ale w niekt\u00f3rych sytuacjach film jest na tym etapie akceptowany.\u00a0<\/span><\/p>\n<h2><\/h2>\n<p><span style=\"font-weight: 400;\">Tak w wielkim skr\u00f3cie wygl\u0105da praca nad stworzeniem filmu. <\/span><b>Cho\u0107 rola kompozytora pojawia si\u0119 dopiero w postprodukcji, jego wsp\u00f3\u0142praca z re\u017cyserem zaczyna si\u0119 o wiele wcze\u015bniej i jest niezmiernie wa\u017cna.<\/b><\/p>\n<h2><strong>Dlaczego wsp\u00f3\u0142praca re\u017cysera i kompozytora jest kluczowa?<\/strong><\/h2>\n<p><span style=\"font-weight: 400;\">Bez wsp\u00f3\u0142pracy re\u017cysera i kompozytora film m\u00f3g\u0142by by\u0107 trudny w odbiorze lub ogl\u0105danie go spowodowa\u0142oby dysonans poznawczy (np. na scenie rozgrywa\u0142aby si\u0119 romantyczna scena, a muzyka m\u00f3wi\u0142aby, \u017ce jest to \u017cart; albo s\u0142owa piosenki kompletnie nie pasowa\u0142yby do filmu, bo kompozytor zinterpretowa\u0142 go inaczej ni\u017c wyobrazi\u0142 go sobie re\u017cyser). Dlatego w\u0142a\u015bnie musz\u0105 oni wsp\u00f3\u0142pracowa\u0107 tak naprawd\u0119 od samego pocz\u0105tku. <\/span><b>Kompozytor jest wybierany jeszcze na etapie preprodukcji, by:<\/b><\/p>\n<ul>\n<li style=\"font-weight: 400;\" aria-level=\"1\"><span style=\"font-weight: 400;\">dobra\u0107 idealn\u0105 osob\u0119 do tej roli,<\/span><\/li>\n<li style=\"font-weight: 400;\" aria-level=\"1\"><span style=\"font-weight: 400;\">muzyka zosta\u0142a stworzona na czas.<\/span><\/li>\n<\/ul>\n<p><span style=\"font-weight: 400;\">Zdarza si\u0119 bowiem, \u017ce pierwszy kompozytor, kt\u00f3rego wytypuje re\u017cyser, nie zgodzi si\u0119 na stworzenie \u015bcie\u017cki d\u017awi\u0119kowej. Wtedy trzeba szuka\u0107 kolejnego. Lepiej to zrobi\u0107 wcze\u015bniej.<\/span><\/p>\n<p><b>Kompozytor mo\u017ce zapozna\u0107 si\u0119 ze scenariuszem, scenopisem i og\u00f3lnym klimatem filmu.<\/b><span style=\"font-weight: 400;\"> W jego g\u0142owie na tym etapie mog\u0105 si\u0119 pojawia\u0107 pierwsze pomys\u0142y, kt\u00f3re p\u00f3\u017aniej wykorzysta lub nie.<\/span><\/p>\n<p><b>Kompozytor spotyka si\u0119 te\u017c z re\u017cyserem, by dok\u0142adnie om\u00f3wi\u0107 koncepcj\u0119 filmu oraz oczekiwania. <\/b><span style=\"font-weight: 400;\">Dzi\u0119ki temu wie on, czy mo\u017ce sprosta\u0107 zadaniu i mo\u017ce mniej wi\u0119cej zaplanowa\u0107 swoj\u0105 prac\u0119. Jednocze\u015bnie ustalany jest te\u017c bud\u017cet na \u015bcie\u017ck\u0119 d\u017awi\u0119kow\u0105 (to wp\u0142ywa na decyzj\u0119 o wokalistach czy zespo\u0142ach, kt\u00f3re zostan\u0105 zaanga\u017cowane), a tak\u017ce terminy.<\/span><\/p>\n<p><b>Gdy zdj\u0119cia s\u0105 ju\u017c gotowe, kompozytor mo\u017ce zobaczy\u0107 wst\u0119pnie zmontowany film i zacz\u0105\u0107 prac\u0119.<\/b><span style=\"font-weight: 400;\"> Tworzy projekt, kt\u00f3ry prezentuje re\u017cyserowi. Gdy ten jest zadowolony, dochodzi do nagra\u0144 oraz ponownych konsultacji. Dopiero po zaakceptowaniu \u015bcie\u017cki d\u017awi\u0119kowej, trafia ona do filmu. Cho\u0107 to jeszcze nie koniec, bo gdy dzie\u0142o jest gotowe, zn\u00f3w jest prezentowane i mo\u017cna wtedy zobaczy\u0107 ewentualne niedoci\u0105gni\u0119cia. Mo\u017ce okaza\u0107 si\u0119, \u017ce piosenki zmieni\u0105 kolejno\u015b\u0107 lub b\u0119dzie trzeba co\u015b dogra\u0107.\u00a0<\/span><\/p>\n<p><span style=\"font-weight: 400;\">Prace trwaj\u0105 tak d\u0142ugo, a\u017c film zostanie zaakceptowany w 100%.\u00a0<\/span><\/p>\n<p><span style=\"font-weight: 400;\">Bez wsp\u00f3\u0142pracy mi\u0119dzy re\u017cyserem a kompozytorem oraz mi\u0119dzy kompozytorem a pozosta\u0142ymi cz\u0142onkami ekipy film m\u00f3g\u0142by by\u0107 niezbyt przyjemny w odbiorze. To muzyka odpowiada za emocje, kt\u00f3re pojawiaj\u0105 si\u0119 u widz\u00f3w. Im lepsza, tym lepszy jest odbi\u00f3r konkretnej produkcji.\u00a0<\/span><\/p>\n<\/div>\n            <\/div>\n        <\/div>\n    <\/div>\n<\/section>\n\n\n<section class=\"events-slider-block  section-margin-32\" data-events-slider-block data-carousel-title=\"Gor\u0105ce wydarzenia\" data-carousel-type=\"karuzela_z_t\u0142em\" data-item-list-name=\"Karuzela z t\u0142em Gor\u0105ce wydarzenia\" data-item-list-id=\"karuzela_z_t\u0142em Gor\u0105ce wydarzenia\" >\n    <div class=\"container\">\n        <div class=\"row\">\n            <div class=\"col-24\">\n                <div class=\"events-slider-block__wrapper\">\n                                            <div class=\"events-slider-block__bg\"><img loading=\"lazy\" decoding=\"async\" width=\"1920\" height=\"1080\" src=\"https:\/\/www.ebilet.pl\/now\/app\/uploads\/2024\/04\/shutterstock_1308510637.jpg\" class=\"attachment-full size-full\" alt=\"Fot.\" srcset=\"https:\/\/www.ebilet.pl\/now\/app\/uploads\/2024\/04\/shutterstock_1308510637.jpg 1920w, https:\/\/www.ebilet.pl\/now\/app\/uploads\/2024\/04\/shutterstock_1308510637-1024x576.jpg 1024w, https:\/\/www.ebilet.pl\/now\/app\/uploads\/2024\/04\/shutterstock_1308510637-1536x864.jpg 1536w, https:\/\/www.ebilet.pl\/now\/app\/uploads\/2024\/04\/shutterstock_1308510637-1280x720.jpg 1280w, https:\/\/www.ebilet.pl\/now\/app\/uploads\/2024\/04\/shutterstock_1308510637-500x281.jpg 500w, https:\/\/www.ebilet.pl\/now\/app\/uploads\/2024\/04\/shutterstock_1308510637-632x356.jpg 632w, https:\/\/www.ebilet.pl\/now\/app\/uploads\/2024\/04\/shutterstock_1308510637-308x174.jpg 308w\" sizes=\"auto, (max-width: 1920px) 100vw, 1920px\" \/><\/div>\n                                                                <div class=\"events-slider-block__top\">\n                                                            <div class=\"events-slider-block__title desktop\">\n                                    <h2 class=\"typo-h2\">Gor\u0105ce wydarzenia<\/h2>\n                                <\/div>\n                                                                                        <div class=\"events-slider-block__title mobile\">\n                                    <h2 class=\"typo-h2\">Gor\u0105ce wydarzenia<\/h2>\n                                <\/div>\n                                                    <\/div>\n                                                            <div class=\"events-slider-block__main\">\n                        <div class=\"events-slider-block__nav events-slider-block__nav--prev\">\n                            <div class=\"button button--withIcon button--theme-white-blur button--size-fixed-48\" data-events-prev>\n                                <span class=\"button__icon icon icon-chevron-left\"><\/span>\n                            <\/div>\n                        <\/div>\n                        <div class=\"events-slider-block__nav events-slider-block__nav--next\">\n                            <div class=\"button button--withIcon button--theme-white-blur button--size-fixed-48\" data-events-next>\n                                <span class=\"button__icon icon icon-chevron-right\"><\/span>\n                            <\/div>\n                        <\/div>\n                        <div class=\"events-slider-block__slider\">\n                            <div class=\"swiper\" data-events-slider>\n                                <div class=\"events-slider-block__sliderWrapper swiper-wrapper\">\n                                                                    <div class=\"events-slider-block__sliderItem swiper-slide\">\n                                    \n<div class=\"card-event  card-event--size-small\">\n        <a href=\"https:\/\/www.ebilet.pl\/muzyka\/festiwale\/orange-warsaw-festival\" target=\"_blank\" class=\"card-event__link\" rel=\"nofollow noopener\"><\/a>\n        <div class=\"card-event__wrapper\">\n        <div class=\"card-event__image\">\n            <img decoding=\"async\" src=\"https:\/\/www.ebilet.pl\/media\/cms\/media\/10tfavkl\/owf27_wejs-cie_portal_552x736.webp\" alt=\"\">\n        <\/div>\n        <div class=\"card-event__data\">\n            <div class=\"card-event__name\">\n                <p>Orange Warsaw Festival 2027<\/p>\n            <\/div>\n            <div class=\"card-event__date\"><\/div>\n            <div class=\"card-event__location\"><\/div>\n        <\/div>\n    <\/div>\n<\/div>                                    <\/div>\n                                                                    <div class=\"events-slider-block__sliderItem swiper-slide\">\n                                    \n<div class=\"card-event  card-event--size-small\">\n        <a href=\"https:\/\/www.ebilet.pl\/teatr\/musicale\/wielki-gatsby\" target=\"_blank\" class=\"card-event__link\" rel=\"nofollow noopener\"><\/a>\n        <div class=\"card-event__wrapper\">\n        <div class=\"card-event__image\">\n            <img decoding=\"async\" src=\"https:\/\/www.ebilet.pl\/media\/cms\/media\/5eihaojx\/552x736-c1222f1c-09f0-4f58-a3ca-98b5badf4b8b.webp\" alt=\"\">\n        <\/div>\n        <div class=\"card-event__data\">\n            <div class=\"card-event__name\">\n                <p>Wielki Gatsby<\/p>\n            <\/div>\n            <div class=\"card-event__date\"><\/div>\n            <div class=\"card-event__location\"><\/div>\n        <\/div>\n    <\/div>\n<\/div>                                    <\/div>\n                                                                    <div class=\"events-slider-block__sliderItem swiper-slide\">\n                                    \n<div class=\"card-event  card-event--size-small\">\n        <a href=\"https:\/\/www.ebilet.pl\/muzyka\/rock\/spiety-koncert\" target=\"_blank\" class=\"card-event__link\" rel=\"nofollow noopener\"><\/a>\n        <div class=\"card-event__wrapper\">\n        <div class=\"card-event__image\">\n            <img decoding=\"async\" src=\"https:\/\/www.ebilet.pl\/media\/cms\/media\/pfrjldxq\/552-x-736_spiety_zbiorczy_v06-3d5d60da-08a8-44f5-a942-e5ec9427e18f.webp\" alt=\"\">\n        <\/div>\n        <div class=\"card-event__data\">\n            <div class=\"card-event__name\">\n                <p>SPI\u0118TY\/WY I ONI Inny Koncert<\/p>\n            <\/div>\n            <div class=\"card-event__date\">25.10.2026-25.10.2026<\/div>\n            <div class=\"card-event__location\">Katowice, Szczecin, Warszawa<\/div>\n        <\/div>\n    <\/div>\n<\/div>                                    <\/div>\n                                                                    <div class=\"events-slider-block__sliderItem swiper-slide\">\n                                    \n<div class=\"card-event  card-event--size-small\">\n        <a href=\"https:\/\/www.ebilet.pl\/klasyka\/muzyka-filmowa\/midnight-in-new-york\" target=\"_blank\" class=\"card-event__link\" rel=\"nofollow noopener\"><\/a>\n        <div class=\"card-event__wrapper\">\n        <div class=\"card-event__image\">\n            <img decoding=\"async\" src=\"https:\/\/www.ebilet.pl\/media\/cms\/media\/ukwh0nn4\/552x736_eb_midnight-in-new-york-39208a52-4c50-4a81-8c92-cd3b5640d115.webp\" alt=\"\">\n        <\/div>\n        <div class=\"card-event__data\">\n            <div class=\"card-event__name\">\n                <p>Midnight in New York<\/p>\n            <\/div>\n            <div class=\"card-event__date\">26.10.2026-26.10.2026<\/div>\n            <div class=\"card-event__location\">Krak\u00f3w<\/div>\n        <\/div>\n    <\/div>\n<\/div>                                    <\/div>\n                                                                    <div class=\"events-slider-block__sliderItem swiper-slide\">\n                                    \n<div class=\"card-event  card-event--size-small\">\n        <a href=\"https:\/\/www.ebilet.pl\/muzyka\/piosenka\/kochajmy-starszych-panow\" target=\"_blank\" class=\"card-event__link\" rel=\"nofollow noopener\"><\/a>\n        <div class=\"card-event__wrapper\">\n        <div class=\"card-event__image\">\n            <img decoding=\"async\" src=\"https:\/\/www.ebilet.pl\/media\/cms\/media\/si1frm4x\/ebilet_552x736_kochajmy-starszych-pan_w-8ffc6954-6a62-4510-83c1-0a662ceae353.webp\" alt=\"\">\n        <\/div>\n        <div class=\"card-event__data\">\n            <div class=\"card-event__name\">\n                <p>Kochajmy Starszych Pan\u00f3w!<\/p>\n            <\/div>\n            <div class=\"card-event__date\">20.10.2026-20.10.2026<\/div>\n            <div class=\"card-event__location\">Wroc\u0142aw<\/div>\n        <\/div>\n    <\/div>\n<\/div>                                    <\/div>\n                                                                    <div class=\"events-slider-block__sliderItem swiper-slide\">\n                                    \n<div class=\"card-event  card-event--size-small\">\n        <a href=\"https:\/\/www.ebilet.pl\/klasyka\/muzyka-filmowa\/epicka-muzyka-z-gier-i-filmow\" target=\"_blank\" class=\"card-event__link\" rel=\"nofollow noopener\"><\/a>\n        <div class=\"card-event__wrapper\">\n        <div class=\"card-event__image\">\n            <img decoding=\"async\" src=\"https:\/\/www.ebilet.pl\/media\/cms\/media\/t40apahq\/552-x-736-px.webp\" alt=\"\">\n        <\/div>\n        <div class=\"card-event__data\">\n            <div class=\"card-event__name\">\n                <p>Epicka muzyka z gier i film\u00f3w<\/p>\n            <\/div>\n            <div class=\"card-event__date\">10.10.2026-10.10.2026<\/div>\n            <div class=\"card-event__location\">Katowice<\/div>\n        <\/div>\n    <\/div>\n<\/div>                                    <\/div>\n                                                                    <div class=\"events-slider-block__sliderItem swiper-slide\">\n                                    \n<div class=\"card-event  card-event--size-small\">\n        <a href=\"https:\/\/www.ebilet.pl\/muzyka\/pop\/muzyka-lany-del-rey-i-adele\" target=\"_blank\" class=\"card-event__link\" rel=\"nofollow noopener\"><\/a>\n        <div class=\"card-event__wrapper\">\n        <div class=\"card-event__image\">\n            <img decoding=\"async\" src=\"https:\/\/www.ebilet.pl\/media\/cms\/media\/xjklnto4\/552-x-736-px.webp\" alt=\"\">\n        <\/div>\n        <div class=\"card-event__data\">\n            <div class=\"card-event__name\">\n                <p>Fortepian przy \u015bwiecach: Lana Del Rey &#038; Adele<\/p>\n            <\/div>\n            <div class=\"card-event__date\">03.10.2026-03.10.2026<\/div>\n            <div class=\"card-event__location\">Krak\u00f3w<\/div>\n        <\/div>\n    <\/div>\n<\/div>                                    <\/div>\n                                                                    <div class=\"events-slider-block__sliderItem swiper-slide\">\n                                    \n<div class=\"card-event  card-event--size-small\">\n        <a href=\"https:\/\/www.ebilet.pl\/muzyka\/hard-heavy\/artrosis\" target=\"_blank\" class=\"card-event__link\" rel=\"nofollow noopener\"><\/a>\n        <div class=\"card-event__wrapper\">\n        <div class=\"card-event__image\">\n            <img decoding=\"async\" src=\"https:\/\/www.ebilet.pl\/media\/cms\/media\/gtjjty3j\/wydarzenie-gwa-artrosis-02-10_ebilet-552x736-3983ec22-352f-4531-b935-435d496accae.webp\" alt=\"\">\n        <\/div>\n        <div class=\"card-event__data\">\n            <div class=\"card-event__name\">\n                <p>Artrosis + Caro Mane + Arthemore<\/p>\n            <\/div>\n            <div class=\"card-event__date\">02.10.2026-02.10.2026<\/div>\n            <div class=\"card-event__location\">Krak\u00f3w<\/div>\n        <\/div>\n    <\/div>\n<\/div>                                    <\/div>\n                                                                    <div class=\"events-slider-block__sliderItem swiper-slide\">\n                                    \n<div class=\"card-event  card-event--size-small\">\n        <a href=\"https:\/\/www.ebilet.pl\/muzyka\/jazz-blues\/martyna-jakubowicz\" target=\"_blank\" class=\"card-event__link\" rel=\"nofollow noopener\"><\/a>\n        <div class=\"card-event__wrapper\">\n        <div class=\"card-event__image\">\n            <img decoding=\"async\" src=\"https:\/\/www.ebilet.pl\/media\/cms\/media\/ipnb1xot\/jakubowicz_552x736_e-bilet-1.webp\" alt=\"\">\n        <\/div>\n        <div class=\"card-event__data\">\n            <div class=\"card-event__name\">\n                <p>Martyna Jakubowicz <\/p>\n            <\/div>\n            <div class=\"card-event__date\">13.11.2026-13.11.2026<\/div>\n            <div class=\"card-event__location\">Sopot<\/div>\n        <\/div>\n    <\/div>\n<\/div>                                    <\/div>\n                                                                    <div class=\"events-slider-block__sliderItem swiper-slide\">\n                                    \n<div class=\"card-event  card-event--size-small\">\n        <a href=\"https:\/\/www.ebilet.pl\/muzyka\/pop\/tokio-hotel\" target=\"_blank\" class=\"card-event__link\" rel=\"nofollow noopener\"><\/a>\n        <div class=\"card-event__wrapper\">\n        <div class=\"card-event__image\">\n            <img decoding=\"async\" src=\"https:\/\/www.ebilet.pl\/media\/cms\/media\/i02j3uly\/tokio-hotel-552.webp\" alt=\"\">\n        <\/div>\n        <div class=\"card-event__data\">\n            <div class=\"card-event__name\">\n                <p>Tokio Hotel<\/p>\n            <\/div>\n            <div class=\"card-event__date\">19.08.2027-19.08.2027<\/div>\n            <div class=\"card-event__location\">Warszawa<\/div>\n        <\/div>\n    <\/div>\n<\/div>                                    <\/div>\n                                                                    <div class=\"events-slider-block__sliderItem swiper-slide\">\n                                    \n<div class=\"card-event  card-event--size-small\">\n        <a href=\"https:\/\/www.ebilet.pl\/muzyka\/hard-heavy\/the-moon-arises\" target=\"_blank\" class=\"card-event__link\" rel=\"nofollow noopener\"><\/a>\n        <div class=\"card-event__wrapper\">\n        <div class=\"card-event__image\">\n            <img decoding=\"async\" src=\"https:\/\/www.ebilet.pl\/media\/cms\/media\/qgsnm53f\/wydarzenie-gwa-moonarises-27-11_ebilet-552x736.webp\" alt=\"\">\n        <\/div>\n        <div class=\"card-event__data\">\n            <div class=\"card-event__name\">\n                <p>The Moon Arises: Inverne, Sacrimonia, Insinistra<\/p>\n            <\/div>\n            <div class=\"card-event__date\">27.11.2026-27.11.2026<\/div>\n            <div class=\"card-event__location\">Krak\u00f3w<\/div>\n        <\/div>\n    <\/div>\n<\/div>                                    <\/div>\n                                                                    <div class=\"events-slider-block__sliderItem swiper-slide\">\n                                    \n<div class=\"card-event  card-event--size-small\">\n        <a href=\"https:\/\/www.ebilet.pl\/muzyka\/elektro-techno\/marsh\" target=\"_blank\" class=\"card-event__link\" rel=\"nofollow noopener\"><\/a>\n        <div class=\"card-event__wrapper\">\n        <div class=\"card-event__image\">\n            <img decoding=\"async\" src=\"https:\/\/www.ebilet.pl\/media\/cms\/media\/41ljo3gn\/dhf_marsh_552x736_260901-30abda66-60f2-4929-8500-51c9cbbb96b1.webp\" alt=\"\">\n        <\/div>\n        <div class=\"card-event__data\">\n            <div class=\"card-event__name\">\n                <p>Marsh &#8211; Wroclove Deep House Festival<\/p>\n            <\/div>\n            <div class=\"card-event__date\">16.10.2026-16.10.2026<\/div>\n            <div class=\"card-event__location\">Wroc\u0142aw<\/div>\n        <\/div>\n    <\/div>\n<\/div>                                    <\/div>\n                                                                    <div class=\"events-slider-block__sliderItem swiper-slide\">\n                                    \n<div class=\"card-event  card-event--size-small\">\n        <a href=\"https:\/\/www.ebilet.pl\/muzyka\/elektro-techno\/goodboys\" target=\"_blank\" class=\"card-event__link\" rel=\"nofollow noopener\"><\/a>\n        <div class=\"card-event__wrapper\">\n        <div class=\"card-event__image\">\n            <img decoding=\"async\" src=\"https:\/\/www.ebilet.pl\/media\/cms\/media\/3nklgmlb\/goodboys-ark-ebilet-strona-wydarzenia-pion-warszawa-309efe9c-3a67-4005-b534-f27bc08b93ee.webp\" alt=\"\">\n        <\/div>\n        <div class=\"card-event__data\">\n            <div class=\"card-event__name\">\n                <p>ARK: Goodboys Live<\/p>\n            <\/div>\n            <div class=\"card-event__date\">27.11.2026-27.11.2026<\/div>\n            <div class=\"card-event__location\">Warszawa<\/div>\n        <\/div>\n    <\/div>\n<\/div>                                    <\/div>\n                                                                    <div class=\"events-slider-block__sliderItem swiper-slide\">\n                                    \n<div class=\"card-event  card-event--size-small\">\n        <a href=\"https:\/\/www.ebilet.pl\/muzyka\/hard-heavy\/comeback-kid\" target=\"_blank\" class=\"card-event__link\" rel=\"nofollow noopener\"><\/a>\n        <div class=\"card-event__wrapper\">\n        <div class=\"card-event__image\">\n            <img decoding=\"async\" src=\"https:\/\/www.ebilet.pl\/media\/cms\/media\/vhej3bqc\/comeback-kid-ebilet-strona-wydarzenia-pion-warszawa-9d020b70-f285-4f65-8525-b88f660e796c.webp\" alt=\"\">\n        <\/div>\n        <div class=\"card-event__data\">\n            <div class=\"card-event__name\">\n                <p>Comeback Kid<\/p>\n            <\/div>\n            <div class=\"card-event__date\">26.01.2027-26.01.2027<\/div>\n            <div class=\"card-event__location\">Warszawa<\/div>\n        <\/div>\n    <\/div>\n<\/div>                                    <\/div>\n                                                                    <div class=\"events-slider-block__sliderItem swiper-slide\">\n                                    \n<div class=\"card-event  card-event--size-small\">\n        <a href=\"https:\/\/www.ebilet.pl\/muzyka\/jazz-blues\/dorian-concept\" target=\"_blank\" class=\"card-event__link\" rel=\"nofollow noopener\"><\/a>\n        <div class=\"card-event__wrapper\">\n        <div class=\"card-event__image\">\n            <img decoding=\"async\" src=\"https:\/\/www.ebilet.pl\/media\/cms\/media\/xvoaul3i\/dorian-concept-ebilet-strona-wydarzenia-pion-warszawa-7d496642-8daa-47da-a429-76bbfca8879d.webp\" alt=\"\">\n        <\/div>\n        <div class=\"card-event__data\">\n            <div class=\"card-event__name\">\n                <p>Dorian Concept<\/p>\n            <\/div>\n            <div class=\"card-event__date\">18.11.2026-18.11.2026<\/div>\n            <div class=\"card-event__location\">Warszawa<\/div>\n        <\/div>\n    <\/div>\n<\/div>                                    <\/div>\n                                                                <\/div>\n                            <\/div>\n                        <\/div>\n                        <div class=\"events-slider-block__events swiper\" data-events-events-descriptions>\n                            <div class=\"events-slider-block__eventsWrapper swiper-wrapper\">\n                                                            <div class=\"events-slider-block__eventsItem swiper-slide\">\n                                    <a href=\"https:\/\/www.ebilet.pl\/muzyka\/festiwale\/orange-warsaw-festival\" target=\"_blank\" class=\"events-slider-block__eventsName\">\n                                        <p>Orange Warsaw Festival 2027<\/p>\n                                    <\/a>\n                                    <div class=\"events-slider-block__eventsDate\">\n                                                                            <\/div>\n                                    <div class=\"events-slider-block__eventsLocation\"><\/div>\n                                <\/div>\n                                                            <div class=\"events-slider-block__eventsItem swiper-slide\">\n                                    <a href=\"https:\/\/www.ebilet.pl\/teatr\/musicale\/wielki-gatsby\" target=\"_blank\" class=\"events-slider-block__eventsName\">\n                                        <p>Wielki Gatsby<\/p>\n                                    <\/a>\n                                    <div class=\"events-slider-block__eventsDate\">\n                                                                            <\/div>\n                                    <div class=\"events-slider-block__eventsLocation\"><\/div>\n                                <\/div>\n                                                            <div class=\"events-slider-block__eventsItem swiper-slide\">\n                                    <a href=\"https:\/\/www.ebilet.pl\/muzyka\/rock\/spiety-koncert\" target=\"_blank\" class=\"events-slider-block__eventsName\">\n                                        <p>SPI\u0118TY\/WY I ONI Inny Koncert<\/p>\n                                    <\/a>\n                                    <div class=\"events-slider-block__eventsDate\">\n                                        25.10.2026-04.12.2026                                    <\/div>\n                                    <div class=\"events-slider-block__eventsLocation\">Katowice, Szczecin, Warszawa<\/div>\n                                <\/div>\n                                                            <div class=\"events-slider-block__eventsItem swiper-slide\">\n                                    <a href=\"https:\/\/www.ebilet.pl\/klasyka\/muzyka-filmowa\/midnight-in-new-york\" target=\"_blank\" class=\"events-slider-block__eventsName\">\n                                        <p>Midnight in New York<\/p>\n                                    <\/a>\n                                    <div class=\"events-slider-block__eventsDate\">\n                                        26.10.2026-26.10.2026                                    <\/div>\n                                    <div class=\"events-slider-block__eventsLocation\">Krak\u00f3w<\/div>\n                                <\/div>\n                                                            <div class=\"events-slider-block__eventsItem swiper-slide\">\n                                    <a href=\"https:\/\/www.ebilet.pl\/muzyka\/piosenka\/kochajmy-starszych-panow\" target=\"_blank\" class=\"events-slider-block__eventsName\">\n                                        <p>Kochajmy Starszych Pan\u00f3w!<\/p>\n                                    <\/a>\n                                    <div class=\"events-slider-block__eventsDate\">\n                                        20.10.2026-20.10.2026                                    <\/div>\n                                    <div class=\"events-slider-block__eventsLocation\">Wroc\u0142aw<\/div>\n                                <\/div>\n                                                            <div class=\"events-slider-block__eventsItem swiper-slide\">\n                                    <a href=\"https:\/\/www.ebilet.pl\/klasyka\/muzyka-filmowa\/epicka-muzyka-z-gier-i-filmow\" target=\"_blank\" class=\"events-slider-block__eventsName\">\n                                        <p>Epicka muzyka z gier i film\u00f3w<\/p>\n                                    <\/a>\n                                    <div class=\"events-slider-block__eventsDate\">\n                                        10.10.2026-10.10.2026                                    <\/div>\n                                    <div class=\"events-slider-block__eventsLocation\">Katowice<\/div>\n                                <\/div>\n                                                            <div class=\"events-slider-block__eventsItem swiper-slide\">\n                                    <a href=\"https:\/\/www.ebilet.pl\/muzyka\/pop\/muzyka-lany-del-rey-i-adele\" target=\"_blank\" class=\"events-slider-block__eventsName\">\n                                        <p>Fortepian przy \u015bwiecach: Lana Del Rey &amp; Adele<\/p>\n                                    <\/a>\n                                    <div class=\"events-slider-block__eventsDate\">\n                                        03.10.2026-03.10.2026                                    <\/div>\n                                    <div class=\"events-slider-block__eventsLocation\">Krak\u00f3w<\/div>\n                                <\/div>\n                                                            <div class=\"events-slider-block__eventsItem swiper-slide\">\n                                    <a href=\"https:\/\/www.ebilet.pl\/muzyka\/hard-heavy\/artrosis\" target=\"_blank\" class=\"events-slider-block__eventsName\">\n                                        <p>Artrosis + Caro Mane + Arthemore<\/p>\n                                    <\/a>\n                                    <div class=\"events-slider-block__eventsDate\">\n                                        02.10.2026-02.10.2026                                    <\/div>\n                                    <div class=\"events-slider-block__eventsLocation\">Krak\u00f3w<\/div>\n                                <\/div>\n                                                            <div class=\"events-slider-block__eventsItem swiper-slide\">\n                                    <a href=\"https:\/\/www.ebilet.pl\/muzyka\/jazz-blues\/martyna-jakubowicz\" target=\"_blank\" class=\"events-slider-block__eventsName\">\n                                        <p>Martyna Jakubowicz <\/p>\n                                    <\/a>\n                                    <div class=\"events-slider-block__eventsDate\">\n                                        13.11.2026-13.11.2026                                    <\/div>\n                                    <div class=\"events-slider-block__eventsLocation\">Sopot<\/div>\n                                <\/div>\n                                                            <div class=\"events-slider-block__eventsItem swiper-slide\">\n                                    <a href=\"https:\/\/www.ebilet.pl\/muzyka\/pop\/tokio-hotel\" target=\"_blank\" class=\"events-slider-block__eventsName\">\n                                        <p>Tokio Hotel<\/p>\n                                    <\/a>\n                                    <div class=\"events-slider-block__eventsDate\">\n                                        19.08.2027-19.08.2027                                    <\/div>\n                                    <div class=\"events-slider-block__eventsLocation\">Warszawa<\/div>\n                                <\/div>\n                                                            <div class=\"events-slider-block__eventsItem swiper-slide\">\n                                    <a href=\"https:\/\/www.ebilet.pl\/muzyka\/hard-heavy\/the-moon-arises\" target=\"_blank\" class=\"events-slider-block__eventsName\">\n                                        <p>The Moon Arises: Inverne, Sacrimonia, Insinistra<\/p>\n                                    <\/a>\n                                    <div class=\"events-slider-block__eventsDate\">\n                                        27.11.2026-27.11.2026                                    <\/div>\n                                    <div class=\"events-slider-block__eventsLocation\">Krak\u00f3w<\/div>\n                                <\/div>\n                                                            <div class=\"events-slider-block__eventsItem swiper-slide\">\n                                    <a href=\"https:\/\/www.ebilet.pl\/muzyka\/elektro-techno\/marsh\" target=\"_blank\" class=\"events-slider-block__eventsName\">\n                                        <p>Marsh &#8211; Wroclove Deep House Festival<\/p>\n                                    <\/a>\n                                    <div class=\"events-slider-block__eventsDate\">\n                                        16.10.2026-16.10.2026                                    <\/div>\n                                    <div class=\"events-slider-block__eventsLocation\">Wroc\u0142aw<\/div>\n                                <\/div>\n                                                            <div class=\"events-slider-block__eventsItem swiper-slide\">\n                                    <a href=\"https:\/\/www.ebilet.pl\/muzyka\/elektro-techno\/goodboys\" target=\"_blank\" class=\"events-slider-block__eventsName\">\n                                        <p>ARK: Goodboys Live<\/p>\n                                    <\/a>\n                                    <div class=\"events-slider-block__eventsDate\">\n                                        27.11.2026-27.11.2026                                    <\/div>\n                                    <div class=\"events-slider-block__eventsLocation\">Warszawa<\/div>\n                                <\/div>\n                                                            <div class=\"events-slider-block__eventsItem swiper-slide\">\n                                    <a href=\"https:\/\/www.ebilet.pl\/muzyka\/hard-heavy\/comeback-kid\" target=\"_blank\" class=\"events-slider-block__eventsName\">\n                                        <p>Comeback Kid<\/p>\n                                    <\/a>\n                                    <div class=\"events-slider-block__eventsDate\">\n                                        26.01.2027-26.01.2027                                    <\/div>\n                                    <div class=\"events-slider-block__eventsLocation\">Warszawa<\/div>\n                                <\/div>\n                                                            <div class=\"events-slider-block__eventsItem swiper-slide\">\n                                    <a href=\"https:\/\/www.ebilet.pl\/muzyka\/jazz-blues\/dorian-concept\" target=\"_blank\" class=\"events-slider-block__eventsName\">\n                                        <p>Dorian Concept<\/p>\n                                    <\/a>\n                                    <div class=\"events-slider-block__eventsDate\">\n                                        18.11.2026-18.11.2026                                    <\/div>\n                                    <div class=\"events-slider-block__eventsLocation\">Warszawa<\/div>\n                                <\/div>\n                                                        <\/div>\n                        <\/div>\n                        <div class=\"events-slider-block__pagination\">\n                            <div class=\"swiper-pagination slider-pagination slider-pagination--theme-white\" data-events-slider-pagination><\/div>\n                        <\/div>\n                    <\/div>\n                                        <div class=\"events-slider-block__bottom\">\n                                                                                <div class=\"events-slider-block__link desktop\">\n                                    <a\n                                        class=\"button button--size-small button--theme-primary-yellow button--withIconLeft\"\n                                        href=\"https:\/\/www.ebilet.pl\/\">\n                                                                                    <div class=\"button__icon\"><img loading=\"lazy\" decoding=\"async\" width=\"30\" height=\"30\" src=\"https:\/\/www.ebilet.pl\/now\/app\/uploads\/2024\/01\/ticket-cinema-entertainment-coupon-discount-sale_30px.png\" class=\"attachment-full size-full\" alt=\"\" \/><\/div>\n                                                                                <p class=\"button__text typo-18\">Kup na eBilet.pl<\/p>\n                                    <\/a>\n                                <\/div>\n                                                                                <div class=\"events-slider-block__link mobile\">\n                                    <a\n                                        class=\"button button--size-small button--theme-primary-yellow button--withIconLeft\"\n                                        href=\"https:\/\/www.ebilet.pl\/\">\n                                                                                    <div class=\"button__icon\"><img loading=\"lazy\" decoding=\"async\" width=\"30\" height=\"30\" src=\"https:\/\/www.ebilet.pl\/now\/app\/uploads\/2024\/01\/ticket-cinema-entertainment-coupon-discount-sale_30px.png\" class=\"attachment-full size-full\" alt=\"\" \/><\/div>\n                                                                                <p class=\"button__text typo-18\">Kup na eBilet.pl<\/p>\n                                    <\/a>\n                                <\/div>\n                                            <\/div>\n                <\/div>\n            <\/div>\n        <\/div>\n    <\/div>\n<\/section>","protected":false},"excerpt":{"rendered":"<p>Tworzenie muzyki filmowej jest o wiele trudniejsze ni\u017c nagrywanie piosenek przez zesp\u00f3\u0142 rockowy. Kompozytor \u015bcie\u017cki d\u017awi\u0119kowej do konkretnej produkcji nie mo\u017ce wyra\u017ca\u0107 swoich emocji czy artystycznej wizji w dowolny spos\u00f3b. Ca\u0142y proces tworzenia muzyki przebiega pod czujnym okiem re\u017cysera, kt\u00f3rego wizja jest w\u0142a\u015bnie przelewana na ekran. Jak wygl\u0105da wsp\u00f3\u0142praca re\u017cysera z kompozytorem i dlaczego jest ona taka wa\u017cna? Sprawd\u017amy!<\/p>\n","protected":false},"author":14,"featured_media":18251,"comment_status":"open","ping_status":"open","sticky":false,"template":"page-templates\/article-default.php","format":"standard","meta":{"_acf_changed":false,"footnotes":""},"article_tag":[88,180,46],"article_type":[5],"class_list":["post-18248","post","type-post","status-publish","format-standard","has-post-thumbnail","hentry","article_tag-ciekawostki","article_tag-muzyka-filmowa","article_tag-muzyka-klasyczna","article_type-lifestyle"],"acf":[],"_links":{"self":[{"href":"https:\/\/www.ebilet.pl\/now\/wp-json\/wp\/v2\/posts\/18248","targetHints":{"allow":["GET"]}}],"collection":[{"href":"https:\/\/www.ebilet.pl\/now\/wp-json\/wp\/v2\/posts"}],"about":[{"href":"https:\/\/www.ebilet.pl\/now\/wp-json\/wp\/v2\/types\/post"}],"author":[{"embeddable":true,"href":"https:\/\/www.ebilet.pl\/now\/wp-json\/wp\/v2\/users\/14"}],"replies":[{"embeddable":true,"href":"https:\/\/www.ebilet.pl\/now\/wp-json\/wp\/v2\/comments?post=18248"}],"version-history":[{"count":3,"href":"https:\/\/www.ebilet.pl\/now\/wp-json\/wp\/v2\/posts\/18248\/revisions"}],"predecessor-version":[{"id":18705,"href":"https:\/\/www.ebilet.pl\/now\/wp-json\/wp\/v2\/posts\/18248\/revisions\/18705"}],"wp:featuredmedia":[{"embeddable":true,"href":"https:\/\/www.ebilet.pl\/now\/wp-json\/wp\/v2\/media\/18251"}],"wp:attachment":[{"href":"https:\/\/www.ebilet.pl\/now\/wp-json\/wp\/v2\/media?parent=18248"}],"wp:term":[{"taxonomy":"article_tag","embeddable":true,"href":"https:\/\/www.ebilet.pl\/now\/wp-json\/wp\/v2\/article_tag?post=18248"},{"taxonomy":"article_type","embeddable":true,"href":"https:\/\/www.ebilet.pl\/now\/wp-json\/wp\/v2\/article_type?post=18248"}],"curies":[{"name":"wp","href":"https:\/\/api.w.org\/{rel}","templated":true}]}}