{"id":16503,"date":"2024-05-08T01:21:17","date_gmt":"2024-05-08T00:21:17","guid":{"rendered":"https:\/\/www.ebilet.pl\/now\/?p=16503"},"modified":"2024-05-20T11:24:37","modified_gmt":"2024-05-20T10:24:37","slug":"kabaret-a-satyra-spoleczna-ostrzezenie-i-rozrywka","status":"publish","type":"post","link":"https:\/\/www.ebilet.pl\/now\/kabaret-a-satyra-spoleczna-ostrzezenie-i-rozrywka\/","title":{"rendered":"Kabaret a satyra spo\u0142eczna: ostrze\u017cenie i rozrywka"},"content":{"rendered":"\n<section class=\"text-block  section-margin-32\" >\n    <div class=\"container\">\n        <div class=\"row\">\n            <div class=\"col-24\">\n                <div class=\"text-block__content\"><h2><strong>Czym jest satyra spo\u0142eczna?<\/strong><\/h2>\n<p><span style=\"font-weight: 400;\">Satyra spo\u0142eczna to gatunek g\u0142\u00f3wnie publicystyczny, kt\u00f3rego zadaniem jest <\/span><b>o\u015bmieszanie stosunk\u00f3w spo\u0142ecznych. <\/b><span style=\"font-weight: 400;\">Dotycz\u0105 one interakcji mi\u0119dzy co najmniej dwiema osobami i wynikaj\u0105 z:<\/span><\/p>\n<ul>\n<li style=\"font-weight: 400;\" aria-level=\"1\"><span style=\"font-weight: 400;\">posiadanych przez nie r\u00f3l i pozycji spo\u0142ecznych (np. wnuk, dziadek, rodzice, ksi\u0105dz, polityk),<\/span><\/li>\n<li style=\"font-weight: 400;\" aria-level=\"1\"><span style=\"font-weight: 400;\">pewnych powinno\u015bci i obowi\u0105zk\u00f3w (np. w ma\u0142\u017ce\u0144stwie, rodzicielstwie, szkole).\u00a0<\/span><\/li>\n<\/ul>\n<p><b>W satyrze mo\u017cemy te zachowania i interakcje zobaczy\u0107 w komicznej i wyolbrzymionej wersji.<\/b><\/p>\n<h3><strong>Funkcje satyry spo\u0142ecznej<\/strong><\/h3>\n<p><b>Kabarety si\u0119gaj\u0105 po satyr\u0119 spo\u0142eczn\u0105 z dw\u00f3ch powod\u00f3w:<\/b><\/p>\n<ul>\n<li style=\"font-weight: 400;\" aria-level=\"1\"><span style=\"font-weight: 400;\">by da\u0107 ludziom rozrywk\u0119,<\/span><\/li>\n<li style=\"font-weight: 400;\" aria-level=\"1\"><span style=\"font-weight: 400;\">by ostrzec przed pewnymi zachowaniami.<\/span><\/li>\n<\/ul>\n<p><span style=\"font-weight: 400;\">O ile rozrywka jest tutaj jak najbardziej zrozumia\u0142a, tak kwesti\u0119 ostrze\u017cenia musimy wyja\u015bni\u0107. Wyolbrzymienie niekt\u00f3rych zachowa\u0144 czy schemat\u00f3w sprawia, \u017ce zaczynamy zdawa\u0107 sobie spraw\u0119 z ich istnienia oraz z ich (cz\u0119stej) bezsensowno\u015bci. Co\u015b, co \u015bmieszy nas na scenie, mo\u017ce zosta\u0107 w g\u0142owie na d\u0142u\u017cej i sk\u0142oni\u0107 do przemy\u015ble\u0144 i zadawania sobie pyta\u0144, np. Czy ja te\u017c si\u0119 tak zachowuj\u0119? Do czego mo\u017ce to doprowadzi\u0107?\u00a0<\/span><\/p>\n<p><b>Satyrycy ostrzegaj\u0105 swoj\u0105 publik\u0119 przed konsekwencjami takich schemat\u00f3w. <\/b><span style=\"font-weight: 400;\">Oczywi\u015bcie przedstawiaj\u0105 to w komicznej wersji, kt\u00f3ra nas bawi, ale jednocze\u015bnie przerysowuj\u0105 oni w\u0142a\u015bnie te konsekwencje, przez co jeszcze dobitniej je widzimy, a to mo\u017ce mie\u0107 wp\u0142yw na nasze p\u00f3\u017aniejsze zachowania.\u00a0<\/span><\/p>\n<\/div>\n            <\/div>\n        <\/div>\n    <\/div>\n<\/section>\n\n\n<section class=\"tickets-slider  section-margin-32\"\n    data-tickets-slider\n    data-item-list-name=\"Karuzela z buttonami\"\n    data-item-list-id=\"karuzela_z_buttonami\"\n    >\n    <div class=\"container\">\n        <div class=\"row\">\n            <div class=\"col-24\">\n                <div class=\"tickets-slider__main\">\n                    <div class=\"tickets-slider__nav tickets-slider__nav--prev\">\n                        <div class=\"button button--withIcon button--theme-white-blur button--size-fixed-48\" data-tickets-slider-prev>\n                            <span class=\"button__icon icon icon-chevron-left\"><\/span>\n                        <\/div>\n                    <\/div>\n                    <div class=\"tickets-slider__nav tickets-slider__nav--next\">\n                        <div class=\"button button--withIcon button--theme-white-blur button--size-fixed-48\" data-tickets-slider-next>\n                            <span class=\"button__icon icon icon-chevron-right\"><\/span>\n                        <\/div>\n                    <\/div>\n                    <div class=\"tickets-slider__slider swiper\" data-tickets-slider-slider>\n                        <div class=\"tickets-slider__sliderWrapper swiper-wrapper\">\n                                                            <div class=\"tickets-slider__sliderItem swiper-slide\"\n                                    data-id=\"129853\"\n                                    data-name=\"Beksi\u0144ski.Live\"\n                                    data-brand=\"L2L Sp z o.o.\"\n                                    data-category=\"widowiska\"\n                                    data-subcategory=\"inne\"\n                                    data-city=\"Warszawa, Wroc\u0142aw\"\n                                    data-venue=\"Hala COS Torwar \">\n                                    <div class=\"tickets-slider__sliderCard\">\n                                        \n<div class=\"card-ticket\">\n        <div class=\"card-ticket__image\">\n        <a href=\"https:\/\/www.ebilet.pl\/widowiska\/inne\/beksinski-live\">\n            <img decoding=\"async\" src=\"https:\/\/www.ebilet.pl\/media\/cms\/media\/rcpokc02\/552x736-2026-04-27t161822058.webp\" alt=\"Plakat wydarzenia\" \/>\n        <\/a>\n    <\/div>\n             \n    <div class=\"card-ticket__link\">\n        <a href=\"https:\/\/www.ebilet.pl\/widowiska\/inne\/beksinski-live\" class=\"button button--theme-primary-yellow button--withIconLeft button--size-small\">\n            <span class=\"button__icon icon icon-ticket\"><\/span>\n            <p class=\"button__text typo-16 f-600\">Kup bilet<\/p>\n        <\/a>\n    <\/div>\n    <\/div>                                    <\/div>\n                                <\/div>\n                                                            <div class=\"tickets-slider__sliderItem swiper-slide\"\n                                    data-id=\"13655\"\n                                    data-name=\"Kabaret hrAbi &amp; Wojtek Kami\u0144ski - By\u0107 facetem\"\n                                    data-brand=\"Sztukoteka\"\n                                    data-category=\"widowiska\"\n                                    data-subcategory=\"kabarety\"\n                                    data-city=\"D\u0105browa G\u00f3rnicza, Gdynia, Grudzi\u0105dz i inne\"\n                                    data-venue=\"Sala Koncertowa Radia Wroc\u0142aw\">\n                                    <div class=\"tickets-slider__sliderCard\">\n                                        \n<div class=\"card-ticket\">\n        <div class=\"card-ticket__image\">\n        <a href=\"https:\/\/www.ebilet.pl\/widowiska\/kabarety\/kabaret-hrabi\">\n            <img decoding=\"async\" src=\"https:\/\/www.ebilet.pl\/media\/cms\/media\/1m4jtddj\/ebilet_552x736_bycfacetem_t1-972e50d4-d827-474c-91a8-3c98276e254e.webp\" alt=\"Plakat wydarzenia\" \/>\n        <\/a>\n    <\/div>\n             \n    <div class=\"card-ticket__link\">\n        <a href=\"https:\/\/www.ebilet.pl\/widowiska\/kabarety\/kabaret-hrabi\" class=\"button button--theme-primary-yellow button--withIconLeft button--size-small\">\n            <span class=\"button__icon icon icon-ticket\"><\/span>\n            <p class=\"button__text typo-16 f-600\">Kup bilet<\/p>\n        <\/a>\n    <\/div>\n    <\/div>                                    <\/div>\n                                <\/div>\n                                                            <div class=\"tickets-slider__sliderItem swiper-slide\"\n                                    data-id=\"170971\"\n                                    data-name=\"Marcin Zbigniew Wojciech ,,Bez Nazwisk Prosz\u0119\u2019\u2019\"\n                                    data-brand=\"Marek Wojciech Projects\"\n                                    data-category=\"widowiska\"\n                                    data-subcategory=\"stand-up\"\n                                    data-city=\"Bieru\u0144, Gdynia, Krak\u00f3w i inne\"\n                                    data-venue=\"Mys\u0142owicki O\u015brodek Kultury\">\n                                    <div class=\"tickets-slider__sliderCard\">\n                                        \n<div class=\"card-ticket\">\n        <div class=\"card-ticket__image\">\n        <a href=\"https:\/\/www.ebilet.pl\/widowiska\/stand-up\/marcin-zbigniew-wojciech-nowy-program\">\n            <img decoding=\"async\" src=\"https:\/\/www.ebilet.pl\/media\/cms\/media\/5eqlowva\/marcin-zbigniew-wojciech-stand-up-nowy-program-bez-nazwisk-prosze-552-x-736-px.webp\" alt=\"Plakat wydarzenia\" \/>\n        <\/a>\n    <\/div>\n             \n    <div class=\"card-ticket__link\">\n        <a href=\"https:\/\/www.ebilet.pl\/widowiska\/stand-up\/marcin-zbigniew-wojciech-nowy-program\" class=\"button button--theme-primary-yellow button--withIconLeft button--size-small\">\n            <span class=\"button__icon icon icon-ticket\"><\/span>\n            <p class=\"button__text typo-16 f-600\">Kup bilet<\/p>\n        <\/a>\n    <\/div>\n    <\/div>                                    <\/div>\n                                <\/div>\n                                                            <div class=\"tickets-slider__sliderItem swiper-slide\"\n                                    data-id=\"174009\"\n                                    data-name=\"Polska Noc Kabaretowa 2026\"\n                                    data-brand=\"ESKANDER\"\n                                    data-category=\"widowiska\"\n                                    data-subcategory=\"kabarety\"\n                                    data-city=\"Bia\u0142ystok, Bielsko-Bia\u0142a, Bydgoszcz i inne\"\n                                    data-venue=\"Narodowe Centrum Polskiej Piosenki\">\n                                    <div class=\"tickets-slider__sliderCard\">\n                                        \n<div class=\"card-ticket\">\n        <div class=\"card-ticket__image\">\n        <a href=\"https:\/\/www.ebilet.pl\/widowiska\/kabarety\/polska-noc-kabaretowa-2026\">\n            <img decoding=\"async\" src=\"https:\/\/www.ebilet.pl\/media\/cms\/media\/uhhfepxw\/pionn-9416b4d8-9d94-438b-91e1-423ea8953492.webp\" alt=\"Plakat wydarzenia\" \/>\n        <\/a>\n    <\/div>\n             \n    <div class=\"card-ticket__link\">\n        <a href=\"https:\/\/www.ebilet.pl\/widowiska\/kabarety\/polska-noc-kabaretowa-2026\" class=\"button button--theme-primary-yellow button--withIconLeft button--size-small\">\n            <span class=\"button__icon icon icon-ticket\"><\/span>\n            <p class=\"button__text typo-16 f-600\">Kup bilet<\/p>\n        <\/a>\n    <\/div>\n    <\/div>                                    <\/div>\n                                <\/div>\n                                                            <div class=\"tickets-slider__sliderItem swiper-slide\"\n                                    data-id=\"26993\"\n                                    data-name=\"Lord of the Dance - 30th Anniversary Tour\"\n                                    data-brand=\"TARGREM SP\u00d3\u0141KA Z OGRANICZON\u0104 ODPOWIEDZIALNO\u015aCI\u0104\"\n                                    data-category=\"widowiska\"\n                                    data-subcategory=\"rewie-show\"\n                                    data-city=\"Gda\u0144sk, Gliwice, Gorz\u00f3w Wielkopolski i inne\"\n                                    data-venue=\"Hala Olivia\">\n                                    <div class=\"tickets-slider__sliderCard\">\n                                        \n<div class=\"card-ticket\">\n        <div class=\"card-ticket__image\">\n        <a href=\"https:\/\/www.ebilet.pl\/widowiska\/rewie-show\/lord-of-the-dance\">\n            <img decoding=\"async\" src=\"https:\/\/www.ebilet.pl\/media\/cms\/media\/0x3pw4m3\/renditiondownload-09b8fef2-6b81-4967-ab31-b5af4ecccf5f.webp\" alt=\"Plakat wydarzenia\" \/>\n        <\/a>\n    <\/div>\n             \n    <div class=\"card-ticket__link\">\n        <a href=\"https:\/\/www.ebilet.pl\/widowiska\/rewie-show\/lord-of-the-dance\" class=\"button button--theme-primary-yellow button--withIconLeft button--size-small\">\n            <span class=\"button__icon icon icon-ticket\"><\/span>\n            <p class=\"button__text typo-16 f-600\">Kup bilet<\/p>\n        <\/a>\n    <\/div>\n    <\/div>                                    <\/div>\n                                <\/div>\n                                                            <div class=\"tickets-slider__sliderItem swiper-slide\"\n                                    data-id=\"179493\"\n                                    data-name=\"Naj\u015bmieszniejsi 2026 - Kabaret Nowaki vs Kabaret Skecz\u00f3w M\u0119cz\u0105cych\"\n                                    data-brand=\"ESKANDER\"\n                                    data-category=\"widowiska\"\n                                    data-subcategory=\"kabarety\"\n                                    data-city=\"Grodzisk Mazowiecki, Nowy S\u0105cz, Ostr\u00f3w Wielkopolski i inne\"\n                                    data-venue=\"Amfiteatr Park Strzelecki\">\n                                    <div class=\"tickets-slider__sliderCard\">\n                                        \n<div class=\"card-ticket\">\n        <div class=\"card-ticket__image\">\n        <a href=\"https:\/\/www.ebilet.pl\/widowiska\/kabarety\/najsmieszniejsi\">\n            <img decoding=\"async\" src=\"https:\/\/www.ebilet.pl\/media\/cms\/media\/1t4oli0h\/najsmiesniejsi_552x736-66a3cfb8-a72b-4fad-bcb9-afd3f1d4ebf9.webp\" alt=\"Plakat wydarzenia\" \/>\n        <\/a>\n    <\/div>\n             \n    <div class=\"card-ticket__link\">\n        <a href=\"https:\/\/www.ebilet.pl\/widowiska\/kabarety\/najsmieszniejsi\" class=\"button button--theme-primary-yellow button--withIconLeft button--size-small\">\n            <span class=\"button__icon icon icon-ticket\"><\/span>\n            <p class=\"button__text typo-16 f-600\">Kup bilet<\/p>\n        <\/a>\n    <\/div>\n    <\/div>                                    <\/div>\n                                <\/div>\n                                                    <\/div>\n                    <\/div>\n                <\/div>\n            <\/div>\n        <\/div>\n    <\/div>\n<\/section>\n\n\n<section class=\"text-block  section-margin-32\" >\n    <div class=\"container\">\n        <div class=\"row\">\n            <div class=\"col-24\">\n                <div class=\"text-block__content\"><h2><strong>Jak wygl\u0105da satyra spo\u0142eczna w wykonaniu kabaret\u00f3w?<\/strong><\/h2>\n<p><span style=\"font-weight: 400;\">Ka\u017cdy kabaret mo\u017ce mie\u0107 swoje indywidualne podej\u015bcie do satyry spo\u0142ecznej. Niekt\u00f3re formacje odgrywaj\u0105 scenki zupe\u0142nie zmy\u015blone (np. skecz \u201eNiebo\u201d kabaretu Neo-N\u00f3wka), a inne takie, kt\u00f3re cho\u0107 s\u0105 fikcyjne, mog\u0105 si\u0119 przydarzy\u0107 ka\u017cdemu z nas (np. \u201eWigilia 2022\u201d kabaretu Neo-N\u00f3wka). Mo\u017cemy pok\u0142\u00f3ci\u0107 si\u0119 o polityk\u0119 przy kolacji wigilijnej, ale raczej nikt z nas nie b\u0119dzie \u015bwiadkiem prawdziwej rozmowy Boga i Lucyfera. S\u0105 te\u017c piosenki kabaretowe, takie jakie wykonywa\u0142 Kabaret Dudek.<\/span><\/p>\n<h3><strong>Kabaret Dudek i jego nast\u0119pcy<\/strong><\/h3>\n<p><span style=\"font-weight: 400;\">Kabaret Dudek istnia\u0142 w drugiej po\u0142owie XX wieku. Nale\u017ca\u0142y do niego wybitne osobowo\u015bci, takie jak Irena Kwiatkowska, Wies\u0142aw Michnikowski czy Wies\u0142aw Go\u0142as. Mentorem zespo\u0142u by\u0142 Jerzy Przybora, kt\u00f3ry wraz z Jeremim Przybor\u0105 stworzy\u0142 najbardziej wyrafinowany program \u201eGo\u0142oled\u017a\u201d. Nazywa\u0142 go <\/span><i><span style=\"font-weight: 400;\">muzyka\u0142em<\/span><\/i><span style=\"font-weight: 400;\"> (spolszczone s\u0142owo <\/span><i><span style=\"font-weight: 400;\">musical<\/span><\/i><span style=\"font-weight: 400;\">). <\/span><b>Wed\u0142ug jednego z cz\u0142onk\u00f3w Kabaretu Dudek, grupa ta przenios\u0142a ci\u0119\u017car surrealnej poetycko\u015bci na satyr\u0119 spo\u0142eczn\u0105.<\/b><span style=\"font-weight: 400;\"> Chcia\u0142a ona, by dowcip zawiera\u0142 w sobie g\u0142\u0119bszy przekaz spo\u0142eczny.\u00a0<\/span><\/p>\n<p><span style=\"font-weight: 400;\">Oczywi\u015bcie w okresie PRL-u wyra\u017canie opinii i pogl\u0105d\u00f3w na temat nie tylko polityki, ale te\u017c spo\u0142ecze\u0144stwa i obyczaj\u00f3w, wi\u0105za\u0142 si\u0119 z atakiem ze strony cenzury. Dlatego te\u017c kabarety musia\u0142y ucieka\u0107 si\u0119 do gier s\u0142ownych, kt\u00f3re tuszowa\u0142y prawdziwe pogl\u0105dy.\u00a0<\/span><\/p>\n<p><b>Kabarety od\u017cy\u0142y po transformacji ustrojowej.<\/b><span style=\"font-weight: 400;\"> Mog\u0142y one wtedy odetchn\u0105\u0107 z ulg\u0105 i w ko\u0144cu wyra\u017ca\u0107 swoje opinie szczerze i bez strachu przed aresztowaniem czy innymi konsekwencjami. <\/span><b>Jednymi z kabaret\u00f3w spo\u0142ecznych by\u0142y (i nadal s\u0105) Kabaret Moralnego Niepokoju oraz Kabaret Ani Mru-Mru. <\/b><span style=\"font-weight: 400;\">Komentuj\u0105 one aktualne wydarzenia i robi\u0105 to w b\u0142yskotliwy spos\u00f3b. Taka forma rozrywki ma zdolno\u015b\u0107 do ukazywania absurd\u00f3w i sprzeczno\u015bci, z kt\u00f3rymi mamy do czynienia na co dzie\u0144. Dzi\u0119ki temu widzowie nie tylko si\u0119 \u015bmiej\u0105, ale s\u0105 tak\u017ce sk\u0142aniani do reflekcji nad pewnymi zachowaniami i do\u015bwiadczeniami (kt\u00f3re w g\u0142\u00f3wnej mierze dotycz\u0105 ich samych i nie s\u0105 zupe\u0142nie oderwane od rzeczywisto\u015bci, a jedynie nieco wyolbrzymione). <\/span><b>Satyrycy cz\u0119sto si\u0119gaj\u0105 po stereotypy spo\u0142eczne, kt\u00f3re pozwalaj\u0105 na jeszcze g\u0142\u0119bsz\u0105 analiz\u0119 rzeczywisto\u015bci.<\/b><\/p>\n<\/div>\n            <\/div>\n        <\/div>\n    <\/div>\n<\/section>\n\n\n    <section class=\"events-carousel-block  section-margin-32\"\n        data-events-carousel\n        data-settings='{\"per_view\":5}'\n        data-item-list-name=\"Karuzela niska Polecamy na eBilet\"\n        data-item-list-id=\"karuzela_niska Polecamy na eBilet\"\n        >\n        <div class=\"container\">\n                            <div class=\"row\">\n                    <div class=\"col-24\">\n                        <div class=\"events-carousel-block__title\">\n                            <h2 class=\"typo-h2\">Polecamy na eBilet<\/h2>\n                        <\/div>\n                    <\/div>\n                <\/div>\n                        <div class=\"row\">\n                <div class=\"col-24\">\n                    <div class=\"events-carousel-block__events\">\n                        <div class=\"events-carousel-block__nav events-carousel-block__nav--prev\">\n                            <div class=\"button button--withIcon button--theme-white-blur button--size-fixed-48\" data-events-carousel-prev>\n                                <span class=\"button__icon icon icon-chevron-left\"><\/span>\n                            <\/div>\n                        <\/div>\n                        <div class=\"events-carousel-block__nav events-carousel-block__nav--next\">\n                            <div class=\"button button--withIcon button--theme-white-blur button--size-fixed-48\" data-events-carousel-next>\n                                <span class=\"button__icon icon icon-chevron-right\"><\/span>\n                            <\/div>\n                        <\/div>\n                        <div class=\"events-carousel-block__slider swiper\" data-events-carousel-slider>\n                            <div class=\"events-carousel-block__sliderWrapper swiper-wrapper\">\n                                                                    <div class=\"events-carousel-block__sliderItem swiper-slide\"\n                                        data-id=\"132950\"\n                                        data-name=\"Kabaret Skecz\u00f3w M\u0119cz\u0105cych &quot;Jeszcze nigdy nie by\u0142o tak dobrze - 20-lecie Kabaretu&quot;\"\n                                        data-brand=\"ESKANDER\"\n                                        data-category=\"widowiska\"\n                                        data-subcategory=\"kabarety\"\n                                        data-city=\"Jas\u0142o, Mielec, Rabka-Zdr\u00f3j i inne\"\n                                        data-venue=\"Hala widowiskowo-sportowa Halemba\">\n                                        \n<div class=\"card-event  card-event--size-small\">\n        <a href=\"https:\/\/www.ebilet.pl\/widowiska\/kabarety\/kabaret-skeczow-meczacych-jubileusz\" target=\"_blank\" class=\"card-event__link\" rel=\"nofollow noopener\"><\/a>\n        <div class=\"card-event__wrapper\">\n        <div class=\"card-event__image\">\n            <img decoding=\"async\" src=\"https:\/\/www.ebilet.pl\/media\/cms\/media\/hflbh4zc\/ksm_20-lecie_656x369-3-dc74fb7e-f1d1-4846-a276-d9729737b8cb.webp\" alt=\"\">\n        <\/div>\n        <div class=\"card-event__data\">\n            <div class=\"card-event__name\">\n                <p>Kabaret Skecz\u00f3w M\u0119cz\u0105cych &#8220;Jeszcze nigdy nie by\u0142o tak dobrze &#8211; 20-lecie Kabaretu&#8221;<\/p>\n            <\/div>\n            <div class=\"card-event__date\"><\/div>\n            <div class=\"card-event__location\">Jas\u0142o, Mielec, Rabka-Zdr\u00f3j i inne<\/div>\n        <\/div>\n    <\/div>\n<\/div>                                    <\/div>\n                                                                    <div class=\"events-carousel-block__sliderItem swiper-slide\"\n                                        data-id=\"42818\"\n                                        data-name=\"Maciej Stuhr: MAM TO WSZYSTKO W STANDUPIE!\"\n                                        data-brand=\"Adria Art\"\n                                        data-category=\"widowiska\"\n                                        data-subcategory=\"kabarety\"\n                                        data-city=\"Kielce, Warszawa\"\n                                        data-venue=\"Kieleckie Centrum Kultury\">\n                                        \n<div class=\"card-event  card-event--size-small\">\n        <a href=\"https:\/\/www.ebilet.pl\/widowiska\/kabarety\/maciej-stuhr\" target=\"_blank\" class=\"card-event__link\" rel=\"nofollow noopener\"><\/a>\n        <div class=\"card-event__wrapper\">\n        <div class=\"card-event__image\">\n            <img decoding=\"async\" src=\"https:\/\/www.ebilet.pl\/media\/cms\/media\/dxcjwv3u\/ebilet_656x369_maciej-stuhr-mam-to-wszystko-w-stand-upie-f04d8be6-823d-4886-afba-f2503b03a7f1.webp\" alt=\"\">\n        <\/div>\n        <div class=\"card-event__data\">\n            <div class=\"card-event__name\">\n                <p>Maciej Stuhr: MAM TO WSZYSTKO W STANDUPIE!<\/p>\n            <\/div>\n            <div class=\"card-event__date\"><\/div>\n            <div class=\"card-event__location\">Kielce, Warszawa<\/div>\n        <\/div>\n    <\/div>\n<\/div>                                    <\/div>\n                                                                    <div class=\"events-carousel-block__sliderItem swiper-slide\"\n                                        data-id=\"11117\"\n                                        data-name=\"Kabaret Ani Mru Mru \"\n                                        data-brand=\"KEREZA Krzysztof Wi\u015bniewski\"\n                                        data-category=\"widowiska\"\n                                        data-subcategory=\"kabarety\"\n                                        data-city=\"Kielce, \u015awidnik\"\n                                        data-venue=\"Miejski O\u015brodek Kultury w \u015awidniku\">\n                                        \n<div class=\"card-event  card-event--size-small\">\n        <a href=\"https:\/\/www.ebilet.pl\/widowiska\/kabarety\/kabaret-ani-mru-mru\" target=\"_blank\" class=\"card-event__link\" rel=\"nofollow noopener\"><\/a>\n        <div class=\"card-event__wrapper\">\n        <div class=\"card-event__image\">\n            <img decoding=\"async\" src=\"https:\/\/www.ebilet.pl\/media\/cms\/media\/yxjehv1v\/656x369-ebilet-amm-6b5dd395-5de6-4e6f-9995-12cbc23a55cc.webp\" alt=\"\">\n        <\/div>\n        <div class=\"card-event__data\">\n            <div class=\"card-event__name\">\n                <p>Kabaret Ani Mru Mru <\/p>\n            <\/div>\n            <div class=\"card-event__date\"><\/div>\n            <div class=\"card-event__location\">Kielce, \u015awidnik<\/div>\n        <\/div>\n    <\/div>\n<\/div>                                    <\/div>\n                                                                    <div class=\"events-carousel-block__sliderItem swiper-slide\"\n                                        data-id=\"149215\"\n                                        data-name=\"Kabaret Moralnego Niepokoju - Normalne to to nie jest\"\n                                        data-brand=\"Adria Art\"\n                                        data-category=\"widowiska\"\n                                        data-subcategory=\"kabarety\"\n                                        data-city=\"\u0141om\u017ca, \u0141\u00f3d\u017a, Toru\u0144 i inne\"\n                                        data-venue=\"Dom Muzyki i Ta\u0144ca\">\n                                        \n<div class=\"card-event  card-event--size-small\">\n        <a href=\"https:\/\/www.ebilet.pl\/widowiska\/kabarety\/kabaret-moralnego-niepokoju-normalne-to-to-nie-jest\" target=\"_blank\" class=\"card-event__link\" rel=\"nofollow noopener\"><\/a>\n        <div class=\"card-event__wrapper\">\n        <div class=\"card-event__image\">\n            <img decoding=\"async\" src=\"https:\/\/www.ebilet.pl\/media\/cms\/media\/qg3pxpu3\/ebilet_656x369_kmn-normalne-to-to-nie-jest-25aa05a8-8456-4299-ae5b-0e92d648bec5.webp\" alt=\"\">\n        <\/div>\n        <div class=\"card-event__data\">\n            <div class=\"card-event__name\">\n                <p>Kabaret Moralnego Niepokoju &#8211; Normalne to to nie jest<\/p>\n            <\/div>\n            <div class=\"card-event__date\"><\/div>\n            <div class=\"card-event__location\">\u0141om\u017ca, \u0141\u00f3d\u017a, Toru\u0144 i inne<\/div>\n        <\/div>\n    <\/div>\n<\/div>                                    <\/div>\n                                                                    <div class=\"events-carousel-block__sliderItem swiper-slide\"\n                                        data-id=\"34605\"\n                                        data-name=\"Andrzej Poniedzielski - Jubileusz 50-lecia pracy tw\u00f3rczej i 70-lecie urodzin!\"\n                                        data-brand=\"Adria Art\"\n                                        data-category=\"widowiska\"\n                                        data-subcategory=\"kabarety\"\n                                        data-city=\"Gda\u0144sk, Gdynia, Olsztyn i inne\"\n                                        data-venue=\"Sala Koncertowa Zarz\u0105du Morskiego Portu Gdynia S.A.\">\n                                        \n<div class=\"card-event  card-event--size-small\">\n        <a href=\"https:\/\/www.ebilet.pl\/widowiska\/kabarety\/andrzej-poniedzielski\" target=\"_blank\" class=\"card-event__link\" rel=\"nofollow noopener\"><\/a>\n        <div class=\"card-event__wrapper\">\n        <div class=\"card-event__image\">\n            <img decoding=\"async\" src=\"https:\/\/www.ebilet.pl\/media\/cms\/media\/wuuhky4m\/656-x-369-px-7-30419ba4-cdd7-45d2-a919-83c3c61ed82c.webp\" alt=\"\">\n        <\/div>\n        <div class=\"card-event__data\">\n            <div class=\"card-event__name\">\n                <p>Andrzej Poniedzielski &#8211; Jubileusz 50-lecia pracy tw\u00f3rczej i 70-lecie urodzin!<\/p>\n            <\/div>\n            <div class=\"card-event__date\"><\/div>\n            <div class=\"card-event__location\">Gda\u0144sk, Gdynia, Olsztyn i inne<\/div>\n        <\/div>\n    <\/div>\n<\/div>                                    <\/div>\n                                                                    <div class=\"events-carousel-block__sliderItem swiper-slide\"\n                                        data-id=\"149841\"\n                                        data-name=\"Kabaret M\u0142odych Pan\u00f3w - Z \u017bartami Nie Ma \u017bart\u00f3w - 20-lecie\"\n                                        data-brand=\"ESKANDER\"\n                                        data-category=\"widowiska\"\n                                        data-subcategory=\"kabarety\"\n                                        data-city=\"Bi\u0142goraj, Elbl\u0105g, Ostr\u00f3w Wielkopolski i inne\"\n                                        data-venue=\"AQUA \u017bYRARD\u00d3W\">\n                                        \n<div class=\"card-event  card-event--size-small\">\n        <a href=\"https:\/\/www.ebilet.pl\/widowiska\/kabarety\/kabaret-mlodych-panow-jubileusz\" target=\"_blank\" class=\"card-event__link\" rel=\"nofollow noopener\"><\/a>\n        <div class=\"card-event__wrapper\">\n        <div class=\"card-event__image\">\n            <img decoding=\"async\" src=\"https:\/\/www.ebilet.pl\/media\/cms\/media\/slopdszr\/kmp_20lat_656x369-0fd06741-5229-4e65-8300-af91f6f51be4.webp\" alt=\"\">\n        <\/div>\n        <div class=\"card-event__data\">\n            <div class=\"card-event__name\">\n                <p>Kabaret M\u0142odych Pan\u00f3w &#8211; Z \u017bartami Nie Ma \u017bart\u00f3w &#8211; 20-lecie<\/p>\n            <\/div>\n            <div class=\"card-event__date\"><\/div>\n            <div class=\"card-event__location\">Bi\u0142goraj, Elbl\u0105g, Ostr\u00f3w Wielkopolski i inne<\/div>\n        <\/div>\n    <\/div>\n<\/div>                                    <\/div>\n                                                                    <div class=\"events-carousel-block__sliderItem swiper-slide\"\n                                        data-id=\"160280\"\n                                        data-name=\"Igor Kwiatkowski - Introwertyk\"\n                                        data-brand=\"ESKANDER\"\n                                        data-category=\"widowiska\"\n                                        data-subcategory=\"kabarety\"\n                                        data-city=\"Che\u0142m, D\u0119bica, Krak\u00f3w i inne\"\n                                        data-venue=\"Che\u0142mski Dom Kultury\">\n                                        \n<div class=\"card-event  card-event--size-small\">\n        <a href=\"https:\/\/www.ebilet.pl\/widowiska\/kabarety\/igor-kwiatkowski-nowy-program\" target=\"_blank\" class=\"card-event__link\" rel=\"nofollow noopener\"><\/a>\n        <div class=\"card-event__wrapper\">\n        <div class=\"card-event__image\">\n            <img decoding=\"async\" src=\"https:\/\/www.ebilet.pl\/media\/cms\/media\/hw5nj2ls\/igor_kwiatkowski_introwertyk_656x369-c8ce506b-1345-458f-9aaf-652a9f104a5b.webp\" alt=\"\">\n        <\/div>\n        <div class=\"card-event__data\">\n            <div class=\"card-event__name\">\n                <p>Igor Kwiatkowski &#8211; Introwertyk<\/p>\n            <\/div>\n            <div class=\"card-event__date\"><\/div>\n            <div class=\"card-event__location\">Che\u0142m, D\u0119bica, Krak\u00f3w i inne<\/div>\n        <\/div>\n    <\/div>\n<\/div>                                    <\/div>\n                                                                    <div class=\"events-carousel-block__sliderItem swiper-slide\"\n                                        data-id=\"154759\"\n                                        data-name=\"Kabaret Smile &quot;CONTRA&quot;\"\n                                        data-brand=\"KEREZA Krzysztof Wi\u015bniewski\"\n                                        data-category=\"widowiska\"\n                                        data-subcategory=\"kabarety\"\n                                        data-city=\"Bia\u0142ystok, Bi\u0142goraj, Bydgoszcz i inne\"\n                                        data-venue=\"Pu\u0142awski O\u015brodek Kultury Dom Chemika\">\n                                        \n<div class=\"card-event  card-event--size-small\">\n        <a href=\"https:\/\/www.ebilet.pl\/widowiska\/kabarety\/kabaret-smile-contra\" target=\"_blank\" class=\"card-event__link\" rel=\"nofollow noopener\"><\/a>\n        <div class=\"card-event__wrapper\">\n        <div class=\"card-event__image\">\n            <img decoding=\"async\" src=\"https:\/\/www.ebilet.pl\/media\/cms\/media\/psvj4tsd\/contra-656x369px-kopia-b25ec7be-0048-442f-9a68-6864edf8dcdb.webp\" alt=\"\">\n        <\/div>\n        <div class=\"card-event__data\">\n            <div class=\"card-event__name\">\n                <p>Kabaret Smile &#8220;CONTRA&#8221;<\/p>\n            <\/div>\n            <div class=\"card-event__date\"><\/div>\n            <div class=\"card-event__location\">Bia\u0142ystok, Bi\u0142goraj, Bydgoszcz i inne<\/div>\n        <\/div>\n    <\/div>\n<\/div>                                    <\/div>\n                                                                    <div class=\"events-carousel-block__sliderItem swiper-slide\"\n                                        data-id=\"162774\"\n                                        data-name=\"Kabaret Neo-N\u00f3wka: Pokolenie DNA - Nowy Program 2026\"\n                                        data-brand=\"QUALITIM Sp. z o.o.\"\n                                        data-category=\"widowiska\"\n                                        data-subcategory=\"kabarety\"\n                                        data-city=\"B\u0119dzin, Bielsko-Bia\u0142a, Che\u0142m i inne\"\n                                        data-venue=\"Arena Jask\u00f3\u0142ka\">\n                                        \n<div class=\"card-event  card-event--size-small\">\n        <a href=\"https:\/\/www.ebilet.pl\/widowiska\/kabarety\/kabaret-neo-nowka-nowy-program\" target=\"_blank\" class=\"card-event__link\" rel=\"nofollow noopener\"><\/a>\n        <div class=\"card-event__wrapper\">\n        <div class=\"card-event__image\">\n            <img decoding=\"async\" src=\"https:\/\/www.ebilet.pl\/media\/cms\/media\/kjapisyl\/dna-poziom1-89f3a3b2-11dc-467f-ba0c-fc35004290fb.webp\" alt=\"\">\n        <\/div>\n        <div class=\"card-event__data\">\n            <div class=\"card-event__name\">\n                <p>Kabaret Neo-N\u00f3wka: Pokolenie DNA &#8211; Nowy Program 2026<\/p>\n            <\/div>\n            <div class=\"card-event__date\"><\/div>\n            <div class=\"card-event__location\">B\u0119dzin, Bielsko-Bia\u0142a, Che\u0142m i inne<\/div>\n        <\/div>\n    <\/div>\n<\/div>                                    <\/div>\n                                                                    <div class=\"events-carousel-block__sliderItem swiper-slide\"\n                                        data-id=\"93077\"\n                                        data-name=\"Kabaret Nowaki - Mieli\u015bmy do tego nie wraca\u0107\"\n                                        data-brand=\"ESKANDER\"\n                                        data-category=\"widowiska\"\n                                        data-subcategory=\"kabarety\"\n                                        data-city=\"B\u0119dzin, Bielsko-Bia\u0142a, Jaworzno i inne\"\n                                        data-venue=\"Sport Arena w \u0141odzi\">\n                                        \n<div class=\"card-event  card-event--size-small\">\n        <a href=\"https:\/\/www.ebilet.pl\/widowiska\/kabarety\/kabaret-nowaki-nowy-program\" target=\"_blank\" class=\"card-event__link\" rel=\"nofollow noopener\"><\/a>\n        <div class=\"card-event__wrapper\">\n        <div class=\"card-event__image\">\n            <img decoding=\"async\" src=\"https:\/\/www.ebilet.pl\/media\/cms\/media\/lunj3box\/nowaki_mdtnw_656x369.webp\" alt=\"\">\n        <\/div>\n        <div class=\"card-event__data\">\n            <div class=\"card-event__name\">\n                <p>Kabaret Nowaki &#8211; Mieli\u015bmy do tego nie wraca\u0107<\/p>\n            <\/div>\n            <div class=\"card-event__date\"><\/div>\n            <div class=\"card-event__location\">B\u0119dzin, Bielsko-Bia\u0142a, Jaworzno i inne<\/div>\n        <\/div>\n    <\/div>\n<\/div>                                    <\/div>\n                                                                    <div class=\"events-carousel-block__sliderItem swiper-slide\"\n                                        data-id=\"6262\"\n                                        data-name=\"Artur Andrus - Recital kabaretowy\"\n                                        data-brand=\"Live Concert\"\n                                        data-category=\"widowiska\"\n                                        data-subcategory=\"kabarety\"\n                                        data-city=\"Kielce, P\u0142ock, Pszczyna i inne\"\n                                        data-venue=\"Pszczy\u0144skie Centrum Kultury\">\n                                        \n<div class=\"card-event  card-event--size-small\">\n        <a href=\"https:\/\/www.ebilet.pl\/widowiska\/kabarety\/artur-andrus-recital-kabaretowy\" target=\"_blank\" class=\"card-event__link\" rel=\"nofollow noopener\"><\/a>\n        <div class=\"card-event__wrapper\">\n        <div class=\"card-event__image\">\n            <img decoding=\"async\" src=\"https:\/\/www.ebilet.pl\/media\/cms\/media\/xmyebio0\/aa_recital_656x369.webp\" alt=\"\">\n        <\/div>\n        <div class=\"card-event__data\">\n            <div class=\"card-event__name\">\n                <p>Artur Andrus &#8211; Recital kabaretowy<\/p>\n            <\/div>\n            <div class=\"card-event__date\"><\/div>\n            <div class=\"card-event__location\">Kielce, P\u0142ock, Pszczyna i inne<\/div>\n        <\/div>\n    <\/div>\n<\/div>                                    <\/div>\n                                                                    <div class=\"events-carousel-block__sliderItem swiper-slide\"\n                                        data-id=\"6237\"\n                                        data-name=\"Piotr Ba\u0142troczyk Stand-up\"\n                                        data-brand=\"STAGE PRODUCTION GROUP SP. Z O.O. SP. KOMANDYTOWA\"\n                                        data-category=\"widowiska\"\n                                        data-subcategory=\"kabarety\"\n                                        data-city=\"\u0141\u00f3d\u017a, Pozna\u0144, Sopot i inne\"\n                                        data-venue=\"Tarasy przy Parku Wodnym Sopot\">\n                                        \n<div class=\"card-event  card-event--size-small\">\n        <a href=\"https:\/\/www.ebilet.pl\/widowiska\/kabarety\/piotr-baltroczyk-kabaret\" target=\"_blank\" class=\"card-event__link\" rel=\"nofollow noopener\"><\/a>\n        <div class=\"card-event__wrapper\">\n        <div class=\"card-event__image\">\n            <img decoding=\"async\" src=\"https:\/\/www.ebilet.pl\/media\/cms\/media\/kmakg2za\/baltorczyk_656x369-kopia-87eb319b-2cc4-42c4-a4a6-2b63e90d4d75.webp\" alt=\"\">\n        <\/div>\n        <div class=\"card-event__data\">\n            <div class=\"card-event__name\">\n                <p>Piotr Ba\u0142troczyk Stand-up<\/p>\n            <\/div>\n            <div class=\"card-event__date\"><\/div>\n            <div class=\"card-event__location\">\u0141\u00f3d\u017a, Pozna\u0144, Sopot i inne<\/div>\n        <\/div>\n    <\/div>\n<\/div>                                    <\/div>\n                                                                    <div class=\"events-carousel-block__sliderItem swiper-slide\"\n                                        data-id=\"169936\"\n                                        data-name=\"K2 - Jedziemy na luzie\"\n                                        data-brand=\"ESKANDER\"\n                                        data-category=\"widowiska\"\n                                        data-subcategory=\"kabarety\"\n                                        data-city=\"Nowy Tomy\u015bl, Zb\u0105szynek\"\n                                        data-venue=\"Nowotomyski O\u015brodek Kultury \">\n                                        \n<div class=\"card-event  card-event--size-small\">\n        <a href=\"https:\/\/www.ebilet.pl\/widowiska\/kabarety\/k2\" target=\"_blank\" class=\"card-event__link\" rel=\"nofollow noopener\"><\/a>\n        <div class=\"card-event__wrapper\">\n        <div class=\"card-event__image\">\n            <img decoding=\"async\" src=\"https:\/\/www.ebilet.pl\/media\/cms\/media\/aard140w\/k2_naluzie_656x369.webp\" alt=\"\">\n        <\/div>\n        <div class=\"card-event__data\">\n            <div class=\"card-event__name\">\n                <p>K2 &#8211; Jedziemy na luzie<\/p>\n            <\/div>\n            <div class=\"card-event__date\"><\/div>\n            <div class=\"card-event__location\">Nowy Tomy\u015bl, Zb\u0105szynek<\/div>\n        <\/div>\n    <\/div>\n<\/div>                                    <\/div>\n                                                                    <div class=\"events-carousel-block__sliderItem swiper-slide\"\n                                        data-id=\"188650\"\n                                        data-name=\"Kabaret hrAbi &amp; Go\u015bcie - Potemowe piosenki\"\n                                        data-brand=\"Sztukoteka\"\n                                        data-category=\"widowiska\"\n                                        data-subcategory=\"kabarety\"\n                                        data-city=\"Warszawa\"\n                                        data-venue=\"Scena Relax\">\n                                        \n<div class=\"card-event  card-event--size-small\">\n        <a href=\"https:\/\/www.ebilet.pl\/widowiska\/kabarety\/kabaret-potem\" target=\"_blank\" class=\"card-event__link\" rel=\"nofollow noopener\"><\/a>\n        <div class=\"card-event__wrapper\">\n        <div class=\"card-event__image\">\n            <img decoding=\"async\" src=\"https:\/\/www.ebilet.pl\/media\/cms\/media\/xnpjf3ql\/eb_656x369_kabaret-hrabi_potemowe-piosenki-d31e6996-bcb5-4970-83fe-897cf094ecee.webp\" alt=\"\">\n        <\/div>\n        <div class=\"card-event__data\">\n            <div class=\"card-event__name\">\n                <p>Kabaret hrAbi &#038; Go\u015bcie &#8211; Potemowe piosenki<\/p>\n            <\/div>\n            <div class=\"card-event__date\"><\/div>\n            <div class=\"card-event__location\">Warszawa<\/div>\n        <\/div>\n    <\/div>\n<\/div>                                    <\/div>\n                                                                    <div class=\"events-carousel-block__sliderItem swiper-slide\"\n                                        data-id=\"13655\"\n                                        data-name=\"Kabaret hrAbi &amp; Wojtek Kami\u0144ski - By\u0107 facetem\"\n                                        data-brand=\"Sztukoteka\"\n                                        data-category=\"widowiska\"\n                                        data-subcategory=\"kabarety\"\n                                        data-city=\"D\u0105browa G\u00f3rnicza, Gdynia, Grudzi\u0105dz i inne\"\n                                        data-venue=\"Sala Koncertowa Radia Wroc\u0142aw\">\n                                        \n<div class=\"card-event  card-event--size-small\">\n        <a href=\"https:\/\/www.ebilet.pl\/widowiska\/kabarety\/kabaret-hrabi\" target=\"_blank\" class=\"card-event__link\" rel=\"nofollow noopener\"><\/a>\n        <div class=\"card-event__wrapper\">\n        <div class=\"card-event__image\">\n            <img decoding=\"async\" src=\"https:\/\/www.ebilet.pl\/media\/cms\/media\/4ikl0vjz\/ebilet_656x369_bycfacetem_t2-26590854-bbbf-40a8-bece-e6fcb29f4f9e.webp\" alt=\"\">\n        <\/div>\n        <div class=\"card-event__data\">\n            <div class=\"card-event__name\">\n                <p>Kabaret hrAbi &#038; Wojtek Kami\u0144ski &#8211; By\u0107 facetem<\/p>\n            <\/div>\n            <div class=\"card-event__date\"><\/div>\n            <div class=\"card-event__location\">D\u0105browa G\u00f3rnicza, Gdynia, Grudzi\u0105dz i inne<\/div>\n        <\/div>\n    <\/div>\n<\/div>                                    <\/div>\n                                                                    <div class=\"events-carousel-block__sliderItem swiper-slide\"\n                                        data-id=\"174009\"\n                                        data-name=\"Polska Noc Kabaretowa 2026\"\n                                        data-brand=\"ESKANDER\"\n                                        data-category=\"widowiska\"\n                                        data-subcategory=\"kabarety\"\n                                        data-city=\"Bia\u0142ystok, Bielsko-Bia\u0142a, Bydgoszcz i inne\"\n                                        data-venue=\"Narodowe Centrum Polskiej Piosenki\">\n                                        \n<div class=\"card-event  card-event--size-small\">\n        <a href=\"https:\/\/www.ebilet.pl\/widowiska\/kabarety\/polska-noc-kabaretowa-2026\" target=\"_blank\" class=\"card-event__link\" rel=\"nofollow noopener\"><\/a>\n        <div class=\"card-event__wrapper\">\n        <div class=\"card-event__image\">\n            <img decoding=\"async\" src=\"https:\/\/www.ebilet.pl\/media\/cms\/media\/oydcva1h\/poziomn-acc881ad-17b5-4d2b-bac2-e39d5683964c.webp\" alt=\"\">\n        <\/div>\n        <div class=\"card-event__data\">\n            <div class=\"card-event__name\">\n                <p>Polska Noc Kabaretowa 2026<\/p>\n            <\/div>\n            <div class=\"card-event__date\"><\/div>\n            <div class=\"card-event__location\">Bia\u0142ystok, Bielsko-Bia\u0142a, Bydgoszcz i inne<\/div>\n        <\/div>\n    <\/div>\n<\/div>                                    <\/div>\n                                                                    <div class=\"events-carousel-block__sliderItem swiper-slide\"\n                                        data-id=\"12966\"\n                                        data-name=\"Kabaret Paranienormalni \u2013 nowy program \u201eOstre Ci\u0119cie\u201d\"\n                                        data-brand=\"Nowohuckie Centrum Kultury\"\n                                        data-category=\"widowiska\"\n                                        data-subcategory=\"kabarety\"\n                                        data-city=\"\u0141ask\"\n                                        data-venue=\"Columna Medica Hotel Klinika\">\n                                        \n<div class=\"card-event  card-event--size-small\">\n        <a href=\"https:\/\/www.ebilet.pl\/widowiska\/kabarety\/kabaret-paranienormalni\" target=\"_blank\" class=\"card-event__link\" rel=\"nofollow noopener\"><\/a>\n        <div class=\"card-event__wrapper\">\n        <div class=\"card-event__image\">\n            <img decoding=\"async\" src=\"https:\/\/www.ebilet.pl\/media\/cms\/media\/fo0dhnnz\/grafika_ostre_ciecie_656x369_px.webp\" alt=\"\">\n        <\/div>\n        <div class=\"card-event__data\">\n            <div class=\"card-event__name\">\n                <p>Kabaret Paranienormalni \u2013 nowy program \u201eOstre Ci\u0119cie\u201d<\/p>\n            <\/div>\n            <div class=\"card-event__date\"><\/div>\n            <div class=\"card-event__location\">\u0141ask<\/div>\n        <\/div>\n    <\/div>\n<\/div>                                    <\/div>\n                                                                    <div class=\"events-carousel-block__sliderItem swiper-slide\"\n                                        data-id=\"12978\"\n                                        data-name=\"Kabaret Skecz\u00f3w M\u0119cz\u0105cych: &quot;Wielcy wracaj\u0105&quot;\"\n                                        data-brand=\"ESKANDER\"\n                                        data-category=\"widowiska\"\n                                        data-subcategory=\"kabarety\"\n                                        data-city=\"Be\u0142chat\u00f3w, Nowy Targ, Skar\u017cysko-Kamienna\"\n                                        data-venue=\"Sala Teatralno-Widowiskowa MCK PGE Giganty Mocy\">\n                                        \n<div class=\"card-event  card-event--size-small\">\n        <a href=\"https:\/\/www.ebilet.pl\/widowiska\/kabarety\/kabaret-skeczow-meczacych\" target=\"_blank\" class=\"card-event__link\" rel=\"nofollow noopener\"><\/a>\n        <div class=\"card-event__wrapper\">\n        <div class=\"card-event__image\">\n            <img decoding=\"async\" src=\"https:\/\/www.ebilet.pl\/media\/cms\/media\/fvoa24ft\/ksm_wielcy_656x369-ef1cd1d0-d47d-4c22-9f94-a1b74380decc.webp\" alt=\"\">\n        <\/div>\n        <div class=\"card-event__data\">\n            <div class=\"card-event__name\">\n                <p>Kabaret Skecz\u00f3w M\u0119cz\u0105cych: &#8220;Wielcy wracaj\u0105&#8221;<\/p>\n            <\/div>\n            <div class=\"card-event__date\"><\/div>\n            <div class=\"card-event__location\">Be\u0142chat\u00f3w, Nowy Targ, Skar\u017cysko-Kamienna<\/div>\n        <\/div>\n    <\/div>\n<\/div>                                    <\/div>\n                                                                    <div class=\"events-carousel-block__sliderItem swiper-slide\"\n                                        data-id=\"203619\"\n                                        data-name=\"Bohdan \u0141azuka\"\n                                        data-brand=\"Bielskie Centrum Kultury im. Marii Koterbskiej\"\n                                        data-category=\"widowiska\"\n                                        data-subcategory=\"kabarety\"\n                                        data-city=\"Bielsko-Bia\u0142a\"\n                                        data-venue=\"Bielskie Centrum Kultury\">\n                                        \n<div class=\"card-event  card-event--size-small\">\n        <a href=\"https:\/\/www.ebilet.pl\/widowiska\/kabarety\/bohdan-lazuka\" target=\"_blank\" class=\"card-event__link\" rel=\"nofollow noopener\"><\/a>\n        <div class=\"card-event__wrapper\">\n        <div class=\"card-event__image\">\n            <img decoding=\"async\" src=\"https:\/\/www.ebilet.pl\/media\/cms\/media\/drqb3n3t\/_-_azuka-_-ebilet-1.webp\" alt=\"\">\n        <\/div>\n        <div class=\"card-event__data\">\n            <div class=\"card-event__name\">\n                <p>Bohdan \u0141azuka<\/p>\n            <\/div>\n            <div class=\"card-event__date\"><\/div>\n            <div class=\"card-event__location\">Bielsko-Bia\u0142a<\/div>\n        <\/div>\n    <\/div>\n<\/div>                                    <\/div>\n                                                                    <div class=\"events-carousel-block__sliderItem swiper-slide\"\n                                        data-id=\"49309\"\n                                        data-name=\"Krzysztof Daukszewicz - Hrabia wr\u00f3ci\u0142\"\n                                        data-brand=\"WIKART MA\u0141GORZATA WNUK\"\n                                        data-category=\"widowiska\"\n                                        data-subcategory=\"kabarety\"\n                                        data-city=\"Wroc\u0142aw\"\n                                        data-venue=\"Sala Koncertowa Radia Wroc\u0142aw\">\n                                        \n<div class=\"card-event  card-event--size-small\">\n        <a href=\"https:\/\/www.ebilet.pl\/widowiska\/kabarety\/krzysztof-daukszewicz\" target=\"_blank\" class=\"card-event__link\" rel=\"nofollow noopener\"><\/a>\n        <div class=\"card-event__wrapper\">\n        <div class=\"card-event__image\">\n            <img decoding=\"async\" src=\"https:\/\/www.ebilet.pl\/media\/cms\/media\/c41fjo1o\/krzysztof-daukszewicz-656-x-369-px-6f641487-f97f-41cf-8f76-9dc77888fb39.webp\" alt=\"\">\n        <\/div>\n        <div class=\"card-event__data\">\n            <div class=\"card-event__name\">\n                <p>Krzysztof Daukszewicz &#8211; Hrabia wr\u00f3ci\u0142<\/p>\n            <\/div>\n            <div class=\"card-event__date\"><\/div>\n            <div class=\"card-event__location\">Wroc\u0142aw<\/div>\n        <\/div>\n    <\/div>\n<\/div>                                    <\/div>\n                                                            <\/div>\n                        <\/div>\n                    <\/div>\n                    <div class=\"events-carousel-block__pagination\">\n                        <div class=\"swiper-pagination slider-pagination\" data-events-carousel-pagination><\/div>\n                    <\/div>\n                <\/div>\n            <\/div>\n        <\/div>\n    <\/section>\n\n\n\n<section class=\"text-block  section-margin-32\" >\n    <div class=\"container\">\n        <div class=\"row\">\n            <div class=\"col-24\">\n                <div class=\"text-block__content\"><p><span style=\"font-weight: 400;\">Jak m\u00f3wi\u0105 cz\u0142onkowie kabaretu Smile:\u00a0<\/span><\/p>\n<p><i><span style=\"font-weight: 400;\">Preferujemy skecze obyczajowe, bazuj\u0105ce na humorze sytuacyjnym oraz na charakterystycznych postaciach. Lubimy bawi\u0107 si\u0119 form\u0105. Szukamy absurd\u00f3w \u017cycia codziennego i przenosimy je na scen\u0119. Uwielbiamy \u015bpiewa\u0107, jeden z nas nawet potrafi, dlatego te\u017c nasz\u0105 siln\u0105 stron\u0105 jest piosenka kabaretowa. Unikamy humoru politycznego bo po co parodiowa\u0107 komedi\u0119.<\/span><\/i><\/p>\n<p><span style=\"font-weight: 400;\">To idealne podsumowanie kabaret\u00f3w spo\u0142ecznych.\u00a0<\/span><\/p>\n<h2><strong>Dlaczego kabarety spo\u0142eczne s\u0105 tak lubiane?<\/strong><\/h2>\n<p><span style=\"font-weight: 400;\">Kabarety spo\u0142eczne s\u0105 lubiane przez Polak\u00f3w z kilku powod\u00f3w m.in.:<\/span><\/p>\n<ul>\n<li style=\"font-weight: 400;\" aria-level=\"1\"><span style=\"font-weight: 400;\">lubi\u0105 si\u0119 oni \u015bmia\u0107 z innych,<\/span><\/li>\n<li style=\"font-weight: 400;\" aria-level=\"1\"><span style=\"font-weight: 400;\">potrzebuj\u0105 lekkiej rozrywki.<\/span><\/li>\n<\/ul>\n<p><span style=\"font-weight: 400;\">Cz\u0119sto nie zauwa\u017camy, \u017ce \u015bmiej\u0105c si\u0119 z innych (w tym przypadku z komik\u00f3w wyst\u0119puj\u0105cych na scenie), \u015bmiejemy si\u0119 jednocze\u015bnie z samych siebie. Cho\u0107 nie jeste\u015bmy tego \u015bwiadomi, nabieramy do siebie samych i do swoich zachowa\u0144 dystansu, a w po\u0142\u0105czeniu z ostrze\u017ceniem, kt\u00f3re przekazuj\u0105 kabarety, mo\u017cemy doj\u015b\u0107 do pewnych zmian w swoim \u017cyciu.\u00a0<\/span><\/p>\n<h2><\/h2>\n<p><span style=\"font-weight: 400;\">Kabarety spo\u0142eczne s\u0105 nam bliskie. Cho\u0107 poruszaj\u0105 trudne tematy, np. stereotyp\u00f3w czy konflikt\u00f3w mi\u0119dzyludzkich, robi\u0105 to w zabawnej i lekkiej formie.\u00a0<\/span><\/p>\n<\/div>\n            <\/div>\n        <\/div>\n    <\/div>\n<\/section>\n\n\n<section class=\"events-slider-block  section-margin-32\" data-events-slider-block data-carousel-title=\"Gor\u0105ce wydarzenia\" data-carousel-type=\"karuzela_z_t\u0142em\" data-item-list-name=\"Karuzela z t\u0142em Gor\u0105ce wydarzenia\" data-item-list-id=\"karuzela_z_t\u0142em Gor\u0105ce wydarzenia\" >\n    <div class=\"container\">\n        <div class=\"row\">\n            <div class=\"col-24\">\n                <div class=\"events-slider-block__wrapper\">\n                                            <div class=\"events-slider-block__bg\"><img loading=\"lazy\" decoding=\"async\" width=\"1920\" height=\"1080\" src=\"https:\/\/www.ebilet.pl\/now\/app\/uploads\/2024\/04\/shutterstock_1308510637.jpg\" class=\"attachment-full size-full\" alt=\"Fot.\" srcset=\"https:\/\/www.ebilet.pl\/now\/app\/uploads\/2024\/04\/shutterstock_1308510637.jpg 1920w, https:\/\/www.ebilet.pl\/now\/app\/uploads\/2024\/04\/shutterstock_1308510637-1024x576.jpg 1024w, https:\/\/www.ebilet.pl\/now\/app\/uploads\/2024\/04\/shutterstock_1308510637-1536x864.jpg 1536w, https:\/\/www.ebilet.pl\/now\/app\/uploads\/2024\/04\/shutterstock_1308510637-1280x720.jpg 1280w, https:\/\/www.ebilet.pl\/now\/app\/uploads\/2024\/04\/shutterstock_1308510637-500x281.jpg 500w, https:\/\/www.ebilet.pl\/now\/app\/uploads\/2024\/04\/shutterstock_1308510637-632x356.jpg 632w, https:\/\/www.ebilet.pl\/now\/app\/uploads\/2024\/04\/shutterstock_1308510637-308x174.jpg 308w\" sizes=\"(max-width: 1920px) 100vw, 1920px\" \/><\/div>\n                                                                <div class=\"events-slider-block__top\">\n                                                            <div class=\"events-slider-block__title desktop\">\n                                    <h2 class=\"typo-h2\">Gor\u0105ce wydarzenia<\/h2>\n                                <\/div>\n                                                                                        <div class=\"events-slider-block__title mobile\">\n                                    <h2 class=\"typo-h2\">Gor\u0105ce wydarzenia<\/h2>\n                                <\/div>\n                                                    <\/div>\n                                                            <div class=\"events-slider-block__bottom\">\n                                                                                <div class=\"events-slider-block__link desktop\">\n                                    <a\n                                        class=\"button button--size-small button--theme-primary-yellow button--withIconLeft\"\n                                        href=\"https:\/\/www.ebilet.pl\/\">\n                                                                                    <div class=\"button__icon\"><img loading=\"lazy\" decoding=\"async\" width=\"30\" height=\"30\" src=\"https:\/\/www.ebilet.pl\/now\/app\/uploads\/2024\/01\/ticket-cinema-entertainment-coupon-discount-sale_30px.png\" class=\"attachment-full size-full\" alt=\"\" \/><\/div>\n                                                                                <p class=\"button__text typo-18\">Kup na eBilet.pl<\/p>\n                                    <\/a>\n                                <\/div>\n                                                                                <div class=\"events-slider-block__link mobile\">\n                                    <a\n                                        class=\"button button--size-small button--theme-primary-yellow button--withIconLeft\"\n                                        href=\"https:\/\/www.ebilet.pl\/\">\n                                                                                    <div class=\"button__icon\"><img loading=\"lazy\" decoding=\"async\" width=\"30\" height=\"30\" src=\"https:\/\/www.ebilet.pl\/now\/app\/uploads\/2024\/01\/ticket-cinema-entertainment-coupon-discount-sale_30px.png\" class=\"attachment-full size-full\" alt=\"\" \/><\/div>\n                                                                                <p class=\"button__text typo-18\">Kup na eBilet.pl<\/p>\n                                    <\/a>\n                                <\/div>\n                                            <\/div>\n                <\/div>\n            <\/div>\n        <\/div>\n    <\/div>\n<\/section>","protected":false},"excerpt":{"rendered":"<p>Kabaret na \u015bwiecie ma r\u00f3\u017cne definicje (i uwierz nam, \u017ce s\u0105 one zupe\u0142nie inne ni\u017c w naszym kraju). W Polsce s\u0105 to przedstawienia (zwykle na \u017cywo przed publiczno\u015bci\u0105), kt\u00f3re maj\u0105 charakter satyryczny. Najcz\u0119\u015bciej \u015bmiejemy si\u0119 z \u017cart\u00f3w obyczajowych i spo\u0142ecznych, bo to w\u0142a\u015bnie z nimi si\u0119 uto\u017csamiamy i to one s\u0105 nam bliskie. Zdarzaj\u0105 si\u0119 te\u017c satyry polityczne i \u017carty kulturowe, ale to temat na inny artyku\u0142. W tym sprawdzimy, jak wygl\u0105da satyra spo\u0142eczna i jakie s\u0105 jej funkcje.<\/p>\n","protected":false},"author":14,"featured_media":16506,"comment_status":"open","ping_status":"open","sticky":false,"template":"page-templates\/article-default.php","format":"standard","meta":{"_acf_changed":false,"footnotes":""},"article_tag":[88,264,123],"article_type":[5],"acf":[],"_links":{"self":[{"href":"https:\/\/www.ebilet.pl\/now\/wp-json\/wp\/v2\/posts\/16503"}],"collection":[{"href":"https:\/\/www.ebilet.pl\/now\/wp-json\/wp\/v2\/posts"}],"about":[{"href":"https:\/\/www.ebilet.pl\/now\/wp-json\/wp\/v2\/types\/post"}],"author":[{"embeddable":true,"href":"https:\/\/www.ebilet.pl\/now\/wp-json\/wp\/v2\/users\/14"}],"replies":[{"embeddable":true,"href":"https:\/\/www.ebilet.pl\/now\/wp-json\/wp\/v2\/comments?post=16503"}],"version-history":[{"count":3,"href":"https:\/\/www.ebilet.pl\/now\/wp-json\/wp\/v2\/posts\/16503\/revisions"}],"predecessor-version":[{"id":18747,"href":"https:\/\/www.ebilet.pl\/now\/wp-json\/wp\/v2\/posts\/16503\/revisions\/18747"}],"wp:featuredmedia":[{"embeddable":true,"href":"https:\/\/www.ebilet.pl\/now\/wp-json\/wp\/v2\/media\/16506"}],"wp:attachment":[{"href":"https:\/\/www.ebilet.pl\/now\/wp-json\/wp\/v2\/media?parent=16503"}],"wp:term":[{"taxonomy":"article_tag","embeddable":true,"href":"https:\/\/www.ebilet.pl\/now\/wp-json\/wp\/v2\/article_tag?post=16503"},{"taxonomy":"article_type","embeddable":true,"href":"https:\/\/www.ebilet.pl\/now\/wp-json\/wp\/v2\/article_type?post=16503"}],"curies":[{"name":"wp","href":"https:\/\/api.w.org\/{rel}","templated":true}]}}