{"id":16472,"date":"2024-05-08T00:29:10","date_gmt":"2024-05-07T23:29:10","guid":{"rendered":"https:\/\/www.ebilet.pl\/now\/?p=16472"},"modified":"2024-05-08T00:29:12","modified_gmt":"2024-05-07T23:29:12","slug":"smieszne-historie-z-kulis-stand-upu-kulisy-zycia-komika","status":"publish","type":"post","link":"https:\/\/www.ebilet.pl\/now\/smieszne-historie-z-kulis-stand-upu-kulisy-zycia-komika\/","title":{"rendered":"\u015amieszne historie z kulis stand-upu: Kulisy \u017cycia komika"},"content":{"rendered":"\n<section class=\"text-block  section-margin-32\" >\n    <div class=\"container\">\n        <div class=\"row\">\n            <div class=\"col-24\">\n                <div class=\"text-block__content\"><h2><strong>Sk\u0105d bior\u0105 si\u0119 \u015bmieszne historie na stand-upowej scenie?<\/strong><\/h2>\n<p><span style=\"font-weight: 400;\">Gdyby\u015b spyta\u0142 stand-upera, jak przygotowa\u0107 si\u0119 do wyst\u0119pu, powiedzia\u0142by Ci najprawdopodobniej, \u017ce powiniene\u015b znale\u017a\u0107 tak\u0105 <\/span><b>sytuacj\u0119 ze swojego \u017cycia, kt\u00f3ra jest zarazem zabawna i daj\u0105ca do my\u015blenia. <\/b><span style=\"font-weight: 400;\">Nie chodzi o \u015bmianie si\u0119 z fekali\u00f3w (co robi wi\u0119kszo\u015b\u0107 pocz\u0105tkuj\u0105cych stand-uper\u00f3w i czterolatk\u00f3w w przedszkolu, gdy tylko us\u0142ysz\u0105 s\u0142owo \u201ekupa\u201d). Masz znale\u017a\u0107 tak\u0105 sytuacj\u0119, kt\u00f3ra b\u0119dzie wyj\u0105tkowa (czyli taka, kt\u00f3ra nie pojawia si\u0119 cz\u0119sto w \u017cartach), a zarazem wiele os\u00f3b b\u0119dzie mog\u0142o si\u0119 z ni\u0105 uto\u017csami\u0107. <\/span><b>Przyk\u0142ad? Prosz\u0119 bardzo:<\/b><span style=\"font-weight: 400;\"> \u201e\u017bycie z dzie\u0107mi jest fajne, takie inne. Zmienia si\u0119 spos\u00f3b my\u015blenia do tego stopnia, \u017ce jak mia\u0142am st\u0142uczk\u0119, to pierwsze co pomy\u015bla\u0142am \u2013 auto zrobi\u0142o BAM\u201d. Tak\u0105 histori\u0119 mogli\u015bmy us\u0142ysze\u0107 z ust Ewy Stasiewicz. Czy takie \u017carty pojawiaj\u0105 si\u0119 cz\u0119sto? Nie. Czy wi\u0119kszo\u015b\u0107 rodzic\u00f3w widzi w tym co\u015b znajomego? Oczywi\u015bcie, i dlatego to tak bardzo \u015bmieszy. Czy sk\u0142ania do my\u015blenia? Tak\u017ce, bo czy przypadkiem nie skupiamy si\u0119 na dzieciach tak bardzo, \u017ce czasem tracimy w\u0142asn\u0105 to\u017csamo\u015b\u0107? By\u0107 mo\u017ce.<\/span><\/p>\n<h3><strong>Kabaret vs. stand-up<\/strong><\/h3>\n<p><span style=\"font-weight: 400;\">Kabaret nadrabia scenografi\u0105, kostiumami i gr\u0105 aktorsk\u0105. Stand-uperzy na scenie wyst\u0119puj\u0105 tylko ze swoim przyjacielem \u2013 mikrofonem. Nie ma niczego wi\u0119cej (cho\u0107 zdarzaj\u0105 si\u0119 czasem rekwizyty, jak pluszowe awokado u Pauliny Potockiej podczas wyst\u0119pu o takiej w\u0142a\u015bnie nazwie). Dlatego te\u017c <\/span><b>arty\u015bci musz\u0105 poszpera\u0107 w swoim \u017cyciowym do\u015bwiadczeniu, by wyci\u0105gn\u0105\u0107 z niego najwi\u0119ksze smaczki. <\/b><span style=\"font-weight: 400;\">Czasem nieco je ubarwiaj\u0105, a czasem po prostu dobieraj\u0105 odpowiednie s\u0142owa, dzi\u0119ki kt\u00f3rym niezbyt \u015bmieszna z pozoru historia wywo\u0142uje salwy \u015bmiechu u publiczno\u015bci.\u00a0<\/span><\/p>\n<\/div>\n            <\/div>\n        <\/div>\n    <\/div>\n<\/section>\n\n\n<section class=\"tickets-slider  section-margin-32\"\n    data-tickets-slider\n    data-item-list-name=\"Karuzela z buttonami\"\n    data-item-list-id=\"karuzela_z_buttonami\"\n    >\n    <div class=\"container\">\n        <div class=\"row\">\n            <div class=\"col-24\">\n                <div class=\"tickets-slider__main\">\n                    <div class=\"tickets-slider__nav tickets-slider__nav--prev\">\n                        <div class=\"button button--withIcon button--theme-white-blur button--size-fixed-48\" data-tickets-slider-prev>\n                            <span class=\"button__icon icon icon-chevron-left\"><\/span>\n                        <\/div>\n                    <\/div>\n                    <div class=\"tickets-slider__nav tickets-slider__nav--next\">\n                        <div class=\"button button--withIcon button--theme-white-blur button--size-fixed-48\" data-tickets-slider-next>\n                            <span class=\"button__icon icon icon-chevron-right\"><\/span>\n                        <\/div>\n                    <\/div>\n                    <div class=\"tickets-slider__slider swiper\" data-tickets-slider-slider>\n                        <div class=\"tickets-slider__sliderWrapper swiper-wrapper\">\n                                                            <div class=\"tickets-slider__sliderItem swiper-slide\"\n                                    data-id=\"13655\"\n                                    data-name=\"Kabaret hrAbi &amp; Wojtek Kami\u0144ski - By\u0107 facetem\"\n                                    data-brand=\"Sztukoteka\"\n                                    data-category=\"widowiska\"\n                                    data-subcategory=\"kabarety\"\n                                    data-city=\"D\u0105browa G\u00f3rnicza, Gdynia, Grudzi\u0105dz i inne\"\n                                    data-venue=\"Sala Koncertowa Radia Wroc\u0142aw\">\n                                    <div class=\"tickets-slider__sliderCard\">\n                                        \n<div class=\"card-ticket\">\n        <div class=\"card-ticket__image\">\n        <a href=\"https:\/\/www.ebilet.pl\/widowiska\/kabarety\/kabaret-hrabi\">\n            <img decoding=\"async\" src=\"https:\/\/www.ebilet.pl\/media\/cms\/media\/1m4jtddj\/ebilet_552x736_bycfacetem_t1-972e50d4-d827-474c-91a8-3c98276e254e.webp\" alt=\"Plakat wydarzenia\" \/>\n        <\/a>\n    <\/div>\n             \n    <div class=\"card-ticket__link\">\n        <a href=\"https:\/\/www.ebilet.pl\/widowiska\/kabarety\/kabaret-hrabi\" class=\"button button--theme-primary-yellow button--withIconLeft button--size-small\">\n            <span class=\"button__icon icon icon-ticket\"><\/span>\n            <p class=\"button__text typo-16 f-600\">Kup bilet<\/p>\n        <\/a>\n    <\/div>\n    <\/div>                                    <\/div>\n                                <\/div>\n                                                            <div class=\"tickets-slider__sliderItem swiper-slide\"\n                                    data-id=\"26993\"\n                                    data-name=\"Lord of the Dance - 30th Anniversary Tour\"\n                                    data-brand=\"TARGREM SP\u00d3\u0141KA Z OGRANICZON\u0104 ODPOWIEDZIALNO\u015aCI\u0104\"\n                                    data-category=\"widowiska\"\n                                    data-subcategory=\"rewie-show\"\n                                    data-city=\"Gda\u0144sk, Gliwice, Gorz\u00f3w Wielkopolski i inne\"\n                                    data-venue=\"Hala Olivia\">\n                                    <div class=\"tickets-slider__sliderCard\">\n                                        \n<div class=\"card-ticket\">\n        <div class=\"card-ticket__image\">\n        <a href=\"https:\/\/www.ebilet.pl\/widowiska\/rewie-show\/lord-of-the-dance\">\n            <img decoding=\"async\" src=\"https:\/\/www.ebilet.pl\/media\/cms\/media\/0x3pw4m3\/renditiondownload-09b8fef2-6b81-4967-ab31-b5af4ecccf5f.webp\" alt=\"Plakat wydarzenia\" \/>\n        <\/a>\n    <\/div>\n             \n    <div class=\"card-ticket__link\">\n        <a href=\"https:\/\/www.ebilet.pl\/widowiska\/rewie-show\/lord-of-the-dance\" class=\"button button--theme-primary-yellow button--withIconLeft button--size-small\">\n            <span class=\"button__icon icon icon-ticket\"><\/span>\n            <p class=\"button__text typo-16 f-600\">Kup bilet<\/p>\n        <\/a>\n    <\/div>\n    <\/div>                                    <\/div>\n                                <\/div>\n                                                            <div class=\"tickets-slider__sliderItem swiper-slide\"\n                                    data-id=\"170971\"\n                                    data-name=\"Marcin Zbigniew Wojciech ,,Bez Nazwisk Prosz\u0119\u2019\u2019\"\n                                    data-brand=\"Marek Wojciech Projects\"\n                                    data-category=\"widowiska\"\n                                    data-subcategory=\"stand-up\"\n                                    data-city=\"Bieru\u0144, Gdynia, Krak\u00f3w i inne\"\n                                    data-venue=\"Mys\u0142owicki O\u015brodek Kultury\">\n                                    <div class=\"tickets-slider__sliderCard\">\n                                        \n<div class=\"card-ticket\">\n        <div class=\"card-ticket__image\">\n        <a href=\"https:\/\/www.ebilet.pl\/widowiska\/stand-up\/marcin-zbigniew-wojciech-nowy-program\">\n            <img decoding=\"async\" src=\"https:\/\/www.ebilet.pl\/media\/cms\/media\/5eqlowva\/marcin-zbigniew-wojciech-stand-up-nowy-program-bez-nazwisk-prosze-552-x-736-px.webp\" alt=\"Plakat wydarzenia\" \/>\n        <\/a>\n    <\/div>\n             \n    <div class=\"card-ticket__link\">\n        <a href=\"https:\/\/www.ebilet.pl\/widowiska\/stand-up\/marcin-zbigniew-wojciech-nowy-program\" class=\"button button--theme-primary-yellow button--withIconLeft button--size-small\">\n            <span class=\"button__icon icon icon-ticket\"><\/span>\n            <p class=\"button__text typo-16 f-600\">Kup bilet<\/p>\n        <\/a>\n    <\/div>\n    <\/div>                                    <\/div>\n                                <\/div>\n                                                            <div class=\"tickets-slider__sliderItem swiper-slide\"\n                                    data-id=\"174009\"\n                                    data-name=\"Polska Noc Kabaretowa 2026\"\n                                    data-brand=\"ESKANDER\"\n                                    data-category=\"widowiska\"\n                                    data-subcategory=\"kabarety\"\n                                    data-city=\"Bia\u0142ystok, Bielsko-Bia\u0142a, Bydgoszcz i inne\"\n                                    data-venue=\"Narodowe Centrum Polskiej Piosenki\">\n                                    <div class=\"tickets-slider__sliderCard\">\n                                        \n<div class=\"card-ticket\">\n        <div class=\"card-ticket__image\">\n        <a href=\"https:\/\/www.ebilet.pl\/widowiska\/kabarety\/polska-noc-kabaretowa-2026\">\n            <img decoding=\"async\" src=\"https:\/\/www.ebilet.pl\/media\/cms\/media\/uhhfepxw\/pionn-9416b4d8-9d94-438b-91e1-423ea8953492.webp\" alt=\"Plakat wydarzenia\" \/>\n        <\/a>\n    <\/div>\n             \n    <div class=\"card-ticket__link\">\n        <a href=\"https:\/\/www.ebilet.pl\/widowiska\/kabarety\/polska-noc-kabaretowa-2026\" class=\"button button--theme-primary-yellow button--withIconLeft button--size-small\">\n            <span class=\"button__icon icon icon-ticket\"><\/span>\n            <p class=\"button__text typo-16 f-600\">Kup bilet<\/p>\n        <\/a>\n    <\/div>\n    <\/div>                                    <\/div>\n                                <\/div>\n                                                            <div class=\"tickets-slider__sliderItem swiper-slide\"\n                                    data-id=\"179493\"\n                                    data-name=\"Naj\u015bmieszniejsi 2026 - Kabaret Nowaki vs Kabaret Skecz\u00f3w M\u0119cz\u0105cych\"\n                                    data-brand=\"ESKANDER\"\n                                    data-category=\"widowiska\"\n                                    data-subcategory=\"kabarety\"\n                                    data-city=\"Grodzisk Mazowiecki, Nowy S\u0105cz, Ostr\u00f3w Wielkopolski i inne\"\n                                    data-venue=\"Amfiteatr Park Strzelecki\">\n                                    <div class=\"tickets-slider__sliderCard\">\n                                        \n<div class=\"card-ticket\">\n        <div class=\"card-ticket__image\">\n        <a href=\"https:\/\/www.ebilet.pl\/widowiska\/kabarety\/najsmieszniejsi\">\n            <img decoding=\"async\" src=\"https:\/\/www.ebilet.pl\/media\/cms\/media\/1t4oli0h\/najsmiesniejsi_552x736-66a3cfb8-a72b-4fad-bcb9-afd3f1d4ebf9.webp\" alt=\"Plakat wydarzenia\" \/>\n        <\/a>\n    <\/div>\n             \n    <div class=\"card-ticket__link\">\n        <a href=\"https:\/\/www.ebilet.pl\/widowiska\/kabarety\/najsmieszniejsi\" class=\"button button--theme-primary-yellow button--withIconLeft button--size-small\">\n            <span class=\"button__icon icon icon-ticket\"><\/span>\n            <p class=\"button__text typo-16 f-600\">Kup bilet<\/p>\n        <\/a>\n    <\/div>\n    <\/div>                                    <\/div>\n                                <\/div>\n                                                    <\/div>\n                    <\/div>\n                <\/div>\n            <\/div>\n        <\/div>\n    <\/div>\n<\/section>\n\n\n<section class=\"text-block  section-margin-32\" >\n    <div class=\"container\">\n        <div class=\"row\">\n            <div class=\"col-24\">\n                <div class=\"text-block__content\"><h2><strong>Jakie \u017cyciowe historie mo\u017cna opowiedzie\u0107 podczas wyst\u0119pu stand-upowego?<\/strong><\/h2>\n<p><b>W stand-upie nie ma temat\u00f3w tabu. Komicy opowiadaj\u0105 o tym, co im \u015blina na j\u0119zyk przyniesie. Pojawiaj\u0105 si\u0119 lu\u017aniejsze w\u0105tki, jak:<\/b><\/p>\n<ul>\n<li style=\"font-weight: 400;\" aria-level=\"1\"><span style=\"font-weight: 400;\">dieta (\u201ePr\u00f3bowa\u0142em wszystkiego i w ko\u0144cu przyj\u0105\u0142em jedn\u0105 skuteczn\u0105 diet\u0119, \u017ce si\u0119 nie je trzy godziny przed snem. Ja kilka razy w nocy spa\u0107 nie poszed\u0142em\u2026\u201d Ryszard Mazur),<\/span><\/li>\n<li style=\"font-weight: 400;\" aria-level=\"1\"><span style=\"font-weight: 400;\">region pochodzenia (\u201eJak m\u00f3wi\u0119, \u017ce jestem z Bia\u0142egostoku to ludzie si\u0119 dziwi\u0105: \u2013 Powa\u017cnie? Z Bia\u0142egostoku? Nie no stary to szacunek, \u015bwietnie m\u00f3wisz po polsku\u201d \u0141ukasz Koz\u0142owski),<\/span><\/li>\n<li style=\"font-weight: 400;\" aria-level=\"1\"><span style=\"font-weight: 400;\">podr\u00f3\u017ce (\u201eZ podr\u00f3\u017cowaniem jest teraz tak, \u017ce jak jedziesz zobaczy\u0107 co\u015b po raz pierwszy to najpierw sprawdzasz jak to wygl\u0105da w internecie. To skoro wiesz jak to wygl\u0105da, to na ch*j tam jecha\u0107?\u201d Bartek Walos),<\/span><\/li>\n<li style=\"font-weight: 400;\" aria-level=\"1\"><span style=\"font-weight: 400;\">aktywno\u015b\u0107 fizyczna (\u201eStandardowy typ w moim wieku ma rekord 20 sekund na 100 metr\u00f3w. \u017beby\u015bcie widzieli na jakim poziomie fitnessu jestem, to m\u00f3j obecny rekord na 100 metr\u00f3w to 60 metr\u00f3w\u201d Daniel Midas)<\/span><\/li>\n<\/ul>\n<p><b>oraz bardziej hardcorowe tematy, m.in.:<\/b><\/p>\n<ul>\n<li style=\"font-weight: 400;\" aria-level=\"1\"><span style=\"font-weight: 400;\">osoby LGBT (\u201eNie wiem czy wiecie, ale pracuje si\u0119 nad tym, \u017ceby wprowadzi\u0107 pewne udogodnienia na rzecz os\u00f3b LGBT. Wprowadza si\u0119 pomalutku tzw. homo office\u201d Mateusz Marek),<\/span><\/li>\n<li style=\"font-weight: 400;\" aria-level=\"1\"><span style=\"font-weight: 400;\">alkohol (\u201eOstatnio powiedzia\u0142em moim kumplom, \u017ce pi\u0142em od poniedzia\u0142ku do pi\u0105tku, na co oni zareagowali: \u2013 Bartek, a co z sobot\u0105 by\u0142o nie tak?\u201d Bartek Strusi\u0144ski),<\/span><\/li>\n<li style=\"font-weight: 400;\" aria-level=\"1\"><span style=\"font-weight: 400;\">problemy zdrowotne (\u201eJakbym by\u0142 na oddziale z pacjentami z padaczk\u0105 i wszyscy by\u015bmy dostali razem ataku, to oni by si\u0119 rzucali na ziemi\u0119, a ja bym my\u015bla\u0142, \u017ce mamy turniej breakdance\u201d Antoni Syrek-D\u0105browski),<\/span><\/li>\n<li style=\"font-weight: 400;\" aria-level=\"1\"><span style=\"font-weight: 400;\">ludzkich tragedii (\u201e\u017barty z zamach\u00f3w nie na miejscu. No tak, bo na miejscu s\u0105 zgliszcza\u201d Abelard Giza).<\/span><\/li>\n<\/ul>\n<p><span style=\"font-weight: 400;\">Tak naprawd\u0119 im wi\u0119ksze tabu podejmie komik, tym wi\u0119cej \u015bmiechu mo\u017ce wywo\u0142a\u0107. To nie jest rozrywka dla ludzi ze zbyt sztywnym kr\u0119gos\u0142upem.\u00a0<\/span><\/p>\n<h3><strong>Sk\u0105d stand-uperzy bior\u0105 swoje \u017carty?<\/strong><\/h3>\n<p><span style=\"font-weight: 400;\">Jak ju\u017c wspomnieli\u015bmy, stand-uperzy bazuj\u0105 na swoim \u017cyciu. Mo\u017cna powiedzie\u0107, \u017ce<\/span><b> na scenie graj\u0105 oni samych siebie.<\/b><span style=\"font-weight: 400;\"> Nie chodzi tu o to, \u017ce opowiadaj\u0105 histori\u0119 swojego \u017cycia 1:1, ale <\/span><b>wybieraj\u0105 niekt\u00f3re cechy i je nieco wyolbrzymiaj\u0105,<\/b><span style=\"font-weight: 400;\"> \u017ceby doda\u0107 im wi\u0119cej humoru. Paulina Potocka m\u00f3wi bardzo powoli i \u015bmieje si\u0119 z tej swojej powolno\u015bci, a s\u0142uchacze wraz z ni\u0105.\u00a0<\/span><\/p>\n<h3><strong>Osobiste historie i granice w stand-upie<\/strong><\/h3>\n<p><span style=\"font-weight: 400;\">Chocia\u017c te historie wydaj\u0105 si\u0119 bardzo osobiste, stand-uperzy nie przekraczaj\u0105 w nich swoich granic. Musimy pami\u0119ta\u0107, \u017ce oni tak\u017ce s\u0105 lud\u017ami i \u015bmiej\u0105 si\u0119 tylko z tych sytuacji, kt\u00f3re sami uwa\u017caj\u0105 za zabawne. Na pewno tak\u017ce oni maj\u0105 tematy, kt\u00f3rych nie chc\u0105 na scenie porusza\u0107.\u00a0<\/span><\/p>\n<h3><strong>\u017barty o bliskich<\/strong><\/h3>\n<p><span style=\"font-weight: 400;\">Niekt\u00f3rzy stand-uperzy opowiadaj\u0105 o swojej rodzinie, dzieciach, rodze\u0144stwie itd. I zn\u00f3w: to nie jest tak, \u017ce oni si\u0119 na\u015bmiewaj\u0105 ze swoich bliskich. Wi\u0119kszo\u015b\u0107 z nich najpierw pyta bohatera \u017cartu o zgod\u0119 na opowiadanie go publicznie. Bez tej zgody niczego nie powiedz\u0105, bo mimo wszystko nie chc\u0105 zrani\u0107 swoich bliskich.<\/span><\/p>\n<h3><strong>W\u0142asne do\u015bwiadczenia<\/strong><\/h3>\n<p><span style=\"font-weight: 400;\">Najcz\u0119\u015bciej jednak stand-uperzy opowiadaj\u0105 o swoich w\u0142asnych do\u015bwiadczeniach lub takich, kt\u00f3re spotka\u0142y ich z zupe\u0142nie anonimowymi dla publiczno\u015bci osobami (s\u0105siadem, bezdomnym, publiczno\u015bci\u0105 z innego wyst\u0119pu itd). Dzi\u0119ki temu ka\u017cdy z bohater\u00f3w jest \u201ebezpieczny\u201d, bo \u017cart\u00f3w nie da si\u0119 odnie\u015b\u0107 do konkretnej osoby (przecie\u017c to m\u00f3g\u0142 by\u0107 kt\u00f3rykolwiek bezdomny czy s\u0105siad).<\/span><\/p>\n<\/div>\n            <\/div>\n        <\/div>\n    <\/div>\n<\/section>\n\n\n    <section class=\"events-carousel-block  section-margin-32\"\n        data-events-carousel\n        data-settings='{\"per_view\":5}'\n        data-item-list-name=\"Karuzela niska Polecamy na ebilet\"\n        data-item-list-id=\"karuzela_niska Polecamy na ebilet\"\n        >\n        <div class=\"container\">\n                            <div class=\"row\">\n                    <div class=\"col-24\">\n                        <div class=\"events-carousel-block__title\">\n                            <h2 class=\"typo-h2\">Polecamy na ebilet<\/h2>\n                        <\/div>\n                    <\/div>\n                <\/div>\n                        <div class=\"row\">\n                <div class=\"col-24\">\n                    <div class=\"events-carousel-block__events\">\n                        <div class=\"events-carousel-block__nav events-carousel-block__nav--prev\">\n                            <div class=\"button button--withIcon button--theme-white-blur button--size-fixed-48\" data-events-carousel-prev>\n                                <span class=\"button__icon icon icon-chevron-left\"><\/span>\n                            <\/div>\n                        <\/div>\n                        <div class=\"events-carousel-block__nav events-carousel-block__nav--next\">\n                            <div class=\"button button--withIcon button--theme-white-blur button--size-fixed-48\" data-events-carousel-next>\n                                <span class=\"button__icon icon icon-chevron-right\"><\/span>\n                            <\/div>\n                        <\/div>\n                        <div class=\"events-carousel-block__slider swiper\" data-events-carousel-slider>\n                            <div class=\"events-carousel-block__sliderWrapper swiper-wrapper\">\n                                                                    <div class=\"events-carousel-block__sliderItem swiper-slide\"\n                                        data-id=\"127326\"\n                                        data-name=\"Tomasz Karolak Stand Up\"\n                                        data-brand=\"ART JM SP\u00d3\u0141KA Z OGRANICZON\u0104 ODPOWIEDZIALNO\u015aCI\u0104\"\n                                        data-category=\"widowiska\"\n                                        data-subcategory=\"stand-up\"\n                                        data-city=\"Warszawa\"\n                                        data-venue=\"FOOD TOWN w Fabryce Norblina\">\n                                        \n<div class=\"card-event  card-event--size-small\">\n        <a href=\"https:\/\/www.ebilet.pl\/widowiska\/stand-up\/spotkanie-z-tomaszem-karolakiem\" target=\"_blank\" class=\"card-event__link\" rel=\"nofollow noopener\"><\/a>\n        <div class=\"card-event__wrapper\">\n        <div class=\"card-event__image\">\n            <img decoding=\"async\" src=\"https:\/\/www.ebilet.pl\/media\/cms\/media\/3lkchnpg\/karolak-656x369-ebilet-a5b41d74-d403-4199-adbd-c40652d92162.webp\" alt=\"\">\n        <\/div>\n        <div class=\"card-event__data\">\n            <div class=\"card-event__name\">\n                <p>Tomasz Karolak Stand Up<\/p>\n            <\/div>\n            <div class=\"card-event__date\"><\/div>\n            <div class=\"card-event__location\">Warszawa<\/div>\n        <\/div>\n    <\/div>\n<\/div>                                    <\/div>\n                                                                    <div class=\"events-carousel-block__sliderItem swiper-slide\"\n                                        data-id=\"77638\"\n                                        data-name=\"Mariusz Ka\u0142amaga - Mamo! Papier si\u0119 ko\u0144czy!\"\n                                        data-brand=\"ESKANDER\"\n                                        data-category=\"widowiska\"\n                                        data-subcategory=\"stand-up\"\n                                        data-city=\"Gda\u0144sk, Gostynin, Namys\u0142\u00f3w i inne\"\n                                        data-venue=\"Staszowski O\u015brodek Kultury\">\n                                        \n<div class=\"card-event  card-event--size-small\">\n        <a href=\"https:\/\/www.ebilet.pl\/widowiska\/stand-up\/mariusz-kalamaga\" target=\"_blank\" class=\"card-event__link\" rel=\"nofollow noopener\"><\/a>\n        <div class=\"card-event__wrapper\">\n        <div class=\"card-event__image\">\n            <img decoding=\"async\" src=\"https:\/\/www.ebilet.pl\/media\/cms\/media\/lvwlqddw\/mk_poziom-80eba20e-0d7c-4057-bd4a-4373ee264ea8.webp\" alt=\"\">\n        <\/div>\n        <div class=\"card-event__data\">\n            <div class=\"card-event__name\">\n                <p>Mariusz Ka\u0142amaga &#8211; Mamo! Papier si\u0119 ko\u0144czy!<\/p>\n            <\/div>\n            <div class=\"card-event__date\"><\/div>\n            <div class=\"card-event__location\">Gda\u0144sk, Gostynin, Namys\u0142\u00f3w i inne<\/div>\n        <\/div>\n    <\/div>\n<\/div>                                    <\/div>\n                                                                    <div class=\"events-carousel-block__sliderItem swiper-slide\"\n                                        data-id=\"170971\"\n                                        data-name=\"Marcin Zbigniew Wojciech ,,Bez Nazwisk Prosz\u0119\u2019\u2019\"\n                                        data-brand=\"Marek Wojciech Projects\"\n                                        data-category=\"widowiska\"\n                                        data-subcategory=\"stand-up\"\n                                        data-city=\"Bieru\u0144, Brzeszcze, Bytom i inne\"\n                                        data-venue=\"Mys\u0142owicki O\u015brodek Kultury\">\n                                        \n<div class=\"card-event  card-event--size-small\">\n        <a href=\"https:\/\/www.ebilet.pl\/widowiska\/stand-up\/marcin-zbigniew-wojciech-nowy-program\" target=\"_blank\" class=\"card-event__link\" rel=\"nofollow noopener\"><\/a>\n        <div class=\"card-event__wrapper\">\n        <div class=\"card-event__image\">\n            <img decoding=\"async\" src=\"https:\/\/www.ebilet.pl\/media\/cms\/media\/fj2a2urn\/marcin-zbigniew-wojciech-stand-up-nowy-program-bez-nazwisk-prosze-656-x-369-px.webp\" alt=\"\">\n        <\/div>\n        <div class=\"card-event__data\">\n            <div class=\"card-event__name\">\n                <p>Marcin Zbigniew Wojciech ,,Bez Nazwisk Prosz\u0119\u2019\u2019<\/p>\n            <\/div>\n            <div class=\"card-event__date\"><\/div>\n            <div class=\"card-event__location\">Bieru\u0144, Brzeszcze, Bytom i inne<\/div>\n        <\/div>\n    <\/div>\n<\/div>                                    <\/div>\n                                                                    <div class=\"events-carousel-block__sliderItem swiper-slide\"\n                                        data-id=\"71258\"\n                                        data-name=\"Stand-up \u0141ukasz Kaczmarczyk i Marcin Zbigniew Wojciech\"\n                                        data-brand=\"Marek Wojciech Projects\"\n                                        data-category=\"widowiska\"\n                                        data-subcategory=\"stand-up\"\n                                        data-city=\"L\u0119dziny, Miko\u0142\u00f3w, Siemianowice \u015al\u0105skie i inne\"\n                                        data-venue=\"Sala Widowiskowa Piast\">\n                                        \n<div class=\"card-event  card-event--size-small\">\n        <a href=\"https:\/\/www.ebilet.pl\/widowiska\/stand-up\/lukasz-kaczmarczyk\" target=\"_blank\" class=\"card-event__link\" rel=\"nofollow noopener\"><\/a>\n        <div class=\"card-event__wrapper\">\n        <div class=\"card-event__image\">\n            <img decoding=\"async\" src=\"https:\/\/www.ebilet.pl\/media\/cms\/media\/jx4hlhvc\/_ukasz-kaczmarczyk-i-marcin-zbigniew-wojciech-656x369-px-78a98da6-ff15-432c-ad5a-5821ead57207.webp\" alt=\"\">\n        <\/div>\n        <div class=\"card-event__data\">\n            <div class=\"card-event__name\">\n                <p>Stand-up \u0141ukasz Kaczmarczyk i Marcin Zbigniew Wojciech<\/p>\n            <\/div>\n            <div class=\"card-event__date\"><\/div>\n            <div class=\"card-event__location\">L\u0119dziny, Miko\u0142\u00f3w, Siemianowice \u015al\u0105skie i inne<\/div>\n        <\/div>\n    <\/div>\n<\/div>                                    <\/div>\n                                                                    <div class=\"events-carousel-block__sliderItem swiper-slide\"\n                                        data-id=\"204669\"\n                                        data-name=\"STAND UP w 58: Mateusz Czeklewski &amp; Krzysztof Ofierzy\u0144ski\"\n                                        data-brand=\"BOWLER KLUB Sp. z o.o.\"\n                                        data-category=\"widowiska\"\n                                        data-subcategory=\"stand-up\"\n                                        data-city=\"Pozna\u0144\"\n                                        data-venue=\"Klub 58\">\n                                        \n<div class=\"card-event  card-event--size-small\">\n        <a href=\"https:\/\/www.ebilet.pl\/widowiska\/stand-up\/stand-up-w-58\" target=\"_blank\" class=\"card-event__link\" rel=\"nofollow noopener\"><\/a>\n        <div class=\"card-event__wrapper\">\n        <div class=\"card-event__image\">\n            <img decoding=\"async\" src=\"https:\/\/www.ebilet.pl\/media\/cms\/media\/1ojpeczj\/656x369-39-65445a80-c25f-43f5-8588-806238adc439.webp\" alt=\"\">\n        <\/div>\n        <div class=\"card-event__data\">\n            <div class=\"card-event__name\">\n                <p>STAND UP w 58: Mateusz Czeklewski &#038; Krzysztof Ofierzy\u0144ski<\/p>\n            <\/div>\n            <div class=\"card-event__date\"><\/div>\n            <div class=\"card-event__location\">Pozna\u0144<\/div>\n        <\/div>\n    <\/div>\n<\/div>                                    <\/div>\n                                                                    <div class=\"events-carousel-block__sliderItem swiper-slide\"\n                                        data-id=\"59955\"\n                                        data-name=\"Robert Kor\u00f3lczyk \u2013 Bo co ludzie powiedz\u0105?\"\n                                        data-brand=\"Marek Wojciech Projects\"\n                                        data-category=\"widowiska\"\n                                        data-subcategory=\"stand-up\"\n                                        data-city=\"Krak\u00f3w, Tarnowskie G\u00f3ry\"\n                                        data-venue=\"Kompleks Zamkowy Stare Tarnowice\">\n                                        \n<div class=\"card-event  card-event--size-small\">\n        <a href=\"https:\/\/www.ebilet.pl\/widowiska\/stand-up\/robert-korolczyk\" target=\"_blank\" class=\"card-event__link\" rel=\"nofollow noopener\"><\/a>\n        <div class=\"card-event__wrapper\">\n        <div class=\"card-event__image\">\n            <img decoding=\"async\" src=\"https:\/\/www.ebilet.pl\/media\/cms\/media\/yx5frhzz\/robert-kor_lczyk-656-x-369-px.webp\" alt=\"\">\n        <\/div>\n        <div class=\"card-event__data\">\n            <div class=\"card-event__name\">\n                <p>Robert Kor\u00f3lczyk \u2013 Bo co ludzie powiedz\u0105?<\/p>\n            <\/div>\n            <div class=\"card-event__date\"><\/div>\n            <div class=\"card-event__location\">Krak\u00f3w, Tarnowskie G\u00f3ry<\/div>\n        <\/div>\n    <\/div>\n<\/div>                                    <\/div>\n                                                                    <div class=\"events-carousel-block__sliderItem swiper-slide\"\n                                        data-id=\"80390\"\n                                        data-name=\"STAND-UP | Piotr Zola Szulowski w programie &#039;Atlas&#039;\"\n                                        data-brand=\"hype-art Wojciech Kucharski\"\n                                        data-category=\"widowiska\"\n                                        data-subcategory=\"stand-up\"\n                                        data-city=\"P\u0142ock\"\n                                        data-venue=\"Amfiteatr w P\u0142ocku\">\n                                        \n<div class=\"card-event  card-event--size-small\">\n        <a href=\"https:\/\/www.ebilet.pl\/widowiska\/stand-up\/piotr-zola-szulowski\" target=\"_blank\" class=\"card-event__link\" rel=\"nofollow noopener\"><\/a>\n        <div class=\"card-event__wrapper\">\n        <div class=\"card-event__image\">\n            <img decoding=\"async\" src=\"https:\/\/www.ebilet.pl\/media\/cms\/media\/cnqpbjyq\/656-x-369-px.webp\" alt=\"\">\n        <\/div>\n        <div class=\"card-event__data\">\n            <div class=\"card-event__name\">\n                <p>STAND-UP | Piotr Zola Szulowski w programie &#8216;Atlas&#8217;<\/p>\n            <\/div>\n            <div class=\"card-event__date\"><\/div>\n            <div class=\"card-event__location\">P\u0142ock<\/div>\n        <\/div>\n    <\/div>\n<\/div>                                    <\/div>\n                                                                    <div class=\"events-carousel-block__sliderItem swiper-slide\"\n                                        data-id=\"112125\"\n                                        data-name=\"Mama na obrotach - Niez\u0142y bajzel\"\n                                        data-brand=\"Miejsko - Gminny O\u015brodek Kultury i Sportu w St\u0105porkowie\"\n                                        data-category=\"widowiska\"\n                                        data-subcategory=\"stand-up\"\n                                        data-city=\"St\u0105pork\u00f3w\"\n                                        data-venue=\"MGOKiS St\u0105pork\u00f3w\">\n                                        \n<div class=\"card-event  card-event--size-small\">\n        <a href=\"https:\/\/www.ebilet.pl\/widowiska\/stand-up\/stand-up-mamy-na-obrotach\" target=\"_blank\" class=\"card-event__link\" rel=\"nofollow noopener\"><\/a>\n        <div class=\"card-event__wrapper\">\n        <div class=\"card-event__image\">\n            <img decoding=\"async\" src=\"https:\/\/www.ebilet.pl\/media\/cms\/media\/i0pjgfaf\/bilet-st_pork_w-max-299.webp\" alt=\"\">\n        <\/div>\n        <div class=\"card-event__data\">\n            <div class=\"card-event__name\">\n                <p>Mama na obrotach &#8211; Niez\u0142y bajzel<\/p>\n            <\/div>\n            <div class=\"card-event__date\"><\/div>\n            <div class=\"card-event__location\">St\u0105pork\u00f3w<\/div>\n        <\/div>\n    <\/div>\n<\/div>                                    <\/div>\n                                                            <\/div>\n                        <\/div>\n                    <\/div>\n                    <div class=\"events-carousel-block__pagination\">\n                        <div class=\"swiper-pagination slider-pagination\" data-events-carousel-pagination><\/div>\n                    <\/div>\n                <\/div>\n            <\/div>\n        <\/div>\n    <\/section>\n\n\n\n<section class=\"text-block  section-margin-32\" >\n    <div class=\"container\">\n        <div class=\"row\">\n            <div class=\"col-24\">\n                <div class=\"text-block__content\"><h3><strong>\u017bycie publiczne<\/strong><\/h3>\n<p><span style=\"font-weight: 400;\">\u017barty mog\u0105 dotyczy\u0107 te\u017c jakiejkolwiek sytuacji z \u017cycia publicznego. Gdy stand-up w Polsce dopiero raczkowa\u0142. Pewnego dnia w wypadku samochodowym zgin\u0105\u0142 Bronis\u0142aw Geremek (by\u0142y Minister Spraw Zagranicznych). Tego dnia kto\u015b na scenie opowiada\u0142, jak bardzo cieszy si\u0119 z jego \u015bmierci.<\/span><\/p>\n<p><span style=\"font-weight: 400;\">Po wybuchu pandemii komicy cz\u0119sto nawi\u0105zywali do COVIDA. Zrobi\u0142 to m.in. Piotr \u201eZola\u201d Szulowski: \u201eWszyscy wchodz\u0105 w tych maseczkach, w tych przy\u0142bicach. Przedwczoraj jestem u fryzjera, siadam na fotelu, fryzjerka do mnie podchodzi w przy\u0142bicy, a ja m\u00f3wi\u0119: \u2013 Co Ty ku*wa, podkaszark\u0105 b\u0119dziesz mnie goli\u0142a?\u201d.<\/span><\/p>\n<p><span style=\"font-weight: 400;\">Ewa B\u0142achnio za to \u017cartowa\u0142a z obecnego prezydenta: \u201ePulchny \u2013 w s\u0142owniku j\u0119zyka polskiego oznacza mi\u0119kki, \u0142atwo uginaj\u0105cy si\u0119 pod naciskiem. Wiedzieli\u015bcie, \u017ce mamy pulchnego prezydenta?\u201d.\u00a0<\/span><\/p>\n<h3><strong>Cechy dobrych stand-uper\u00f3w<\/strong><\/h3>\n<p><span style=\"font-weight: 400;\">Jeden z komik\u00f3w, Czarek Jurkiewicz, rzuci\u0142 prawo i przeni\u00f3s\u0142 si\u0119 na filozofi\u0119. Jak sam powiedzia\u0142, <\/span><b>stand-uper powinien potrafi\u0107 krytycznie my\u015ble\u0107. <\/b><span style=\"font-weight: 400;\">Opr\u00f3cz tego powinien by\u0107 te\u017c cho\u0107 troch\u0119<\/span><b> obyty w \u015bwiecie <\/b><span style=\"font-weight: 400;\">(a przynajmniej w sytuacji w swoim kraju). Bo wiesz, \u017carty o kupie mo\u017ce i s\u0105 zabawne, ale to<\/span><b> inteligentne, humorystyczne opowie\u015bci wywo\u0142uj\u0105 prawdziwe salwy \u015bmiechu. <\/b><span style=\"font-weight: 400;\">A do opowiadania takich potrzeba nieco inteligencji. St\u0105d te\u017c w\u015br\u00f3d stand-uper\u00f3w cz\u0119sto pojawia si\u0119 wy\u017csze wykszta\u0142cenie. Przyk\u0142adowo Sebastian Rejent studiowa\u0142 kulturoznawstwo, dzi\u0119ki czemu potrafi te\u017c analizowa\u0107 swoje \u017carty, spos\u00f3b wypowiadania oraz uczy\u0107 teorii stand-upu, pokazuj\u0105c adeptom <\/span><b>mechanizmy dowcip\u00f3w.\u00a0<\/b><\/p>\n<h3><strong>Na czym tak naprawd\u0119 polega stand-up?<\/strong><\/h3>\n<p><span style=\"font-weight: 400;\">Niezale\u017cnie jednak od tematyki, stylu wypowiedzi czy rodzaju \u017cartu, trzeba pami\u0119ta\u0107 o jednym: <\/span><b>\u201ePolega on [stand-up] na zaskakiwaniu widza, a nie obra\u017caniu go czy wprowadzaniu w zak\u0142opotanie. Komik stoj\u0105cy przed mikrofonem powinien przesy\u0142a\u0107 publiczno\u015bci pozytywn\u0105 energi\u0119\u201d. <\/b><span style=\"font-weight: 400;\">Zauwa\u017cy\u0142 to Gergely Litkai, w\u0119gierski szef stacji \u201eRzeczpospolita\u201d, zanim stand-up na dobre zadomowi\u0142 si\u0119 w Polsce.<\/span><\/p>\n<p><span style=\"font-weight: 400;\">Na obra\u017canie innych jest miejsce w roastach, kt\u00f3ry jest z zasady wulgarny i agresywny, ale to ju\u017c zupe\u0142nie inna para kaloszy. <\/span><b>Stand-uperzy mog\u0105 g\u0142osi\u0107 nawet brutaln\u0105 prawd\u0119<\/b><span style=\"font-weight: 400;\">, ale robi\u0105 to w znacznie \u0142agodniejszy spos\u00f3b podczas solowych wyst\u0119p\u00f3w, ni\u017c podczas roast\u00f3w.<\/span><\/p>\n<p><span style=\"font-weight: 400;\">Co wi\u0119cej, rzadko \u015bmiej\u0105 si\u0119 z polityki czy polityk\u00f3w. Uwa\u017caj\u0105 oni, \u017ce kabarety ju\u017c wystarczaj\u0105co na ten temat powiedzia\u0142y i obrzydzi\u0142y ludziom tego typu \u017carty. Zamiast tego <\/span><b>wol\u0105 podejmowa\u0107 istotne dla spo\u0142ecze\u0144stwa tematy,<\/b><span style=\"font-weight: 400;\"> np. dlaczego piesi chodz\u0105 po \u015bcie\u017ckach rowerowych lub jak sadzi\u0107 pomidory na dzia\u0142ce.<\/span><\/p>\n<p><span style=\"font-weight: 400;\">Og\u00f3lnie rzecz bior\u0105c, <\/span><b>stand-uperzy maj\u0105 ma\u0142o konserwatywne pogl\u0105dy i nie boj\u0105 si\u0119 ich wyra\u017ca\u0107. <\/b><span style=\"font-weight: 400;\">Niekt\u00f3rzy pragn\u0105 jedynie szokowa\u0107 niepoprawno\u015bci\u0105 i obra\u017ca\u0107 ludzi bez wi\u0119kszego \u0142adu i sk\u0142adu. Tacy komicy jednak powoli odchodz\u0105 do lamusa, bo publiczno\u015b\u0107 poszukuje czego\u015b wi\u0119cej.<\/span><\/p>\n<h2><strong>Istota stand-upu<\/strong><\/h2>\n<p><b>Co jest prawdziw\u0105 istot\u0105 stand-upu? Wszystko zale\u017cy od tego, kt\u00f3rego z komik\u00f3w o to zapytasz. Ka\u017cdy z nich mo\u017ce udzieli\u0107 Ci innej odpowiedzi:<\/b><\/p>\n<ul>\n<li style=\"font-weight: 400;\" aria-level=\"1\"><span style=\"font-weight: 400;\">stand-up to osobista refleksja oparta na charyzmie i szczeg\u00f3lnej wra\u017cliwo\u015bci komika,<\/span><\/li>\n<li style=\"font-weight: 400;\" aria-level=\"1\"><span style=\"font-weight: 400;\">bycie stand-uperem to bycie person\u0105, kt\u00f3ra wyr\u00f3\u017cnia si\u0119 osobowo\u015bci\u0105, a nie specyficznym poczuciem humoru,<\/span><\/li>\n<li style=\"font-weight: 400;\" aria-level=\"1\"><span style=\"font-weight: 400;\">stand-up to kontestowanie rzeczywisto\u015bci, nieustanne podwa\u017canie utartych opinii,<\/span><\/li>\n<li style=\"font-weight: 400;\" aria-level=\"1\"><span style=\"font-weight: 400;\">stand-up to my\u015blenie za innych o tym, o czym sami nie maj\u0105 czasu my\u015ble\u0107,<\/span><\/li>\n<li style=\"font-weight: 400;\" aria-level=\"1\"><span style=\"font-weight: 400;\">bycie stand-uperem to posiadanie czego\u015b takiego w wyrazie twarzy i stylu wypowiedzi, co samo w sobie bawi ludzi,<\/span><\/li>\n<li style=\"font-weight: 400;\" aria-level=\"1\"><span style=\"font-weight: 400;\">stand-up ma dawa\u0107 nie tylko \u015bmiech, ale te\u017c zdumienie; ma dawa\u0107 mocno do my\u015blenia.<\/span><\/li>\n<\/ul>\n<p><span style=\"font-weight: 400;\">Wszystko \u0142\u0105czy jednak jeden punkt wsp\u00f3lny: humor. Nawet je\u015bli komik chce kogo\u015b obrazi\u0107, zwr\u00f3ci\u0107 na co\u015b uwag\u0119 czy sk\u0142oni\u0107 ludzi do my\u015blenia, robi to za pomoc\u0105 \u017cart\u00f3w. To trudne tematy podane w lekkiej formie.<\/span><\/p>\n<\/div>\n            <\/div>\n        <\/div>\n    <\/div>\n<\/section>\n\n\n<section class=\"events-slider-block  section-margin-32\" data-events-slider-block data-carousel-title=\"Gor\u0105ce wydarzenia\" data-carousel-type=\"karuzela_z_t\u0142em\" data-item-list-name=\"Karuzela z t\u0142em Gor\u0105ce wydarzenia\" data-item-list-id=\"karuzela_z_t\u0142em Gor\u0105ce wydarzenia\" >\n    <div class=\"container\">\n        <div class=\"row\">\n            <div class=\"col-24\">\n                <div class=\"events-slider-block__wrapper\">\n                                            <div class=\"events-slider-block__bg\"><img loading=\"lazy\" decoding=\"async\" width=\"1920\" height=\"1080\" src=\"https:\/\/www.ebilet.pl\/now\/app\/uploads\/2024\/04\/shutterstock_1308510637.jpg\" class=\"attachment-full size-full\" alt=\"Fot.\" srcset=\"https:\/\/www.ebilet.pl\/now\/app\/uploads\/2024\/04\/shutterstock_1308510637.jpg 1920w, https:\/\/www.ebilet.pl\/now\/app\/uploads\/2024\/04\/shutterstock_1308510637-1024x576.jpg 1024w, https:\/\/www.ebilet.pl\/now\/app\/uploads\/2024\/04\/shutterstock_1308510637-1536x864.jpg 1536w, https:\/\/www.ebilet.pl\/now\/app\/uploads\/2024\/04\/shutterstock_1308510637-1280x720.jpg 1280w, https:\/\/www.ebilet.pl\/now\/app\/uploads\/2024\/04\/shutterstock_1308510637-500x281.jpg 500w, https:\/\/www.ebilet.pl\/now\/app\/uploads\/2024\/04\/shutterstock_1308510637-632x356.jpg 632w, https:\/\/www.ebilet.pl\/now\/app\/uploads\/2024\/04\/shutterstock_1308510637-308x174.jpg 308w\" sizes=\"(max-width: 1920px) 100vw, 1920px\" \/><\/div>\n                                                                <div class=\"events-slider-block__top\">\n                                                            <div class=\"events-slider-block__title desktop\">\n                                    <h2 class=\"typo-h2\">Gor\u0105ce wydarzenia<\/h2>\n                                <\/div>\n                                                                                        <div class=\"events-slider-block__title mobile\">\n                                    <h2 class=\"typo-h2\">Gor\u0105ce wydarzenia<\/h2>\n                                <\/div>\n                                                    <\/div>\n                                                                <div class=\"events-slider-block__main\">\n                            <div class=\"events-slider-block__nav events-slider-block__nav--prev\">\n                                <div class=\"button button--withIcon button--theme-white-blur button--size-fixed-48\" data-events-prev>\n                                    <span class=\"button__icon icon icon-chevron-left\"><\/span>\n                                <\/div>\n                            <\/div>\n                            <div class=\"events-slider-block__nav events-slider-block__nav--next\">\n                                <div class=\"button button--withIcon button--theme-white-blur button--size-fixed-48\" data-events-next>\n                                    <span class=\"button__icon icon icon-chevron-right\"><\/span>\n                                <\/div>\n                            <\/div>\n                            <div class=\"events-slider-block__slider\">\n                                <div class=\"swiper\" data-events-slider>\n                                    <div class=\"events-slider-block__sliderWrapper swiper-wrapper\">\n\n                                        \n                                            <div class=\"events-slider-block__sliderItem swiper-slide event-card\"\n                                                data-id=\"63906\"\n                                                data-name=\"Mecze towarzyskie Reprezentacji Polski m\u0119\u017cczyzn w siatk\u00f3wce\"\n                                                data-brand=\"Polska Siatk\u00f3wka Sp. z o.o.\"\n                                                data-category=\"sport\"\n                                                data-subcategory=\"sporty-druzynowe\"\n                                                data-city=\"\"\n                                                data-venue=\"\">\n                                                \n<div class=\"card-event  card-event--size-small\">\n        <a href=\"https:\/\/www.ebilet.pl\/sport\/sporty-druzynowe\/mecz-siatkowki\" target=\"_blank\" class=\"card-event__link\" rel=\"nofollow noopener\"><\/a>\n        <div class=\"card-event__wrapper\">\n        <div class=\"card-event__image\">\n            <img decoding=\"async\" src=\"https:\/\/www.ebilet.pl\/media\/cms\/media\/obolrfd5\/mecz-1-1.webp\" alt=\"\">\n        <\/div>\n        <div class=\"card-event__data\">\n            <div class=\"card-event__name\">\n                <p>Mecze towarzyskie Reprezentacji Polski m\u0119\u017cczyzn w siatk\u00f3wce<\/p>\n            <\/div>\n            <div class=\"card-event__date\"><\/div>\n            <div class=\"card-event__location\"><\/div>\n        <\/div>\n    <\/div>\n<\/div>                                            <\/div>\n                                        \n                                            <div class=\"events-slider-block__sliderItem swiper-slide event-card\"\n                                                data-id=\"170324\"\n                                                data-name=\"SPI\u0118TY\/WY I ONI Inny Koncert\"\n                                                data-brand=\"AGENCJA ARTYSTYCZNA ART PROJEKT\"\n                                                data-category=\"muzyka\"\n                                                data-subcategory=\"rock\"\n                                                data-city=\"Katowice, Warszawa\"\n                                                data-venue=\"Narodowa Orkiestra Symfoniczna Polskiego Radia - NOSPR\">\n                                                \n<div class=\"card-event  card-event--size-small\">\n        <a href=\"https:\/\/www.ebilet.pl\/muzyka\/rock\/spiety-koncert\" target=\"_blank\" class=\"card-event__link\" rel=\"nofollow noopener\"><\/a>\n        <div class=\"card-event__wrapper\">\n        <div class=\"card-event__image\">\n            <img decoding=\"async\" src=\"https:\/\/www.ebilet.pl\/media\/cms\/media\/b5fnicip\/552-x-736_spiety_2026_zbiorcze_v02-294a9e1f-f001-4da9-bf56-6bef0ef677f9.webp\" alt=\"\">\n        <\/div>\n        <div class=\"card-event__data\">\n            <div class=\"card-event__name\">\n                <p>SPI\u0118TY\/WY I ONI Inny Koncert<\/p>\n            <\/div>\n            <div class=\"card-event__date\">25.10.2026-25.10.2026<\/div>\n            <div class=\"card-event__location\">Katowice, Warszawa<\/div>\n        <\/div>\n    <\/div>\n<\/div>                                            <\/div>\n                                        \n                                            <div class=\"events-slider-block__sliderItem swiper-slide event-card\"\n                                                data-id=\"165759\"\n                                                data-name=\"Koncert przy \u015bwiecach: ABBA &amp; Queen\"\n                                                data-brand=\"Candle Live Music\"\n                                                data-category=\"klasyka\"\n                                                data-subcategory=\"koncert\"\n                                                data-city=\"Krak\u00f3w, Nowy S\u0105cz, Pozna\u0144 i inne\"\n                                                data-venue=\"Miejski Dom Kultury w \u015awinouj\u015bciu\">\n                                                \n<div class=\"card-event  card-event--size-small\">\n        <a href=\"https:\/\/www.ebilet.pl\/klasyka\/koncert\/abba-i-queen\" target=\"_blank\" class=\"card-event__link\" rel=\"nofollow noopener\"><\/a>\n        <div class=\"card-event__wrapper\">\n        <div class=\"card-event__image\">\n            <img decoding=\"async\" src=\"https:\/\/www.ebilet.pl\/media\/cms\/media\/memd1cqg\/koncert-fortepianowy-abba-i-queen-552x736-ebilet-1e3924a2-bcfb-42d3-a5b3-4d46bb0cc2e8.webp\" alt=\"\">\n        <\/div>\n        <div class=\"card-event__data\">\n            <div class=\"card-event__name\">\n                <p>Koncert przy \u015bwiecach: ABBA &#038; Queen<\/p>\n            <\/div>\n            <div class=\"card-event__date\">09.05.2026-09.05.2026<\/div>\n            <div class=\"card-event__location\">Krak\u00f3w, Nowy S\u0105cz, Pozna\u0144 i inne<\/div>\n        <\/div>\n    <\/div>\n<\/div>                                            <\/div>\n                                        \n                                            <div class=\"events-slider-block__sliderItem swiper-slide event-card\"\n                                                data-id=\"48780\"\n                                                data-name=\"Mistrzostwa \u015awiata w koszyk\u00f3wce 3x3 2026\"\n                                                data-brand=\"Polski Zwi\u0105zek Koszyk\u00f3wki\"\n                                                data-category=\"sport\"\n                                                data-subcategory=\"sporty-druzynowe\"\n                                                data-city=\"Warszawa\"\n                                                data-venue=\"Plac Defilad \">\n                                                \n<div class=\"card-event  card-event--size-small\">\n        <a href=\"https:\/\/www.ebilet.pl\/sport\/sporty-druzynowe\/koszykowka\" target=\"_blank\" class=\"card-event__link\" rel=\"nofollow noopener\"><\/a>\n        <div class=\"card-event__wrapper\">\n        <div class=\"card-event__image\">\n            <img decoding=\"async\" src=\"https:\/\/www.ebilet.pl\/media\/cms\/media\/40dkh4qd\/552x739-961a0af8-0c70-4f76-b55e-bf23fa63fae4.webp\" alt=\"\">\n        <\/div>\n        <div class=\"card-event__data\">\n            <div class=\"card-event__name\">\n                <p>Mistrzostwa \u015awiata w koszyk\u00f3wce 3&#215;3 2026<\/p>\n            <\/div>\n            <div class=\"card-event__date\">01.06.2026-01.06.2026<\/div>\n            <div class=\"card-event__location\">Warszawa<\/div>\n        <\/div>\n    <\/div>\n<\/div>                                            <\/div>\n                                        \n                                            <div class=\"events-slider-block__sliderItem swiper-slide event-card\"\n                                                data-id=\"205797\"\n                                                data-name=\"Ajla &amp; Lowra\"\n                                                data-brand=\"MIH Agency\"\n                                                data-category=\"muzyka\"\n                                                data-subcategory=\"hip-hop-rap\"\n                                                data-city=\"Krak\u00f3w, Warszawa\"\n                                                data-venue=\"Alchemia\">\n                                                \n<div class=\"card-event  card-event--size-small\">\n        <a href=\"https:\/\/www.ebilet.pl\/muzyka\/hip-hop-rap\/ajla-lowra\" target=\"_blank\" class=\"card-event__link\" rel=\"nofollow noopener\"><\/a>\n        <div class=\"card-event__wrapper\">\n        <div class=\"card-event__image\">\n            <img decoding=\"async\" src=\"https:\/\/www.ebilet.pl\/media\/cms\/media\/2cap0euh\/552x736-e4471b37-f01d-4e64-9496-010573018a99.webp\" alt=\"\">\n        <\/div>\n        <div class=\"card-event__data\">\n            <div class=\"card-event__name\">\n                <p>Ajla &#038; Lowra<\/p>\n            <\/div>\n            <div class=\"card-event__date\">21.05.2026-21.05.2026<\/div>\n            <div class=\"card-event__location\">Krak\u00f3w, Warszawa<\/div>\n        <\/div>\n    <\/div>\n<\/div>                                            <\/div>\n                                        \n                                            <div class=\"events-slider-block__sliderItem swiper-slide event-card\"\n                                                data-id=\"10672\"\n                                                data-name=\"Red Bull Drift Masters, Grand Finale 2026, Poland\"\n                                                data-brand=\"Drift Masters Grand Prix Sp. z o.o.\"\n                                                data-category=\"sport\"\n                                                data-subcategory=\"sporty-motorowe\"\n                                                data-city=\"Warszawa\"\n                                                data-venue=\"PGE Narodowy im. Kazimierza G\u00f3rskiego\">\n                                                \n<div class=\"card-event  card-event--size-small\">\n        <a href=\"https:\/\/www.ebilet.pl\/sport\/sporty-motorowe\/drift-masters\" target=\"_blank\" class=\"card-event__link\" rel=\"nofollow noopener\"><\/a>\n        <div class=\"card-event__wrapper\">\n        <div class=\"card-event__image\">\n            <img decoding=\"async\" src=\"https:\/\/www.ebilet.pl\/media\/cms\/media\/sz3ojwmd\/552x736-do-60kb-55f8db12-cfee-4159-a30d-647373ffe546.webp\" alt=\"\">\n        <\/div>\n        <div class=\"card-event__data\">\n            <div class=\"card-event__name\">\n                <p>Red Bull Drift Masters, Grand Finale 2026, Poland<\/p>\n            <\/div>\n            <div class=\"card-event__date\">11.09.2026-11.09.2026<\/div>\n            <div class=\"card-event__location\">Warszawa<\/div>\n        <\/div>\n    <\/div>\n<\/div>                                            <\/div>\n                                        \n                                            <div class=\"events-slider-block__sliderItem swiper-slide event-card\"\n                                                data-id=\"120676\"\n                                                data-name=\"CARBON Silesia Festival\"\n                                                data-brand=\"Go Fest Sp. z o.o.\"\n                                                data-category=\"muzyka\"\n                                                data-subcategory=\"festiwale\"\n                                                data-city=\"Zabrze\"\n                                                data-venue=\"Sztolnia Kr\u00f3lowa Luiza\">\n                                                \n<div class=\"card-event  card-event--size-small\">\n        <a href=\"https:\/\/www.ebilet.pl\/muzyka\/festiwale\/carbon-silesia-festival\" target=\"_blank\" class=\"card-event__link\" rel=\"nofollow noopener\"><\/a>\n        <div class=\"card-event__wrapper\">\n        <div class=\"card-event__image\">\n            <img decoding=\"async\" src=\"https:\/\/www.ebilet.pl\/media\/cms\/media\/dtvlk5wm\/552x736-22-89e6a49e-7c53-4176-be71-eaf7c4d527a3.webp\" alt=\"\">\n        <\/div>\n        <div class=\"card-event__data\">\n            <div class=\"card-event__name\">\n                <p>CARBON Silesia Festival<\/p>\n            <\/div>\n            <div class=\"card-event__date\">19.06.2026-19.06.2026<\/div>\n            <div class=\"card-event__location\">Zabrze<\/div>\n        <\/div>\n    <\/div>\n<\/div>                                            <\/div>\n                                        \n                                            <div class=\"events-slider-block__sliderItem swiper-slide event-card\"\n                                                data-id=\"56007\"\n                                                data-name=\"The Casualties\"\n                                                data-brand=\"Winiary Bookings sp. z o. o.\"\n                                                data-category=\"muzyka\"\n                                                data-subcategory=\"rock\"\n                                                data-city=\"Krak\u00f3w, Pozna\u0144, Warszawa\"\n                                                data-venue=\"Klub Za\u015bcianek\">\n                                                \n<div class=\"card-event  card-event--size-small\">\n        <a href=\"https:\/\/www.ebilet.pl\/muzyka\/rock\/the-casualties\" target=\"_blank\" class=\"card-event__link\" rel=\"nofollow noopener\"><\/a>\n        <div class=\"card-event__wrapper\">\n        <div class=\"card-event__image\">\n            <img decoding=\"async\" src=\"https:\/\/www.ebilet.pl\/media\/cms\/media\/awfpdqxf\/the-casualties-ebilet-strona-wydarzenia-pion-wspo-lne-8c949b57-b57b-4ed1-9d3f-cbcd8bf0821c.webp\" alt=\"\">\n        <\/div>\n        <div class=\"card-event__data\">\n            <div class=\"card-event__name\">\n                <p>The Casualties<\/p>\n            <\/div>\n            <div class=\"card-event__date\">10.06.2026-10.06.2026<\/div>\n            <div class=\"card-event__location\">Krak\u00f3w, Pozna\u0144, Warszawa<\/div>\n        <\/div>\n    <\/div>\n<\/div>                                            <\/div>\n                                        \n                                            <div class=\"events-slider-block__sliderItem swiper-slide event-card\"\n                                                data-id=\"205471\"\n                                                data-name=\"N8noface\"\n                                                data-brand=\"Winiary Bookings sp. z o. o.\"\n                                                data-category=\"muzyka\"\n                                                data-subcategory=\"pozostale\"\n                                                data-city=\"Wroc\u0142aw\"\n                                                data-venue=\"Klub Muzyczny Liverpool\">\n                                                \n<div class=\"card-event  card-event--size-small\">\n        <a href=\"https:\/\/www.ebilet.pl\/muzyka\/pozostale\/n8noface\" target=\"_blank\" class=\"card-event__link\" rel=\"nofollow noopener\"><\/a>\n        <div class=\"card-event__wrapper\">\n        <div class=\"card-event__image\">\n            <img decoding=\"async\" src=\"https:\/\/www.ebilet.pl\/media\/cms\/media\/yffijpgm\/n8noface-ebilet-strona-wydarzenia-pion-wroc_aw-5141eda9-5eb5-4104-9c45-23ca90d7d5cb.webp\" alt=\"\">\n        <\/div>\n        <div class=\"card-event__data\">\n            <div class=\"card-event__name\">\n                <p>N8noface<\/p>\n            <\/div>\n            <div class=\"card-event__date\">02.08.2026-02.08.2026<\/div>\n            <div class=\"card-event__location\">Wroc\u0142aw<\/div>\n        <\/div>\n    <\/div>\n<\/div>                                            <\/div>\n                                        \n                                            <div class=\"events-slider-block__sliderItem swiper-slide event-card\"\n                                                data-id=\"169470\"\n                                                data-name=\"Morrissey\"\n                                                data-brand=\"Winiary Bookings sp. z o. o.\"\n                                                data-category=\"muzyka\"\n                                                data-subcategory=\"rock\"\n                                                data-city=\"Warszawa\"\n                                                data-venue=\"Letnia Scena Progresji\">\n                                                \n<div class=\"card-event  card-event--size-small\">\n        <a href=\"https:\/\/www.ebilet.pl\/muzyka\/rock\/morrissey\" target=\"_blank\" class=\"card-event__link\" rel=\"nofollow noopener\"><\/a>\n        <div class=\"card-event__wrapper\">\n        <div class=\"card-event__image\">\n            <img decoding=\"async\" src=\"https:\/\/www.ebilet.pl\/media\/cms\/media\/v0fhczer\/morrissey-ebilet-strona-wydarzenia-pion-warszawa-2b0fb3a5-f2dd-4773-8334-2fab1e2a5a89.webp\" alt=\"\">\n        <\/div>\n        <div class=\"card-event__data\">\n            <div class=\"card-event__name\">\n                <p>Morrissey<\/p>\n            <\/div>\n            <div class=\"card-event__date\">09.07.2026-09.07.2026<\/div>\n            <div class=\"card-event__location\">Warszawa<\/div>\n        <\/div>\n    <\/div>\n<\/div>                                            <\/div>\n                                        \n                                            <div class=\"events-slider-block__sliderItem swiper-slide event-card\"\n                                                data-id=\"170209\"\n                                                data-name=\"Jean-Michel Jarre + go\u015b\u0107 specjalny Zalewski\"\n                                                data-brand=\"AGENCJA ARTYSTYCZNA &quot;MEDIAL&quot; Albert Ma\u0142ek\"\n                                                data-category=\"muzyka\"\n                                                data-subcategory=\"elektro-techno\"\n                                                data-city=\"Radom\"\n                                                data-venue=\"Stadion Miejski im. Braci Czachor\u00f3w\">\n                                                \n<div class=\"card-event  card-event--size-small\">\n        <a href=\"https:\/\/www.ebilet.pl\/muzyka\/elektro-techno\/jean-michel-jarre\" target=\"_blank\" class=\"card-event__link\" rel=\"nofollow noopener\"><\/a>\n        <div class=\"card-event__wrapper\">\n        <div class=\"card-event__image\">\n            <img decoding=\"async\" src=\"https:\/\/www.ebilet.pl\/media\/cms\/media\/dfmp2pp5\/jmr_radom_552x736-2611fd12-cb3f-44cd-ba32-dc7ca4f86f18.webp\" alt=\"\">\n        <\/div>\n        <div class=\"card-event__data\">\n            <div class=\"card-event__name\">\n                <p>Jean-Michel Jarre + go\u015b\u0107 specjalny Zalewski<\/p>\n            <\/div>\n            <div class=\"card-event__date\">19.06.2026-19.06.2026<\/div>\n            <div class=\"card-event__location\">Radom<\/div>\n        <\/div>\n    <\/div>\n<\/div>                                            <\/div>\n                                        \n                                            <div class=\"events-slider-block__sliderItem swiper-slide event-card\"\n                                                data-id=\"83830\"\n                                                data-name=\"Arlo Parks\"\n                                                data-brand=\"Live Nation\"\n                                                data-category=\"muzyka\"\n                                                data-subcategory=\"pop\"\n                                                data-city=\"Warszawa\"\n                                                data-venue=\"Palladium\">\n                                                \n<div class=\"card-event  card-event--size-small\">\n        <a href=\"https:\/\/www.ebilet.pl\/muzyka\/pop\/arlo-parks\" target=\"_blank\" class=\"card-event__link\" rel=\"nofollow noopener\"><\/a>\n        <div class=\"card-event__wrapper\">\n        <div class=\"card-event__image\">\n            <img decoding=\"async\" src=\"https:\/\/www.ebilet.pl\/media\/cms\/media\/gjmk12e2\/ap_552x736-6216ba00-6f04-4c3d-9bfd-b7eebfcc2243.webp\" alt=\"\">\n        <\/div>\n        <div class=\"card-event__data\">\n            <div class=\"card-event__name\">\n                <p>Arlo Parks<\/p>\n            <\/div>\n            <div class=\"card-event__date\">18.11.2026-18.11.2026<\/div>\n            <div class=\"card-event__location\">Warszawa<\/div>\n        <\/div>\n    <\/div>\n<\/div>                                            <\/div>\n                                        \n                                            <div class=\"events-slider-block__sliderItem swiper-slide event-card\"\n                                                data-id=\"88247\"\n                                                data-name=\"DKF Bariera\"\n                                                data-brand=\" ACKiM UMCS Chatka \u017baka\"\n                                                data-category=\"kino\"\n                                                data-subcategory=\"pozostale\"\n                                                data-city=\"Lublin\"\n                                                data-venue=\"ACKiM UMCS Chatka \u017baka\">\n                                                \n<div class=\"card-event  card-event--size-small\">\n        <a href=\"https:\/\/www.ebilet.pl\/kino\/pozostale\/dkf-bariera\" target=\"_blank\" class=\"card-event__link\" rel=\"nofollow noopener\"><\/a>\n        <div class=\"card-event__wrapper\">\n        <div class=\"card-event__image\">\n            <img decoding=\"async\" src=\"https:\/\/www.ebilet.pl\/media\/cms\/media\/tmcgaah4\/051-efd56a51-a067-4eca-aeec-2fd1ba79a110.webp\" alt=\"\">\n        <\/div>\n        <div class=\"card-event__data\">\n            <div class=\"card-event__name\">\n                <p>DKF Bariera<\/p>\n            <\/div>\n            <div class=\"card-event__date\">28.04.2026-28.04.2026<\/div>\n            <div class=\"card-event__location\">Lublin<\/div>\n        <\/div>\n    <\/div>\n<\/div>                                            <\/div>\n                                        \n                                            <div class=\"events-slider-block__sliderItem swiper-slide event-card\"\n                                                data-id=\"60640\"\n                                                data-name=\"Zalewski &amp; Lemon\"\n                                                data-brand=\"KPT Sp. z o. o.\"\n                                                data-category=\"muzyka\"\n                                                data-subcategory=\"pop\"\n                                                data-city=\"Szczecin\"\n                                                data-venue=\"Teatr Letni w Szczecinie\">\n                                                \n<div class=\"card-event  card-event--size-small\">\n        <a href=\"https:\/\/www.ebilet.pl\/muzyka\/pop\/zalewski\" target=\"_blank\" class=\"card-event__link\" rel=\"nofollow noopener\"><\/a>\n        <div class=\"card-event__wrapper\">\n        <div class=\"card-event__image\">\n            <img decoding=\"async\" src=\"https:\/\/www.ebilet.pl\/media\/cms\/media\/5splhhwv\/zalewski-lemon-552-x-736-px-1910f1d5-9ab0-4ab9-a2da-1cc0c9888d0f.webp\" alt=\"\">\n        <\/div>\n        <div class=\"card-event__data\">\n            <div class=\"card-event__name\">\n                <p>Zalewski &#038; Lemon<\/p>\n            <\/div>\n            <div class=\"card-event__date\">04.09.2026-04.09.2026<\/div>\n            <div class=\"card-event__location\">Szczecin<\/div>\n        <\/div>\n    <\/div>\n<\/div>                                            <\/div>\n                                        \n                                            <div class=\"events-slider-block__sliderItem swiper-slide event-card\"\n                                                data-id=\"100746\"\n                                                data-name=\"Legia Warszawa Sezon 2025\/26 - mecze domowe\"\n                                                data-brand=\"Legia Warszawa Sekcja Koszyk\u00f3wki\"\n                                                data-category=\"sport\"\n                                                data-subcategory=\"sporty-druzynowe\"\n                                                data-city=\"Warszawa\"\n                                                data-venue=\"Hala Bemowo\">\n                                                \n<div class=\"card-event  card-event--size-small\">\n        <a href=\"https:\/\/www.ebilet.pl\/sport\/sporty-druzynowe\/legia-kosz\" target=\"_blank\" class=\"card-event__link\" rel=\"nofollow noopener\"><\/a>\n        <div class=\"card-event__wrapper\">\n        <div class=\"card-event__image\">\n            <img decoding=\"async\" src=\"https:\/\/www.ebilet.pl\/media\/cms\/media\/asxdsgjh\/bilety-na-3-89b6abdc-651e-4694-aa96-8a0afe038acb.webp\" alt=\"\">\n        <\/div>\n        <div class=\"card-event__data\">\n            <div class=\"card-event__name\">\n                <p>Legia Warszawa Sezon 2025\/26 &#8211; mecze domowe<\/p>\n            <\/div>\n            <div class=\"card-event__date\">06.05.2026-06.05.2026<\/div>\n            <div class=\"card-event__location\">Warszawa<\/div>\n        <\/div>\n    <\/div>\n<\/div>                                            <\/div>\n                                                                            <\/div>\n                                <\/div>\n                            <\/div>\n                            <div class=\"events-slider-block__events swiper\" data-events-events-descriptions>\n                                <div class=\"events-slider-block__eventsWrapper swiper-wrapper\">\n                                                                            <div class=\"events-slider-block__eventsItem swiper-slide\">\n                                            <a href=\"https:\/\/www.ebilet.pl\/sport\/sporty-druzynowe\/mecz-siatkowki\" target=\"_blank\" class=\"events-slider-block__eventsName\">\n                                                <p>Mecze towarzyskie Reprezentacji Polski m\u0119\u017cczyzn w siatk\u00f3wce<\/p>\n                                            <\/a>\n                                            <div class=\"events-slider-block__eventsDate\">01.01.1970-01.01.1970<\/div>\n                                            <div class=\"events-slider-block__eventsLocation\"><\/div>\n                                        <\/div>\n                                                                            <div class=\"events-slider-block__eventsItem swiper-slide\">\n                                            <a href=\"https:\/\/www.ebilet.pl\/muzyka\/rock\/spiety-koncert\" target=\"_blank\" class=\"events-slider-block__eventsName\">\n                                                <p>SPI\u0118TY\/WY I ONI Inny Koncert<\/p>\n                                            <\/a>\n                                            <div class=\"events-slider-block__eventsDate\">25.10.2026-16.11.2026<\/div>\n                                            <div class=\"events-slider-block__eventsLocation\"><\/div>\n                                        <\/div>\n                                                                            <div class=\"events-slider-block__eventsItem swiper-slide\">\n                                            <a href=\"https:\/\/www.ebilet.pl\/klasyka\/koncert\/abba-i-queen\" target=\"_blank\" class=\"events-slider-block__eventsName\">\n                                                <p>Koncert przy \u015bwiecach: ABBA &#038; Queen<\/p>\n                                            <\/a>\n                                            <div class=\"events-slider-block__eventsDate\">09.05.2026-24.05.2026<\/div>\n                                            <div class=\"events-slider-block__eventsLocation\"><\/div>\n                                        <\/div>\n                                                                            <div class=\"events-slider-block__eventsItem swiper-slide\">\n                                            <a href=\"https:\/\/www.ebilet.pl\/sport\/sporty-druzynowe\/koszykowka\" target=\"_blank\" class=\"events-slider-block__eventsName\">\n                                                <p>Mistrzostwa \u015awiata w koszyk\u00f3wce 3&#215;3 2026<\/p>\n                                            <\/a>\n                                            <div class=\"events-slider-block__eventsDate\">01.06.2026-07.06.2026<\/div>\n                                            <div class=\"events-slider-block__eventsLocation\"><\/div>\n                                        <\/div>\n                                                                            <div class=\"events-slider-block__eventsItem swiper-slide\">\n                                            <a href=\"https:\/\/www.ebilet.pl\/muzyka\/hip-hop-rap\/ajla-lowra\" target=\"_blank\" class=\"events-slider-block__eventsName\">\n                                                <p>Ajla &#038; Lowra<\/p>\n                                            <\/a>\n                                            <div class=\"events-slider-block__eventsDate\">21.05.2026-28.05.2026<\/div>\n                                            <div class=\"events-slider-block__eventsLocation\"><\/div>\n                                        <\/div>\n                                                                            <div class=\"events-slider-block__eventsItem swiper-slide\">\n                                            <a href=\"https:\/\/www.ebilet.pl\/sport\/sporty-motorowe\/drift-masters\" target=\"_blank\" class=\"events-slider-block__eventsName\">\n                                                <p>Red Bull Drift Masters, Grand Finale 2026, Poland<\/p>\n                                            <\/a>\n                                            <div class=\"events-slider-block__eventsDate\">11.09.2026-12.09.2026<\/div>\n                                            <div class=\"events-slider-block__eventsLocation\"><\/div>\n                                        <\/div>\n                                                                            <div class=\"events-slider-block__eventsItem swiper-slide\">\n                                            <a href=\"https:\/\/www.ebilet.pl\/muzyka\/festiwale\/carbon-silesia-festival\" target=\"_blank\" class=\"events-slider-block__eventsName\">\n                                                <p>CARBON Silesia Festival<\/p>\n                                            <\/a>\n                                            <div class=\"events-slider-block__eventsDate\">19.06.2026-20.06.2026<\/div>\n                                            <div class=\"events-slider-block__eventsLocation\"><\/div>\n                                        <\/div>\n                                                                            <div class=\"events-slider-block__eventsItem swiper-slide\">\n                                            <a href=\"https:\/\/www.ebilet.pl\/muzyka\/rock\/the-casualties\" target=\"_blank\" class=\"events-slider-block__eventsName\">\n                                                <p>The Casualties<\/p>\n                                            <\/a>\n                                            <div class=\"events-slider-block__eventsDate\">10.06.2026-01.07.2026<\/div>\n                                            <div class=\"events-slider-block__eventsLocation\"><\/div>\n                                        <\/div>\n                                                                            <div class=\"events-slider-block__eventsItem swiper-slide\">\n                                            <a href=\"https:\/\/www.ebilet.pl\/muzyka\/pozostale\/n8noface\" target=\"_blank\" class=\"events-slider-block__eventsName\">\n                                                <p>N8noface<\/p>\n                                            <\/a>\n                                            <div class=\"events-slider-block__eventsDate\">02.08.2026-02.08.2026<\/div>\n                                            <div class=\"events-slider-block__eventsLocation\"><\/div>\n                                        <\/div>\n                                                                            <div class=\"events-slider-block__eventsItem swiper-slide\">\n                                            <a href=\"https:\/\/www.ebilet.pl\/muzyka\/rock\/morrissey\" target=\"_blank\" class=\"events-slider-block__eventsName\">\n                                                <p>Morrissey<\/p>\n                                            <\/a>\n                                            <div class=\"events-slider-block__eventsDate\">09.07.2026-09.07.2026<\/div>\n                                            <div class=\"events-slider-block__eventsLocation\"><\/div>\n                                        <\/div>\n                                                                            <div class=\"events-slider-block__eventsItem swiper-slide\">\n                                            <a href=\"https:\/\/www.ebilet.pl\/muzyka\/elektro-techno\/jean-michel-jarre\" target=\"_blank\" class=\"events-slider-block__eventsName\">\n                                                <p>Jean-Michel Jarre + go\u015b\u0107 specjalny Zalewski<\/p>\n                                            <\/a>\n                                            <div class=\"events-slider-block__eventsDate\">19.06.2026-19.06.2026<\/div>\n                                            <div class=\"events-slider-block__eventsLocation\"><\/div>\n                                        <\/div>\n                                                                            <div class=\"events-slider-block__eventsItem swiper-slide\">\n                                            <a href=\"https:\/\/www.ebilet.pl\/muzyka\/pop\/arlo-parks\" target=\"_blank\" class=\"events-slider-block__eventsName\">\n                                                <p>Arlo Parks<\/p>\n                                            <\/a>\n                                            <div class=\"events-slider-block__eventsDate\">18.11.2026-18.11.2026<\/div>\n                                            <div class=\"events-slider-block__eventsLocation\"><\/div>\n                                        <\/div>\n                                                                            <div class=\"events-slider-block__eventsItem swiper-slide\">\n                                            <a href=\"https:\/\/www.ebilet.pl\/kino\/pozostale\/dkf-bariera\" target=\"_blank\" class=\"events-slider-block__eventsName\">\n                                                <p>DKF Bariera<\/p>\n                                            <\/a>\n                                            <div class=\"events-slider-block__eventsDate\">28.04.2026-09.06.2026<\/div>\n                                            <div class=\"events-slider-block__eventsLocation\"><\/div>\n                                        <\/div>\n                                                                            <div class=\"events-slider-block__eventsItem swiper-slide\">\n                                            <a href=\"https:\/\/www.ebilet.pl\/muzyka\/pop\/zalewski\" target=\"_blank\" class=\"events-slider-block__eventsName\">\n                                                <p>Zalewski &#038; Lemon<\/p>\n                                            <\/a>\n                                            <div class=\"events-slider-block__eventsDate\">04.09.2026-04.09.2026<\/div>\n                                            <div class=\"events-slider-block__eventsLocation\"><\/div>\n                                        <\/div>\n                                                                            <div class=\"events-slider-block__eventsItem swiper-slide\">\n                                            <a href=\"https:\/\/www.ebilet.pl\/sport\/sporty-druzynowe\/legia-kosz\" target=\"_blank\" class=\"events-slider-block__eventsName\">\n                                                <p>Legia Warszawa Sezon 2025\/26 &#8211; mecze domowe<\/p>\n                                            <\/a>\n                                            <div class=\"events-slider-block__eventsDate\">06.05.2026-06.05.2026<\/div>\n                                            <div class=\"events-slider-block__eventsLocation\"><\/div>\n                                        <\/div>\n                                                                    <\/div>\n                            <\/div>\n                            <div class=\"events-slider-block__pagination\">\n                                <div class=\"swiper-pagination slider-pagination slider-pagination--theme-white\" data-events-slider-pagination><\/div>\n                            <\/div>\n                        <\/div>\n                                        <div class=\"events-slider-block__bottom\">\n                                                                                <div class=\"events-slider-block__link desktop\">\n                                    <a\n                                        class=\"button button--size-small button--theme-primary-yellow button--withIconLeft\"\n                                        href=\"https:\/\/www.ebilet.pl\/\">\n                                                                                    <div class=\"button__icon\"><img loading=\"lazy\" decoding=\"async\" width=\"30\" height=\"30\" src=\"https:\/\/www.ebilet.pl\/now\/app\/uploads\/2024\/01\/ticket-cinema-entertainment-coupon-discount-sale_30px.png\" class=\"attachment-full size-full\" alt=\"\" \/><\/div>\n                                                                                <p class=\"button__text typo-18\">Kup na eBilet.pl<\/p>\n                                    <\/a>\n                                <\/div>\n                                                                                <div class=\"events-slider-block__link mobile\">\n                                    <a\n                                        class=\"button button--size-small button--theme-primary-yellow button--withIconLeft\"\n                                        href=\"https:\/\/www.ebilet.pl\/\">\n                                                                                    <div class=\"button__icon\"><img loading=\"lazy\" decoding=\"async\" width=\"30\" height=\"30\" src=\"https:\/\/www.ebilet.pl\/now\/app\/uploads\/2024\/01\/ticket-cinema-entertainment-coupon-discount-sale_30px.png\" class=\"attachment-full size-full\" alt=\"\" \/><\/div>\n                                                                                <p class=\"button__text typo-18\">Kup na eBilet.pl<\/p>\n                                    <\/a>\n                                <\/div>\n                                            <\/div>\n                <\/div>\n            <\/div>\n        <\/div>\n    <\/div>\n<\/section>","protected":false},"excerpt":{"rendered":"<p>Stand-up staje si\u0119 coraz bardziej popularny. Ju\u017c dawno prze\u015bcign\u0105\u0142 kabarety, szczeg\u00f3lnie w\u015br\u00f3d m\u0142odszych odbiorc\u00f3w. Dlaczego tak jest? Bo ludzie maj\u0105 ju\u017c do\u015b\u0107 \u017cart\u00f3w niczym odgrzewane kotlety, kt\u00f3re kr\u00f3luj\u0105 na scenach kabaretowych (ci\u0105gle tylko PiS, PO, te\u015bciowe i ksi\u0119\u017ca). Stand-up daje im co\u015b wi\u0119cej: odniesienie do prawdziwego \u017cycia. Podczas gdy kabaret jest przedstawieniem, stand-up to monolog o prawdziwym \u017cyciu. Kabaret ma tylko bawi\u0107, stand-up \u2013 zach\u0119ci\u0107 do rozwa\u017ca\u0144. <\/p>\n","protected":false},"author":4,"featured_media":16475,"comment_status":"open","ping_status":"open","sticky":false,"template":"page-templates\/article-default.php","format":"standard","meta":{"_acf_changed":false,"footnotes":""},"article_tag":[122,123,121],"article_type":[5],"acf":[],"_links":{"self":[{"href":"https:\/\/www.ebilet.pl\/now\/wp-json\/wp\/v2\/posts\/16472"}],"collection":[{"href":"https:\/\/www.ebilet.pl\/now\/wp-json\/wp\/v2\/posts"}],"about":[{"href":"https:\/\/www.ebilet.pl\/now\/wp-json\/wp\/v2\/types\/post"}],"author":[{"embeddable":true,"href":"https:\/\/www.ebilet.pl\/now\/wp-json\/wp\/v2\/users\/4"}],"replies":[{"embeddable":true,"href":"https:\/\/www.ebilet.pl\/now\/wp-json\/wp\/v2\/comments?post=16472"}],"version-history":[{"count":3,"href":"https:\/\/www.ebilet.pl\/now\/wp-json\/wp\/v2\/posts\/16472\/revisions"}],"predecessor-version":[{"id":16477,"href":"https:\/\/www.ebilet.pl\/now\/wp-json\/wp\/v2\/posts\/16472\/revisions\/16477"}],"wp:featuredmedia":[{"embeddable":true,"href":"https:\/\/www.ebilet.pl\/now\/wp-json\/wp\/v2\/media\/16475"}],"wp:attachment":[{"href":"https:\/\/www.ebilet.pl\/now\/wp-json\/wp\/v2\/media?parent=16472"}],"wp:term":[{"taxonomy":"article_tag","embeddable":true,"href":"https:\/\/www.ebilet.pl\/now\/wp-json\/wp\/v2\/article_tag?post=16472"},{"taxonomy":"article_type","embeddable":true,"href":"https:\/\/www.ebilet.pl\/now\/wp-json\/wp\/v2\/article_type?post=16472"}],"curies":[{"name":"wp","href":"https:\/\/api.w.org\/{rel}","templated":true}]}}