{"id":16460,"date":"2024-05-08T00:14:01","date_gmt":"2024-05-07T23:14:01","guid":{"rendered":"https:\/\/www.ebilet.pl\/now\/?p=16460"},"modified":"2024-06-17T09:15:25","modified_gmt":"2024-06-17T08:15:25","slug":"stand-up-dla-wszystkich-czy-komedia-moze-byc-uniwersalna","status":"publish","type":"post","link":"https:\/\/www.ebilet.pl\/now\/stand-up-dla-wszystkich-czy-komedia-moze-byc-uniwersalna\/","title":{"rendered":"Stand-up dla wszystkich: Czy komedia mo\u017ce by\u0107 uniwersalna?"},"content":{"rendered":"\n<section class=\"text-block  section-margin-32\" >\n    <div class=\"container\">\n        <div class=\"row\">\n            <div class=\"col-24\">\n                <div class=\"text-block__content\"><h2><strong>Jakie s\u0105 sk\u0142adowe stand-upu?<\/strong><\/h2>\n<p><span style=\"font-weight: 400;\">Stand-up to forma komedii. Najcz\u0119\u015bciej jest to forma monologu (cho\u0107 zdarzaj\u0105 si\u0119 stand-upy grupowe, np. tzw. roasty). Artysta mo\u017ce nawi\u0105zywa\u0107 kontakt z publiczno\u015bci\u0105, ale nie musi tego robi\u0107 (w ma\u0142ych klubach jest to wykonalne, w wielkich salach teatralnych niekoniecznie). <\/span><b>Na scenie licz\u0105 si\u0119 tak\u017ce:<\/b><\/p>\n<ul>\n<li style=\"font-weight: 400;\" aria-level=\"1\"><span style=\"font-weight: 400;\">tematyka \u017cart\u00f3w,<\/span><\/li>\n<li style=\"font-weight: 400;\" aria-level=\"1\"><span style=\"font-weight: 400;\">spos\u00f3b wypowiedzi,<\/span><\/li>\n<li style=\"font-weight: 400;\" aria-level=\"1\"><span style=\"font-weight: 400;\">barwa g\u0142osu,<\/span><\/li>\n<li style=\"font-weight: 400;\" aria-level=\"1\"><span style=\"font-weight: 400;\">postawa,<\/span><\/li>\n<li style=\"font-weight: 400;\" aria-level=\"1\"><span style=\"font-weight: 400;\">wygl\u0105d samego artysty,<\/span><\/li>\n<li style=\"font-weight: 400;\" aria-level=\"1\"><span style=\"font-weight: 400;\">spos\u00f3b bycia.<\/span><\/li>\n<\/ul>\n<p><b>Te elementy sprawiaj\u0105, \u017ce stand-up jednocze\u015bnie jest i nie jest form\u0105 rozrywki dla ka\u017cdego. <\/b><span style=\"font-weight: 400;\">G\u0142\u0119boko wierzymy w to, \u017ce ka\u017cda osoba mo\u017ce znale\u017a\u0107 ulubionego stand-upera, kt\u00f3rego b\u0119dzie s\u0142ucha\u0107 z przyjemno\u015bci\u0105. Ale jednocze\u015bnie nie ma takiego artysty, kt\u00f3ry by wszystkim dogodzi\u0142. Dlaczego? W\u0142a\u015bnie ze wzgl\u0119du na czynniki, kt\u00f3re wymienili\u015bmy powy\u017cej. Zastan\u00f3wmy si\u0119 nad ka\u017cdym z nich.<\/span><\/p>\n<\/div>\n            <\/div>\n        <\/div>\n    <\/div>\n<\/section>\n\n\n<section class=\"tickets-slider  section-margin-32\"\n    data-tickets-slider\n    data-item-list-name=\"Karuzela z buttonami\"\n    data-item-list-id=\"karuzela_z_buttonami\"\n    >\n    <div class=\"container\">\n        <div class=\"row\">\n            <div class=\"col-24\">\n                <div class=\"tickets-slider__main\">\n                    <div class=\"tickets-slider__nav tickets-slider__nav--prev\">\n                        <div class=\"button button--withIcon button--theme-white-blur button--size-fixed-48\" data-tickets-slider-prev>\n                            <span class=\"button__icon icon icon-chevron-left\"><\/span>\n                        <\/div>\n                    <\/div>\n                    <div class=\"tickets-slider__nav tickets-slider__nav--next\">\n                        <div class=\"button button--withIcon button--theme-white-blur button--size-fixed-48\" data-tickets-slider-next>\n                            <span class=\"button__icon icon icon-chevron-right\"><\/span>\n                        <\/div>\n                    <\/div>\n                    <div class=\"tickets-slider__slider swiper\" data-tickets-slider-slider>\n                        <div class=\"tickets-slider__sliderWrapper swiper-wrapper\">\n                                                            <div class=\"tickets-slider__sliderItem swiper-slide\"\n                                    data-id=\"129853\"\n                                    data-name=\"Beksi\u0144ski.Live\"\n                                    data-brand=\"L2L Sp z o.o.\"\n                                    data-category=\"widowiska\"\n                                    data-subcategory=\"inne\"\n                                    data-city=\"Warszawa, Wroc\u0142aw\"\n                                    data-venue=\"Hala COS Torwar \">\n                                    <div class=\"tickets-slider__sliderCard\">\n                                        \n<div class=\"card-ticket\">\n        <div class=\"card-ticket__image\">\n        <a href=\"https:\/\/www.ebilet.pl\/widowiska\/inne\/beksinski-live\">\n            <img decoding=\"async\" src=\"https:\/\/www.ebilet.pl\/media\/cms\/media\/rcpokc02\/552x736-2026-04-27t161822058.webp\" alt=\"Plakat wydarzenia\" \/>\n        <\/a>\n    <\/div>\n             \n    <div class=\"card-ticket__link\">\n        <a href=\"https:\/\/www.ebilet.pl\/widowiska\/inne\/beksinski-live\" class=\"button button--theme-primary-yellow button--withIconLeft button--size-small\">\n            <span class=\"button__icon icon icon-ticket\"><\/span>\n            <p class=\"button__text typo-16 f-600\">Kup bilet<\/p>\n        <\/a>\n    <\/div>\n    <\/div>                                    <\/div>\n                                <\/div>\n                                                            <div class=\"tickets-slider__sliderItem swiper-slide\"\n                                    data-id=\"55791\"\n                                    data-name=\"Legendarne knajpy PRL - bo pi\u0107 trzeba umi\u0107!\"\n                                    data-brand=\"WPT 1313 Rafa\u0142 Pawe\u0142ek\"\n                                    data-category=\"widowiska\"\n                                    data-subcategory=\"inne\"\n                                    data-city=\"Warszawa\"\n                                    data-venue=\"Plac Defilad \">\n                                    <div class=\"tickets-slider__sliderCard\">\n                                        \n<div class=\"card-ticket\">\n        <div class=\"card-ticket__image\">\n        <a href=\"https:\/\/www.ebilet.pl\/widowiska\/inne\/knajpy-prl\">\n            <img decoding=\"async\" src=\"https:\/\/www.ebilet.pl\/media\/cms\/media\/qnkm4vkj\/knajpy2-4c79cd07-b41c-40ac-a60a-fc46aac9bc8b.webp\" alt=\"Plakat wydarzenia\" \/>\n        <\/a>\n    <\/div>\n             \n    <div class=\"card-ticket__link\">\n        <a href=\"https:\/\/www.ebilet.pl\/widowiska\/inne\/knajpy-prl\" class=\"button button--theme-primary-yellow button--withIconLeft button--size-small\">\n            <span class=\"button__icon icon icon-ticket\"><\/span>\n            <p class=\"button__text typo-16 f-600\">Kup bilet<\/p>\n        <\/a>\n    <\/div>\n    <\/div>                                    <\/div>\n                                <\/div>\n                                                            <div class=\"tickets-slider__sliderItem swiper-slide\"\n                                    data-id=\"13655\"\n                                    data-name=\"Kabaret hrAbi &amp; Wojtek Kami\u0144ski - By\u0107 facetem\"\n                                    data-brand=\"Sztukoteka\"\n                                    data-category=\"widowiska\"\n                                    data-subcategory=\"kabarety\"\n                                    data-city=\"D\u0105browa G\u00f3rnicza, Gdynia, Grudzi\u0105dz i inne\"\n                                    data-venue=\"Sala Koncertowa Radia Wroc\u0142aw\">\n                                    <div class=\"tickets-slider__sliderCard\">\n                                        \n<div class=\"card-ticket\">\n        <div class=\"card-ticket__image\">\n        <a href=\"https:\/\/www.ebilet.pl\/widowiska\/kabarety\/kabaret-hrabi\">\n            <img decoding=\"async\" src=\"https:\/\/www.ebilet.pl\/media\/cms\/media\/1m4jtddj\/ebilet_552x736_bycfacetem_t1-972e50d4-d827-474c-91a8-3c98276e254e.webp\" alt=\"Plakat wydarzenia\" \/>\n        <\/a>\n    <\/div>\n             \n    <div class=\"card-ticket__link\">\n        <a href=\"https:\/\/www.ebilet.pl\/widowiska\/kabarety\/kabaret-hrabi\" class=\"button button--theme-primary-yellow button--withIconLeft button--size-small\">\n            <span class=\"button__icon icon icon-ticket\"><\/span>\n            <p class=\"button__text typo-16 f-600\">Kup bilet<\/p>\n        <\/a>\n    <\/div>\n    <\/div>                                    <\/div>\n                                <\/div>\n                                                            <div class=\"tickets-slider__sliderItem swiper-slide\"\n                                    data-id=\"26993\"\n                                    data-name=\"Lord of the Dance - 30th Anniversary Tour\"\n                                    data-brand=\"TARGREM SP\u00d3\u0141KA Z OGRANICZON\u0104 ODPOWIEDZIALNO\u015aCI\u0104\"\n                                    data-category=\"widowiska\"\n                                    data-subcategory=\"rewie-show\"\n                                    data-city=\"Gda\u0144sk, Gliwice, Gorz\u00f3w Wielkopolski i inne\"\n                                    data-venue=\"Hala Olivia\">\n                                    <div class=\"tickets-slider__sliderCard\">\n                                        \n<div class=\"card-ticket\">\n        <div class=\"card-ticket__image\">\n        <a href=\"https:\/\/www.ebilet.pl\/widowiska\/rewie-show\/lord-of-the-dance\">\n            <img decoding=\"async\" src=\"https:\/\/www.ebilet.pl\/media\/cms\/media\/0x3pw4m3\/renditiondownload-09b8fef2-6b81-4967-ab31-b5af4ecccf5f.webp\" alt=\"Plakat wydarzenia\" \/>\n        <\/a>\n    <\/div>\n             \n    <div class=\"card-ticket__link\">\n        <a href=\"https:\/\/www.ebilet.pl\/widowiska\/rewie-show\/lord-of-the-dance\" class=\"button button--theme-primary-yellow button--withIconLeft button--size-small\">\n            <span class=\"button__icon icon icon-ticket\"><\/span>\n            <p class=\"button__text typo-16 f-600\">Kup bilet<\/p>\n        <\/a>\n    <\/div>\n    <\/div>                                    <\/div>\n                                <\/div>\n                                                            <div class=\"tickets-slider__sliderItem swiper-slide\"\n                                    data-id=\"179493\"\n                                    data-name=\"Naj\u015bmieszniejsi 2026 - Kabaret Nowaki vs Kabaret Skecz\u00f3w M\u0119cz\u0105cych\"\n                                    data-brand=\"ESKANDER\"\n                                    data-category=\"widowiska\"\n                                    data-subcategory=\"kabarety\"\n                                    data-city=\"Grodzisk Mazowiecki, Nowy S\u0105cz, Ostr\u00f3w Wielkopolski i inne\"\n                                    data-venue=\"Amfiteatr Park Strzelecki\">\n                                    <div class=\"tickets-slider__sliderCard\">\n                                        \n<div class=\"card-ticket\">\n        <div class=\"card-ticket__image\">\n        <a href=\"https:\/\/www.ebilet.pl\/widowiska\/kabarety\/najsmieszniejsi\">\n            <img decoding=\"async\" src=\"https:\/\/www.ebilet.pl\/media\/cms\/media\/1t4oli0h\/najsmiesniejsi_552x736-66a3cfb8-a72b-4fad-bcb9-afd3f1d4ebf9.webp\" alt=\"Plakat wydarzenia\" \/>\n        <\/a>\n    <\/div>\n             \n    <div class=\"card-ticket__link\">\n        <a href=\"https:\/\/www.ebilet.pl\/widowiska\/kabarety\/najsmieszniejsi\" class=\"button button--theme-primary-yellow button--withIconLeft button--size-small\">\n            <span class=\"button__icon icon icon-ticket\"><\/span>\n            <p class=\"button__text typo-16 f-600\">Kup bilet<\/p>\n        <\/a>\n    <\/div>\n    <\/div>                                    <\/div>\n                                <\/div>\n                                                            <div class=\"tickets-slider__sliderItem swiper-slide\"\n                                    data-id=\"174009\"\n                                    data-name=\"Polska Noc Kabaretowa 2026\"\n                                    data-brand=\"ESKANDER\"\n                                    data-category=\"widowiska\"\n                                    data-subcategory=\"kabarety\"\n                                    data-city=\"Bia\u0142ystok, Bielsko-Bia\u0142a, Bydgoszcz i inne\"\n                                    data-venue=\"Narodowe Centrum Polskiej Piosenki\">\n                                    <div class=\"tickets-slider__sliderCard\">\n                                        \n<div class=\"card-ticket\">\n        <div class=\"card-ticket__image\">\n        <a href=\"https:\/\/www.ebilet.pl\/widowiska\/kabarety\/polska-noc-kabaretowa-2026\">\n            <img decoding=\"async\" src=\"https:\/\/www.ebilet.pl\/media\/cms\/media\/uhhfepxw\/pionn-9416b4d8-9d94-438b-91e1-423ea8953492.webp\" alt=\"Plakat wydarzenia\" \/>\n        <\/a>\n    <\/div>\n             \n    <div class=\"card-ticket__link\">\n        <a href=\"https:\/\/www.ebilet.pl\/widowiska\/kabarety\/polska-noc-kabaretowa-2026\" class=\"button button--theme-primary-yellow button--withIconLeft button--size-small\">\n            <span class=\"button__icon icon icon-ticket\"><\/span>\n            <p class=\"button__text typo-16 f-600\">Kup bilet<\/p>\n        <\/a>\n    <\/div>\n    <\/div>                                    <\/div>\n                                <\/div>\n                                                            <div class=\"tickets-slider__sliderItem swiper-slide\"\n                                    data-id=\"170971\"\n                                    data-name=\"Marcin Zbigniew Wojciech ,,Bez Nazwisk Prosz\u0119\u2019\u2019\"\n                                    data-brand=\"Marek Wojciech Projects\"\n                                    data-category=\"widowiska\"\n                                    data-subcategory=\"stand-up\"\n                                    data-city=\"Bieru\u0144, Gdynia, Krak\u00f3w i inne\"\n                                    data-venue=\"Mys\u0142owicki O\u015brodek Kultury\">\n                                    <div class=\"tickets-slider__sliderCard\">\n                                        \n<div class=\"card-ticket\">\n        <div class=\"card-ticket__image\">\n        <a href=\"https:\/\/www.ebilet.pl\/widowiska\/stand-up\/marcin-zbigniew-wojciech-nowy-program\">\n            <img decoding=\"async\" src=\"https:\/\/www.ebilet.pl\/media\/cms\/media\/5eqlowva\/marcin-zbigniew-wojciech-stand-up-nowy-program-bez-nazwisk-prosze-552-x-736-px.webp\" alt=\"Plakat wydarzenia\" \/>\n        <\/a>\n    <\/div>\n             \n    <div class=\"card-ticket__link\">\n        <a href=\"https:\/\/www.ebilet.pl\/widowiska\/stand-up\/marcin-zbigniew-wojciech-nowy-program\" class=\"button button--theme-primary-yellow button--withIconLeft button--size-small\">\n            <span class=\"button__icon icon icon-ticket\"><\/span>\n            <p class=\"button__text typo-16 f-600\">Kup bilet<\/p>\n        <\/a>\n    <\/div>\n    <\/div>                                    <\/div>\n                                <\/div>\n                                                    <\/div>\n                    <\/div>\n                <\/div>\n            <\/div>\n        <\/div>\n    <\/div>\n<\/section>\n\n\n<section class=\"text-block  section-margin-32\" >\n    <div class=\"container\">\n        <div class=\"row\">\n            <div class=\"col-24\">\n                <div class=\"text-block__content\"><h3><strong>Tematyka \u017cart\u00f3w<\/strong><\/h3>\n<p><span style=\"font-weight: 400;\">To najwa\u017cniejszy czynnik, kt\u00f3ry bierzemy pod uwag\u0119, gdy zastanawiamy si\u0119, czy dany stand-uper jest dla nas, czy mo\u017ce jednak nie.\u00a0<\/span><\/p>\n<p><span style=\"font-weight: 400;\">W tym rodzaju rozrywki nie ma \u017cadnych granic, temat\u00f3w tabu czy cenzury. \u017barty mog\u0105 dotyczy\u0107 ka\u017cdej tematyki, jaka tylko przyjdzie nam do g\u0142owy, m.in.:<\/span><\/p>\n<ul>\n<li style=\"font-weight: 400;\" aria-level=\"1\"><span style=\"font-weight: 400;\">polityki,<\/span><\/li>\n<li style=\"font-weight: 400;\" aria-level=\"1\"><span style=\"font-weight: 400;\">aktualnej sytuacji na \u015bwiecie,<\/span><\/li>\n<li style=\"font-weight: 400;\" aria-level=\"1\"><span style=\"font-weight: 400;\">terroryst\u00f3w,<\/span><\/li>\n<li style=\"font-weight: 400;\" aria-level=\"1\"><span style=\"font-weight: 400;\">ksi\u0119\u017cy,<\/span><\/li>\n<li style=\"font-weight: 400;\" aria-level=\"1\"><span style=\"font-weight: 400;\">szko\u0142y,<\/span><\/li>\n<li style=\"font-weight: 400;\" aria-level=\"1\"><span style=\"font-weight: 400;\">te\u015bciowych,<\/span><\/li>\n<li style=\"font-weight: 400;\" aria-level=\"1\"><span style=\"font-weight: 400;\">pracodawc\u00f3w.<\/span><\/li>\n<\/ul>\n<p><b>Wielu stand-uper\u00f3w stawia na czarny humor i \u201ejazd\u0119 po bandzie\u201d.<\/b><span style=\"font-weight: 400;\"> Ale s\u0105 te\u017c tacy, kt\u00f3rzy stawiaj\u0105 na mniej hardcorowe opowie\u015bci, przez co trafiaj\u0105 do zupe\u0142nie innych odbiorc\u00f3w.\u00a0<\/span><\/p>\n<p><span style=\"font-weight: 400;\">Dlatego je\u015bli szukasz jeszcze nie masz ulubionego stand-upera, koniecznie zr\u00f3b rozeznanie i <\/span><b>wybierz takiego, kt\u00f3ry \u015bmieje si\u0119 z tego, z czego i Ty lubisz si\u0119 \u015bmia\u0107.<\/b><span style=\"font-weight: 400;\"> Je\u015bli poczujesz si\u0119 ura\u017cony lub za\u017cenowany, to mo\u017cesz oznacza\u0107, \u017ce ten konkretny komik po prostu do Ciebie nie trafia (a nie, \u017ce ca\u0142y stand-up nie jest dla Ciebie).\u00a0<\/span><\/p>\n<p><span style=\"font-weight: 400;\">Wydaje nam si\u0119, \u017ce te przemy\u015blenia skutecznie potwierdzaj\u0105 tez\u0119, \u017ce stand-up mo\u017ce by\u0107 dla wszystkich, ale \u017caden stand-uper nie ma uniwersalnego poczucia humoru, kt\u00f3re rozbawi\u0142oby wszystkich ludzi na Ziemi. Ale p\u00f3jd\u017amy dalej.<\/span><\/p>\n<h3><strong>Spos\u00f3b wypowiedzi<\/strong><\/h3>\n<p><span style=\"font-weight: 400;\">Czasem tematyka nad odpowiada, ale co\u015b innego przeszkadza. Mo\u017ce to by\u0107 konkretny styl wypowiedzi. <\/span><b>S\u0105 standuperzy, kt\u00f3rzy soczy\u015bcie przeklinaj\u0105 w swoich programach. U innych za\u015b wulgaryzm\u00f3w nie ma w og\u00f3le lub s\u0105 wykorzystywane w wyj\u0105tkowych przypadkach.<\/b><span style=\"font-weight: 400;\"> Ale to nie wszystko!<\/span><\/p>\n<p><b>Na styl wypowiedzi sk\u0142adaj\u0105 si\u0119 tak\u017ce:<\/b><\/p>\n<ul>\n<li style=\"font-weight: 400;\" aria-level=\"1\"><span style=\"font-weight: 400;\">sk\u0142adnia, czyli spos\u00f3b budowania zda\u0144 (niekt\u00f3rzy opowiadaj\u0105 bardzo dynamicznie, korzystaj\u0105c z prostych i kr\u00f3tkich zda\u0144. Inni za\u015b wybieraj\u0105 zdania tak wielokrotnie z\u0142o\u017cone, \u017ce mo\u017cna w nich zab\u0142\u0105dzi\u0107),<\/span><\/li>\n<li style=\"font-weight: 400;\" aria-level=\"1\"><span style=\"font-weight: 400;\">s\u0142ownictwo (proste, potoczne, modne, m\u0142odzie\u017cowe, profesjonalne i nie tylko. Je\u015bli b\u0119dzie zbyt trudne lub zbyt infantylne, komik mo\u017ce nam nie przypa\u015b\u0107 do gustu),<\/span><\/li>\n<li style=\"font-weight: 400;\" aria-level=\"1\"><span style=\"font-weight: 400;\">\u015brodki s\u0142owotw\u00f3rcze, czyli zdrobnienia, zgrubienia itd. (je\u015bli jaki\u015b stand-uper opowiada, \u017ce wydawa\u0142 \u201epieni\u0105\u017cki\u201d w \u201esklepiku\u201d, \u017ceby kupi\u0107 \u201ebu\u0142eczki\u201d i \u201eog\u00f3reczki\u201d, mo\u017cemy mie\u0107 serdecznie do\u015b\u0107),<\/span><\/li>\n<li style=\"font-weight: 400;\" aria-level=\"1\"><span style=\"font-weight: 400;\">\u015brodki fleksyjne, czyli archaizmy, neologizmy itp. (je\u015bli stand-uper b\u0119dzie wyst\u0119powa\u0142 przed m\u0142odsz\u0105 publiczno\u015bci\u0105 i korzysta\u0142 z archaizm\u00f3w, bo je uwielbia, mo\u017ce zosta\u0107 niezrozumiany),<\/span><\/li>\n<li style=\"font-weight: 400;\" aria-level=\"1\"><span style=\"font-weight: 400;\">\u015brodki fonetyczne, czyli onomatopeje, rymy itd. (onomatopeje, czyli wyrazy d\u017awi\u0119kona\u015bladowcze, mog\u0105 doda\u0107 nieco wyrazu opowie\u015bci w konkretnych sytuacjach).<\/span><\/li>\n<\/ul>\n<p><span style=\"font-weight: 400;\">Co wa\u017cne, <\/span><b>stand-uper mo\u017ce zmienia\u0107 style wypowiedzi, by odgrywa\u0107 sytuacje ze swojego \u017cycia<\/b><span style=\"font-weight: 400;\"> (lub te wymy\u015blone), np. opowiadaj\u0105c o swojej przygodzie w urz\u0119dzie mo\u017ce zestawi\u0107 styl potoczny (sw\u00f3j) ze stylem urz\u0119dowym (totalnie niezrozumia\u0142ym, co wywo\u0142a jeszcze wi\u0119ksz\u0105 salw\u0119 \u015bmiechu).<\/span><\/p>\n<p><span style=\"font-weight: 400;\">Do stylu wypowiedzi dochodz\u0105 jeszcze r\u00f3\u017cne \u201ewady\u201d wymowy, np. niewymawianie g\u0142oski \u201er\u201d lub seplenienie. To mo\u017ce sprawi\u0107, \u017ce niekt\u00f3re osoby nie dadz\u0105 rady s\u0142ucha\u0107 nawet najlepszych \u017cart\u00f3w (ale nie oznacza to, \u017ce z samym komikiem co\u015b jest nie tak!).<\/span><\/p>\n<\/div>\n            <\/div>\n        <\/div>\n    <\/div>\n<\/section>\n\n\n    <section class=\"events-carousel-block  section-margin-32\"\n        data-events-carousel\n        data-settings='{\"per_view\":5}'\n        data-item-list-name=\"Karuzela niska Polecamy na eBilet\"\n        data-item-list-id=\"karuzela_niska Polecamy na eBilet\"\n        >\n        <div class=\"container\">\n                            <div class=\"row\">\n                    <div class=\"col-24\">\n                        <div class=\"events-carousel-block__title\">\n                            <h2 class=\"typo-h2\">Polecamy na eBilet<\/h2>\n                        <\/div>\n                    <\/div>\n                <\/div>\n                        <div class=\"row\">\n                <div class=\"col-24\">\n                    <div class=\"events-carousel-block__events\">\n                        <div class=\"events-carousel-block__nav events-carousel-block__nav--prev\">\n                            <div class=\"button button--withIcon button--theme-white-blur button--size-fixed-48\" data-events-carousel-prev>\n                                <span class=\"button__icon icon icon-chevron-left\"><\/span>\n                            <\/div>\n                        <\/div>\n                        <div class=\"events-carousel-block__nav events-carousel-block__nav--next\">\n                            <div class=\"button button--withIcon button--theme-white-blur button--size-fixed-48\" data-events-carousel-next>\n                                <span class=\"button__icon icon icon-chevron-right\"><\/span>\n                            <\/div>\n                        <\/div>\n                        <div class=\"events-carousel-block__slider swiper\" data-events-carousel-slider>\n                            <div class=\"events-carousel-block__sliderWrapper swiper-wrapper\">\n                                                                    <div class=\"events-carousel-block__sliderItem swiper-slide\"\n                                        data-id=\"127326\"\n                                        data-name=\"Tomasz Karolak Stand Up\"\n                                        data-brand=\"ART JM SP\u00d3\u0141KA Z OGRANICZON\u0104 ODPOWIEDZIALNO\u015aCI\u0104\"\n                                        data-category=\"widowiska\"\n                                        data-subcategory=\"stand-up\"\n                                        data-city=\"Warszawa\"\n                                        data-venue=\"FOOD TOWN w Fabryce Norblina\">\n                                        \n<div class=\"card-event  card-event--size-small\">\n        <a href=\"https:\/\/www.ebilet.pl\/widowiska\/stand-up\/spotkanie-z-tomaszem-karolakiem\" target=\"_blank\" class=\"card-event__link\" rel=\"nofollow noopener\"><\/a>\n        <div class=\"card-event__wrapper\">\n        <div class=\"card-event__image\">\n            <img decoding=\"async\" src=\"https:\/\/www.ebilet.pl\/media\/cms\/media\/3lkchnpg\/karolak-656x369-ebilet-a5b41d74-d403-4199-adbd-c40652d92162.webp\" alt=\"\">\n        <\/div>\n        <div class=\"card-event__data\">\n            <div class=\"card-event__name\">\n                <p>Tomasz Karolak Stand Up<\/p>\n            <\/div>\n            <div class=\"card-event__date\"><\/div>\n            <div class=\"card-event__location\">Warszawa<\/div>\n        <\/div>\n    <\/div>\n<\/div>                                    <\/div>\n                                                                    <div class=\"events-carousel-block__sliderItem swiper-slide\"\n                                        data-id=\"77638\"\n                                        data-name=\"Mariusz Ka\u0142amaga - Mamo! Papier si\u0119 ko\u0144czy!\"\n                                        data-brand=\"ESKANDER\"\n                                        data-category=\"widowiska\"\n                                        data-subcategory=\"stand-up\"\n                                        data-city=\"Jelenia G\u00f3ra, Namys\u0142\u00f3w, Pi\u0142a i inne\"\n                                        data-venue=\"Staszowski O\u015brodek Kultury\">\n                                        \n<div class=\"card-event  card-event--size-small\">\n        <a href=\"https:\/\/www.ebilet.pl\/widowiska\/stand-up\/mariusz-kalamaga\" target=\"_blank\" class=\"card-event__link\" rel=\"nofollow noopener\"><\/a>\n        <div class=\"card-event__wrapper\">\n        <div class=\"card-event__image\">\n            <img decoding=\"async\" src=\"https:\/\/www.ebilet.pl\/media\/cms\/media\/lvwlqddw\/mk_poziom-80eba20e-0d7c-4057-bd4a-4373ee264ea8.webp\" alt=\"\">\n        <\/div>\n        <div class=\"card-event__data\">\n            <div class=\"card-event__name\">\n                <p>Mariusz Ka\u0142amaga &#8211; Mamo! Papier si\u0119 ko\u0144czy!<\/p>\n            <\/div>\n            <div class=\"card-event__date\"><\/div>\n            <div class=\"card-event__location\">Jelenia G\u00f3ra, Namys\u0142\u00f3w, Pi\u0142a i inne<\/div>\n        <\/div>\n    <\/div>\n<\/div>                                    <\/div>\n                                                                    <div class=\"events-carousel-block__sliderItem swiper-slide\"\n                                        data-id=\"170971\"\n                                        data-name=\"Marcin Zbigniew Wojciech ,,Bez Nazwisk Prosz\u0119\u2019\u2019\"\n                                        data-brand=\"Marek Wojciech Projects\"\n                                        data-category=\"widowiska\"\n                                        data-subcategory=\"stand-up\"\n                                        data-city=\"Bieru\u0144, Brzeszcze, Bytom i inne\"\n                                        data-venue=\"Mys\u0142owicki O\u015brodek Kultury\">\n                                        \n<div class=\"card-event  card-event--size-small\">\n        <a href=\"https:\/\/www.ebilet.pl\/widowiska\/stand-up\/marcin-zbigniew-wojciech-nowy-program\" target=\"_blank\" class=\"card-event__link\" rel=\"nofollow noopener\"><\/a>\n        <div class=\"card-event__wrapper\">\n        <div class=\"card-event__image\">\n            <img decoding=\"async\" src=\"https:\/\/www.ebilet.pl\/media\/cms\/media\/fj2a2urn\/marcin-zbigniew-wojciech-stand-up-nowy-program-bez-nazwisk-prosze-656-x-369-px.webp\" alt=\"\">\n        <\/div>\n        <div class=\"card-event__data\">\n            <div class=\"card-event__name\">\n                <p>Marcin Zbigniew Wojciech ,,Bez Nazwisk Prosz\u0119\u2019\u2019<\/p>\n            <\/div>\n            <div class=\"card-event__date\"><\/div>\n            <div class=\"card-event__location\">Bieru\u0144, Brzeszcze, Bytom i inne<\/div>\n        <\/div>\n    <\/div>\n<\/div>                                    <\/div>\n                                                                    <div class=\"events-carousel-block__sliderItem swiper-slide\"\n                                        data-id=\"71258\"\n                                        data-name=\"Stand-up \u0141ukasz Kaczmarczyk i Marcin Zbigniew Wojciech\"\n                                        data-brand=\"Marek Wojciech Projects\"\n                                        data-category=\"widowiska\"\n                                        data-subcategory=\"stand-up\"\n                                        data-city=\"L\u0119dziny, Miko\u0142\u00f3w, Siemianowice \u015al\u0105skie i inne\"\n                                        data-venue=\"Sala Widowiskowa Piast\">\n                                        \n<div class=\"card-event  card-event--size-small\">\n        <a href=\"https:\/\/www.ebilet.pl\/widowiska\/stand-up\/lukasz-kaczmarczyk\" target=\"_blank\" class=\"card-event__link\" rel=\"nofollow noopener\"><\/a>\n        <div class=\"card-event__wrapper\">\n        <div class=\"card-event__image\">\n            <img decoding=\"async\" src=\"https:\/\/www.ebilet.pl\/media\/cms\/media\/jx4hlhvc\/_ukasz-kaczmarczyk-i-marcin-zbigniew-wojciech-656x369-px-78a98da6-ff15-432c-ad5a-5821ead57207.webp\" alt=\"\">\n        <\/div>\n        <div class=\"card-event__data\">\n            <div class=\"card-event__name\">\n                <p>Stand-up \u0141ukasz Kaczmarczyk i Marcin Zbigniew Wojciech<\/p>\n            <\/div>\n            <div class=\"card-event__date\"><\/div>\n            <div class=\"card-event__location\">L\u0119dziny, Miko\u0142\u00f3w, Siemianowice \u015al\u0105skie i inne<\/div>\n        <\/div>\n    <\/div>\n<\/div>                                    <\/div>\n                                                                    <div class=\"events-carousel-block__sliderItem swiper-slide\"\n                                        data-id=\"59955\"\n                                        data-name=\"Robert Kor\u00f3lczyk \u2013 Bo co ludzie powiedz\u0105?\"\n                                        data-brand=\"Marek Wojciech Projects\"\n                                        data-category=\"widowiska\"\n                                        data-subcategory=\"stand-up\"\n                                        data-city=\"Krak\u00f3w, Tarnowskie G\u00f3ry\"\n                                        data-venue=\"Kompleks Zamkowy Stare Tarnowice\">\n                                        \n<div class=\"card-event  card-event--size-small\">\n        <a href=\"https:\/\/www.ebilet.pl\/widowiska\/stand-up\/robert-korolczyk\" target=\"_blank\" class=\"card-event__link\" rel=\"nofollow noopener\"><\/a>\n        <div class=\"card-event__wrapper\">\n        <div class=\"card-event__image\">\n            <img decoding=\"async\" src=\"https:\/\/www.ebilet.pl\/media\/cms\/media\/yx5frhzz\/robert-kor_lczyk-656-x-369-px.webp\" alt=\"\">\n        <\/div>\n        <div class=\"card-event__data\">\n            <div class=\"card-event__name\">\n                <p>Robert Kor\u00f3lczyk \u2013 Bo co ludzie powiedz\u0105?<\/p>\n            <\/div>\n            <div class=\"card-event__date\"><\/div>\n            <div class=\"card-event__location\">Krak\u00f3w, Tarnowskie G\u00f3ry<\/div>\n        <\/div>\n    <\/div>\n<\/div>                                    <\/div>\n                                                                    <div class=\"events-carousel-block__sliderItem swiper-slide\"\n                                        data-id=\"80390\"\n                                        data-name=\"STAND-UP | Piotr Zola Szulowski w programie &#039;Atlas&#039;\"\n                                        data-brand=\"hype-art Wojciech Kucharski\"\n                                        data-category=\"widowiska\"\n                                        data-subcategory=\"stand-up\"\n                                        data-city=\"P\u0142ock\"\n                                        data-venue=\"Amfiteatr w P\u0142ocku\">\n                                        \n<div class=\"card-event  card-event--size-small\">\n        <a href=\"https:\/\/www.ebilet.pl\/widowiska\/stand-up\/piotr-zola-szulowski\" target=\"_blank\" class=\"card-event__link\" rel=\"nofollow noopener\"><\/a>\n        <div class=\"card-event__wrapper\">\n        <div class=\"card-event__image\">\n            <img decoding=\"async\" src=\"https:\/\/www.ebilet.pl\/media\/cms\/media\/cnqpbjyq\/656-x-369-px.webp\" alt=\"\">\n        <\/div>\n        <div class=\"card-event__data\">\n            <div class=\"card-event__name\">\n                <p>STAND-UP | Piotr Zola Szulowski w programie &#8216;Atlas&#8217;<\/p>\n            <\/div>\n            <div class=\"card-event__date\"><\/div>\n            <div class=\"card-event__location\">P\u0142ock<\/div>\n        <\/div>\n    <\/div>\n<\/div>                                    <\/div>\n                                                                    <div class=\"events-carousel-block__sliderItem swiper-slide\"\n                                        data-id=\"112125\"\n                                        data-name=\"Mama na obrotach - Niez\u0142y bajzel\"\n                                        data-brand=\"Miejsko - Gminny O\u015brodek Kultury i Sportu w St\u0105porkowie\"\n                                        data-category=\"widowiska\"\n                                        data-subcategory=\"stand-up\"\n                                        data-city=\"St\u0105pork\u00f3w\"\n                                        data-venue=\"MGOKiS St\u0105pork\u00f3w\">\n                                        \n<div class=\"card-event  card-event--size-small\">\n        <a href=\"https:\/\/www.ebilet.pl\/widowiska\/stand-up\/stand-up-mamy-na-obrotach\" target=\"_blank\" class=\"card-event__link\" rel=\"nofollow noopener\"><\/a>\n        <div class=\"card-event__wrapper\">\n        <div class=\"card-event__image\">\n            <img decoding=\"async\" src=\"https:\/\/www.ebilet.pl\/media\/cms\/media\/i0pjgfaf\/bilet-st_pork_w-max-299.webp\" alt=\"\">\n        <\/div>\n        <div class=\"card-event__data\">\n            <div class=\"card-event__name\">\n                <p>Mama na obrotach &#8211; Niez\u0142y bajzel<\/p>\n            <\/div>\n            <div class=\"card-event__date\"><\/div>\n            <div class=\"card-event__location\">St\u0105pork\u00f3w<\/div>\n        <\/div>\n    <\/div>\n<\/div>                                    <\/div>\n                                                            <\/div>\n                        <\/div>\n                    <\/div>\n                    <div class=\"events-carousel-block__pagination\">\n                        <div class=\"swiper-pagination slider-pagination\" data-events-carousel-pagination><\/div>\n                    <\/div>\n                <\/div>\n            <\/div>\n        <\/div>\n    <\/section>\n\n\n\n<section class=\"text-block  section-margin-32\" >\n    <div class=\"container\">\n        <div class=\"row\">\n            <div class=\"col-24\">\n                <div class=\"text-block__content\"><h3><strong>Barwa g\u0142osu<\/strong><\/h3>\n<p><span style=\"font-weight: 400;\">Ka\u017cdy z nas odbiera d\u017awi\u0119ki inaczej. <\/span><b>To, co jednych dra\u017cni, innym mo\u017ce si\u0119 podoba\u0107.<\/b><span style=\"font-weight: 400;\"> Wida\u0107 to doskonale na przyk\u0142adzie muzyki (dlatego mamy zar\u00f3wno fan\u00f3w metalu, jak i disco polo). Nie inaczej jest w stand-upie. Barwa g\u0142osu ma ogromne znaczenie. Im bardziej nam si\u0119 podoba, tym pozytywniejszy b\u0119dzie odbi\u00f3r ca\u0142ego wyst\u0119pu. Dlatego warto poszuka\u0107 takiego artyst\u0119, kt\u00f3rego g\u0142os po prostu nam si\u0119 podoba. Je\u015bli nas dra\u017cni, lepiej znale\u017a\u0107 kogo\u015b innego.<\/span><\/p>\n<h3><strong>Postawa<\/strong><\/h3>\n<p><b>Postawa na scenie, czyli mowa cia\u0142a, sk\u0142ada si\u0119 z wielu niewerbalnych (czyli niezwi\u0105zanych z mow\u0105) czynnik\u00f3w, takich jak:<\/b><\/p>\n<ul>\n<li style=\"font-weight: 400;\" aria-level=\"1\"><span style=\"font-weight: 400;\">ruchy cia\u0142a,<\/span><\/li>\n<li style=\"font-weight: 400;\" aria-level=\"1\"><span style=\"font-weight: 400;\">gestykulacja,<\/span><\/li>\n<li style=\"font-weight: 400;\" aria-level=\"1\"><span style=\"font-weight: 400;\">mimika,<\/span><\/li>\n<li style=\"font-weight: 400;\" aria-level=\"1\"><span style=\"font-weight: 400;\">ukierunkowanie cia\u0142a,<\/span><\/li>\n<li style=\"font-weight: 400;\" aria-level=\"1\"><span style=\"font-weight: 400;\">ruchy oczu,<\/span><\/li>\n<li style=\"font-weight: 400;\" aria-level=\"1\"><span style=\"font-weight: 400;\">spos\u00f3b u\u017cywania przestrzeni interpersonalnej.<\/span><\/li>\n<\/ul>\n<p><span style=\"font-weight: 400;\">To wszystko ma wp\u0142yw na odbi\u00f3r stand-upera (a przy okazji na to, czy si\u0119 go lubi, czy te\u017c nie).\u00a0<\/span><\/p>\n<p><b>Ruchy cia\u0142a<\/b><span style=\"font-weight: 400;\"> mog\u0105 by\u0107 skoordynowane i zamierzone. Ale mo\u017ce zdarzy\u0107 si\u0119 te\u017c tak, \u017ce zestresowany stand-uper b\u0119dzie chodzi\u0142 w k\u00f3\u0142ko po scenie, co mo\u017ce sprawi\u0107, \u017ce publiczno\u015b\u0107 nie b\u0119dzie w stanie skupi\u0107 si\u0119 na jego opowie\u015bci. Tak samo jest z nadmiern\u0105 gestykulacj\u0105.<\/span><\/p>\n<p><span style=\"font-weight: 400;\">Wa\u017cna jest tak\u017ce<\/span><b> mimika.<\/b><span style=\"font-weight: 400;\"> Jest ona tym elementem, kt\u00f3ry dodaje emocji ca\u0142ej historii, przez co powinien by\u0107 sp\u00f3jny z aktualnym w\u0105tkiem. Je\u015bli stand-uper robi dziwne miny, albo jego mimika nie pasuje do sytuacji, mo\u017ce zosta\u0107 negatywnie odebrany.\u00a0<\/span><\/p>\n<p><b>Jak powinno by\u0107 ukierunkowane cia\u0142o stand-upera na scenie? <\/b><span style=\"font-weight: 400;\">To zale\u017cy. Najcz\u0119\u015bciej b\u0119dzie on skierowany twarz\u0105 do publiczno\u015bci. Gdy odgrywa scenk\u0119, w kt\u00f3rej wciela si\u0119 w dwie role, b\u0119dzie przechodzi\u0142 z jednej strony sceny na drug\u0105 i sta\u0142 nieco bokiem do widowni. Stanie ty\u0142em (je\u015bli sytuacja tego nie wymaga) jest raczej negatywnie postrzegane.\u00a0<\/span><\/p>\n<p><b>Ruchy oczu<\/b><span style=\"font-weight: 400;\"> s\u0105 najmniej zauwa\u017calne, ale dla ludzi, kt\u00f3rzy siedz\u0105 na tyle blisko, by je widzie\u0107, maj\u0105 znaczenie. Je\u015bli wzrok komika ucieka gdzie\u015b daleko, albo kr\u0105\u017cy niczym skarpetki w pralce, mo\u017ce by\u0107 niezbyt dobrze odbierany. Najlepiej, gdy stand-uper b\u0119dzie nawi\u0105zywa\u0142 spokojny kontakt wzrokowy z publiczno\u015bci\u0105.\u00a0<\/span><\/p>\n<h3><strong>Wygl\u0105d stand-upera<\/strong><\/h3>\n<p><i><span style=\"font-weight: 400;\">Nie ocenia si\u0119 ksi\u0105\u017cki po ok\u0142adce. Wygl\u0105d nie jest wa\u017cny, tylko charakter. Uroda przeminie, a intelekt zostanie\u2026<\/span><\/i><\/p>\n<p><b>Wiemy to doskonale. Ale to nie zmienia faktu, \u017ce oceniamy ludzi po wygl\u0105dzie (i rzeczy te\u017c!). <\/b><span style=\"font-weight: 400;\">Czasem nie jest to konkretne wystawienie oceny: podoba mi si\u0119\/nie podoba mi si\u0119. Mo\u017ce by\u0107 to tylko subtelne: co\u015b mi tu nie pasuje. Ale w ka\u017cdym z tych przypadk\u00f3w wygl\u0105d jest wa\u017cny (cho\u0107 nie najwa\u017cniejszy).\u00a0<\/span><\/p>\n<p><span style=\"font-weight: 400;\">Co sk\u0142ada si\u0119 na wygl\u0105d?<\/span><\/p>\n<ul>\n<li style=\"font-weight: 400;\" aria-level=\"1\"><span style=\"font-weight: 400;\">ubi\u00f3r (zbyt pstrokate ubrania czy wymy\u015blne kroje mog\u0105 nam si\u0119 nie podoba\u0107),<\/span><\/li>\n<li style=\"font-weight: 400;\" aria-level=\"1\"><span style=\"font-weight: 400;\">makija\u017c (czasem mo\u017cemy zobaczy\u0107 wr\u0119cz przerysowane makija\u017ce, kt\u00f3re zaburzaj\u0105 odbi\u00f3r samej osoby),<\/span><\/li>\n<li style=\"font-weight: 400;\" aria-level=\"1\"><span style=\"font-weight: 400;\">fryzura (je\u015bli kto\u015b ma nieumyte, t\u0142uste w\u0142osy, mo\u017ce nad po prostu odrzuca\u0107),<\/span><\/li>\n<li style=\"font-weight: 400;\" aria-level=\"1\"><span style=\"font-weight: 400;\">bi\u017cuteria (niekt\u00f3rych nadmiar bi\u017cuterii rozprasza),<\/span><\/li>\n<li style=\"font-weight: 400;\" aria-level=\"1\"><span style=\"font-weight: 400;\">modyfikacje cia\u0142a (mo\u017cemy spotka\u0107 osoby, kt\u00f3re zrobi\u0142y sobie operacje plastyczne, kt\u00f3re upodobniaj\u0105 je do kogo\u015b innego, np. elfie uszy),<\/span><\/li>\n<li style=\"font-weight: 400;\" aria-level=\"1\"><span style=\"font-weight: 400;\">sylwetka (je\u015bli mamy uprzedzenia np. do os\u00f3b oty\u0142ych, nie b\u0119dziemy potrafili pozytywnie odebra\u0107 wyst\u0119pu takiej osoby).<\/span><\/li>\n<\/ul>\n<p><span style=\"font-weight: 400;\">Warto porozmawia\u0107 z samym sob\u0105, na ile faktycznie te czynniki s\u0105 istotne (i czy nie warto popracowa\u0107 nad w\u0142asnymi przekonaniami, by nie skre\u015bla\u0107 kogo\u015b tylko i wy\u0142\u0105cznie ze wzgl\u0119du na wygl\u0105d). I pami\u0119tajmy, \u017ce<\/span><b> s\u0105 to tylko i wy\u0142\u0105cznie nasze osobiste opinie (inna osoba mo\u017ce by\u0107 zupe\u0142nie odmiennego zdania).\u00a0<\/b><\/p>\n<p><span style=\"font-weight: 400;\">Ale je\u015bli rozprasza Ci\u0119 czyj\u015b wygl\u0105d, albo sprawia, \u017ce nie mo\u017cesz przesta\u0107 go analizowa\u0107, lepiej b\u0119dzie wybra\u0107 si\u0119 na program innego stand-upera.\u00a0<\/span><\/p>\n<h3><strong>Spos\u00f3b bycia<\/strong><\/h3>\n<p><span style=\"font-weight: 400;\">Na koniec zosta\u0142 nam spos\u00f3b bycia stand-upera. O co chodzi? Ka\u017cdy z nas ma sw\u00f3j spos\u00f3b bycia, czyli m.in.:<\/span><\/p>\n<ul>\n<li style=\"font-weight: 400;\" aria-level=\"1\"><span style=\"font-weight: 400;\">charakter,<\/span><\/li>\n<li style=\"font-weight: 400;\" aria-level=\"1\"><span style=\"font-weight: 400;\">poczucie humoru (ten czynnik om\u00f3wili\u015bmy na pocz\u0105tku),<\/span><\/li>\n<li style=\"font-weight: 400;\" aria-level=\"1\"><span style=\"font-weight: 400;\">zachowanie.<\/span><\/li>\n<\/ul>\n<p><span style=\"font-weight: 400;\">Komik jest normalnym cz\u0142owiekiem, przez co mo\u017ce by\u0107 nie\u015bmia\u0142y, ekstrawertyczny, nerwowy, dra\u017cliwy czy sympatyczny (i nie tylko!). Jego zachowanie mo\u017ce by\u0107 flegmatyczne, choleryczne, nietaktowne, manipulacyjne, uleg\u0142e itd. <\/span><b>To, czy b\u0119dzie nam ono odpowiada\u0107, zale\u017cy od nas samych. <\/b><span style=\"font-weight: 400;\">Dlatego warto da\u0107 szans\u0119 arty\u015bcie i sprawdzi\u0107, czy jego spos\u00f3b bycia nam odpowiada.\u00a0<\/span><\/p>\n<p><span style=\"font-weight: 400;\">Podsumowuj\u0105c: <\/span><b>stand-up mo\u017ce by\u0107 dla wszystkich, ale na pewno \u017caden stand-uper nie trafi do ka\u017cdego. <\/b><span style=\"font-weight: 400;\">Komedia jest uniwersalna w takim sensie, \u017ce ka\u017cdy cz\u0142owiek lubi si\u0119 \u015bmia\u0107. Ale trzeba pami\u0119ta\u0107, \u017ce sam humor nie jest uniwersalny i musimy znale\u017a\u0107 taki rodzaj, kt\u00f3ry najbardziej nam odpowiada. <\/span><\/p>\n<\/div>\n            <\/div>\n        <\/div>\n    <\/div>\n<\/section>\n\n\n<section class=\"events-slider-block  section-margin-32\" data-events-slider-block data-carousel-title=\"Nowo\u015bci na eBilet\" data-carousel-type=\"karuzela_z_t\u0142em\" data-item-list-name=\"Karuzela z t\u0142em Nowo\u015bci na eBilet\" data-item-list-id=\"karuzela_z_t\u0142em Nowo\u015bci na eBilet\" >\n    <div class=\"container\">\n        <div class=\"row\">\n            <div class=\"col-24\">\n                <div class=\"events-slider-block__wrapper\">\n                                            <div class=\"events-slider-block__bg\"><img loading=\"lazy\" decoding=\"async\" width=\"1920\" height=\"1080\" src=\"https:\/\/www.ebilet.pl\/now\/app\/uploads\/2024\/04\/shutterstock_1308510637.jpg\" class=\"attachment-full size-full\" alt=\"Fot.\" srcset=\"https:\/\/www.ebilet.pl\/now\/app\/uploads\/2024\/04\/shutterstock_1308510637.jpg 1920w, https:\/\/www.ebilet.pl\/now\/app\/uploads\/2024\/04\/shutterstock_1308510637-1024x576.jpg 1024w, https:\/\/www.ebilet.pl\/now\/app\/uploads\/2024\/04\/shutterstock_1308510637-1536x864.jpg 1536w, https:\/\/www.ebilet.pl\/now\/app\/uploads\/2024\/04\/shutterstock_1308510637-1280x720.jpg 1280w, https:\/\/www.ebilet.pl\/now\/app\/uploads\/2024\/04\/shutterstock_1308510637-500x281.jpg 500w, https:\/\/www.ebilet.pl\/now\/app\/uploads\/2024\/04\/shutterstock_1308510637-632x356.jpg 632w, https:\/\/www.ebilet.pl\/now\/app\/uploads\/2024\/04\/shutterstock_1308510637-308x174.jpg 308w\" sizes=\"(max-width: 1920px) 100vw, 1920px\" \/><\/div>\n                                                                <div class=\"events-slider-block__top\">\n                                                            <div class=\"events-slider-block__title desktop\">\n                                    <h2 class=\"typo-h2\">Nowo\u015bci na eBilet<\/h2>\n                                <\/div>\n                                                                                        <div class=\"events-slider-block__title mobile\">\n                                    <h2 class=\"typo-h2\">Nowo\u015bci na eBilet<\/h2>\n                                <\/div>\n                                                    <\/div>\n                                                                <div class=\"events-slider-block__main\">\n                            <div class=\"events-slider-block__nav events-slider-block__nav--prev\">\n                                <div class=\"button button--withIcon button--theme-white-blur button--size-fixed-48\" data-events-prev>\n                                    <span class=\"button__icon icon icon-chevron-left\"><\/span>\n                                <\/div>\n                            <\/div>\n                            <div class=\"events-slider-block__nav events-slider-block__nav--next\">\n                                <div class=\"button button--withIcon button--theme-white-blur button--size-fixed-48\" data-events-next>\n                                    <span class=\"button__icon icon icon-chevron-right\"><\/span>\n                                <\/div>\n                            <\/div>\n                            <div class=\"events-slider-block__slider\">\n                                <div class=\"swiper\" data-events-slider>\n                                    <div class=\"events-slider-block__sliderWrapper swiper-wrapper\">\n\n                                        \n                                            <div class=\"events-slider-block__sliderItem swiper-slide event-card\"\n                                                data-id=\"206159\"\n                                                data-name=\"Tarja Turunen: Frisson Noir 2027\"\n                                                data-brand=\"Winiary Bookings sp. z o. o.\"\n                                                data-category=\"muzyka\"\n                                                data-subcategory=\"hard-heavy\"\n                                                data-city=\"Gda\u0144sk, Krak\u00f3w, Warszawa\"\n                                                data-venue=\"Klub B90\">\n                                                \n<div class=\"card-event  card-event--size-small\">\n        <a href=\"https:\/\/www.ebilet.pl\/muzyka\/hard-heavy\/tarja\" target=\"_blank\" class=\"card-event__link\" rel=\"nofollow noopener\"><\/a>\n        <div class=\"card-event__wrapper\">\n        <div class=\"card-event__image\">\n            <img decoding=\"async\" src=\"https:\/\/www.ebilet.pl\/media\/cms\/media\/2r2blkse\/tarja-turunen-ebilet-strona-wydarzenia-pion-wspo-lne-aaf8e332-b9ab-4655-942c-cc7a152b8699.webp\" alt=\"\">\n        <\/div>\n        <div class=\"card-event__data\">\n            <div class=\"card-event__name\">\n                <p>Tarja Turunen: Frisson Noir 2027<\/p>\n            <\/div>\n            <div class=\"card-event__date\">24.04.2027-24.04.2027<\/div>\n            <div class=\"card-event__location\">Gda\u0144sk, Krak\u00f3w, Warszawa<\/div>\n        <\/div>\n    <\/div>\n<\/div>                                            <\/div>\n                                        \n                                            <div class=\"events-slider-block__sliderItem swiper-slide event-card\"\n                                                data-id=\"151105\"\n                                                data-name=\"Koncerty przy \u015bwiecach - Muzyka z serialu &quot;Bridgertonowie&quot;\"\n                                                data-brand=\"Fundacja na Rzecz Pomocy Pestka\"\n                                                data-category=\"klasyka\"\n                                                data-subcategory=\"muzyka-filmowa\"\n                                                data-city=\"Gda\u0144sk, Katowice, \u0141\u00f3d\u017a  i inne\"\n                                                data-venue=\"Klub Arsena\u0142\">\n                                                \n<div class=\"card-event  card-event--size-small\">\n        <a href=\"https:\/\/www.ebilet.pl\/klasyka\/muzyka-filmowa\/bridgertonowie\" target=\"_blank\" class=\"card-event__link\" rel=\"nofollow noopener\"><\/a>\n        <div class=\"card-event__wrapper\">\n        <div class=\"card-event__image\">\n            <img decoding=\"async\" src=\"https:\/\/www.ebilet.pl\/media\/cms\/media\/2kwnzk22\/bridgerton-1-0ea93925-ef0f-4213-8d6a-047fcc5190a4.webp\" alt=\"\">\n        <\/div>\n        <div class=\"card-event__data\">\n            <div class=\"card-event__name\">\n                <p>Koncerty przy \u015bwiecach &#8211; Muzyka z serialu &#8220;Bridgertonowie&#8221;<\/p>\n            <\/div>\n            <div class=\"card-event__date\">15.05.2026-15.05.2026<\/div>\n            <div class=\"card-event__location\">Gda\u0144sk, Katowice, \u0141\u00f3d\u017a  i inne<\/div>\n        <\/div>\n    <\/div>\n<\/div>                                            <\/div>\n                                        \n                                            <div class=\"events-slider-block__sliderItem swiper-slide event-card\"\n                                                data-id=\"206178\"\n                                                data-name=\"The Ruins of Beverast\"\n                                                data-brand=\"Winiary Bookings sp. z o. o.\"\n                                                data-category=\"muzyka\"\n                                                data-subcategory=\"hard-heavy\"\n                                                data-city=\"Krak\u00f3w, Warszawa\"\n                                                data-venue=\"Klub Hydrozagadka\">\n                                                \n<div class=\"card-event  card-event--size-small\">\n        <a href=\"https:\/\/www.ebilet.pl\/muzyka\/hard-heavy\/the-ruins-of-beverast\" target=\"_blank\" class=\"card-event__link\" rel=\"nofollow noopener\"><\/a>\n        <div class=\"card-event__wrapper\">\n        <div class=\"card-event__image\">\n            <img decoding=\"async\" src=\"https:\/\/www.ebilet.pl\/media\/cms\/media\/bexbjekl\/the-ruins-of-beverast-ebilet-strona-wydarzenia-pion-wsp_lne-ffb70e5e-c7d5-4b2f-9cf2-7a92d2ee3004.webp\" alt=\"\">\n        <\/div>\n        <div class=\"card-event__data\">\n            <div class=\"card-event__name\">\n                <p>The Ruins of Beverast<\/p>\n            <\/div>\n            <div class=\"card-event__date\">23.11.2026-23.11.2026<\/div>\n            <div class=\"card-event__location\">Krak\u00f3w, Warszawa<\/div>\n        <\/div>\n    <\/div>\n<\/div>                                            <\/div>\n                                        \n                                            <div class=\"events-slider-block__sliderItem swiper-slide event-card\"\n                                                data-id=\"206067\"\n                                                data-name=\"Geordie Greep\"\n                                                data-brand=\"Winiary Bookings sp. z o. o.\"\n                                                data-category=\"muzyka\"\n                                                data-subcategory=\"rock\"\n                                                data-city=\"Krak\u00f3w, Warszawa\"\n                                                data-venue=\"Klub Za\u015bcianek\">\n                                                \n<div class=\"card-event  card-event--size-small\">\n        <a href=\"https:\/\/www.ebilet.pl\/muzyka\/rock\/geordie-greep\" target=\"_blank\" class=\"card-event__link\" rel=\"nofollow noopener\"><\/a>\n        <div class=\"card-event__wrapper\">\n        <div class=\"card-event__image\">\n            <img decoding=\"async\" src=\"https:\/\/www.ebilet.pl\/media\/cms\/media\/p4ndv02s\/geordie-greep-ebilet-strona-wydarzenia-pion-wspo-lne-8309f991-cf87-4f6f-9369-5198e21d4fd3.webp\" alt=\"\">\n        <\/div>\n        <div class=\"card-event__data\">\n            <div class=\"card-event__name\">\n                <p>Geordie Greep<\/p>\n            <\/div>\n            <div class=\"card-event__date\">04.07.2026-04.07.2026<\/div>\n            <div class=\"card-event__location\">Krak\u00f3w, Warszawa<\/div>\n        <\/div>\n    <\/div>\n<\/div>                                            <\/div>\n                                        \n                                            <div class=\"events-slider-block__sliderItem swiper-slide event-card\"\n                                                data-id=\"205773\"\n                                                data-name=\"Bayonne\"\n                                                data-brand=\"Winiary Bookings sp. z o. o.\"\n                                                data-category=\"muzyka\"\n                                                data-subcategory=\"elektro-techno\"\n                                                data-city=\"Warszawa\"\n                                                data-venue=\"BARdzo, bardzo\">\n                                                \n<div class=\"card-event  card-event--size-small\">\n        <a href=\"https:\/\/www.ebilet.pl\/muzyka\/elektro-techno\/bayonne\" target=\"_blank\" class=\"card-event__link\" rel=\"nofollow noopener\"><\/a>\n        <div class=\"card-event__wrapper\">\n        <div class=\"card-event__image\">\n            <img decoding=\"async\" src=\"https:\/\/www.ebilet.pl\/media\/cms\/media\/45vpyfsg\/bayonne-ebilet-strona-wydarzenia-pion-warszawa.webp\" alt=\"\">\n        <\/div>\n        <div class=\"card-event__data\">\n            <div class=\"card-event__name\">\n                <p>Bayonne<\/p>\n            <\/div>\n            <div class=\"card-event__date\">12.09.2026-12.09.2026<\/div>\n            <div class=\"card-event__location\">Warszawa<\/div>\n        <\/div>\n    <\/div>\n<\/div>                                            <\/div>\n                                        \n                                            <div class=\"events-slider-block__sliderItem swiper-slide event-card\"\n                                                data-id=\"12967\"\n                                                data-name=\"Phil Campbell&#039;s Bastard Sons\"\n                                                data-brand=\"Winiary Bookings sp. z o. o.\"\n                                                data-category=\"muzyka\"\n                                                data-subcategory=\"rock\"\n                                                data-city=\"\u0141\u00f3d\u017a, Lublin\"\n                                                data-venue=\"Klub Scenografia\">\n                                                \n<div class=\"card-event  card-event--size-small\">\n        <a href=\"https:\/\/www.ebilet.pl\/muzyka\/rock\/phil-campbell\" target=\"_blank\" class=\"card-event__link\" rel=\"nofollow noopener\"><\/a>\n        <div class=\"card-event__wrapper\">\n        <div class=\"card-event__image\">\n            <img decoding=\"async\" src=\"https:\/\/www.ebilet.pl\/media\/cms\/media\/xgxnfkun\/pc-bastard-sons-ebilet-strona-wydarzenia-pion-wspo-lne-0a66eab9-4dc0-4cbe-9a64-e83f89663721.webp\" alt=\"\">\n        <\/div>\n        <div class=\"card-event__data\">\n            <div class=\"card-event__name\">\n                <p>Phil Campbell&#8217;s Bastard Sons<\/p>\n            <\/div>\n            <div class=\"card-event__date\">27.07.2026-27.07.2026<\/div>\n            <div class=\"card-event__location\">\u0141\u00f3d\u017a, Lublin<\/div>\n        <\/div>\n    <\/div>\n<\/div>                                            <\/div>\n                                        \n                                            <div class=\"events-slider-block__sliderItem swiper-slide event-card\"\n                                                data-id=\"206101\"\n                                                data-name=\"Heretoir\"\n                                                data-brand=\"Winiary Bookings sp. z o. o.\"\n                                                data-category=\"muzyka\"\n                                                data-subcategory=\"hard-heavy\"\n                                                data-city=\"Wroc\u0142aw\"\n                                                data-venue=\"Klub \u0141\u0105cznik\">\n                                                \n<div class=\"card-event  card-event--size-small\">\n        <a href=\"https:\/\/www.ebilet.pl\/muzyka\/hard-heavy\/heretoir\" target=\"_blank\" class=\"card-event__link\" rel=\"nofollow noopener\"><\/a>\n        <div class=\"card-event__wrapper\">\n        <div class=\"card-event__image\">\n            <img decoding=\"async\" src=\"https:\/\/www.ebilet.pl\/media\/cms\/media\/zq0bypho\/heretoir-ebilet-strona-wydarzenia-pion-wroc_aw-8b4bb5db-c468-4b88-9a99-45522d4b39e4.webp\" alt=\"\">\n        <\/div>\n        <div class=\"card-event__data\">\n            <div class=\"card-event__name\">\n                <p>Heretoir<\/p>\n            <\/div>\n            <div class=\"card-event__date\">19.10.2026-19.10.2026<\/div>\n            <div class=\"card-event__location\">Wroc\u0142aw<\/div>\n        <\/div>\n    <\/div>\n<\/div>                                            <\/div>\n                                        \n                                            <div class=\"events-slider-block__sliderItem swiper-slide event-card\"\n                                                data-id=\"35261\"\n                                                data-name=\"Parov Stelar\"\n                                                data-brand=\"Etso8\"\n                                                data-category=\"muzyka\"\n                                                data-subcategory=\"elektro-techno\"\n                                                data-city=\"Warszawa\"\n                                                data-venue=\"Letnia Scena Progresji\">\n                                                \n<div class=\"card-event  card-event--size-small\">\n        <a href=\"https:\/\/www.ebilet.pl\/muzyka\/elektro-techno\/parov-stelar\" target=\"_blank\" class=\"card-event__link\" rel=\"nofollow noopener\"><\/a>\n        <div class=\"card-event__wrapper\">\n        <div class=\"card-event__image\">\n            <img decoding=\"async\" src=\"https:\/\/www.ebilet.pl\/media\/cms\/media\/ushbipmb\/552x736.webp\" alt=\"\">\n        <\/div>\n        <div class=\"card-event__data\">\n            <div class=\"card-event__name\">\n                <p>Parov Stelar<\/p>\n            <\/div>\n            <div class=\"card-event__date\">25.07.2026-25.07.2026<\/div>\n            <div class=\"card-event__location\">Warszawa<\/div>\n        <\/div>\n    <\/div>\n<\/div>                                            <\/div>\n                                        \n                                            <div class=\"events-slider-block__sliderItem swiper-slide event-card\"\n                                                data-id=\"5971\"\n                                                data-name=\"Lady Pank\"\n                                                data-brand=\"Just For MUSIC Sp z o.o.\"\n                                                data-category=\"muzyka\"\n                                                data-subcategory=\"rock\"\n                                                data-city=\"Cz\u0119stochowa, Jasionka, Krak\u00f3w i inne\"\n                                                data-venue=\"Narodowe Centrum Polskiej Piosenki\">\n                                                \n<div class=\"card-event  card-event--size-small\">\n        <a href=\"https:\/\/www.ebilet.pl\/muzyka\/rock\/lady-pank\" target=\"_blank\" class=\"card-event__link\" rel=\"nofollow noopener\"><\/a>\n        <div class=\"card-event__wrapper\">\n        <div class=\"card-event__image\">\n            <img decoding=\"async\" src=\"https:\/\/www.ebilet.pl\/media\/cms\/media\/inkntr0t\/552-x-736-px-5.webp\" alt=\"\">\n        <\/div>\n        <div class=\"card-event__data\">\n            <div class=\"card-event__name\">\n                <p>Lady Pank<\/p>\n            <\/div>\n            <div class=\"card-event__date\">18.09.2026-18.09.2026<\/div>\n            <div class=\"card-event__location\">Cz\u0119stochowa, Jasionka, Krak\u00f3w i inne<\/div>\n        <\/div>\n    <\/div>\n<\/div>                                            <\/div>\n                                        \n                                            <div class=\"events-slider-block__sliderItem swiper-slide event-card\"\n                                                data-id=\"87678\"\n                                                data-name=\"Abba i Inni Symfonicznie II\"\n                                                data-brand=\"Agencja Brussa Jaros\u0142aw Brussa\"\n                                                data-category=\"muzyka\"\n                                                data-subcategory=\"pop\"\n                                                data-city=\"\u0141\u00f3d\u017a, Szczecin\"\n                                                data-venue=\"Teatr Letni w Szczecinie\">\n                                                \n<div class=\"card-event  card-event--size-small\">\n        <a href=\"https:\/\/www.ebilet.pl\/muzyka\/pop\/abba\" target=\"_blank\" class=\"card-event__link\" rel=\"nofollow noopener\"><\/a>\n        <div class=\"card-event__wrapper\">\n        <div class=\"card-event__image\">\n            <img decoding=\"async\" src=\"https:\/\/www.ebilet.pl\/media\/cms\/media\/ettpn531\/abba-ebilet-552x736.webp\" alt=\"\">\n        <\/div>\n        <div class=\"card-event__data\">\n            <div class=\"card-event__name\">\n                <p>Abba i Inni Symfonicznie II<\/p>\n            <\/div>\n            <div class=\"card-event__date\">17.07.2026-17.07.2026<\/div>\n            <div class=\"card-event__location\">\u0141\u00f3d\u017a, Szczecin<\/div>\n        <\/div>\n    <\/div>\n<\/div>                                            <\/div>\n                                        \n                                            <div class=\"events-slider-block__sliderItem swiper-slide event-card\"\n                                                data-id=\"96104\"\n                                                data-name=\"Targi dom\u00f3w do 120 m2 - Tw\u00f3j Ma\u0142y Dom (Gda\u0144sk)\"\n                                                data-brand=\"PRO MEDIA Filip Ko\u0142odziej\"\n                                                data-category=\"biznes\"\n                                                data-subcategory=\"targi\"\n                                                data-city=\"Gda\u0144sk\"\n                                                data-venue=\"Cen\u00adtrum Han\u00addlo\u00adwe Oso\u00adwa (Parking)\">\n                                                \n<div class=\"card-event  card-event--size-small\">\n        <a href=\"https:\/\/www.ebilet.pl\/biznes\/targi\/twoj-maly-dom\" target=\"_blank\" class=\"card-event__link\" rel=\"nofollow noopener\"><\/a>\n        <div class=\"card-event__wrapper\">\n        <div class=\"card-event__image\">\n            <img decoding=\"async\" src=\"https:\/\/www.ebilet.pl\/media\/cms\/media\/cr5kgqef\/gda_sk-_wiosna_ebilet552x736-9e954250-6c66-4073-88f0-9a0896762422.webp\" alt=\"\">\n        <\/div>\n        <div class=\"card-event__data\">\n            <div class=\"card-event__name\">\n                <p>Targi dom\u00f3w do 120 m2 &#8211; Tw\u00f3j Ma\u0142y Dom (Gda\u0144sk)<\/p>\n            <\/div>\n            <div class=\"card-event__date\">29.05.2026-29.05.2026<\/div>\n            <div class=\"card-event__location\">Gda\u0144sk<\/div>\n        <\/div>\n    <\/div>\n<\/div>                                            <\/div>\n                                        \n                                            <div class=\"events-slider-block__sliderItem swiper-slide event-card\"\n                                                data-id=\"206192\"\n                                                data-name=\"Spirit of Smokie\"\n                                                data-brand=\"GO2SHOW\"\n                                                data-category=\"muzyka\"\n                                                data-subcategory=\"rock\"\n                                                data-city=\"Warszawa\"\n                                                data-venue=\"Klub Hybrydy\">\n                                                \n<div class=\"card-event  card-event--size-small\">\n        <a href=\"https:\/\/www.ebilet.pl\/muzyka\/rock\/spirit-of-smokie\" target=\"_blank\" class=\"card-event__link\" rel=\"nofollow noopener\"><\/a>\n        <div class=\"card-event__wrapper\">\n        <div class=\"card-event__image\">\n            <img decoding=\"async\" src=\"https:\/\/www.ebilet.pl\/media\/cms\/media\/sd5m2kku\/spirit-of-smokie-552_736-warszawa-22985fe0-6a01-49f5-a405-d282d9004495.webp\" alt=\"\">\n        <\/div>\n        <div class=\"card-event__data\">\n            <div class=\"card-event__name\">\n                <p>Spirit of Smokie<\/p>\n            <\/div>\n            <div class=\"card-event__date\">18.12.2026-18.12.2026<\/div>\n            <div class=\"card-event__location\">Warszawa<\/div>\n        <\/div>\n    <\/div>\n<\/div>                                            <\/div>\n                                        \n                                            <div class=\"events-slider-block__sliderItem swiper-slide event-card\"\n                                                data-id=\"205699\"\n                                                data-name=\"Shred Fest: Obscura, Pestilence, Cryptic Shift, Thus, Dvrk\"\n                                                data-brand=\"Winiary Bookings sp. z o. o.\"\n                                                data-category=\"muzyka\"\n                                                data-subcategory=\"hard-heavy\"\n                                                data-city=\"Warszawa\"\n                                                data-venue=\"Klub Proxima\">\n                                                \n<div class=\"card-event  card-event--size-small\">\n        <a href=\"https:\/\/www.ebilet.pl\/muzyka\/hard-heavy\/shred-fest\" target=\"_blank\" class=\"card-event__link\" rel=\"nofollow noopener\"><\/a>\n        <div class=\"card-event__wrapper\">\n        <div class=\"card-event__image\">\n            <img decoding=\"async\" src=\"https:\/\/www.ebilet.pl\/media\/cms\/media\/ngvdr2c3\/shredfest-ebilet-strona-wydarzenia-pion-warszawax-000cce3a-6af4-4d35-90e3-f0b821d75e23.webp\" alt=\"\">\n        <\/div>\n        <div class=\"card-event__data\">\n            <div class=\"card-event__name\">\n                <p>Shred Fest: Obscura, Pestilence, Cryptic Shift, Thus, Dvrk<\/p>\n            <\/div>\n            <div class=\"card-event__date\">25.01.2027-25.01.2027<\/div>\n            <div class=\"card-event__location\">Warszawa<\/div>\n        <\/div>\n    <\/div>\n<\/div>                                            <\/div>\n                                        \n                                            <div class=\"events-slider-block__sliderItem swiper-slide event-card\"\n                                                data-id=\"152798\"\n                                                data-name=\"Beth Hart\"\n                                                data-brand=\"Modern Look Sp. z o.o.\"\n                                                data-category=\"muzyka\"\n                                                data-subcategory=\"jazz-blues\"\n                                                data-city=\"Warszawa, Zabrze\"\n                                                data-venue=\"Dom Muzyki i Ta\u0144ca\">\n                                                \n<div class=\"card-event  card-event--size-small\">\n        <a href=\"https:\/\/www.ebilet.pl\/muzyka\/jazz-blues\/beth-hart-koncert\" target=\"_blank\" class=\"card-event__link\" rel=\"nofollow noopener\"><\/a>\n        <div class=\"card-event__wrapper\">\n        <div class=\"card-event__image\">\n            <img decoding=\"async\" src=\"https:\/\/www.ebilet.pl\/media\/cms\/media\/vhblus3i\/beth_hart_552x736_bezwww.webp\" alt=\"\">\n        <\/div>\n        <div class=\"card-event__data\">\n            <div class=\"card-event__name\">\n                <p>Beth Hart<\/p>\n            <\/div>\n            <div class=\"card-event__date\">09.05.2026-09.05.2026<\/div>\n            <div class=\"card-event__location\">Warszawa, Zabrze<\/div>\n        <\/div>\n    <\/div>\n<\/div>                                            <\/div>\n                                        \n                                            <div class=\"events-slider-block__sliderItem swiper-slide event-card\"\n                                                data-id=\"206168\"\n                                                data-name=\"Eve\"\n                                                data-brand=\"Big Idea Group sp. z o. o.\"\n                                                data-category=\"muzyka\"\n                                                data-subcategory=\"hip-hop-rap\"\n                                                data-city=\"Warszawa\"\n                                                data-venue=\"Progresja\">\n                                                \n<div class=\"card-event  card-event--size-small\">\n        <a href=\"https:\/\/www.ebilet.pl\/muzyka\/hip-hop-rap\/eve\" target=\"_blank\" class=\"card-event__link\" rel=\"nofollow noopener\"><\/a>\n        <div class=\"card-event__wrapper\">\n        <div class=\"card-event__image\">\n            <img decoding=\"async\" src=\"https:\/\/www.ebilet.pl\/media\/cms\/media\/cs5fmq0h\/ebilet-10-95367bc9-1f16-4a1c-9e1d-f2b4f9e0531a.webp\" alt=\"\">\n        <\/div>\n        <div class=\"card-event__data\">\n            <div class=\"card-event__name\">\n                <p>Eve<\/p>\n            <\/div>\n            <div class=\"card-event__date\">16.10.2026-16.10.2026<\/div>\n            <div class=\"card-event__location\">Warszawa<\/div>\n        <\/div>\n    <\/div>\n<\/div>                                            <\/div>\n                                                                            <\/div>\n                                <\/div>\n                            <\/div>\n                            <div class=\"events-slider-block__events swiper\" data-events-events-descriptions>\n                                <div class=\"events-slider-block__eventsWrapper swiper-wrapper\">\n                                                                            <div class=\"events-slider-block__eventsItem swiper-slide\">\n                                            <a href=\"https:\/\/www.ebilet.pl\/muzyka\/hard-heavy\/tarja\" target=\"_blank\" class=\"events-slider-block__eventsName\">\n                                                <p>Tarja Turunen: Frisson Noir 2027<\/p>\n                                            <\/a>\n                                            <div class=\"events-slider-block__eventsDate\">24.04.2027-26.04.2027<\/div>\n                                            <div class=\"events-slider-block__eventsLocation\"><\/div>\n                                        <\/div>\n                                                                            <div class=\"events-slider-block__eventsItem swiper-slide\">\n                                            <a href=\"https:\/\/www.ebilet.pl\/klasyka\/muzyka-filmowa\/bridgertonowie\" target=\"_blank\" class=\"events-slider-block__eventsName\">\n                                                <p>Koncerty przy \u015bwiecach &#8211; Muzyka z serialu &#8220;Bridgertonowie&#8221;<\/p>\n                                            <\/a>\n                                            <div class=\"events-slider-block__eventsDate\">15.05.2026-21.06.2026<\/div>\n                                            <div class=\"events-slider-block__eventsLocation\"><\/div>\n                                        <\/div>\n                                                                            <div class=\"events-slider-block__eventsItem swiper-slide\">\n                                            <a href=\"https:\/\/www.ebilet.pl\/muzyka\/hard-heavy\/the-ruins-of-beverast\" target=\"_blank\" class=\"events-slider-block__eventsName\">\n                                                <p>The Ruins of Beverast<\/p>\n                                            <\/a>\n                                            <div class=\"events-slider-block__eventsDate\">23.11.2026-24.11.2026<\/div>\n                                            <div class=\"events-slider-block__eventsLocation\"><\/div>\n                                        <\/div>\n                                                                            <div class=\"events-slider-block__eventsItem swiper-slide\">\n                                            <a href=\"https:\/\/www.ebilet.pl\/muzyka\/rock\/geordie-greep\" target=\"_blank\" class=\"events-slider-block__eventsName\">\n                                                <p>Geordie Greep<\/p>\n                                            <\/a>\n                                            <div class=\"events-slider-block__eventsDate\">04.07.2026-05.07.2026<\/div>\n                                            <div class=\"events-slider-block__eventsLocation\"><\/div>\n                                        <\/div>\n                                                                            <div class=\"events-slider-block__eventsItem swiper-slide\">\n                                            <a href=\"https:\/\/www.ebilet.pl\/muzyka\/elektro-techno\/bayonne\" target=\"_blank\" class=\"events-slider-block__eventsName\">\n                                                <p>Bayonne<\/p>\n                                            <\/a>\n                                            <div class=\"events-slider-block__eventsDate\">12.09.2026-12.09.2026<\/div>\n                                            <div class=\"events-slider-block__eventsLocation\"><\/div>\n                                        <\/div>\n                                                                            <div class=\"events-slider-block__eventsItem swiper-slide\">\n                                            <a href=\"https:\/\/www.ebilet.pl\/muzyka\/rock\/phil-campbell\" target=\"_blank\" class=\"events-slider-block__eventsName\">\n                                                <p>Phil Campbell&#8217;s Bastard Sons<\/p>\n                                            <\/a>\n                                            <div class=\"events-slider-block__eventsDate\">27.07.2026-30.07.2026<\/div>\n                                            <div class=\"events-slider-block__eventsLocation\"><\/div>\n                                        <\/div>\n                                                                            <div class=\"events-slider-block__eventsItem swiper-slide\">\n                                            <a href=\"https:\/\/www.ebilet.pl\/muzyka\/hard-heavy\/heretoir\" target=\"_blank\" class=\"events-slider-block__eventsName\">\n                                                <p>Heretoir<\/p>\n                                            <\/a>\n                                            <div class=\"events-slider-block__eventsDate\">19.10.2026-19.10.2026<\/div>\n                                            <div class=\"events-slider-block__eventsLocation\"><\/div>\n                                        <\/div>\n                                                                            <div class=\"events-slider-block__eventsItem swiper-slide\">\n                                            <a href=\"https:\/\/www.ebilet.pl\/muzyka\/elektro-techno\/parov-stelar\" target=\"_blank\" class=\"events-slider-block__eventsName\">\n                                                <p>Parov Stelar<\/p>\n                                            <\/a>\n                                            <div class=\"events-slider-block__eventsDate\">25.07.2026-25.07.2026<\/div>\n                                            <div class=\"events-slider-block__eventsLocation\"><\/div>\n                                        <\/div>\n                                                                            <div class=\"events-slider-block__eventsItem swiper-slide\">\n                                            <a href=\"https:\/\/www.ebilet.pl\/muzyka\/rock\/lady-pank\" target=\"_blank\" class=\"events-slider-block__eventsName\">\n                                                <p>Lady Pank<\/p>\n                                            <\/a>\n                                            <div class=\"events-slider-block__eventsDate\">18.09.2026-12.12.2026<\/div>\n                                            <div class=\"events-slider-block__eventsLocation\"><\/div>\n                                        <\/div>\n                                                                            <div class=\"events-slider-block__eventsItem swiper-slide\">\n                                            <a href=\"https:\/\/www.ebilet.pl\/muzyka\/pop\/abba\" target=\"_blank\" class=\"events-slider-block__eventsName\">\n                                                <p>Abba i Inni Symfonicznie II<\/p>\n                                            <\/a>\n                                            <div class=\"events-slider-block__eventsDate\">17.07.2026-21.10.2026<\/div>\n                                            <div class=\"events-slider-block__eventsLocation\"><\/div>\n                                        <\/div>\n                                                                            <div class=\"events-slider-block__eventsItem swiper-slide\">\n                                            <a href=\"https:\/\/www.ebilet.pl\/biznes\/targi\/twoj-maly-dom\" target=\"_blank\" class=\"events-slider-block__eventsName\">\n                                                <p>Targi dom\u00f3w do 120 m2 &#8211; Tw\u00f3j Ma\u0142y Dom (Gda\u0144sk)<\/p>\n                                            <\/a>\n                                            <div class=\"events-slider-block__eventsDate\">29.05.2026-31.05.2026<\/div>\n                                            <div class=\"events-slider-block__eventsLocation\"><\/div>\n                                        <\/div>\n                                                                            <div class=\"events-slider-block__eventsItem swiper-slide\">\n                                            <a href=\"https:\/\/www.ebilet.pl\/muzyka\/rock\/spirit-of-smokie\" target=\"_blank\" class=\"events-slider-block__eventsName\">\n                                                <p>Spirit of Smokie<\/p>\n                                            <\/a>\n                                            <div class=\"events-slider-block__eventsDate\">18.12.2026-18.12.2026<\/div>\n                                            <div class=\"events-slider-block__eventsLocation\"><\/div>\n                                        <\/div>\n                                                                            <div class=\"events-slider-block__eventsItem swiper-slide\">\n                                            <a href=\"https:\/\/www.ebilet.pl\/muzyka\/hard-heavy\/shred-fest\" target=\"_blank\" class=\"events-slider-block__eventsName\">\n                                                <p>Shred Fest: Obscura, Pestilence, Cryptic Shift, Thus, Dvrk<\/p>\n                                            <\/a>\n                                            <div class=\"events-slider-block__eventsDate\">25.01.2027-25.01.2027<\/div>\n                                            <div class=\"events-slider-block__eventsLocation\"><\/div>\n                                        <\/div>\n                                                                            <div class=\"events-slider-block__eventsItem swiper-slide\">\n                                            <a href=\"https:\/\/www.ebilet.pl\/muzyka\/jazz-blues\/beth-hart-koncert\" target=\"_blank\" class=\"events-slider-block__eventsName\">\n                                                <p>Beth Hart<\/p>\n                                            <\/a>\n                                            <div class=\"events-slider-block__eventsDate\">09.05.2026-14.07.2026<\/div>\n                                            <div class=\"events-slider-block__eventsLocation\"><\/div>\n                                        <\/div>\n                                                                            <div class=\"events-slider-block__eventsItem swiper-slide\">\n                                            <a href=\"https:\/\/www.ebilet.pl\/muzyka\/hip-hop-rap\/eve\" target=\"_blank\" class=\"events-slider-block__eventsName\">\n                                                <p>Eve<\/p>\n                                            <\/a>\n                                            <div class=\"events-slider-block__eventsDate\">16.10.2026-16.10.2026<\/div>\n                                            <div class=\"events-slider-block__eventsLocation\"><\/div>\n                                        <\/div>\n                                                                    <\/div>\n                            <\/div>\n                            <div class=\"events-slider-block__pagination\">\n                                <div class=\"swiper-pagination slider-pagination slider-pagination--theme-white\" data-events-slider-pagination><\/div>\n                            <\/div>\n                        <\/div>\n                                        <div class=\"events-slider-block__bottom\">\n                                                                                <div class=\"events-slider-block__link desktop\">\n                                    <a\n                                        class=\"button button--size-small button--theme-primary-yellow button--withIconLeft\"\n                                        href=\"https:\/\/www.ebilet.pl\/\">\n                                                                                    <div class=\"button__icon\"><img loading=\"lazy\" decoding=\"async\" width=\"30\" height=\"30\" src=\"https:\/\/www.ebilet.pl\/now\/app\/uploads\/2024\/01\/ticket-cinema-entertainment-coupon-discount-sale_30px.png\" class=\"attachment-full size-full\" alt=\"\" \/><\/div>\n                                                                                <p class=\"button__text typo-18\">Kup na eBilet.pl<\/p>\n                                    <\/a>\n                                <\/div>\n                                                                                <div class=\"events-slider-block__link mobile\">\n                                    <a\n                                        class=\"button button--size-small button--theme-primary-yellow button--withIconLeft\"\n                                        href=\"https:\/\/www.ebilet.pl\/\">\n                                                                                    <div class=\"button__icon\"><img loading=\"lazy\" decoding=\"async\" width=\"30\" height=\"30\" src=\"https:\/\/www.ebilet.pl\/now\/app\/uploads\/2024\/01\/ticket-cinema-entertainment-coupon-discount-sale_30px.png\" class=\"attachment-full size-full\" alt=\"\" \/><\/div>\n                                                                                <p class=\"button__text typo-18\">Kup na eBilet.pl<\/p>\n                                    <\/a>\n                                <\/div>\n                                            <\/div>\n                <\/div>\n            <\/div>\n        <\/div>\n    <\/div>\n<\/section>","protected":false},"excerpt":{"rendered":"<p>Na pytanie, czy komedia mo\u017ce by\u0107 uniwersalna, mogliby\u015bmy odpowiedzie\u0107 jednym s\u0142owem: NIE. Wiemy jednak, \u017ce ten temat wymaga rozwini\u0119cia, dlatego przeanalizujemy r\u00f3\u017cne sk\u0142adowe stand-upu i sprawdzimy, kt\u00f3re z nich mog\u0105 by\u0107 uniwersalne, a kt\u00f3re niekoniecznie.<\/p>\n","protected":false},"author":14,"featured_media":16463,"comment_status":"open","ping_status":"open","sticky":false,"template":"page-templates\/article-default.php","format":"standard","meta":{"_acf_changed":false,"footnotes":""},"article_tag":[122,123,121],"article_type":[5],"acf":[],"_links":{"self":[{"href":"https:\/\/www.ebilet.pl\/now\/wp-json\/wp\/v2\/posts\/16460"}],"collection":[{"href":"https:\/\/www.ebilet.pl\/now\/wp-json\/wp\/v2\/posts"}],"about":[{"href":"https:\/\/www.ebilet.pl\/now\/wp-json\/wp\/v2\/types\/post"}],"author":[{"embeddable":true,"href":"https:\/\/www.ebilet.pl\/now\/wp-json\/wp\/v2\/users\/14"}],"replies":[{"embeddable":true,"href":"https:\/\/www.ebilet.pl\/now\/wp-json\/wp\/v2\/comments?post=16460"}],"version-history":[{"count":3,"href":"https:\/\/www.ebilet.pl\/now\/wp-json\/wp\/v2\/posts\/16460\/revisions"}],"predecessor-version":[{"id":24244,"href":"https:\/\/www.ebilet.pl\/now\/wp-json\/wp\/v2\/posts\/16460\/revisions\/24244"}],"wp:featuredmedia":[{"embeddable":true,"href":"https:\/\/www.ebilet.pl\/now\/wp-json\/wp\/v2\/media\/16463"}],"wp:attachment":[{"href":"https:\/\/www.ebilet.pl\/now\/wp-json\/wp\/v2\/media?parent=16460"}],"wp:term":[{"taxonomy":"article_tag","embeddable":true,"href":"https:\/\/www.ebilet.pl\/now\/wp-json\/wp\/v2\/article_tag?post=16460"},{"taxonomy":"article_type","embeddable":true,"href":"https:\/\/www.ebilet.pl\/now\/wp-json\/wp\/v2\/article_type?post=16460"}],"curies":[{"name":"wp","href":"https:\/\/api.w.org\/{rel}","templated":true}]}}