{"id":16130,"date":"2024-05-07T07:57:04","date_gmt":"2024-05-07T06:57:04","guid":{"rendered":"https:\/\/www.ebilet.pl\/now\/?p=16130"},"modified":"2024-05-20T11:26:27","modified_gmt":"2024-05-20T10:26:27","slug":"stand-up-a-satyra-spoleczna-jak-komicy-komentuja-biezace-wydarzenia","status":"publish","type":"post","link":"https:\/\/www.ebilet.pl\/now\/stand-up-a-satyra-spoleczna-jak-komicy-komentuja-biezace-wydarzenia\/","title":{"rendered":"Stand-up a satyra spo\u0142eczna: Jak komicy komentuj\u0105 bie\u017c\u0105ce wydarzenia?"},"content":{"rendered":"\n<section class=\"text-block  section-margin-32\" >\n    <div class=\"container\">\n        <div class=\"row\">\n            <div class=\"col-24\">\n                <div class=\"text-block__content\"><h2><strong>&#8216;Newsy bez wirusa&#8217; Karola Modzelewskiego<\/strong><\/h2>\n<p><span style=\"font-weight: 400;\">Karol Modzelewski komentuje bie\u017c\u0105ce wydarzenia na swoim kanale na YouTubie. <\/span><b>Program &#8216;Newsy bez wirusa&#8217; powsta\u0142 na pocz\u0105tku pandemii, kiedy to Karol (i pewnie nie tylko on) mia\u0142 ju\u017c do\u015b\u0107 tego, \u017ce media podejmuj\u0105 tylko jeden temat. <\/b><span style=\"font-weight: 400;\">Stworzy\u0142 wi\u0119c seri\u0119 filmik\u00f3w, w kt\u00f3rym zacz\u0105\u0142 komentowa\u0107 bie\u017c\u0105ce wydarzenia niezwi\u0105zane z koronawirusem. Jak sam opisa\u0142 program: <\/span><b>&#8216;Przegl\u0105d news\u00f3w, kt\u00f3re nie m\u00f3wi\u0105 o tym, \u017ce wszyscy zginiemy&#8217;.\u00a0<\/b><\/p>\n<p><span style=\"font-weight: 400;\">Wszystko zacz\u0119\u0142o si\u0119 4 kwietnia 2020 roku. Karol Modzelewski wrzuci\u0142 wtedy pierwszy odcinek, czyli &#8216;Przegl\u0105d tygodnia&#8217;. Opisa\u0142 go tak: &#8216;Chcesz wiedzie\u0107, co wydarzy\u0142o si\u0119 na \u015bwiecie, ale nie chcesz ju\u017c s\u0142ucha\u0107 o wirusie? Zapraszam po dawk\u0119 informacji. Newsy s\u0105 cz\u0119\u015bci\u0105 programu &#8216;Stand-up online&#8217;. Cho\u0107 program trwa\u0142 tylko 3 minuty i 40 sekund, zdoby\u0142 wielu fan\u00f3w. Nic wi\u0119c dziwnego, \u017ce Karol do dzi\u015b nagrywa kolejne odcinki.<\/span><\/p>\n<\/div>\n            <\/div>\n        <\/div>\n    <\/div>\n<\/section>\n\n\n<section class=\"tickets-slider  section-margin-32\"\n    data-tickets-slider\n    data-item-list-name=\"Karuzela z buttonami\"\n    data-item-list-id=\"karuzela_z_buttonami\"\n    >\n    <div class=\"container\">\n        <div class=\"row\">\n            <div class=\"col-24\">\n                <div class=\"tickets-slider__main\">\n                    <div class=\"tickets-slider__nav tickets-slider__nav--prev\">\n                        <div class=\"button button--withIcon button--theme-white-blur button--size-fixed-48\" data-tickets-slider-prev>\n                            <span class=\"button__icon icon icon-chevron-left\"><\/span>\n                        <\/div>\n                    <\/div>\n                    <div class=\"tickets-slider__nav tickets-slider__nav--next\">\n                        <div class=\"button button--withIcon button--theme-white-blur button--size-fixed-48\" data-tickets-slider-next>\n                            <span class=\"button__icon icon icon-chevron-right\"><\/span>\n                        <\/div>\n                    <\/div>\n                    <div class=\"tickets-slider__slider swiper\" data-tickets-slider-slider>\n                        <div class=\"tickets-slider__sliderWrapper swiper-wrapper\">\n                                                            <div class=\"tickets-slider__sliderItem swiper-slide\"\n                                    data-id=\"129853\"\n                                    data-name=\"Beksi\u0144ski.Live\"\n                                    data-brand=\"L2L Sp z o.o.\"\n                                    data-category=\"widowiska\"\n                                    data-subcategory=\"inne\"\n                                    data-city=\"Warszawa, Wroc\u0142aw\"\n                                    data-venue=\"Hala COS Torwar \">\n                                    <div class=\"tickets-slider__sliderCard\">\n                                        \n<div class=\"card-ticket\">\n        <div class=\"card-ticket__image\">\n        <a href=\"https:\/\/www.ebilet.pl\/widowiska\/inne\/beksinski-live\">\n            <img decoding=\"async\" src=\"https:\/\/www.ebilet.pl\/media\/cms\/media\/rcpokc02\/552x736-2026-04-27t161822058.webp\" alt=\"Plakat wydarzenia\" \/>\n        <\/a>\n    <\/div>\n             \n    <div class=\"card-ticket__link\">\n        <a href=\"https:\/\/www.ebilet.pl\/widowiska\/inne\/beksinski-live\" class=\"button button--theme-primary-yellow button--withIconLeft button--size-small\">\n            <span class=\"button__icon icon icon-ticket\"><\/span>\n            <p class=\"button__text typo-16 f-600\">Kup bilet<\/p>\n        <\/a>\n    <\/div>\n    <\/div>                                    <\/div>\n                                <\/div>\n                                                            <div class=\"tickets-slider__sliderItem swiper-slide\"\n                                    data-id=\"149215\"\n                                    data-name=\"Kabaret Moralnego Niepokoju - Normalne to to nie jest\"\n                                    data-brand=\"Adria Art\"\n                                    data-category=\"widowiska\"\n                                    data-subcategory=\"kabarety\"\n                                    data-city=\"Ostr\u00f3w Wielkopolski, Sandomierz, Stalowa Wola\"\n                                    data-venue=\"Miejski Dom Kultury, Stalowa Wola\">\n                                    <div class=\"tickets-slider__sliderCard\">\n                                        \n<div class=\"card-ticket\">\n        <div class=\"card-ticket__image\">\n        <a href=\"https:\/\/www.ebilet.pl\/widowiska\/kabarety\/kabaret-moralnego-niepokoju-normalne-to-to-nie-jest\">\n            <img decoding=\"async\" src=\"https:\/\/www.ebilet.pl\/media\/cms\/media\/uvpbeujo\/ebilet_552x736_kmn-normalne-to-to-nie-jest-16c71d4a-7d55-4580-acfa-41f8683256fc.webp\" alt=\"Plakat wydarzenia\" \/>\n        <\/a>\n    <\/div>\n             \n    <div class=\"card-ticket__link\">\n        <a href=\"https:\/\/www.ebilet.pl\/widowiska\/kabarety\/kabaret-moralnego-niepokoju-normalne-to-to-nie-jest\" class=\"button button--theme-primary-yellow button--withIconLeft button--size-small\">\n            <span class=\"button__icon icon icon-ticket\"><\/span>\n            <p class=\"button__text typo-16 f-600\">Kup bilet<\/p>\n        <\/a>\n    <\/div>\n    <\/div>                                    <\/div>\n                                <\/div>\n                                                            <div class=\"tickets-slider__sliderItem swiper-slide\"\n                                    data-id=\"14526\"\n                                    data-name=\"Yamato \u2013 The Drummers of Japan\"\n                                    data-brand=\"High Note Events Sp. z o.o. S.k.\"\n                                    data-category=\"widowiska\"\n                                    data-subcategory=\"rewie-show\"\n                                    data-city=\"Bielsko-Bia\u0142a, Cz\u0119stochowa, Gdynia i inne\"\n                                    data-venue=\"Teatr Muzyczny w Gdyni\">\n                                    <div class=\"tickets-slider__sliderCard\">\n                                        \n<div class=\"card-ticket\">\n        <div class=\"card-ticket__image\">\n        <a href=\"https:\/\/www.ebilet.pl\/widowiska\/rewie-show\/yamato\">\n            <img decoding=\"async\" src=\"https:\/\/www.ebilet.pl\/media\/cms\/media\/jjad1i5v\/nowa-ebilet-yamato2026-552-736-kopia-37eaa0a5-4f05-4002-b6b8-678741adcfed.webp\" alt=\"Plakat wydarzenia\" \/>\n        <\/a>\n    <\/div>\n             \n    <div class=\"card-ticket__link\">\n        <a href=\"https:\/\/www.ebilet.pl\/widowiska\/rewie-show\/yamato\" class=\"button button--theme-primary-yellow button--withIconLeft button--size-small\">\n            <span class=\"button__icon icon icon-ticket\"><\/span>\n            <p class=\"button__text typo-16 f-600\">Kup bilet<\/p>\n        <\/a>\n    <\/div>\n    <\/div>                                    <\/div>\n                                <\/div>\n                                                            <div class=\"tickets-slider__sliderItem swiper-slide\"\n                                    data-id=\"179493\"\n                                    data-name=\"Naj\u015bmieszniejsi 2026 - Kabaret Nowaki vs Kabaret Skecz\u00f3w M\u0119cz\u0105cych\"\n                                    data-brand=\"ESKANDER\"\n                                    data-category=\"widowiska\"\n                                    data-subcategory=\"kabarety\"\n                                    data-city=\"Grodzisk Mazowiecki, Ostr\u00f3w Wielkopolski\"\n                                    data-venue=\"Centrum Aktywizacji i Integracji Spo\u0142ecznej w Grodzisku Mazowieckim\">\n                                    <div class=\"tickets-slider__sliderCard\">\n                                        \n<div class=\"card-ticket\">\n        <div class=\"card-ticket__image\">\n        <a href=\"https:\/\/www.ebilet.pl\/widowiska\/kabarety\/najsmieszniejsi\">\n            <img decoding=\"async\" src=\"https:\/\/www.ebilet.pl\/media\/cms\/media\/1t4oli0h\/najsmiesniejsi_552x736-66a3cfb8-a72b-4fad-bcb9-afd3f1d4ebf9.webp\" alt=\"Plakat wydarzenia\" \/>\n        <\/a>\n    <\/div>\n             \n    <div class=\"card-ticket__link\">\n        <a href=\"https:\/\/www.ebilet.pl\/widowiska\/kabarety\/najsmieszniejsi\" class=\"button button--theme-primary-yellow button--withIconLeft button--size-small\">\n            <span class=\"button__icon icon icon-ticket\"><\/span>\n            <p class=\"button__text typo-16 f-600\">Kup bilet<\/p>\n        <\/a>\n    <\/div>\n    <\/div>                                    <\/div>\n                                <\/div>\n                                                            <div class=\"tickets-slider__sliderItem swiper-slide\"\n                                    data-id=\"5647\"\n                                    data-name=\"Pasi\u00f3n de Buena Vista\"\n                                    data-brand=\"High Note Events Sp. z o.o. S.k.\"\n                                    data-category=\"widowiska\"\n                                    data-subcategory=\"rewie-show\"\n                                    data-city=\"Bielsko-Bia\u0142a, Gdynia, Jasionka i inne\"\n                                    data-venue=\"Narodowe Forum Muzyki\">\n                                    <div class=\"tickets-slider__sliderCard\">\n                                        \n<div class=\"card-ticket\">\n        <div class=\"card-ticket__image\">\n        <a href=\"https:\/\/www.ebilet.pl\/widowiska\/rewie-show\/pasion-de-buena-vista\">\n            <img decoding=\"async\" src=\"https:\/\/www.ebilet.pl\/media\/cms\/media\/gycekool\/nowa-ebilet-pdbv2027-552-736-c41bb453-bb6b-4fc3-b8a9-a76f5e5a2fce.webp\" alt=\"Plakat wydarzenia\" \/>\n        <\/a>\n    <\/div>\n             \n    <div class=\"card-ticket__link\">\n        <a href=\"https:\/\/www.ebilet.pl\/widowiska\/rewie-show\/pasion-de-buena-vista\" class=\"button button--theme-primary-yellow button--withIconLeft button--size-small\">\n            <span class=\"button__icon icon icon-ticket\"><\/span>\n            <p class=\"button__text typo-16 f-600\">Kup bilet<\/p>\n        <\/a>\n    <\/div>\n    <\/div>                                    <\/div>\n                                <\/div>\n                                                            <div class=\"tickets-slider__sliderItem swiper-slide\"\n                                    data-id=\"26993\"\n                                    data-name=\"Lord of the Dance - 30th Anniversary Tour\"\n                                    data-brand=\"TARGREM SP\u00d3\u0141KA Z OGRANICZON\u0104 ODPOWIEDZIALNO\u015aCI\u0104\"\n                                    data-category=\"widowiska\"\n                                    data-subcategory=\"rewie-show\"\n                                    data-city=\"Gda\u0144sk, Gliwice, Gorz\u00f3w Wielkopolski i inne\"\n                                    data-venue=\"Hala Olivia\">\n                                    <div class=\"tickets-slider__sliderCard\">\n                                        \n<div class=\"card-ticket\">\n        <div class=\"card-ticket__image\">\n        <a href=\"https:\/\/www.ebilet.pl\/widowiska\/rewie-show\/lord-of-the-dance\">\n            <img decoding=\"async\" src=\"https:\/\/www.ebilet.pl\/media\/cms\/media\/0x3pw4m3\/renditiondownload-09b8fef2-6b81-4967-ab31-b5af4ecccf5f.webp\" alt=\"Plakat wydarzenia\" \/>\n        <\/a>\n    <\/div>\n             \n    <div class=\"card-ticket__link\">\n        <a href=\"https:\/\/www.ebilet.pl\/widowiska\/rewie-show\/lord-of-the-dance\" class=\"button button--theme-primary-yellow button--withIconLeft button--size-small\">\n            <span class=\"button__icon icon icon-ticket\"><\/span>\n            <p class=\"button__text typo-16 f-600\">Kup bilet<\/p>\n        <\/a>\n    <\/div>\n    <\/div>                                    <\/div>\n                                <\/div>\n                                                            <div class=\"tickets-slider__sliderItem swiper-slide\"\n                                    data-id=\"170971\"\n                                    data-name=\"Marcin Zbigniew Wojciech ,,Bez Nazwisk Prosz\u0119\u2019\u2019\"\n                                    data-brand=\"Marek Wojciech Projects\"\n                                    data-category=\"widowiska\"\n                                    data-subcategory=\"stand-up\"\n                                    data-city=\"Bieru\u0144, Gdynia, Krak\u00f3w i inne\"\n                                    data-venue=\"Miejski O\u015brodek Kultury w Orzeszu\">\n                                    <div class=\"tickets-slider__sliderCard\">\n                                        \n<div class=\"card-ticket\">\n        <div class=\"card-ticket__image\">\n        <a href=\"https:\/\/www.ebilet.pl\/widowiska\/stand-up\/marcin-zbigniew-wojciech-nowy-program\">\n            <img decoding=\"async\" src=\"https:\/\/www.ebilet.pl\/media\/cms\/media\/5eqlowva\/marcin-zbigniew-wojciech-stand-up-nowy-program-bez-nazwisk-prosze-552-x-736-px.webp\" alt=\"Plakat wydarzenia\" \/>\n        <\/a>\n    <\/div>\n             \n    <div class=\"card-ticket__link\">\n        <a href=\"https:\/\/www.ebilet.pl\/widowiska\/stand-up\/marcin-zbigniew-wojciech-nowy-program\" class=\"button button--theme-primary-yellow button--withIconLeft button--size-small\">\n            <span class=\"button__icon icon icon-ticket\"><\/span>\n            <p class=\"button__text typo-16 f-600\">Kup bilet<\/p>\n        <\/a>\n    <\/div>\n    <\/div>                                    <\/div>\n                                <\/div>\n                                                            <div class=\"tickets-slider__sliderItem swiper-slide\"\n                                    data-id=\"174009\"\n                                    data-name=\"Polska Noc Kabaretowa 2026\"\n                                    data-brand=\"ESKANDER\"\n                                    data-category=\"widowiska\"\n                                    data-subcategory=\"kabarety\"\n                                    data-city=\"Bielsko-Bia\u0142a, Bydgoszcz, Cz\u0119stochowa i inne\"\n                                    data-venue=\"Narodowe Centrum Polskiej Piosenki\">\n                                    <div class=\"tickets-slider__sliderCard\">\n                                        \n<div class=\"card-ticket\">\n        <div class=\"card-ticket__image\">\n        <a href=\"https:\/\/www.ebilet.pl\/widowiska\/kabarety\/polska-noc-kabaretowa-2026\">\n            <img decoding=\"async\" src=\"https:\/\/www.ebilet.pl\/media\/cms\/media\/uhhfepxw\/pionn-9416b4d8-9d94-438b-91e1-423ea8953492.webp\" alt=\"Plakat wydarzenia\" \/>\n        <\/a>\n    <\/div>\n             \n    <div class=\"card-ticket__link\">\n        <a href=\"https:\/\/www.ebilet.pl\/widowiska\/kabarety\/polska-noc-kabaretowa-2026\" class=\"button button--theme-primary-yellow button--withIconLeft button--size-small\">\n            <span class=\"button__icon icon icon-ticket\"><\/span>\n            <p class=\"button__text typo-16 f-600\">Kup bilet<\/p>\n        <\/a>\n    <\/div>\n    <\/div>                                    <\/div>\n                                <\/div>\n                                                    <\/div>\n                    <\/div>\n                <\/div>\n            <\/div>\n        <\/div>\n    <\/div>\n<\/section>\n\n\n<section class=\"text-block  section-margin-32\" >\n    <div class=\"container\">\n        <div class=\"row\">\n            <div class=\"col-24\">\n                <div class=\"text-block__content\"><p>Kolejne odcinki by\u0142y ju\u017c g\u0142\u00f3wnie tematyczne. Pojawi\u0142y si\u0119 m.in.:<\/p>\n<ul>\n<li style=\"font-weight: 400;\" aria-level=\"1\"><span style=\"font-weight: 400;\">&#8216;Pandy znowu si\u0119 grzmoc\u0105!&#8217;,<\/span><\/li>\n<li style=\"font-weight: 400;\" aria-level=\"1\"><span style=\"font-weight: 400;\">&#8216;Walka o staniki&#8217;,<\/span><\/li>\n<li style=\"font-weight: 400;\" aria-level=\"1\"><span style=\"font-weight: 400;\">&#8216;Czapki dla kot\u00f3w, Wied\u017amin za free i inne&#8217;,<\/span><\/li>\n<li style=\"font-weight: 400;\" aria-level=\"1\"><span style=\"font-weight: 400;\">&#8216;Jak ukra\u015b\u0107 bankomat kopark\u0105?&#8217;,<\/span><\/li>\n<li style=\"font-weight: 400;\" aria-level=\"1\"><span style=\"font-weight: 400;\">&#8216;Najg\u0142upsze badania naukowe&#8217;.<\/span><\/li>\n<\/ul>\n<p><span style=\"font-weight: 400;\">Z czasem Karol Modzelewski zacz\u0105\u0142 komentowa\u0107 tak\u017ce sytuacj\u0119 polityczn\u0105. St\u0105d odcinki typu:<\/span><\/p>\n<ul>\n<li style=\"font-weight: 400;\" aria-level=\"1\"><span style=\"font-weight: 400;\">&#8216;Dokumenty wykradzione ze skrzynki ministra&#8217;,<\/span><\/li>\n<li style=\"font-weight: 400;\" aria-level=\"1\"><span style=\"font-weight: 400;\">&#8216;Podwy\u017cki dla pos\u0142\u00f3w klepni\u0119cie po cichu&#8217;,<\/span><\/li>\n<li style=\"font-weight: 400;\" aria-level=\"1\"><span style=\"font-weight: 400;\">&#8216;Poznajcie odklejone pos\u0142anki&#8217;.<\/span><\/li>\n<\/ul>\n<p><span style=\"font-weight: 400;\">Odcinki komentuj\u0105 naprawd\u0119 bie\u017c\u0105ce wydarzenia, przez co ludzie o podobnych pogl\u0105dach do Karola Modzelewskiego mog\u0105 si\u0119 z nim uto\u017csamia\u0107 i zaliczy\u0107 spor\u0105 dawk\u0119 \u015bmiechu.<\/span><\/p>\n<h2><strong>Satyra Krzysztofa Skiby<\/strong><\/h2>\n<p><span style=\"font-weight: 400;\">Krzysztof Skiba to muzyk i satyryk, kt\u00f3ry pisze tak\u017ce ksi\u0105\u017cki. Jedn\u0105 z nich jest &#8216;Polska bez gaci&#8217;, czyli zbi\u00f3r felieton\u00f3w. Krzysztof jest cz\u0142owiekiem, kt\u00f3rego wkurza biurokracja. Nie rozumie, co ma na celu za\u0142atwianie miliona piecz\u0105tek, zezwole\u0144 i decyzji. Opowiada\u0142 m.in. o tym, jak chcia\u0142 zbudowa\u0107 3-metrowy pomost ko\u0142o swojego domku nad jeziorem. Przez ponad rok stara\u0142 si\u0119 o pozwolenie i jak sam m\u00f3wi\u0142:<\/span><b> &#8216;Dla urz\u0119dnik\u00f3w te kilka desek, to by\u0142o jakbym stawia\u0142 wielki most na Wi\u015ble&#8217;. <\/b><span style=\"font-weight: 400;\">P\u00f3\u017aniej okaza\u0142o si\u0119, \u017ce jako jedyny ma legalny pomost. Opowiada\u0142 wi\u0119c o tak zwanym martwym prawie, do kt\u00f3rego nikt si\u0119 nie stosuje. Przyk\u0142adem jest Ustawa o Radiofonii i Telewizji, do kt\u00f3rej nie stosuje si\u0119 samo TVP. W\u0142adze \u0142ami\u0105 konstytucj\u0119, a obywatele maj\u0105 wra\u017cenie, \u017ce polityka dzia\u0142a przeciwko nim.\u00a0<\/span><\/p>\n<p><b>Krzysztof Skiba podczas pandemii tak\u017ce zacz\u0105\u0142 nagrywa\u0107 na YouTube. <\/b><span style=\"font-weight: 400;\">Na sw\u00f3j kana\u0142 wrzuca\u0142 skecze i \u017carty, kt\u00f3re komentowa\u0142y bie\u017c\u0105ce wydarzenia podczas pandemii. <\/span><b>Pokazywa\u0142 Polsk\u0119 w krzywym zwierciadle.\u00a0<\/b><\/p>\n<\/div>\n            <\/div>\n        <\/div>\n    <\/div>\n<\/section>\n\n\n    <section class=\"events-carousel-block  section-margin-32\"\n        data-events-carousel\n        data-settings='{\"per_view\":5}'\n        data-item-list-name=\"Karuzela niska Polecamy na eBilet\"\n        data-item-list-id=\"karuzela_niska Polecamy na eBilet\"\n        >\n        <div class=\"container\">\n                            <div class=\"row\">\n                    <div class=\"col-24\">\n                        <div class=\"events-carousel-block__title\">\n                            <h2 class=\"typo-h2\">Polecamy na eBilet<\/h2>\n                        <\/div>\n                    <\/div>\n                <\/div>\n                        <div class=\"row\">\n                <div class=\"col-24\">\n                    <div class=\"events-carousel-block__events\">\n                        <div class=\"events-carousel-block__nav events-carousel-block__nav--prev\">\n                            <div class=\"button button--withIcon button--theme-white-blur button--size-fixed-48\" data-events-carousel-prev>\n                                <span class=\"button__icon icon icon-chevron-left\"><\/span>\n                            <\/div>\n                        <\/div>\n                        <div class=\"events-carousel-block__nav events-carousel-block__nav--next\">\n                            <div class=\"button button--withIcon button--theme-white-blur button--size-fixed-48\" data-events-carousel-next>\n                                <span class=\"button__icon icon icon-chevron-right\"><\/span>\n                            <\/div>\n                        <\/div>\n                        <div class=\"events-carousel-block__slider swiper\" data-events-carousel-slider>\n                            <div class=\"events-carousel-block__sliderWrapper swiper-wrapper\">\n                                                                    <div class=\"events-carousel-block__sliderItem swiper-slide\"\n                                        data-id=\"52272\"\n                                        data-name=\"Szymon Majewski \u2013 Kto panu to zrobi\u0142?\"\n                                        data-brand=\"Adria Art\"\n                                        data-category=\"widowiska\"\n                                        data-subcategory=\"stand-up\"\n                                        data-city=\"Opole, Pozna\u0144\"\n                                        data-venue=\"Kinoteatr Apollo\">\n                                        \n<div class=\"card-event  card-event--size-small\">\n        <a href=\"https:\/\/www.ebilet.pl\/widowiska\/stand-up\/szymon-majewski\" target=\"_blank\" class=\"card-event__link\" rel=\"nofollow noopener\"><\/a>\n        <div class=\"card-event__wrapper\">\n        <div class=\"card-event__image\">\n            <img decoding=\"async\" src=\"https:\/\/www.ebilet.pl\/media\/cms\/media\/3gshisd5\/ebilet_656x369_szymon-majewski_kto-panu-to-zrobi_-caa115eb-66fc-4b7a-8cd3-d6acc3578cc2.webp\" alt=\"\">\n        <\/div>\n        <div class=\"card-event__data\">\n            <div class=\"card-event__name\">\n                <p>Szymon Majewski \u2013 Kto panu to zrobi\u0142?<\/p>\n            <\/div>\n            <div class=\"card-event__date\"><\/div>\n            <div class=\"card-event__location\">Opole, Pozna\u0144<\/div>\n        <\/div>\n    <\/div>\n<\/div>                                    <\/div>\n                                                                    <div class=\"events-carousel-block__sliderItem swiper-slide\"\n                                        data-id=\"127326\"\n                                        data-name=\"Tomasz Karolak Stand Up\"\n                                        data-brand=\"ART JM SP\u00d3\u0141KA Z OGRANICZON\u0104 ODPOWIEDZIALNO\u015aCI\u0104\"\n                                        data-category=\"widowiska\"\n                                        data-subcategory=\"stand-up\"\n                                        data-city=\"Nowy Dw\u00f3r Gda\u0144ski, Toru\u0144\"\n                                        data-venue=\"\u017bu\u0142awski O\u015brodek Kultury\">\n                                        \n<div class=\"card-event  card-event--size-small\">\n        <a href=\"https:\/\/www.ebilet.pl\/widowiska\/stand-up\/spotkanie-z-tomaszem-karolakiem\" target=\"_blank\" class=\"card-event__link\" rel=\"nofollow noopener\"><\/a>\n        <div class=\"card-event__wrapper\">\n        <div class=\"card-event__image\">\n            <img decoding=\"async\" src=\"https:\/\/www.ebilet.pl\/media\/cms\/media\/3lkchnpg\/karolak-656x369-ebilet-a5b41d74-d403-4199-adbd-c40652d92162.webp\" alt=\"\">\n        <\/div>\n        <div class=\"card-event__data\">\n            <div class=\"card-event__name\">\n                <p>Tomasz Karolak Stand Up<\/p>\n            <\/div>\n            <div class=\"card-event__date\"><\/div>\n            <div class=\"card-event__location\">Nowy Dw\u00f3r Gda\u0144ski, Toru\u0144<\/div>\n        <\/div>\n    <\/div>\n<\/div>                                    <\/div>\n                                                                    <div class=\"events-carousel-block__sliderItem swiper-slide\"\n                                        data-id=\"77638\"\n                                        data-name=\"Mariusz Ka\u0142amaga - Mamo! Papier si\u0119 ko\u0144czy!\"\n                                        data-brand=\"ESKANDER\"\n                                        data-category=\"widowiska\"\n                                        data-subcategory=\"stand-up\"\n                                        data-city=\"Brzeg, Busko-Zdr\u00f3j, Che\u0142mno i inne\"\n                                        data-venue=\"Namys\u0142owski O\u015brodek Kultury\">\n                                        \n<div class=\"card-event  card-event--size-small\">\n        <a href=\"https:\/\/www.ebilet.pl\/widowiska\/stand-up\/mariusz-kalamaga\" target=\"_blank\" class=\"card-event__link\" rel=\"nofollow noopener\"><\/a>\n        <div class=\"card-event__wrapper\">\n        <div class=\"card-event__image\">\n            <img decoding=\"async\" src=\"https:\/\/www.ebilet.pl\/media\/cms\/media\/lvwlqddw\/mk_poziom-80eba20e-0d7c-4057-bd4a-4373ee264ea8.webp\" alt=\"\">\n        <\/div>\n        <div class=\"card-event__data\">\n            <div class=\"card-event__name\">\n                <p>Mariusz Ka\u0142amaga &#8211; Mamo! Papier si\u0119 ko\u0144czy!<\/p>\n            <\/div>\n            <div class=\"card-event__date\"><\/div>\n            <div class=\"card-event__location\">Brzeg, Busko-Zdr\u00f3j, Che\u0142mno i inne<\/div>\n        <\/div>\n    <\/div>\n<\/div>                                    <\/div>\n                                                                    <div class=\"events-carousel-block__sliderItem swiper-slide\"\n                                        data-id=\"170971\"\n                                        data-name=\"Marcin Zbigniew Wojciech ,,Bez Nazwisk Prosz\u0119\u2019\u2019\"\n                                        data-brand=\"Marek Wojciech Projects\"\n                                        data-category=\"widowiska\"\n                                        data-subcategory=\"stand-up\"\n                                        data-city=\"Bieru\u0144, Gdynia, Krak\u00f3w i inne\"\n                                        data-venue=\"Miejski O\u015brodek Kultury w Orzeszu\">\n                                        \n<div class=\"card-event  card-event--size-small\">\n        <a href=\"https:\/\/www.ebilet.pl\/widowiska\/stand-up\/marcin-zbigniew-wojciech-nowy-program\" target=\"_blank\" class=\"card-event__link\" rel=\"nofollow noopener\"><\/a>\n        <div class=\"card-event__wrapper\">\n        <div class=\"card-event__image\">\n            <img decoding=\"async\" src=\"https:\/\/www.ebilet.pl\/media\/cms\/media\/fj2a2urn\/marcin-zbigniew-wojciech-stand-up-nowy-program-bez-nazwisk-prosze-656-x-369-px.webp\" alt=\"\">\n        <\/div>\n        <div class=\"card-event__data\">\n            <div class=\"card-event__name\">\n                <p>Marcin Zbigniew Wojciech ,,Bez Nazwisk Prosz\u0119\u2019\u2019<\/p>\n            <\/div>\n            <div class=\"card-event__date\"><\/div>\n            <div class=\"card-event__location\">Bieru\u0144, Gdynia, Krak\u00f3w i inne<\/div>\n        <\/div>\n    <\/div>\n<\/div>                                    <\/div>\n                                                                    <div class=\"events-carousel-block__sliderItem swiper-slide\"\n                                        data-id=\"59955\"\n                                        data-name=\"Robert Kor\u00f3lczyk \u2013 Bo co ludzie powiedz\u0105?\"\n                                        data-brand=\"Marek Wojciech Projects\"\n                                        data-category=\"widowiska\"\n                                        data-subcategory=\"stand-up\"\n                                        data-city=\"Krak\u00f3w, Orzesze, Tarnowskie G\u00f3ry\"\n                                        data-venue=\"Klub Kwadrat\">\n                                        \n<div class=\"card-event  card-event--size-small\">\n        <a href=\"https:\/\/www.ebilet.pl\/widowiska\/stand-up\/robert-korolczyk\" target=\"_blank\" class=\"card-event__link\" rel=\"nofollow noopener\"><\/a>\n        <div class=\"card-event__wrapper\">\n        <div class=\"card-event__image\">\n            <img decoding=\"async\" src=\"https:\/\/www.ebilet.pl\/media\/cms\/media\/yx5frhzz\/robert-kor_lczyk-656-x-369-px.webp\" alt=\"\">\n        <\/div>\n        <div class=\"card-event__data\">\n            <div class=\"card-event__name\">\n                <p>Robert Kor\u00f3lczyk \u2013 Bo co ludzie powiedz\u0105?<\/p>\n            <\/div>\n            <div class=\"card-event__date\"><\/div>\n            <div class=\"card-event__location\">Krak\u00f3w, Orzesze, Tarnowskie G\u00f3ry<\/div>\n        <\/div>\n    <\/div>\n<\/div>                                    <\/div>\n                                                                    <div class=\"events-carousel-block__sliderItem swiper-slide\"\n                                        data-id=\"204669\"\n                                        data-name=\"Stand-up w 58: Mateusz Czeklewski &amp; Krzysztof Ofierzy\u0144ski\"\n                                        data-brand=\"Klub 58\"\n                                        data-category=\"widowiska\"\n                                        data-subcategory=\"stand-up\"\n                                        data-city=\"Pozna\u0144\"\n                                        data-venue=\"Klub 58\">\n                                        \n<div class=\"card-event  card-event--size-small\">\n        <a href=\"https:\/\/www.ebilet.pl\/widowiska\/stand-up\/stand-up-w-58\" target=\"_blank\" class=\"card-event__link\" rel=\"nofollow noopener\"><\/a>\n        <div class=\"card-event__wrapper\">\n        <div class=\"card-event__image\">\n            <img decoding=\"async\" src=\"https:\/\/www.ebilet.pl\/media\/cms\/media\/rd4ewfqe\/ebilet-2.webp\" alt=\"\">\n        <\/div>\n        <div class=\"card-event__data\">\n            <div class=\"card-event__name\">\n                <p>Stand-up w 58: Mateusz Czeklewski &#038; Krzysztof Ofierzy\u0144ski<\/p>\n            <\/div>\n            <div class=\"card-event__date\"><\/div>\n            <div class=\"card-event__location\">Pozna\u0144<\/div>\n        <\/div>\n    <\/div>\n<\/div>                                    <\/div>\n                                                                    <div class=\"events-carousel-block__sliderItem swiper-slide\"\n                                        data-id=\"211951\"\n                                        data-name=\"Tomek Biskup \u2013 Stand-up na \u017cywo\"\n                                        data-brand=\"KOSTA SP\u00d3\u0141KA Z OGRANICZON\u0104 ODPOWIEDZIALNO\u015aCI\u0104\"\n                                        data-category=\"widowiska\"\n                                        data-subcategory=\"stand-up\"\n                                        data-city=\"Krak\u00f3w\"\n                                        data-venue=\"Piwnica pod Z\u0142ot\u0105 Pip\u0105\">\n                                        \n<div class=\"card-event  card-event--size-small\">\n        <a href=\"https:\/\/www.ebilet.pl\/widowiska\/stand-up\/stand-up-po-krakowsku\" target=\"_blank\" class=\"card-event__link\" rel=\"nofollow noopener\"><\/a>\n        <div class=\"card-event__wrapper\">\n        <div class=\"card-event__image\">\n            <img decoding=\"async\" src=\"https:\/\/www.ebilet.pl\/media\/cms\/media\/2amiqbtv\/656-369-ebilet-1-dbc13324-8094-441c-afbb-31d1ffc7292a.webp\" alt=\"\">\n        <\/div>\n        <div class=\"card-event__data\">\n            <div class=\"card-event__name\">\n                <p>Tomek Biskup \u2013 Stand-up na \u017cywo<\/p>\n            <\/div>\n            <div class=\"card-event__date\"><\/div>\n            <div class=\"card-event__location\">Krak\u00f3w<\/div>\n        <\/div>\n    <\/div>\n<\/div>                                    <\/div>\n                                                                    <div class=\"events-carousel-block__sliderItem swiper-slide\"\n                                        data-id=\"116334\"\n                                        data-name=\"Katarzyna Pakosi\u0144ska \u2013 Trzy Dekady \u015amiechu\"\n                                        data-brand=\"Sztukoteka\"\n                                        data-category=\"widowiska\"\n                                        data-subcategory=\"stand-up\"\n                                        data-city=\"Mi\u0119dzych\u00f3d\"\n                                        data-venue=\"Biblioteka Publiczna i Centrum Animacji Kultury im. J. D. Janock\">\n                                        \n<div class=\"card-event  card-event--size-small\">\n        <a href=\"https:\/\/www.ebilet.pl\/widowiska\/stand-up\/katarzyna-pakosinska\" target=\"_blank\" class=\"card-event__link\" rel=\"nofollow noopener\"><\/a>\n        <div class=\"card-event__wrapper\">\n        <div class=\"card-event__image\">\n            <img decoding=\"async\" src=\"https:\/\/www.ebilet.pl\/media\/cms\/media\/ni3dzzzn\/ebilet_3dekady_solo_656_369_t1.webp\" alt=\"\">\n        <\/div>\n        <div class=\"card-event__data\">\n            <div class=\"card-event__name\">\n                <p>Katarzyna Pakosi\u0144ska \u2013 Trzy Dekady \u015amiechu<\/p>\n            <\/div>\n            <div class=\"card-event__date\"><\/div>\n            <div class=\"card-event__location\">Mi\u0119dzych\u00f3d<\/div>\n        <\/div>\n    <\/div>\n<\/div>                                    <\/div>\n                                                                    <div class=\"events-carousel-block__sliderItem swiper-slide\"\n                                        data-id=\"212796\"\n                                        data-name=\"Tomasz Karolak stand up - Mi\u0142o\u015b\u0107 Ci wszystkiego nie wybaczy\"\n                                        data-brand=\"Lizard King\"\n                                        data-category=\"widowiska\"\n                                        data-subcategory=\"stand-up\"\n                                        data-city=\"Toru\u0144\"\n                                        data-venue=\"Lizard King\">\n                                        \n<div class=\"card-event  card-event--size-small\">\n        <a href=\"https:\/\/www.ebilet.pl\/widowiska\/stand-up\/tomasz-karolak\" target=\"_blank\" class=\"card-event__link\" rel=\"nofollow noopener\"><\/a>\n        <div class=\"card-event__wrapper\">\n        <div class=\"card-event__image\">\n            <img decoding=\"async\" src=\"https:\/\/www.ebilet.pl\/media\/cms\/media\/nl4pxrbm\/656x369-1-x-29388178-7499-4457-a11f-4a13a7574384.webp\" alt=\"\">\n        <\/div>\n        <div class=\"card-event__data\">\n            <div class=\"card-event__name\">\n                <p>Tomasz Karolak stand up &#8211; Mi\u0142o\u015b\u0107 Ci wszystkiego nie wybaczy<\/p>\n            <\/div>\n            <div class=\"card-event__date\"><\/div>\n            <div class=\"card-event__location\">Toru\u0144<\/div>\n        <\/div>\n    <\/div>\n<\/div>                                    <\/div>\n                                                                    <div class=\"events-carousel-block__sliderItem swiper-slide\"\n                                        data-id=\"208309\"\n                                        data-name=\"Krzysztof Knapczyk \u201eNie umiem by\u0107 doros\u0142y\u201d\"\n                                        data-brand=\"Agencja Kreatywna Barbara Knapczyk\"\n                                        data-category=\"widowiska\"\n                                        data-subcategory=\"stand-up\"\n                                        data-city=\"Bia\u0142ystok, Gda\u0144sk, Kielce i inne\"\n                                        data-venue=\"Filharmonia \u015awi\u0119tokrzyska im. Oskara Kolberga w Kielcach\">\n                                        \n<div class=\"card-event  card-event--size-small\">\n        <a href=\"https:\/\/www.ebilet.pl\/widowiska\/stand-up\/krzysztof-knapczyk\" target=\"_blank\" class=\"card-event__link\" rel=\"nofollow noopener\"><\/a>\n        <div class=\"card-event__wrapper\">\n        <div class=\"card-event__image\">\n            <img decoding=\"async\" src=\"https:\/\/www.ebilet.pl\/media\/cms\/media\/zddba3ps\/656x369-ebilet-1-09e2fb1b-c3b4-4d0a-a7c1-8150d615477b.webp\" alt=\"\">\n        <\/div>\n        <div class=\"card-event__data\">\n            <div class=\"card-event__name\">\n                <p>Krzysztof Knapczyk \u201eNie umiem by\u0107 doros\u0142y\u201d<\/p>\n            <\/div>\n            <div class=\"card-event__date\"><\/div>\n            <div class=\"card-event__location\">Bia\u0142ystok, Gda\u0144sk, Kielce i inne<\/div>\n        <\/div>\n    <\/div>\n<\/div>                                    <\/div>\n                                                            <\/div>\n                        <\/div>\n                    <\/div>\n                    <div class=\"events-carousel-block__pagination\">\n                        <div class=\"swiper-pagination slider-pagination\" data-events-carousel-pagination><\/div>\n                    <\/div>\n                <\/div>\n            <\/div>\n        <\/div>\n    <\/section>\n\n\n\n<section class=\"text-block  section-margin-32\" >\n    <div class=\"container\">\n        <div class=\"row\">\n            <div class=\"col-24\">\n                <div class=\"text-block__content\"><p><span style=\"font-weight: 400;\">Artysta uwa\u017ca, \u017ce: &#8216;Satyra to p\u0142uca demokracji. Tylko w krajach totalitarnych satyra jest zakazana. Satyra potrafi by\u0107 zabawna, ale mo\u017ce te\u017c by\u0107 gorzka jak pio\u0142un, a nawet smutna. Satyra kpi z absurd\u00f3w \u017cycia i analizuje rzeczywisto\u015b\u0107 z perspektywy krytyki spo\u0142ecznej. Idealny przyk\u0142ad to tw\u00f3rczo\u015b\u0107 Miko\u0142aja Gogola i cho\u0107by jego s\u0142ynna sztuka &#8216;Rewizor&#8217;, kt\u00f3ra do dzi\u015b bawi i \u015bmieszy, ale te\u017c przera\u017ca swym bezkompromisowym opisem zak\u0142amania i korupcji. To sztuka uniwersalna. Bo to co dzieje si\u0119 w ma\u0142ym, rosyjskim miasteczku na prowincji za czas\u00f3w cara, pasuje do wielu dzisiejszych ma\u0142ych miasteczek np. w Polsce&#8217;.<\/span><\/p>\n<p><span style=\"font-weight: 400;\">Wynika z tego, \u017ce komicy i stand-uperzy komentuj\u0105 bie\u017c\u0105ce wydarzenia dlatego, \u017ce poprzez humor mog\u0105 to zrobi\u0107 ca\u0142kowicie autentycznie. Cho\u0107 wiele os\u00f3b \u015bmieje si\u0119 z \u017cart\u00f3w politycznych czy spo\u0142ecznych, czasem warto nad nimi przystan\u0105\u0107 i zastanowi\u0107 si\u0119 czy aby na pewno to nie jest moment, w kt\u00f3rym powinni\u015bmy ju\u017c p\u0142aka\u0107.\u00a0<\/span><\/p>\n<p><b>A czym w og\u00f3le jest satyra? <\/b><span style=\"font-weight: 400;\">To \u017carty, kt\u00f3re s\u0105 po\u0142\u0105czone z krytyk\u0105 spo\u0142eczn\u0105. Pi\u0119tnuje ona naganne postawy, kpi ze \u015bwiata polityki i bie\u017c\u0105cych wydarze\u0144. Warto pami\u0119ta\u0107, \u017ce satyrycy mog\u0105 by\u0107 komikami czy stand-uperami.\u00a0<\/span><\/p>\n<h3><span style=\"font-weight: 400;\">Z jakich wydarze\u0144 \u015bmiej\u0105 si\u0119 Polacy?<\/span><\/h3>\n<p><span style=\"font-weight: 400;\">Wed\u0142ug stand-uper\u00f3w, komik\u00f3w i satyryk\u00f3w, Polacy wbrew pozoru lubi\u0105 si\u0119 \u015bmia\u0107. Najcz\u0119\u015bciej bawi\u0105 ich w\u0142a\u015bnie polityczne tematy (bo lepiej si\u0119 \u015bmia\u0107, ni\u017c p\u0142aka\u0107), takie jak:<\/span><\/p>\n<ul>\n<li style=\"font-weight: 400;\" aria-level=\"1\"><span style=\"font-weight: 400;\">zapa\u015b\u0107 s\u0142u\u017cby zdrowia (kto nie \u015bmia\u0142 si\u0119 z \u017cart\u00f3w o poczekalni na SORze?),<\/span><\/li>\n<li style=\"font-weight: 400;\" aria-level=\"1\"><span style=\"font-weight: 400;\">reformy szkolnictwa,<\/span><\/li>\n<li style=\"font-weight: 400;\" aria-level=\"1\"><span style=\"font-weight: 400;\">zwi\u0105zek polityki z religi\u0105,<\/span><\/li>\n<li style=\"font-weight: 400;\" aria-level=\"1\"><span style=\"font-weight: 400;\">politycy,<\/span><\/li>\n<li style=\"font-weight: 400;\" aria-level=\"1\"><span style=\"font-weight: 400;\">najnowsze ustawy itd.<\/span><\/li>\n<\/ul>\n<p><span style=\"font-weight: 400;\">Do tego dochodz\u0105 tak\u017ce tematy religijne czy spo\u0142eczne. Jedn\u0105 z sytuacji, kt\u00f3re komentowa\u0142 Krzysztof Skiba by\u0142 Biskup Edward Janiak. To powa\u017cny cz\u0142owiek, kt\u00f3ry wr\u0119cz grzmia\u0142 z ambony, a potem trafi\u0142 do szpitala z 3,5 promilami alkoholu we krwi, czym pobi\u0142 rekord \u015bwiata w\u015br\u00f3d biskup\u00f3w. \u017bycie pisze najzabawniejsze scenariusze.<\/span><\/p>\n<h2><strong>Programy stand-upowe<\/strong><\/h2>\n<p><span style=\"font-weight: 400;\">To by\u0142y dwa przyk\u0142ady artyst\u00f3w, kt\u00f3rzy komentuj\u0105 bie\u017c\u0105ce wydarzenia g\u0142\u00f3wnie w swoich programach na YouTubie. Ale s\u0105 te\u017c tacy <\/span><b>stand-uperzy, kt\u00f3rzy tworz\u0105 ca\u0142e programy nawi\u0105zuj\u0105ce do aktualnej sytuacji w kraju i je\u017cd\u017c\u0105 z nimi po Polsce, wyst\u0119puj\u0105c w r\u00f3\u017cnych klubach czy nawet teatrach.\u00a0<\/b><\/p>\n<p><span style=\"font-weight: 400;\">Jednym z takich komik\u00f3w jest \u0141ukasz &#8216;Lotek&#8217; Lodkowski, kt\u00f3ry w 2020 roku stworzy\u0142 program &#8216;Ca\u0142a prawda o NFZ&#8217;, a w 2023 roku \u2013 &#8216;Ostry dy\u017cur&#8217;. To oczywi\u015bcie tylko jeden przyk\u0142ad, ale takich stand-uper\u00f3w jest znacznie wi\u0119cej. Mo\u017cna powiedzie\u0107, \u017ce je\u015bli tworz\u0105 oni swoje wyst\u0119py w oparciu o autentyczne wydarzenia, zawsze znajdzie si\u0119 w nich element spo\u0142eczny czy polityczny. W ko\u0144cu nawet je\u015bli my si\u0119 ni\u0105 nie interesuje, ona interesuje si\u0119 nami.<\/span><\/p>\n<h2><\/h2>\n<p><span style=\"font-weight: 400;\">Obejrzenie program\u00f3w stand-uper\u00f3w mo\u017ce mie\u0107 zbawienny wp\u0142yw na nasz\u0105 \u015bwiadomo\u015b\u0107. W telewizji cz\u0119sto widzimy tylko te negatywne wydarzenia, dlatego warto da\u0107 sobie chocia\u017c chwil\u0119 \u015bmiechu i spojrzenia na to wszystko, co nas otacza, z dystansem.<\/span><\/p>\n<\/div>\n            <\/div>\n        <\/div>\n    <\/div>\n<\/section>\n\n\n<section class=\"events-slider-block  section-margin-32\" data-events-slider-block data-carousel-title=\"Gor\u0105ce wydarzenia\" data-carousel-type=\"karuzela_z_t\u0142em\" data-item-list-name=\"Karuzela z t\u0142em Gor\u0105ce wydarzenia\" data-item-list-id=\"karuzela_z_t\u0142em Gor\u0105ce wydarzenia\" >\n    <div class=\"container\">\n        <div class=\"row\">\n            <div class=\"col-24\">\n                <div class=\"events-slider-block__wrapper\">\n                                            <div class=\"events-slider-block__bg\"><img loading=\"lazy\" decoding=\"async\" width=\"1920\" height=\"1080\" src=\"https:\/\/www.ebilet.pl\/now\/app\/uploads\/2024\/04\/shutterstock_1308510637.jpg\" class=\"attachment-full size-full\" alt=\"Fot.\" srcset=\"https:\/\/www.ebilet.pl\/now\/app\/uploads\/2024\/04\/shutterstock_1308510637.jpg 1920w, https:\/\/www.ebilet.pl\/now\/app\/uploads\/2024\/04\/shutterstock_1308510637-1024x576.jpg 1024w, https:\/\/www.ebilet.pl\/now\/app\/uploads\/2024\/04\/shutterstock_1308510637-1536x864.jpg 1536w, https:\/\/www.ebilet.pl\/now\/app\/uploads\/2024\/04\/shutterstock_1308510637-1280x720.jpg 1280w, https:\/\/www.ebilet.pl\/now\/app\/uploads\/2024\/04\/shutterstock_1308510637-500x281.jpg 500w, https:\/\/www.ebilet.pl\/now\/app\/uploads\/2024\/04\/shutterstock_1308510637-632x356.jpg 632w, https:\/\/www.ebilet.pl\/now\/app\/uploads\/2024\/04\/shutterstock_1308510637-308x174.jpg 308w\" sizes=\"auto, (max-width: 1920px) 100vw, 1920px\" \/><\/div>\n                                                                <div class=\"events-slider-block__top\">\n                                                            <div class=\"events-slider-block__title desktop\">\n                                    <h2 class=\"typo-h2\">Gor\u0105ce wydarzenia<\/h2>\n                                <\/div>\n                                                                                        <div class=\"events-slider-block__title mobile\">\n                                    <h2 class=\"typo-h2\">Gor\u0105ce wydarzenia<\/h2>\n                                <\/div>\n                                                    <\/div>\n                                                            <div class=\"events-slider-block__main\">\n                        <div class=\"events-slider-block__nav events-slider-block__nav--prev\">\n                            <div class=\"button button--withIcon button--theme-white-blur button--size-fixed-48\" data-events-prev>\n                                <span class=\"button__icon icon icon-chevron-left\"><\/span>\n                            <\/div>\n                        <\/div>\n                        <div class=\"events-slider-block__nav events-slider-block__nav--next\">\n                            <div class=\"button button--withIcon button--theme-white-blur button--size-fixed-48\" data-events-next>\n                                <span class=\"button__icon icon icon-chevron-right\"><\/span>\n                            <\/div>\n                        <\/div>\n                        <div class=\"events-slider-block__slider\">\n                            <div class=\"swiper\" data-events-slider>\n                                <div class=\"events-slider-block__sliderWrapper swiper-wrapper\">\n                                                                    <div class=\"events-slider-block__sliderItem swiper-slide\">\n                                    \n<div class=\"card-event  card-event--size-small\">\n        <a href=\"https:\/\/www.ebilet.pl\/muzyka\/festiwale\/orange-warsaw-festival\" target=\"_blank\" class=\"card-event__link\" rel=\"nofollow noopener\"><\/a>\n        <div class=\"card-event__wrapper\">\n        <div class=\"card-event__image\">\n            <img decoding=\"async\" src=\"https:\/\/www.ebilet.pl\/media\/cms\/media\/10tfavkl\/owf27_wejs-cie_portal_552x736.webp\" alt=\"\">\n        <\/div>\n        <div class=\"card-event__data\">\n            <div class=\"card-event__name\">\n                <p>Orange Warsaw Festival 2027<\/p>\n            <\/div>\n            <div class=\"card-event__date\"><\/div>\n            <div class=\"card-event__location\"><\/div>\n        <\/div>\n    <\/div>\n<\/div>                                    <\/div>\n                                                                    <div class=\"events-slider-block__sliderItem swiper-slide\">\n                                    \n<div class=\"card-event  card-event--size-small\">\n        <a href=\"https:\/\/www.ebilet.pl\/teatr\/musicale\/wielki-gatsby\" target=\"_blank\" class=\"card-event__link\" rel=\"nofollow noopener\"><\/a>\n        <div class=\"card-event__wrapper\">\n        <div class=\"card-event__image\">\n            <img decoding=\"async\" src=\"https:\/\/www.ebilet.pl\/media\/cms\/media\/5eihaojx\/552x736-c1222f1c-09f0-4f58-a3ca-98b5badf4b8b.webp\" alt=\"\">\n        <\/div>\n        <div class=\"card-event__data\">\n            <div class=\"card-event__name\">\n                <p>Wielki Gatsby<\/p>\n            <\/div>\n            <div class=\"card-event__date\"><\/div>\n            <div class=\"card-event__location\"><\/div>\n        <\/div>\n    <\/div>\n<\/div>                                    <\/div>\n                                                                    <div class=\"events-slider-block__sliderItem swiper-slide\">\n                                    \n<div class=\"card-event  card-event--size-small\">\n        <a href=\"https:\/\/www.ebilet.pl\/teatr\/tragedia-dramat\/powodzenia-leo-grande\" target=\"_blank\" class=\"card-event__link\" rel=\"nofollow noopener\"><\/a>\n        <div class=\"card-event__wrapper\">\n        <div class=\"card-event__image\">\n            <img decoding=\"async\" src=\"https:\/\/www.ebilet.pl\/media\/cms\/media\/id1npal2\/552x736-b60cb163-87db-43ce-a14e-fd8ba6cf2ab8.webp\" alt=\"\">\n        <\/div>\n        <div class=\"card-event__data\">\n            <div class=\"card-event__name\">\n                <p>Powodzenia, Leo Grande<\/p>\n            <\/div>\n            <div class=\"card-event__date\">23.03.2027-23.03.2027<\/div>\n            <div class=\"card-event__location\">Warszawa<\/div>\n        <\/div>\n    <\/div>\n<\/div>                                    <\/div>\n                                                                    <div class=\"events-slider-block__sliderItem swiper-slide\">\n                                    \n<div class=\"card-event  card-event--size-small\">\n        <a href=\"https:\/\/www.ebilet.pl\/klasyka\/balet-taniec\/panstwowy-ansambl-gruzji-aphkhazeti\" target=\"_blank\" class=\"card-event__link\" rel=\"nofollow noopener\"><\/a>\n        <div class=\"card-event__wrapper\">\n        <div class=\"card-event__image\">\n            <img decoding=\"async\" src=\"https:\/\/www.ebilet.pl\/media\/cms\/media\/zn1nrf0b\/552x736-17-f9d5d1d0-2d59-4a6d-b4a1-1867a7836e10.webp\" alt=\"\">\n        <\/div>\n        <div class=\"card-event__data\">\n            <div class=\"card-event__name\">\n                <p>APHKHAZETI &#8211; Gruzi\u0144ski Pa\u0144stwowy Balet z ch\u00f3rem i orkiestr\u0105<\/p>\n            <\/div>\n            <div class=\"card-event__date\">01.03.2027-01.03.2027<\/div>\n            <div class=\"card-event__location\">Katowice, Krak\u00f3w, \u0141\u00f3d\u017a i inne<\/div>\n        <\/div>\n    <\/div>\n<\/div>                                    <\/div>\n                                                                    <div class=\"events-slider-block__sliderItem swiper-slide\">\n                                    \n<div class=\"card-event  card-event--size-small\">\n        <a href=\"https:\/\/www.ebilet.pl\/klasyka\/koncert\/chopin\" target=\"_blank\" class=\"card-event__link\" rel=\"nofollow noopener\"><\/a>\n        <div class=\"card-event__wrapper\">\n        <div class=\"card-event__image\">\n            <img decoding=\"async\" src=\"https:\/\/www.ebilet.pl\/media\/cms\/media\/0jcpgkuj\/552x736.webp\" alt=\"\">\n        <\/div>\n        <div class=\"card-event__data\">\n            <div class=\"card-event__name\">\n                <p>Koncert Chopinowski<\/p>\n            <\/div>\n            <div class=\"card-event__date\">05.09.2026-05.09.2026<\/div>\n            <div class=\"card-event__location\">Warszawa<\/div>\n        <\/div>\n    <\/div>\n<\/div>                                    <\/div>\n                                                                    <div class=\"events-slider-block__sliderItem swiper-slide\">\n                                    \n<div class=\"card-event  card-event--size-small\">\n        <a href=\"https:\/\/www.ebilet.pl\/muzyka\/rock\/blind-channel\" target=\"_blank\" class=\"card-event__link\" rel=\"nofollow noopener\"><\/a>\n        <div class=\"card-event__wrapper\">\n        <div class=\"card-event__image\">\n            <img decoding=\"async\" src=\"https:\/\/www.ebilet.pl\/media\/cms\/media\/heakcnq4\/blind-channel-ebilet-strona-wydarzenia-pion-wspo-lne.webp\" alt=\"\">\n        <\/div>\n        <div class=\"card-event__data\">\n            <div class=\"card-event__name\">\n                <p>Blind Channel<\/p>\n            <\/div>\n            <div class=\"card-event__date\">11.02.2027-11.02.2027<\/div>\n            <div class=\"card-event__location\">Krak\u00f3w, Warszawa<\/div>\n        <\/div>\n    <\/div>\n<\/div>                                    <\/div>\n                                                                    <div class=\"events-slider-block__sliderItem swiper-slide\">\n                                    \n<div class=\"card-event  card-event--size-small\">\n        <a href=\"https:\/\/www.ebilet.pl\/klasyka\/opera-operetka\/gala-operowa\" target=\"_blank\" class=\"card-event__link\" rel=\"nofollow noopener\"><\/a>\n        <div class=\"card-event__wrapper\">\n        <div class=\"card-event__image\">\n            <img decoding=\"async\" src=\"https:\/\/www.ebilet.pl\/media\/cms\/media\/upep01ak\/ebilet-552x736-gala-operowa-knapczyk-eb-aa3872aa-1b03-4f4b-b1ae-0fd8be6a1b1e.webp\" alt=\"\">\n        <\/div>\n        <div class=\"card-event__data\">\n            <div class=\"card-event__name\">\n                <p>Wielka Gala Operowa: Krzysztof Knapczyk, Carmen, La Traviata, Turandot<\/p>\n            <\/div>\n            <div class=\"card-event__date\">18.10.2026-18.10.2026<\/div>\n            <div class=\"card-event__location\">Bia\u0142ystok, Gda\u0144sk, Gorz\u00f3w Wielkopolski i inne<\/div>\n        <\/div>\n    <\/div>\n<\/div>                                    <\/div>\n                                                                    <div class=\"events-slider-block__sliderItem swiper-slide\">\n                                    \n<div class=\"card-event  card-event--size-small\">\n        <a href=\"https:\/\/www.ebilet.pl\/muzyka\/hip-hop-rap\/otsochodzi\" target=\"_blank\" class=\"card-event__link\" rel=\"nofollow noopener\"><\/a>\n        <div class=\"card-event__wrapper\">\n        <div class=\"card-event__image\">\n            <img decoding=\"async\" src=\"https:\/\/www.ebilet.pl\/media\/cms\/media\/ucuizr2w\/tt-552-x-736-kopia.webp\" alt=\"\">\n        <\/div>\n        <div class=\"card-event__data\">\n            <div class=\"card-event__name\">\n                <p>Otsochodzi &#8211; RIOTT<\/p>\n            <\/div>\n            <div class=\"card-event__date\">01.10.2026-01.10.2026<\/div>\n            <div class=\"card-event__location\">Gda\u0144sk, Krak\u00f3w, Pozna\u0144 i inne<\/div>\n        <\/div>\n    <\/div>\n<\/div>                                    <\/div>\n                                                                    <div class=\"events-slider-block__sliderItem swiper-slide\">\n                                    \n<div class=\"card-event  card-event--size-small\">\n        <a href=\"https:\/\/www.ebilet.pl\/muzyka\/rock\/kult-koncerty\" target=\"_blank\" class=\"card-event__link\" rel=\"nofollow noopener\"><\/a>\n        <div class=\"card-event__wrapper\">\n        <div class=\"card-event__image\">\n            <img decoding=\"async\" src=\"https:\/\/www.ebilet.pl\/media\/cms\/media\/wkun24dx\/kult_kato_ebilet_552x7362-e37ee07b-c83a-4c9a-9173-50357c70e10b.webp\" alt=\"\">\n        <\/div>\n        <div class=\"card-event__data\">\n            <div class=\"card-event__name\">\n                <p>Kult &#8211; Trasa Pomara\u0144czowa 2026<\/p>\n            <\/div>\n            <div class=\"card-event__date\">30.10.2026-30.10.2026<\/div>\n            <div class=\"card-event__location\">Katowice, \u0141\u00f3d\u017a, Wroc\u0142aw<\/div>\n        <\/div>\n    <\/div>\n<\/div>                                    <\/div>\n                                                                    <div class=\"events-slider-block__sliderItem swiper-slide\">\n                                    \n<div class=\"card-event  card-event--size-small\">\n        <a href=\"https:\/\/www.ebilet.pl\/klasyka\/koncert\/festiwal-pianistyczny-na-instrumentach-historycznych\" target=\"_blank\" class=\"card-event__link\" rel=\"nofollow noopener\"><\/a>\n        <div class=\"card-event__wrapper\">\n        <div class=\"card-event__image\">\n            <img decoding=\"async\" src=\"https:\/\/www.ebilet.pl\/media\/cms\/media\/vphe1lch\/552x736-2026-09-04t142751974-cefe0e84-0e5a-4e30-8c65-0200d5c1f5ef.webp\" alt=\"\">\n        <\/div>\n        <div class=\"card-event__data\">\n            <div class=\"card-event__name\">\n                <p>Festiwal pianistyczny na instrumentach historycznych<\/p>\n            <\/div>\n            <div class=\"card-event__date\">11.09.2026-11.09.2026<\/div>\n            <div class=\"card-event__location\">Nowy Wi\u015bnicz<\/div>\n        <\/div>\n    <\/div>\n<\/div>                                    <\/div>\n                                                                    <div class=\"events-slider-block__sliderItem swiper-slide\">\n                                    \n<div class=\"card-event  card-event--size-small\">\n        <a href=\"https:\/\/www.ebilet.pl\/teatr\/komedia\/do-zobaczenia-za-rok\" target=\"_blank\" class=\"card-event__link\" rel=\"nofollow noopener\"><\/a>\n        <div class=\"card-event__wrapper\">\n        <div class=\"card-event__image\">\n            <img decoding=\"async\" src=\"https:\/\/www.ebilet.pl\/media\/cms\/media\/vxlnrkge\/552x736.webp\" alt=\"\">\n        <\/div>\n        <div class=\"card-event__data\">\n            <div class=\"card-event__name\">\n                <p>Do zobaczenia za rok<\/p>\n            <\/div>\n            <div class=\"card-event__date\">18.10.2026-18.10.2026<\/div>\n            <div class=\"card-event__location\">Gda\u0144sk<\/div>\n        <\/div>\n    <\/div>\n<\/div>                                    <\/div>\n                                                                    <div class=\"events-slider-block__sliderItem swiper-slide\">\n                                    \n<div class=\"card-event  card-event--size-small\">\n        <a href=\"https:\/\/www.ebilet.pl\/muzyka\/piosenka\/kochajmy-starszych-panow\" target=\"_blank\" class=\"card-event__link\" rel=\"nofollow noopener\"><\/a>\n        <div class=\"card-event__wrapper\">\n        <div class=\"card-event__image\">\n            <img decoding=\"async\" src=\"https:\/\/www.ebilet.pl\/media\/cms\/media\/si1frm4x\/ebilet_552x736_kochajmy-starszych-pan_w-8ffc6954-6a62-4510-83c1-0a662ceae353.webp\" alt=\"\">\n        <\/div>\n        <div class=\"card-event__data\">\n            <div class=\"card-event__name\">\n                <p>Kochajmy Starszych Pan\u00f3w!<\/p>\n            <\/div>\n            <div class=\"card-event__date\">15.10.2026-15.10.2026<\/div>\n            <div class=\"card-event__location\">Szczecin, Wroc\u0142aw<\/div>\n        <\/div>\n    <\/div>\n<\/div>                                    <\/div>\n                                                                    <div class=\"events-slider-block__sliderItem swiper-slide\">\n                                    \n<div class=\"card-event  card-event--size-small\">\n        <a href=\"https:\/\/www.ebilet.pl\/muzyka\/pop\/piaseczny-the-best-of\" target=\"_blank\" class=\"card-event__link\" rel=\"nofollow noopener\"><\/a>\n        <div class=\"card-event__wrapper\">\n        <div class=\"card-event__image\">\n            <img decoding=\"async\" src=\"https:\/\/www.ebilet.pl\/media\/cms\/media\/tx5fyo3c\/552x736-b9704cdf-5ae9-496f-b7ac-78c53124b73d.webp\" alt=\"\">\n        <\/div>\n        <div class=\"card-event__data\">\n            <div class=\"card-event__name\">\n                <p>Andrzej Piaseczny &#8211; The Best<\/p>\n            <\/div>\n            <div class=\"card-event__date\">08.11.2026-08.11.2026<\/div>\n            <div class=\"card-event__location\">Gda\u0144sk<\/div>\n        <\/div>\n    <\/div>\n<\/div>                                    <\/div>\n                                                                    <div class=\"events-slider-block__sliderItem swiper-slide\">\n                                    \n<div class=\"card-event  card-event--size-small\">\n        <a href=\"https:\/\/www.ebilet.pl\/muzyka\/rock\/byl-kiedys-jarocin\" target=\"_blank\" class=\"card-event__link\" rel=\"nofollow noopener\"><\/a>\n        <div class=\"card-event__wrapper\">\n        <div class=\"card-event__image\">\n            <img decoding=\"async\" src=\"https:\/\/www.ebilet.pl\/media\/cms\/media\/icpfzrng\/ebilet-552x736-byl-kiedys-jarocin-b90-710ff81a-1318-4b27-8d06-ce9e179b4349.webp\" alt=\"\">\n        <\/div>\n        <div class=\"card-event__data\">\n            <div class=\"card-event__name\">\n                <p>By\u0142 Kiedy\u015b Jarocin<\/p>\n            <\/div>\n            <div class=\"card-event__date\">11.12.2026-11.12.2026<\/div>\n            <div class=\"card-event__location\">Gda\u0144sk<\/div>\n        <\/div>\n    <\/div>\n<\/div>                                    <\/div>\n                                                                    <div class=\"events-slider-block__sliderItem swiper-slide\">\n                                    \n<div class=\"card-event  card-event--size-small\">\n        <a href=\"https:\/\/www.ebilet.pl\/sport\/sporty-druzynowe\/mecz-mistrzow\" target=\"_blank\" class=\"card-event__link\" rel=\"nofollow noopener\"><\/a>\n        <div class=\"card-event__wrapper\">\n        <div class=\"card-event__image\">\n            <img decoding=\"async\" src=\"https:\/\/www.ebilet.pl\/media\/cms\/media\/anml1cos\/552x736.webp\" alt=\"\">\n        <\/div>\n        <div class=\"card-event__data\">\n            <div class=\"card-event__name\">\n                <p>Mecz mistrz\u00f3w: Polska &#8211; W\u0142ochy<\/p>\n            <\/div>\n            <div class=\"card-event__date\">04.10.2026-04.10.2026<\/div>\n            <div class=\"card-event__location\">Wroc\u0142aw<\/div>\n        <\/div>\n    <\/div>\n<\/div>                                    <\/div>\n                                                                <\/div>\n                            <\/div>\n                        <\/div>\n                        <div class=\"events-slider-block__events swiper\" data-events-events-descriptions>\n                            <div class=\"events-slider-block__eventsWrapper swiper-wrapper\">\n                                                            <div class=\"events-slider-block__eventsItem swiper-slide\">\n                                    <a href=\"https:\/\/www.ebilet.pl\/muzyka\/festiwale\/orange-warsaw-festival\" target=\"_blank\" class=\"events-slider-block__eventsName\">\n                                        <p>Orange Warsaw Festival 2027<\/p>\n                                    <\/a>\n                                    <div class=\"events-slider-block__eventsDate\">\n                                                                            <\/div>\n                                    <div class=\"events-slider-block__eventsLocation\"><\/div>\n                                <\/div>\n                                                            <div class=\"events-slider-block__eventsItem swiper-slide\">\n                                    <a href=\"https:\/\/www.ebilet.pl\/teatr\/musicale\/wielki-gatsby\" target=\"_blank\" class=\"events-slider-block__eventsName\">\n                                        <p>Wielki Gatsby<\/p>\n                                    <\/a>\n                                    <div class=\"events-slider-block__eventsDate\">\n                                                                            <\/div>\n                                    <div class=\"events-slider-block__eventsLocation\"><\/div>\n                                <\/div>\n                                                            <div class=\"events-slider-block__eventsItem swiper-slide\">\n                                    <a href=\"https:\/\/www.ebilet.pl\/teatr\/tragedia-dramat\/powodzenia-leo-grande\" target=\"_blank\" class=\"events-slider-block__eventsName\">\n                                        <p>Powodzenia, Leo Grande<\/p>\n                                    <\/a>\n                                    <div class=\"events-slider-block__eventsDate\">\n                                        23.03.2027-23.03.2027                                    <\/div>\n                                    <div class=\"events-slider-block__eventsLocation\">Warszawa<\/div>\n                                <\/div>\n                                                            <div class=\"events-slider-block__eventsItem swiper-slide\">\n                                    <a href=\"https:\/\/www.ebilet.pl\/klasyka\/balet-taniec\/panstwowy-ansambl-gruzji-aphkhazeti\" target=\"_blank\" class=\"events-slider-block__eventsName\">\n                                        <p>APHKHAZETI &#8211; Gruzi\u0144ski Pa\u0144stwowy Balet z ch\u00f3rem i orkiestr\u0105<\/p>\n                                    <\/a>\n                                    <div class=\"events-slider-block__eventsDate\">\n                                        01.03.2027-11.03.2027                                    <\/div>\n                                    <div class=\"events-slider-block__eventsLocation\">Katowice, Krak\u00f3w, \u0141\u00f3d\u017a i inne<\/div>\n                                <\/div>\n                                                            <div class=\"events-slider-block__eventsItem swiper-slide\">\n                                    <a href=\"https:\/\/www.ebilet.pl\/klasyka\/koncert\/chopin\" target=\"_blank\" class=\"events-slider-block__eventsName\">\n                                        <p>Koncert Chopinowski<\/p>\n                                    <\/a>\n                                    <div class=\"events-slider-block__eventsDate\">\n                                        05.09.2026-30.12.2026                                    <\/div>\n                                    <div class=\"events-slider-block__eventsLocation\">Warszawa<\/div>\n                                <\/div>\n                                                            <div class=\"events-slider-block__eventsItem swiper-slide\">\n                                    <a href=\"https:\/\/www.ebilet.pl\/muzyka\/rock\/blind-channel\" target=\"_blank\" class=\"events-slider-block__eventsName\">\n                                        <p>Blind Channel<\/p>\n                                    <\/a>\n                                    <div class=\"events-slider-block__eventsDate\">\n                                        11.02.2027-12.02.2027                                    <\/div>\n                                    <div class=\"events-slider-block__eventsLocation\">Krak\u00f3w, Warszawa<\/div>\n                                <\/div>\n                                                            <div class=\"events-slider-block__eventsItem swiper-slide\">\n                                    <a href=\"https:\/\/www.ebilet.pl\/klasyka\/opera-operetka\/gala-operowa\" target=\"_blank\" class=\"events-slider-block__eventsName\">\n                                        <p>Wielka Gala Operowa: Krzysztof Knapczyk, Carmen, La Traviata, Turandot<\/p>\n                                    <\/a>\n                                    <div class=\"events-slider-block__eventsDate\">\n                                        18.10.2026-08.12.2028                                    <\/div>\n                                    <div class=\"events-slider-block__eventsLocation\">Bia\u0142ystok, Gda\u0144sk, Gorz\u00f3w Wielkopolski i inne<\/div>\n                                <\/div>\n                                                            <div class=\"events-slider-block__eventsItem swiper-slide\">\n                                    <a href=\"https:\/\/www.ebilet.pl\/muzyka\/hip-hop-rap\/otsochodzi\" target=\"_blank\" class=\"events-slider-block__eventsName\">\n                                        <p>Otsochodzi &#8211; RIOTT<\/p>\n                                    <\/a>\n                                    <div class=\"events-slider-block__eventsDate\">\n                                        01.10.2026-03.12.2026                                    <\/div>\n                                    <div class=\"events-slider-block__eventsLocation\">Gda\u0144sk, Krak\u00f3w, Pozna\u0144 i inne<\/div>\n                                <\/div>\n                                                            <div class=\"events-slider-block__eventsItem swiper-slide\">\n                                    <a href=\"https:\/\/www.ebilet.pl\/muzyka\/rock\/kult-koncerty\" target=\"_blank\" class=\"events-slider-block__eventsName\">\n                                        <p>Kult &#8211; Trasa Pomara\u0144czowa 2026<\/p>\n                                    <\/a>\n                                    <div class=\"events-slider-block__eventsDate\">\n                                        30.10.2026-15.11.2026                                    <\/div>\n                                    <div class=\"events-slider-block__eventsLocation\">Katowice, \u0141\u00f3d\u017a, Wroc\u0142aw<\/div>\n                                <\/div>\n                                                            <div class=\"events-slider-block__eventsItem swiper-slide\">\n                                    <a href=\"https:\/\/www.ebilet.pl\/klasyka\/koncert\/festiwal-pianistyczny-na-instrumentach-historycznych\" target=\"_blank\" class=\"events-slider-block__eventsName\">\n                                        <p>Festiwal pianistyczny na instrumentach historycznych<\/p>\n                                    <\/a>\n                                    <div class=\"events-slider-block__eventsDate\">\n                                        11.09.2026-13.09.2026                                    <\/div>\n                                    <div class=\"events-slider-block__eventsLocation\">Nowy Wi\u015bnicz<\/div>\n                                <\/div>\n                                                            <div class=\"events-slider-block__eventsItem swiper-slide\">\n                                    <a href=\"https:\/\/www.ebilet.pl\/teatr\/komedia\/do-zobaczenia-za-rok\" target=\"_blank\" class=\"events-slider-block__eventsName\">\n                                        <p>Do zobaczenia za rok<\/p>\n                                    <\/a>\n                                    <div class=\"events-slider-block__eventsDate\">\n                                        18.10.2026-18.10.2026                                    <\/div>\n                                    <div class=\"events-slider-block__eventsLocation\">Gda\u0144sk<\/div>\n                                <\/div>\n                                                            <div class=\"events-slider-block__eventsItem swiper-slide\">\n                                    <a href=\"https:\/\/www.ebilet.pl\/muzyka\/piosenka\/kochajmy-starszych-panow\" target=\"_blank\" class=\"events-slider-block__eventsName\">\n                                        <p>Kochajmy Starszych Pan\u00f3w!<\/p>\n                                    <\/a>\n                                    <div class=\"events-slider-block__eventsDate\">\n                                        15.10.2026-20.10.2026                                    <\/div>\n                                    <div class=\"events-slider-block__eventsLocation\">Szczecin, Wroc\u0142aw<\/div>\n                                <\/div>\n                                                            <div class=\"events-slider-block__eventsItem swiper-slide\">\n                                    <a href=\"https:\/\/www.ebilet.pl\/muzyka\/pop\/piaseczny-the-best-of\" target=\"_blank\" class=\"events-slider-block__eventsName\">\n                                        <p>Andrzej Piaseczny &#8211; The Best<\/p>\n                                    <\/a>\n                                    <div class=\"events-slider-block__eventsDate\">\n                                        08.11.2026-08.11.2026                                    <\/div>\n                                    <div class=\"events-slider-block__eventsLocation\">Gda\u0144sk<\/div>\n                                <\/div>\n                                                            <div class=\"events-slider-block__eventsItem swiper-slide\">\n                                    <a href=\"https:\/\/www.ebilet.pl\/muzyka\/rock\/byl-kiedys-jarocin\" target=\"_blank\" class=\"events-slider-block__eventsName\">\n                                        <p>By\u0142 Kiedy\u015b Jarocin<\/p>\n                                    <\/a>\n                                    <div class=\"events-slider-block__eventsDate\">\n                                        11.12.2026-13.12.2026                                    <\/div>\n                                    <div class=\"events-slider-block__eventsLocation\">Gda\u0144sk<\/div>\n                                <\/div>\n                                                            <div class=\"events-slider-block__eventsItem swiper-slide\">\n                                    <a href=\"https:\/\/www.ebilet.pl\/sport\/sporty-druzynowe\/mecz-mistrzow\" target=\"_blank\" class=\"events-slider-block__eventsName\">\n                                        <p>Mecz mistrz\u00f3w: Polska &#8211; W\u0142ochy<\/p>\n                                    <\/a>\n                                    <div class=\"events-slider-block__eventsDate\">\n                                        04.10.2026-04.10.2026                                    <\/div>\n                                    <div class=\"events-slider-block__eventsLocation\">Wroc\u0142aw<\/div>\n                                <\/div>\n                                                        <\/div>\n                        <\/div>\n                        <div class=\"events-slider-block__pagination\">\n                            <div class=\"swiper-pagination slider-pagination slider-pagination--theme-white\" data-events-slider-pagination><\/div>\n                        <\/div>\n                    <\/div>\n                                        <div class=\"events-slider-block__bottom\">\n                                                                                <div class=\"events-slider-block__link desktop\">\n                                    <a\n                                        class=\"button button--size-small button--theme-primary-yellow button--withIconLeft\"\n                                        href=\"https:\/\/www.ebilet.pl\/\">\n                                                                                    <div class=\"button__icon\"><img loading=\"lazy\" decoding=\"async\" width=\"30\" height=\"30\" src=\"https:\/\/www.ebilet.pl\/now\/app\/uploads\/2024\/01\/ticket-cinema-entertainment-coupon-discount-sale_30px.png\" class=\"attachment-full size-full\" alt=\"\" \/><\/div>\n                                                                                <p class=\"button__text typo-18\">Kup na eBilet.pl<\/p>\n                                    <\/a>\n                                <\/div>\n                                                                                <div class=\"events-slider-block__link mobile\">\n                                    <a\n                                        class=\"button button--size-small button--theme-primary-yellow button--withIconLeft\"\n                                        href=\"https:\/\/www.ebilet.pl\/\">\n                                                                                    <div class=\"button__icon\"><img loading=\"lazy\" decoding=\"async\" width=\"30\" height=\"30\" src=\"https:\/\/www.ebilet.pl\/now\/app\/uploads\/2024\/01\/ticket-cinema-entertainment-coupon-discount-sale_30px.png\" class=\"attachment-full size-full\" alt=\"\" \/><\/div>\n                                                                                <p class=\"button__text typo-18\">Kup na eBilet.pl<\/p>\n                                    <\/a>\n                                <\/div>\n                                            <\/div>\n                <\/div>\n            <\/div>\n        <\/div>\n    <\/div>\n<\/section>","protected":false},"excerpt":{"rendered":"<p>S\u0105 komicy, kt\u00f3rzy w swoich programach opowiadaj\u0105 tylko o swoim \u017cyciu, ale s\u0105 te\u017c tacy, kt\u00f3rzy za cel bior\u0105 bie\u017c\u0105ce wydarzenia. Jak je komentuj\u0105? Robi\u0105 to na bardzo r\u00f3\u017cne sposoby! Sprawd\u017amy najpopularniejsze z nich!<\/p>\n","protected":false},"author":14,"featured_media":16135,"comment_status":"open","ping_status":"open","sticky":false,"template":"page-templates\/article-default.php","format":"standard","meta":{"_acf_changed":false,"footnotes":""},"article_tag":[136,121,133],"article_type":[5],"class_list":["post-16130","post","type-post","status-publish","format-standard","has-post-thumbnail","hentry","article_tag-spoleczenstwo","article_tag-stand-up","article_tag-swiat","article_type-lifestyle"],"acf":[],"_links":{"self":[{"href":"https:\/\/www.ebilet.pl\/now\/wp-json\/wp\/v2\/posts\/16130","targetHints":{"allow":["GET"]}}],"collection":[{"href":"https:\/\/www.ebilet.pl\/now\/wp-json\/wp\/v2\/posts"}],"about":[{"href":"https:\/\/www.ebilet.pl\/now\/wp-json\/wp\/v2\/types\/post"}],"author":[{"embeddable":true,"href":"https:\/\/www.ebilet.pl\/now\/wp-json\/wp\/v2\/users\/14"}],"replies":[{"embeddable":true,"href":"https:\/\/www.ebilet.pl\/now\/wp-json\/wp\/v2\/comments?post=16130"}],"version-history":[{"count":3,"href":"https:\/\/www.ebilet.pl\/now\/wp-json\/wp\/v2\/posts\/16130\/revisions"}],"predecessor-version":[{"id":18766,"href":"https:\/\/www.ebilet.pl\/now\/wp-json\/wp\/v2\/posts\/16130\/revisions\/18766"}],"wp:featuredmedia":[{"embeddable":true,"href":"https:\/\/www.ebilet.pl\/now\/wp-json\/wp\/v2\/media\/16135"}],"wp:attachment":[{"href":"https:\/\/www.ebilet.pl\/now\/wp-json\/wp\/v2\/media?parent=16130"}],"wp:term":[{"taxonomy":"article_tag","embeddable":true,"href":"https:\/\/www.ebilet.pl\/now\/wp-json\/wp\/v2\/article_tag?post=16130"},{"taxonomy":"article_type","embeddable":true,"href":"https:\/\/www.ebilet.pl\/now\/wp-json\/wp\/v2\/article_type?post=16130"}],"curies":[{"name":"wp","href":"https:\/\/api.w.org\/{rel}","templated":true}]}}