{"id":14969,"date":"2024-04-24T17:54:29","date_gmt":"2024-04-24T16:54:29","guid":{"rendered":"https:\/\/www.ebilet.pl\/now\/?p=14969"},"modified":"2025-09-22T09:41:27","modified_gmt":"2025-09-22T08:41:27","slug":"historia-igrzysk-olimpijskich-od-starozytnosci-dodzisiejszych-czasow","status":"publish","type":"post","link":"https:\/\/www.ebilet.pl\/now\/historia-igrzysk-olimpijskich-od-starozytnosci-dodzisiejszych-czasow\/","title":{"rendered":"Historia Igrzysk Olimpijskich: od staro\u017cytno\u015bci do dzisiejszych czas\u00f3w"},"content":{"rendered":"\n<section class=\"text-block  section-margin-32\" >\n    <div class=\"container\">\n        <div class=\"row\">\n            <div class=\"col-24\">\n                <div class=\"text-block__content\"><h2><strong>Staro\u017cytne Igrzyska Olimpijskie<\/strong><\/h2>\n<p>Czujecie te emocje? O staro\u017cytnych Igrzyskach Olimpijskich g\u0142o\u015bno by\u0142o ju\u017c w 776 roku p.n.e.<br \/>\nPewnie s\u0142yszeli\u015bcie o nich na lekcjach historii. Zawody by\u0142y organizowane w staro\u017cytnej Grecji, a<br \/>\nkonkretniej w Olimpii \u2013 ku czci Zeusa. Inicjatorem olimpijskiej rywalizacji prawdopodobnie by\u0142<br \/>\nHerakles Idajski. Przyjmuje si\u0119, \u017ce pierwszym triumfatorem by\u0142 Koroibos z Elidy, kt\u00f3ry nie m\u00f3g\u0142<br \/>\nsi\u0119 jednak cieszy\u0107 ze zbyt wielkich laur\u00f3w. W nagrod\u0119 za sw\u00f3j triumf otrzyma\u0142 ga\u0142\u0105zk\u0119 oliwn\u0105&#8230;<br \/>\nCo charakteryzowa\u0142o IO organizowane w dawnych czasach? Przede wszystkim to, \u017ce na czas ich<br \/>\ntrwania og\u0142aszano pok\u00f3j, a zawodnicy poprawiali swoj\u0105 sprawno\u015b\u0107 fizyczn\u0105, kt\u00f3ra mog\u0142a im si\u0119<br \/>\npotem przyda\u0107 w dzia\u0142aniach wojennych. Na samym pocz\u0105tku by\u0142a to zaledwie jednodniowa<br \/>\nrywalizacja, natomiast p\u00f3\u017aniej wyd\u0142u\u017cono je do pi\u0119ciu dni. Organizowano wtedy nast\u0119puj\u0105ce<br \/>\nkonkurencje:<\/p>\n<ul>\n<li>biegi na kr\u00f3tkich dystansach,<\/li>\n<li>boks i zapasy (po\u0142\u0105czone w pankration \u2013 wsp\u00f3\u0142cze\u015bnie mo\u017cna por\u00f3wna\u0107 to do MMA),<\/li>\n<li>skok w dal,<\/li>\n<li>rzut oszczepem oraz dyskiem,<\/li>\n<li>wy\u015bcigi konne.<\/li>\n<\/ul>\n<p>Gdzie natomiast odbywa\u0142y si\u0119 zmagania? Ot\u00f3\u017c kluczowe w tej kategorii by\u0142y trzy miejsca,<br \/>\npami\u0119tacie jakie? Stadion, gimnazjon i palestra. Wiedzieli\u015bcie?<\/p>\n<\/div>\n            <\/div>\n        <\/div>\n    <\/div>\n<\/section>\n\n\n<section class=\"tickets-slider  section-margin-32\"\n    data-tickets-slider\n    data-item-list-name=\"Karuzela z buttonami\"\n    data-item-list-id=\"karuzela_z_buttonami\"\n    >\n    <div class=\"container\">\n        <div class=\"row\">\n            <div class=\"col-24\">\n                <div class=\"tickets-slider__main\">\n                    <div class=\"tickets-slider__nav tickets-slider__nav--prev\">\n                        <div class=\"button button--withIcon button--theme-white-blur button--size-fixed-48\" data-tickets-slider-prev>\n                            <span class=\"button__icon icon icon-chevron-left\"><\/span>\n                        <\/div>\n                    <\/div>\n                    <div class=\"tickets-slider__nav tickets-slider__nav--next\">\n                        <div class=\"button button--withIcon button--theme-white-blur button--size-fixed-48\" data-tickets-slider-next>\n                            <span class=\"button__icon icon icon-chevron-right\"><\/span>\n                        <\/div>\n                    <\/div>\n                    <div class=\"tickets-slider__slider swiper\" data-tickets-slider-slider>\n                        <div class=\"tickets-slider__sliderWrapper swiper-wrapper\">\n                                                            <div class=\"tickets-slider__sliderItem swiper-slide\"\n                                    data-id=\"10672\"\n                                    data-name=\"Red Bull Drift Masters, Grand Finale 2026, Poland\"\n                                    data-brand=\"Drift Masters Grand Prix Sp. z o.o.\"\n                                    data-category=\"sport\"\n                                    data-subcategory=\"sporty-motorowe\"\n                                    data-city=\"Warszawa\"\n                                    data-venue=\"PGE Narodowy im. Kazimierza G\u00f3rskiego\">\n                                    <div class=\"tickets-slider__sliderCard\">\n                                        \n<div class=\"card-ticket\">\n        <div class=\"card-ticket__image\">\n        <a href=\"https:\/\/www.ebilet.pl\/sport\/sporty-motorowe\/drift-masters\">\n            <img decoding=\"async\" src=\"https:\/\/www.ebilet.pl\/media\/cms\/media\/suppcplq\/552x736pl-bf128fce-ab66-4b2d-b457-61d8cd701c82.webp\" alt=\"Plakat wydarzenia\" \/>\n        <\/a>\n    <\/div>\n             \n    <div class=\"card-ticket__link\">\n        <a href=\"https:\/\/www.ebilet.pl\/sport\/sporty-motorowe\/drift-masters\" class=\"button button--theme-primary-yellow button--withIconLeft button--size-small\">\n            <span class=\"button__icon icon icon-ticket\"><\/span>\n            <p class=\"button__text typo-16 f-600\">Kup bilet<\/p>\n        <\/a>\n    <\/div>\n    <\/div>                                    <\/div>\n                                <\/div>\n                                                            <div class=\"tickets-slider__sliderItem swiper-slide\"\n                                    data-id=\"12072\"\n                                    data-name=\"Driftingowe Mistrzostwa Polski 2026 \/\/ New Grounds\"\n                                    data-brand=\"Polska Federacja Driftingu Sp. z o.o.\"\n                                    data-category=\"sport\"\n                                    data-subcategory=\"sporty-motorowe\"\n                                    data-city=\"Prze\u017amierowo\"\n                                    data-venue=\"Tor Pozna\u0144\">\n                                    <div class=\"tickets-slider__sliderCard\">\n                                        \n<div class=\"card-ticket\">\n        <div class=\"card-ticket__image\">\n        <a href=\"https:\/\/www.ebilet.pl\/sport\/sporty-motorowe\/driftingowe-mistrzostwa-polski\">\n            <img decoding=\"async\" src=\"https:\/\/www.ebilet.pl\/media\/cms\/media\/kq4jhmkp\/grafika_ebilet_dmp2026_rnd1_552x736-1-27890185-968e-4328-98ca-8de8452bb4bd.webp\" alt=\"Plakat wydarzenia\" \/>\n        <\/a>\n    <\/div>\n             \n    <div class=\"card-ticket__link\">\n        <a href=\"https:\/\/www.ebilet.pl\/sport\/sporty-motorowe\/driftingowe-mistrzostwa-polski\" class=\"button button--theme-primary-yellow button--withIconLeft button--size-small\">\n            <span class=\"button__icon icon icon-ticket\"><\/span>\n            <p class=\"button__text typo-16 f-600\">Kup bilet<\/p>\n        <\/a>\n    <\/div>\n    <\/div>                                    <\/div>\n                                <\/div>\n                                                            <div class=\"tickets-slider__sliderItem swiper-slide\"\n                                    data-id=\"10871\"\n                                    data-name=\"XTB KSW 121\"\n                                    data-brand=\"Federacja KSW\"\n                                    data-category=\"sport\"\n                                    data-subcategory=\"sporty-walki\"\n                                    data-city=\"Liberec \/ Czechy\"\n                                    data-venue=\"Home Credit Arena\">\n                                    <div class=\"tickets-slider__sliderCard\">\n                                        \n<div class=\"card-ticket\">\n        <div class=\"card-ticket__image\">\n        <a href=\"https:\/\/www.ebilet.pl\/sport\/sporty-walki\/ksw\">\n            <img decoding=\"async\" src=\"https:\/\/www.ebilet.pl\/media\/cms\/media\/zw0hpgyx\/ksw121_552x736-6636a3a1-5dff-4442-8f0c-67cfa129399c.webp\" alt=\"Plakat wydarzenia\" \/>\n        <\/a>\n    <\/div>\n             \n    <div class=\"card-ticket__link\">\n        <a href=\"https:\/\/www.ebilet.pl\/sport\/sporty-walki\/ksw\" class=\"button button--theme-primary-yellow button--withIconLeft button--size-small\">\n            <span class=\"button__icon icon icon-ticket\"><\/span>\n            <p class=\"button__text typo-16 f-600\">Kup bilet<\/p>\n        <\/a>\n    <\/div>\n    <\/div>                                    <\/div>\n                                <\/div>\n                                                            <div class=\"tickets-slider__sliderItem swiper-slide\"\n                                    data-id=\"52655\"\n                                    data-name=\"Mistrzostwa \u015awiata FIM SuperEnduro\"\n                                    data-brand=\"Agencja Sport UP sp. z o.o.\"\n                                    data-category=\"sport\"\n                                    data-subcategory=\"sporty-motorowe\"\n                                    data-city=\"Gliwice\"\n                                    data-venue=\"PreZero Arena Gliwice\">\n                                    <div class=\"tickets-slider__sliderCard\">\n                                        \n<div class=\"card-ticket\">\n        <div class=\"card-ticket__image\">\n        <a href=\"https:\/\/www.ebilet.pl\/sport\/sporty-motorowe\/super-enduro\">\n            <img decoding=\"async\" src=\"https:\/\/www.ebilet.pl\/media\/cms\/media\/g2rj40fw\/552x736-bd783e9b-1995-4b3d-9466-1472d05df366.webp\" alt=\"Plakat wydarzenia\" \/>\n        <\/a>\n    <\/div>\n             \n    <div class=\"card-ticket__link\">\n        <a href=\"https:\/\/www.ebilet.pl\/sport\/sporty-motorowe\/super-enduro\" class=\"button button--theme-primary-yellow button--withIconLeft button--size-small\">\n            <span class=\"button__icon icon icon-ticket\"><\/span>\n            <p class=\"button__text typo-16 f-600\">Kup bilet<\/p>\n        <\/a>\n    <\/div>\n    <\/div>                                    <\/div>\n                                <\/div>\n                                                            <div class=\"tickets-slider__sliderItem swiper-slide\"\n                                    data-id=\"43760\"\n                                    data-name=\"72. ORLEN Memoria\u0142 Janusza Kusoci\u0144skiego \u2013 Superauto.pl Stadion \u015al\u0105ski\"\n                                    data-brand=\"PZLA 100 SP\u00d3\u0141KA Z OGRANICZON\u0104 ODPOWIEDZIALNO\u015aCI\u0104\"\n                                    data-category=\"sport\"\n                                    data-subcategory=\"lekkoatletyka\"\n                                    data-city=\"Chorz\u00f3w\"\n                                    data-venue=\"Superauto.pl Stadion \u015al\u0105ski\">\n                                    <div class=\"tickets-slider__sliderCard\">\n                                        \n<div class=\"card-ticket\">\n        <div class=\"card-ticket__image\">\n        <a href=\"https:\/\/www.ebilet.pl\/sport\/lekkoatletyka\/memorial-kusocinskiego\">\n            <img decoding=\"async\" src=\"https:\/\/www.ebilet.pl\/media\/cms\/media\/1wppkfcq\/ebilet_552-x-736-1-e566bf09-63ba-43d5-af5b-e2a83f8a6377.webp\" alt=\"Plakat wydarzenia\" \/>\n        <\/a>\n    <\/div>\n             \n    <div class=\"card-ticket__link\">\n        <a href=\"https:\/\/www.ebilet.pl\/sport\/lekkoatletyka\/memorial-kusocinskiego\" class=\"button button--theme-primary-yellow button--withIconLeft button--size-small\">\n            <span class=\"button__icon icon icon-ticket\"><\/span>\n            <p class=\"button__text typo-16 f-600\">Kup bilet<\/p>\n        <\/a>\n    <\/div>\n    <\/div>                                    <\/div>\n                                <\/div>\n                                                            <div class=\"tickets-slider__sliderItem swiper-slide\"\n                                    data-id=\"187745\"\n                                    data-name=\"ADCC World Championship 2026\"\n                                    data-brand=\"ADCC Sp. z o.o\"\n                                    data-category=\"sport\"\n                                    data-subcategory=\"sporty-walki\"\n                                    data-city=\"Krak\u00f3w\"\n                                    data-venue=\"TAURON Arena Krak\u00f3w\">\n                                    <div class=\"tickets-slider__sliderCard\">\n                                        \n<div class=\"card-ticket\">\n        <div class=\"card-ticket__image\">\n        <a href=\"https:\/\/www.ebilet.pl\/sport\/sporty-walki\/adcc-world-championship\">\n            <img decoding=\"async\" src=\"https:\/\/www.ebilet.pl\/media\/cms\/media\/2okdxyjc\/pb_adcc_2026wc_552x736c.webp\" alt=\"Plakat wydarzenia\" \/>\n        <\/a>\n    <\/div>\n             \n    <div class=\"card-ticket__link\">\n        <a href=\"https:\/\/www.ebilet.pl\/sport\/sporty-walki\/adcc-world-championship\" class=\"button button--theme-primary-yellow button--withIconLeft button--size-small\">\n            <span class=\"button__icon icon icon-ticket\"><\/span>\n            <p class=\"button__text typo-16 f-600\">Kup bilet<\/p>\n        <\/a>\n    <\/div>\n    <\/div>                                    <\/div>\n                                <\/div>\n                                                            <div class=\"tickets-slider__sliderItem swiper-slide\"\n                                    data-id=\"170262\"\n                                    data-name=\"Billie Jean King Cup Play-Offs: Polska - Szwecja\"\n                                    data-brand=\"Polski Zwi\u0105zek Tenisowy\"\n                                    data-category=\"sport\"\n                                    data-subcategory=\"tenis\"\n                                    data-city=\"W\u0142oc\u0142awek\"\n                                    data-venue=\"Hala Mistrz\u00f3w\">\n                                    <div class=\"tickets-slider__sliderCard\">\n                                        \n<div class=\"card-ticket\">\n        <div class=\"card-ticket__image\">\n        <a href=\"https:\/\/www.ebilet.pl\/sport\/tenis\/billie-jean-king-cup\">\n            <img decoding=\"async\" src=\"https:\/\/www.ebilet.pl\/media\/cms\/media\/fogo5qua\/bjk-cup-play-offs-2026_wloclawek_ebilet-552x736_01-49dd0afc-cdad-45e5-8248-315867cd9b64.webp\" alt=\"Plakat wydarzenia\" \/>\n        <\/a>\n    <\/div>\n             \n    <div class=\"card-ticket__link\">\n        <a href=\"https:\/\/www.ebilet.pl\/sport\/tenis\/billie-jean-king-cup\" class=\"button button--theme-primary-yellow button--withIconLeft button--size-small\">\n            <span class=\"button__icon icon icon-ticket\"><\/span>\n            <p class=\"button__text typo-16 f-600\">Kup bilet<\/p>\n        <\/a>\n    <\/div>\n    <\/div>                                    <\/div>\n                                <\/div>\n                                                            <div class=\"tickets-slider__sliderItem swiper-slide\"\n                                    data-id=\"187126\"\n                                    data-name=\"King\u2019s Arena 4 \u201e\u0141\u00f3d\u017a You Fight?\u201d\"\n                                    data-brand=\"KING&#039;S ARENA Sp. z o.o.\"\n                                    data-category=\"sport\"\n                                    data-subcategory=\"sporty-walki\"\n                                    data-city=\"\u0141\u00f3d\u017a\"\n                                    data-venue=\"Sport Arena w \u0141odzi\">\n                                    <div class=\"tickets-slider__sliderCard\">\n                                        \n<div class=\"card-ticket\">\n        <div class=\"card-ticket__image\">\n        <a href=\"https:\/\/www.ebilet.pl\/sport\/sporty-walki\/king-s-arena\">\n            <img decoding=\"async\" src=\"https:\/\/www.ebilet.pl\/media\/cms\/media\/x0xp4lbp\/baner-pionowy-ebilet.webp\" alt=\"Plakat wydarzenia\" \/>\n        <\/a>\n    <\/div>\n             \n    <div class=\"card-ticket__link\">\n        <a href=\"https:\/\/www.ebilet.pl\/sport\/sporty-walki\/king-s-arena\" class=\"button button--theme-primary-yellow button--withIconLeft button--size-small\">\n            <span class=\"button__icon icon icon-ticket\"><\/span>\n            <p class=\"button__text typo-16 f-600\">Kup bilet<\/p>\n        <\/a>\n    <\/div>\n    <\/div>                                    <\/div>\n                                <\/div>\n                                                            <div class=\"tickets-slider__sliderItem swiper-slide\"\n                                    data-id=\"118197\"\n                                    data-name=\"Superpuchar Polski 2026 \"\n                                    data-brand=\"Polska Liga Koszyk\u00f3wki S.A.\"\n                                    data-category=\"sport\"\n                                    data-subcategory=\"sporty-druzynowe\"\n                                    data-city=\"Sosnowiec\"\n                                    data-venue=\"ArcelorMittal Park w Sosnowcu\">\n                                    <div class=\"tickets-slider__sliderCard\">\n                                        \n<div class=\"card-ticket\">\n        <div class=\"card-ticket__image\">\n        <a href=\"https:\/\/www.ebilet.pl\/sport\/sporty-druzynowe\/superpuchar-polski-koszykowka\">\n            <img decoding=\"async\" src=\"https:\/\/www.ebilet.pl\/media\/cms\/media\/xjlcmrr3\/552-ebf958d0-81d5-4cb7-b800-7f0d9b5942dc.webp\" alt=\"Plakat wydarzenia\" \/>\n        <\/a>\n    <\/div>\n             \n    <div class=\"card-ticket__link\">\n        <a href=\"https:\/\/www.ebilet.pl\/sport\/sporty-druzynowe\/superpuchar-polski-koszykowka\" class=\"button button--theme-primary-yellow button--withIconLeft button--size-small\">\n            <span class=\"button__icon icon icon-ticket\"><\/span>\n            <p class=\"button__text typo-16 f-600\">Kup bilet<\/p>\n        <\/a>\n    <\/div>\n    <\/div>                                    <\/div>\n                                <\/div>\n                                                            <div class=\"tickets-slider__sliderItem swiper-slide\"\n                                    data-id=\"121181\"\n                                    data-name=\"Speedway Euro Championship - Final 3\"\n                                    data-brand=\"One Sport Sp. z o.o.\"\n                                    data-category=\"sport\"\n                                    data-subcategory=\"sporty-motorowe\"\n                                    data-city=\"Rzesz\u00f3w\"\n                                    data-venue=\"Stadion Miejski Rzesz\u00f3w\">\n                                    <div class=\"tickets-slider__sliderCard\">\n                                        \n<div class=\"card-ticket\">\n        <div class=\"card-ticket__image\">\n        <a href=\"https:\/\/www.ebilet.pl\/sport\/sporty-motorowe\/mistrzostwa-europy-zuzel\">\n            <img decoding=\"async\" src=\"https:\/\/www.ebilet.pl\/media\/cms\/media\/s5eftnof\/sec-rzesz_w-552-736-px.webp\" alt=\"Plakat wydarzenia\" \/>\n        <\/a>\n    <\/div>\n             \n    <div class=\"card-ticket__link\">\n        <a href=\"https:\/\/www.ebilet.pl\/sport\/sporty-motorowe\/mistrzostwa-europy-zuzel\" class=\"button button--theme-primary-yellow button--withIconLeft button--size-small\">\n            <span class=\"button__icon icon icon-ticket\"><\/span>\n            <p class=\"button__text typo-16 f-600\">Kup bilet<\/p>\n        <\/a>\n    <\/div>\n    <\/div>                                    <\/div>\n                                <\/div>\n                                                            <div class=\"tickets-slider__sliderItem swiper-slide\"\n                                    data-id=\"118194\"\n                                    data-name=\"Kwalifikacje do Mistrzostw \u015awiata w koszyk\u00f3wce m\u0119\u017cczyzn 2027: Polska \u2013 Chorwacja\"\n                                    data-brand=\"Polski Zwi\u0105zek Koszyk\u00f3wki\"\n                                    data-category=\"sport\"\n                                    data-subcategory=\"sporty-druzynowe\"\n                                    data-city=\"Gliwice\"\n                                    data-venue=\"PreZero Arena Gliwice\">\n                                    <div class=\"tickets-slider__sliderCard\">\n                                        \n<div class=\"card-ticket\">\n        <div class=\"card-ticket__image\">\n        <a href=\"https:\/\/www.ebilet.pl\/sport\/sporty-druzynowe\/koszykowka-mecz\">\n            <img decoding=\"async\" src=\"https:\/\/www.ebilet.pl\/media\/cms\/media\/hoxono4g\/podstawowe_portal-98225706-f40f-4253-9b63-9f6c375fb13f.webp\" alt=\"Plakat wydarzenia\" \/>\n        <\/a>\n    <\/div>\n             \n    <div class=\"card-ticket__link\">\n        <a href=\"https:\/\/www.ebilet.pl\/sport\/sporty-druzynowe\/koszykowka-mecz\" class=\"button button--theme-primary-yellow button--withIconLeft button--size-small\">\n            <span class=\"button__icon icon icon-ticket\"><\/span>\n            <p class=\"button__text typo-16 f-600\">Kup bilet<\/p>\n        <\/a>\n    <\/div>\n    <\/div>                                    <\/div>\n                                <\/div>\n                                                            <div class=\"tickets-slider__sliderItem swiper-slide\"\n                                    data-id=\"210054\"\n                                    data-name=\"Hot Wheels Stunt Show\"\n                                    data-brand=\"Live Nation\"\n                                    data-category=\"sport\"\n                                    data-subcategory=\"pozostale\"\n                                    data-city=\"\u0141\u00f3d\u017a\"\n                                    data-venue=\"Atlas Arena\">\n                                    <div class=\"tickets-slider__sliderCard\">\n                                        \n<div class=\"card-ticket\">\n        <div class=\"card-ticket__image\">\n        <a href=\"https:\/\/www.ebilet.pl\/sport\/pozostale\/hot-wheels-stunt-show\">\n            <img decoding=\"async\" src=\"https:\/\/www.ebilet.pl\/media\/cms\/media\/angn1utq\/hw_552x736-ed70018f-bfed-4c32-8df3-b947c3a38eff.webp\" alt=\"Plakat wydarzenia\" \/>\n        <\/a>\n    <\/div>\n             \n    <div class=\"card-ticket__link\">\n        <a href=\"https:\/\/www.ebilet.pl\/sport\/pozostale\/hot-wheels-stunt-show\" class=\"button button--theme-primary-yellow button--withIconLeft button--size-small\">\n            <span class=\"button__icon icon icon-ticket\"><\/span>\n            <p class=\"button__text typo-16 f-600\">Kup bilet<\/p>\n        <\/a>\n    <\/div>\n    <\/div>                                    <\/div>\n                                <\/div>\n                                                            <div class=\"tickets-slider__sliderItem swiper-slide\"\n                                    data-id=\"179820\"\n                                    data-name=\"XTB KSW 122\"\n                                    data-brand=\"Federacja KSW\"\n                                    data-category=\"sport\"\n                                    data-subcategory=\"sporty-walki\"\n                                    data-city=\"Rzesz\u00f3w\"\n                                    data-venue=\"Regionalne Centrum Sportowo-Widowiskowe Podpromie\">\n                                    <div class=\"tickets-slider__sliderCard\">\n                                        \n<div class=\"card-ticket\">\n        <div class=\"card-ticket__image\">\n        <a href=\"https:\/\/www.ebilet.pl\/sport\/sporty-walki\/ksw-gala\">\n            <img decoding=\"async\" src=\"https:\/\/www.ebilet.pl\/media\/cms\/media\/cz4hwoy5\/ksw122_552x736-kopia-2bfd4e82-ebbc-475a-901b-7cd82d226339.webp\" alt=\"Plakat wydarzenia\" \/>\n        <\/a>\n    <\/div>\n             \n    <div class=\"card-ticket__link\">\n        <a href=\"https:\/\/www.ebilet.pl\/sport\/sporty-walki\/ksw-gala\" class=\"button button--theme-primary-yellow button--withIconLeft button--size-small\">\n            <span class=\"button__icon icon icon-ticket\"><\/span>\n            <p class=\"button__text typo-16 f-600\">Kup bilet<\/p>\n        <\/a>\n    <\/div>\n    <\/div>                                    <\/div>\n                                <\/div>\n                                                            <div class=\"tickets-slider__sliderItem swiper-slide\"\n                                    data-id=\"53427\"\n                                    data-name=\"THE HARLEM GLOBETROTTERS\"\n                                    data-brand=\"MOTIONMUSIC\"\n                                    data-category=\"sport\"\n                                    data-subcategory=\"pozostale\"\n                                    data-city=\"Gdynia, Katowice, Krak\u00f3w i inne\"\n                                    data-venue=\"Enea Arena\">\n                                    <div class=\"tickets-slider__sliderCard\">\n                                        \n<div class=\"card-ticket\">\n        <div class=\"card-ticket__image\">\n        <a href=\"https:\/\/www.ebilet.pl\/sport\/pozostale\/harlem-globetrotters\">\n            <img decoding=\"async\" src=\"https:\/\/www.ebilet.pl\/media\/cms\/media\/xexl5jov\/hgtpl26_ebilet_552x736_player.webp\" alt=\"Plakat wydarzenia\" \/>\n        <\/a>\n    <\/div>\n             \n    <div class=\"card-ticket__link\">\n        <a href=\"https:\/\/www.ebilet.pl\/sport\/pozostale\/harlem-globetrotters\" class=\"button button--theme-primary-yellow button--withIconLeft button--size-small\">\n            <span class=\"button__icon icon icon-ticket\"><\/span>\n            <p class=\"button__text typo-16 f-600\">Kup bilet<\/p>\n        <\/a>\n    <\/div>\n    <\/div>                                    <\/div>\n                                <\/div>\n                                                    <\/div>\n                    <\/div>\n                <\/div>\n            <\/div>\n        <\/div>\n    <\/div>\n<\/section>\n\n\n<section class=\"text-block  section-margin-32\" >\n    <div class=\"container\">\n        <div class=\"row\">\n            <div class=\"col-24\">\n                <div class=\"text-block__content\"><h2><strong>Nowo\u017cytne Igrzyska Olimpijskie<\/strong><\/h2>\n<p>Po kr\u00f3tkim zapoznaniu si\u0119 z histori\u0105 staro\u017cytnych Igrzysk Olimpijskich mo\u017cemy przej\u015b\u0107 do<br \/>\npodstawowych informacji na temat nowo\u017cytnych zmaga\u0144, prawda? Wiecie kto by\u0142 ich<br \/>\npomys\u0142odawc\u0105? Pierre de Coubertin! Za ich organizacj\u0119 odpowiada z kolei Mi\u0119dzynarodowy<br \/>\nKomitet Olimpijski (MKOl), a pierwsza nowo\u017cytna rywalizacja odby\u0142a si\u0119 w 1896 roku w<br \/>\nAtenach (powr\u00f3t do korzeni). Uczestnicy brali wtedy udzia\u0142 w 43 konkurencjach, sk\u0142adaj\u0105cych<br \/>\nsi\u0119 na 9 r\u00f3\u017cnych dyscyplin.<\/p>\n<\/div>\n            <\/div>\n        <\/div>\n    <\/div>\n<\/section>\n\n\n<section class=\"text-block  section-margin-32\" >\n    <div class=\"container\">\n        <div class=\"row\">\n            <div class=\"col-24\">\n                <div class=\"text-block__content\"><p><strong>Zobacz te\u017c:<\/strong><\/p>\n<ul>\n<li><a href=\"https:\/\/www.ebilet.pl\/now\/jak-otwierac-to-z-przytupem-czego-spodziewamy-sie-po-otwarciu-igrzysk-olimpijskich-w-paryzu\/\">Jak otwiera\u0107, to z przytupem! Kogo zobaczymy podczas otwarcia Igrzysk Olimpijskich w Pary\u017cu?<\/a><\/li>\n<li><a href=\"https:\/\/www.ebilet.pl\/now\/najwieksze-sukcesy-polakow-na-igrzyskach-olimpijskich\/\">Najwi\u0119ksze sukcesy Polak\u00f3w na Igrzyskach Olimpijskich<\/a><\/li>\n<li><a href=\"https:\/\/www.ebilet.pl\/now\/skandale-i-kontrowersje-na-igrzyskach-olimpijskich\/\">Skandale i kontrowersje na Igrzyskach Olimpijskich<\/a><\/li>\n<\/ul>\n<\/div>\n            <\/div>\n        <\/div>\n    <\/div>\n<\/section>\n\n\n<section class=\"text-block  section-margin-32\" >\n    <div class=\"container\">\n        <div class=\"row\">\n            <div class=\"col-24\">\n                <div class=\"text-block__content\"><p>Praktycznie z ka\u017cd\u0105 kolejn\u0105 edycj\u0105 ros\u0142a liczba sportowc\u00f3w oraz konkurencji, dzi\u0119ki czemu<br \/>\nzawody tocz\u0105 si\u0119 obecnie przez kilkana\u015bcie dni. Chyba Was to cieszy? Organizuje si\u0119 je w<br \/>\nr\u00f3\u017cnych zak\u0105tkach \u015bwiata (m.in. w Rio de Janeiro, Tokio, Los Angeles, Seulu, Monachium,<br \/>\nMelbourne czy te\u017c Amsterdamie). Jakie ciekawostki zwi\u0105zane z nowo\u017cytnymi Igrzyskami<br \/>\nOlimpijskimi powinny Was zainteresowa\u0107 najbardziej? Oto kilka z nich:<\/p>\n<ul>\n<li>kobiety nie zosta\u0142y dopuszczone do startu na IO 1896, natomiast startowa\u0142y na IO 1900 w<br \/>\nPary\u017cu,<\/li>\n<li>najpopularniejszymi obecnie dyscyplinami w programie letnich IO s\u0105 m.in. kolarstwo, lekkoatletyka, boks, gimnastyka, hokej na trawie, judo, kajakarstwo, je\u017adziectwo, koszyk\u00f3wka, \u0142ucznictwo, pi\u0142ka r\u0119czna, siatk\u00f3wka, podnoszenie ci\u0119\u017car\u00f3w, pi\u0142ka wodna, p\u0142ywanie, strzelectwo, szermierka, zapasy, tenis, \u017ceglarstwo, wio\u015blarstwo, pi\u0142ka no\u017cna czy te\u017c taekwondo.<\/li>\n<\/ul>\n<p>Znacie jeszcze jakie\u015b inne ciekawostki, o kt\u00f3rych opowiadacie sobie w rodzinnym lub szkolnym<br \/>\ngronie? Na pewno jest ich znacznie wi\u0119cej!<\/p>\n<\/div>\n            <\/div>\n        <\/div>\n    <\/div>\n<\/section>\n\n\n    <section class=\"events-carousel-block  section-margin-32\"\n        data-events-carousel\n        data-settings='{\"per_view\":5}'\n        data-item-list-name=\"Karuzela niska Polecamy na eBilet\"\n        data-item-list-id=\"karuzela_niska Polecamy na eBilet\"\n        >\n        <div class=\"container\">\n                            <div class=\"row\">\n                    <div class=\"col-24\">\n                        <div class=\"events-carousel-block__title\">\n                            <h2 class=\"typo-h2\">Polecamy na eBilet<\/h2>\n                        <\/div>\n                    <\/div>\n                <\/div>\n                        <div class=\"row\">\n                <div class=\"col-24\">\n                    <div class=\"events-carousel-block__events\">\n                        <div class=\"events-carousel-block__nav events-carousel-block__nav--prev\">\n                            <div class=\"button button--withIcon button--theme-white-blur button--size-fixed-48\" data-events-carousel-prev>\n                                <span class=\"button__icon icon icon-chevron-left\"><\/span>\n                            <\/div>\n                        <\/div>\n                        <div class=\"events-carousel-block__nav events-carousel-block__nav--next\">\n                            <div class=\"button button--withIcon button--theme-white-blur button--size-fixed-48\" data-events-carousel-next>\n                                <span class=\"button__icon icon icon-chevron-right\"><\/span>\n                            <\/div>\n                        <\/div>\n                        <div class=\"events-carousel-block__slider swiper\" data-events-carousel-slider>\n                            <div class=\"events-carousel-block__sliderWrapper swiper-wrapper\">\n                                                                    <div class=\"events-carousel-block__sliderItem swiper-slide\"\n                                        data-id=\"43760\"\n                                        data-name=\"72. ORLEN Memoria\u0142 Janusza Kusoci\u0144skiego \u2013 Superauto.pl Stadion \u015al\u0105ski\"\n                                        data-brand=\"PZLA 100 SP\u00d3\u0141KA Z OGRANICZON\u0104 ODPOWIEDZIALNO\u015aCI\u0104\"\n                                        data-category=\"sport\"\n                                        data-subcategory=\"lekkoatletyka\"\n                                        data-city=\"Chorz\u00f3w\"\n                                        data-venue=\"Superauto.pl Stadion \u015al\u0105ski\">\n                                        \n<div class=\"card-event  card-event--size-small\">\n        <a href=\"https:\/\/www.ebilet.pl\/sport\/lekkoatletyka\/memorial-kusocinskiego\" target=\"_blank\" class=\"card-event__link\" rel=\"nofollow noopener\"><\/a>\n        <div class=\"card-event__wrapper\">\n        <div class=\"card-event__image\">\n            <img decoding=\"async\" src=\"https:\/\/www.ebilet.pl\/media\/cms\/media\/jezinktd\/ebilet_656-x-369-2-66a0debc-3666-4d5b-b7a1-11d746a356e1.webp\" alt=\"\">\n        <\/div>\n        <div class=\"card-event__data\">\n            <div class=\"card-event__name\">\n                <p>72. ORLEN Memoria\u0142 Janusza Kusoci\u0144skiego \u2013 Superauto.pl Stadion \u015al\u0105ski<\/p>\n            <\/div>\n            <div class=\"card-event__date\"><\/div>\n            <div class=\"card-event__location\">Chorz\u00f3w<\/div>\n        <\/div>\n    <\/div>\n<\/div>                                    <\/div>\n                                                            <\/div>\n                        <\/div>\n                    <\/div>\n                    <div class=\"events-carousel-block__pagination\">\n                        <div class=\"swiper-pagination slider-pagination\" data-events-carousel-pagination><\/div>\n                    <\/div>\n                <\/div>\n            <\/div>\n        <\/div>\n    <\/section>\n\n\n\n<section class=\"text-block  section-margin-32\" >\n    <div class=\"container\">\n        <div class=\"row\">\n            <div class=\"col-24\">\n                <div class=\"text-block__content\"><h2><strong>Medalowa klasyfikacja wszech czas\u00f3w<\/strong><\/h2>\n<p>Kto na ten moment prowadzi w medalowej klasyfikacji wszech czas\u00f3w na letnich Igrzyskach<br \/>\nOlimpijskich? Wi\u0119kszo\u015b\u0107 z Was zapewne wie, \u017ce pierwsze miejsce nale\u017cy do Stan\u00f3w<br \/>\nZjednoczonych. Na kt\u00f3rej lokacie plasuj\u0105 si\u0119 natomiast Polacy? Wysoko, bo w okolicach 20.<br \/>\npozycji. To chyba dobry wynik, prawda?<\/p>\n<p>Pozostaje jeszcze rzuci\u0107 okiem na klasyfikacj\u0119 indywidualn\u0105. Absolutnym liderem jest w niej<br \/>\np\u0142ywak Michael Phelps. Kojarzycie jego wyczyny? Amerykanin zdoby\u0142 a\u017c 28 kr\u0105\u017ck\u00f3w! Na ten<br \/>\ndorobek sk\u0142adaj\u0105 si\u0119 23 z\u0142ote, 3 srebrne oraz 2 br\u0105zowe medale. Jest czego pozazdro\u015bci\u0107&#8230; Cztery<br \/>\nrazy olimpijskie zmagania rozstrzyga\u0142 na swoj\u0105 korzy\u015b\u0107 nasz chodziarz \u2013 Robert Korzeniowski.<br \/>\nPolak triumfowa\u0142 w chodzie na 50 km w Atlancie i Atenach, a do tego do\u0142o\u017cy\u0142 dwa z\u0142ote medale z<br \/>\nSydney (20 i 50 km). Na szczeg\u00f3lne uznanie zas\u0142uguje te\u017c postawa Ireny Szewi\u0144skiej, kt\u00f3ra na<br \/>\narenach olimpijskich zdoby\u0142a 7 kr\u0105\u017ck\u00f3w (3 z\u0142ote, 2 srebrne i 2 br\u0105zowe).<\/p>\n<\/div>\n            <\/div>\n        <\/div>\n    <\/div>\n<\/section>\n\n\n<section class=\"events-slider-block  section-margin-32\" data-events-slider-block data-carousel-title=\"Gor\u0105ce wydarzenia\" data-carousel-type=\"karuzela_z_t\u0142em\" data-item-list-name=\"Karuzela z t\u0142em Gor\u0105ce wydarzenia\" data-item-list-id=\"karuzela_z_t\u0142em Gor\u0105ce wydarzenia\" >\n    <div class=\"container\">\n        <div class=\"row\">\n            <div class=\"col-24\">\n                <div class=\"events-slider-block__wrapper\">\n                                            <div class=\"events-slider-block__bg\"><img loading=\"lazy\" decoding=\"async\" width=\"1920\" height=\"1080\" src=\"https:\/\/www.ebilet.pl\/now\/app\/uploads\/2024\/04\/shutterstock_1308510637.jpg\" class=\"attachment-full size-full\" alt=\"Fot.\" srcset=\"https:\/\/www.ebilet.pl\/now\/app\/uploads\/2024\/04\/shutterstock_1308510637.jpg 1920w, https:\/\/www.ebilet.pl\/now\/app\/uploads\/2024\/04\/shutterstock_1308510637-1024x576.jpg 1024w, https:\/\/www.ebilet.pl\/now\/app\/uploads\/2024\/04\/shutterstock_1308510637-1536x864.jpg 1536w, https:\/\/www.ebilet.pl\/now\/app\/uploads\/2024\/04\/shutterstock_1308510637-1280x720.jpg 1280w, https:\/\/www.ebilet.pl\/now\/app\/uploads\/2024\/04\/shutterstock_1308510637-500x281.jpg 500w, https:\/\/www.ebilet.pl\/now\/app\/uploads\/2024\/04\/shutterstock_1308510637-632x356.jpg 632w, https:\/\/www.ebilet.pl\/now\/app\/uploads\/2024\/04\/shutterstock_1308510637-308x174.jpg 308w\" sizes=\"auto, (max-width: 1920px) 100vw, 1920px\" \/><\/div>\n                                                                <div class=\"events-slider-block__top\">\n                                                            <div class=\"events-slider-block__title desktop\">\n                                    <h2 class=\"typo-h2\">Gor\u0105ce wydarzenia<\/h2>\n                                <\/div>\n                                                                                        <div class=\"events-slider-block__title mobile\">\n                                    <h2 class=\"typo-h2\">Gor\u0105ce wydarzenia<\/h2>\n                                <\/div>\n                                                    <\/div>\n                                                            <div class=\"events-slider-block__main\">\n                        <div class=\"events-slider-block__nav events-slider-block__nav--prev\">\n                            <div class=\"button button--withIcon button--theme-white-blur button--size-fixed-48\" data-events-prev>\n                                <span class=\"button__icon icon icon-chevron-left\"><\/span>\n                            <\/div>\n                        <\/div>\n                        <div class=\"events-slider-block__nav events-slider-block__nav--next\">\n                            <div class=\"button button--withIcon button--theme-white-blur button--size-fixed-48\" data-events-next>\n                                <span class=\"button__icon icon icon-chevron-right\"><\/span>\n                            <\/div>\n                        <\/div>\n                        <div class=\"events-slider-block__slider\">\n                            <div class=\"swiper\" data-events-slider>\n                                <div class=\"events-slider-block__sliderWrapper swiper-wrapper\">\n                                                                    <div class=\"events-slider-block__sliderItem swiper-slide\">\n                                    \n<div class=\"card-event  card-event--size-small\">\n        <a href=\"https:\/\/www.ebilet.pl\/muzyka\/festiwale\/orange-warsaw-festival\" target=\"_blank\" class=\"card-event__link\" rel=\"nofollow noopener\"><\/a>\n        <div class=\"card-event__wrapper\">\n        <div class=\"card-event__image\">\n            <img decoding=\"async\" src=\"https:\/\/www.ebilet.pl\/media\/cms\/media\/10tfavkl\/owf27_wejs-cie_portal_552x736.webp\" alt=\"\">\n        <\/div>\n        <div class=\"card-event__data\">\n            <div class=\"card-event__name\">\n                <p>Orange Warsaw Festival 2027<\/p>\n            <\/div>\n            <div class=\"card-event__date\"><\/div>\n            <div class=\"card-event__location\"><\/div>\n        <\/div>\n    <\/div>\n<\/div>                                    <\/div>\n                                                                    <div class=\"events-slider-block__sliderItem swiper-slide\">\n                                    \n<div class=\"card-event  card-event--size-small\">\n        <a href=\"https:\/\/www.ebilet.pl\/teatr\/musicale\/wielki-gatsby\" target=\"_blank\" class=\"card-event__link\" rel=\"nofollow noopener\"><\/a>\n        <div class=\"card-event__wrapper\">\n        <div class=\"card-event__image\">\n            <img decoding=\"async\" src=\"https:\/\/www.ebilet.pl\/media\/cms\/media\/5eihaojx\/552x736-c1222f1c-09f0-4f58-a3ca-98b5badf4b8b.webp\" alt=\"\">\n        <\/div>\n        <div class=\"card-event__data\">\n            <div class=\"card-event__name\">\n                <p>Wielki Gatsby<\/p>\n            <\/div>\n            <div class=\"card-event__date\"><\/div>\n            <div class=\"card-event__location\"><\/div>\n        <\/div>\n    <\/div>\n<\/div>                                    <\/div>\n                                                                    <div class=\"events-slider-block__sliderItem swiper-slide\">\n                                    \n<div class=\"card-event  card-event--size-small\">\n        <a href=\"https:\/\/www.ebilet.pl\/muzyka\/rock\/fontaines-dc\" target=\"_blank\" class=\"card-event__link\" rel=\"nofollow noopener\"><\/a>\n        <div class=\"card-event__wrapper\">\n        <div class=\"card-event__image\">\n            <img decoding=\"async\" src=\"https:\/\/www.ebilet.pl\/media\/cms\/media\/ovge4bna\/fontaines_dc_portal_552x736.webp\" alt=\"\">\n        <\/div>\n        <div class=\"card-event__data\">\n            <div class=\"card-event__name\">\n                <p>Fontaines D.C. EU TOUR 2026<\/p>\n            <\/div>\n            <div class=\"card-event__date\">31.10.2026-31.10.2026<\/div>\n            <div class=\"card-event__location\">\u0141\u00f3d\u017a<\/div>\n        <\/div>\n    <\/div>\n<\/div>                                    <\/div>\n                                                                    <div class=\"events-slider-block__sliderItem swiper-slide\">\n                                    \n<div class=\"card-event  card-event--size-small\">\n        <a href=\"https:\/\/www.ebilet.pl\/klasyka\/koncert\/abba-i-queen\" target=\"_blank\" class=\"card-event__link\" rel=\"nofollow noopener\"><\/a>\n        <div class=\"card-event__wrapper\">\n        <div class=\"card-event__image\">\n            <img decoding=\"async\" src=\"https:\/\/www.ebilet.pl\/media\/cms\/media\/1tylc0t3\/552-x-736-px-48059906-b212-4424-9dc4-2bffbf3da3bc.webp\" alt=\"\">\n        <\/div>\n        <div class=\"card-event__data\">\n            <div class=\"card-event__name\">\n                <p>The Best of QUEEN &#038; ABBA: Koncert przy \u015bwiecach<\/p>\n            <\/div>\n            <div class=\"card-event__date\">10.10.2026-10.10.2026<\/div>\n            <div class=\"card-event__location\">Katowice<\/div>\n        <\/div>\n    <\/div>\n<\/div>                                    <\/div>\n                                                                    <div class=\"events-slider-block__sliderItem swiper-slide\">\n                                    \n<div class=\"card-event  card-event--size-small\">\n        <a href=\"https:\/\/www.ebilet.pl\/muzyka\/pop\/tatiana-okupnik-kameralnie\" target=\"_blank\" class=\"card-event__link\" rel=\"nofollow noopener\"><\/a>\n        <div class=\"card-event__wrapper\">\n        <div class=\"card-event__image\">\n            <img decoding=\"async\" src=\"https:\/\/www.ebilet.pl\/media\/cms\/media\/htvmqfca\/to_552x736.webp\" alt=\"\">\n        <\/div>\n        <div class=\"card-event__data\">\n            <div class=\"card-event__name\">\n                <p>Tatiana Okupnik kameralnie<\/p>\n            <\/div>\n            <div class=\"card-event__date\">13.09.2026-13.09.2026<\/div>\n            <div class=\"card-event__location\">Warszawa<\/div>\n        <\/div>\n    <\/div>\n<\/div>                                    <\/div>\n                                                                    <div class=\"events-slider-block__sliderItem swiper-slide\">\n                                    \n<div class=\"card-event  card-event--size-small\">\n        <a href=\"https:\/\/www.ebilet.pl\/klasyka\/koncert\/ballady-rockowe-przy-swiecach-polskie-legendy\" target=\"_blank\" class=\"card-event__link\" rel=\"nofollow noopener\"><\/a>\n        <div class=\"card-event__wrapper\">\n        <div class=\"card-event__image\">\n            <img decoding=\"async\" src=\"https:\/\/www.ebilet.pl\/media\/cms\/media\/xjlborh2\/552x736-717deac0-a4da-43ab-8588-663117903cf5.webp\" alt=\"\">\n        <\/div>\n        <div class=\"card-event__data\">\n            <div class=\"card-event__name\">\n                <p>Ballady Rockowe przy \u015awiecach: Polskie Legendy<\/p>\n            <\/div>\n            <div class=\"card-event__date\">14.11.2026-14.11.2026<\/div>\n            <div class=\"card-event__location\">Bydgoszcz, Lublin, Olsztyn i inne<\/div>\n        <\/div>\n    <\/div>\n<\/div>                                    <\/div>\n                                                                    <div class=\"events-slider-block__sliderItem swiper-slide\">\n                                    \n<div class=\"card-event  card-event--size-small\">\n        <a href=\"https:\/\/www.ebilet.pl\/muzyka\/pop\/byles-i-badz\" target=\"_blank\" class=\"card-event__link\" rel=\"nofollow noopener\"><\/a>\n        <div class=\"card-event__wrapper\">\n        <div class=\"card-event__image\">\n            <img decoding=\"async\" src=\"https:\/\/www.ebilet.pl\/media\/cms\/media\/b5vjuut4\/zauchafest26_301126_552-x-736-ab99088d-b544-4a0f-8625-8133d4fbb99a.webp\" alt=\"\">\n        <\/div>\n        <div class=\"card-event__data\">\n            <div class=\"card-event__name\">\n                <p>By\u0142e\u015b i B\u0105d\u017a! &#8211; Zaucha Fest Igo, Renata Przemyk, Andrzej D\u0105browski, Hanka W\u00f3jciak, Jasiek Piwowarczyk, Sandra Mika<\/p>\n            <\/div>\n            <div class=\"card-event__date\">30.11.2026-30.11.2026<\/div>\n            <div class=\"card-event__location\">Krak\u00f3w<\/div>\n        <\/div>\n    <\/div>\n<\/div>                                    <\/div>\n                                                                    <div class=\"events-slider-block__sliderItem swiper-slide\">\n                                    \n<div class=\"card-event  card-event--size-small\">\n        <a href=\"https:\/\/www.ebilet.pl\/biznes\/wystawa\/wieslaw-walkuski-plakat-i-malarstwo\" target=\"_blank\" class=\"card-event__link\" rel=\"nofollow noopener\"><\/a>\n        <div class=\"card-event__wrapper\">\n        <div class=\"card-event__image\">\n            <img decoding=\"async\" src=\"https:\/\/www.ebilet.pl\/media\/cms\/media\/5onnpk31\/wieslaw_walkuski_plakat_i_malarstwo_552x736px_ebilet-a33f3e18-fba0-4b41-97da-118b61fe6db2.webp\" alt=\"\">\n        <\/div>\n        <div class=\"card-event__data\">\n            <div class=\"card-event__name\">\n                <p>WIES\u0141AW WA\u0141KUSKI. Plakat i Malarstwo<\/p>\n            <\/div>\n            <div class=\"card-event__date\">05.09.2026-05.09.2026<\/div>\n            <div class=\"card-event__location\">Warszawa<\/div>\n        <\/div>\n    <\/div>\n<\/div>                                    <\/div>\n                                                                    <div class=\"events-slider-block__sliderItem swiper-slide\">\n                                    \n<div class=\"card-event  card-event--size-small\">\n        <a href=\"https:\/\/www.ebilet.pl\/muzyka\/rock\/michael-schenker-group\" target=\"_blank\" class=\"card-event__link\" rel=\"nofollow noopener\"><\/a>\n        <div class=\"card-event__wrapper\">\n        <div class=\"card-event__image\">\n            <img decoding=\"async\" src=\"https:\/\/www.ebilet.pl\/media\/cms\/media\/fgqlazwg\/michael-schenker-group-ebilet-strona-wydarzenia-pion-wspo-lne-81be7980-19a0-412d-bc1a-fa4e51bc2d46.webp\" alt=\"\">\n        <\/div>\n        <div class=\"card-event__data\">\n            <div class=\"card-event__name\">\n                <p>Michael Schenker<\/p>\n            <\/div>\n            <div class=\"card-event__date\">23.03.2027-23.03.2027<\/div>\n            <div class=\"card-event__location\">Krak\u00f3w, Pozna\u0144<\/div>\n        <\/div>\n    <\/div>\n<\/div>                                    <\/div>\n                                                                    <div class=\"events-slider-block__sliderItem swiper-slide\">\n                                    \n<div class=\"card-event  card-event--size-small\">\n        <a href=\"https:\/\/www.ebilet.pl\/muzyka\/pop\/varius-manx-kasia-stankiewicz\" target=\"_blank\" class=\"card-event__link\" rel=\"nofollow noopener\"><\/a>\n        <div class=\"card-event__wrapper\">\n        <div class=\"card-event__image\">\n            <img decoding=\"async\" src=\"https:\/\/www.ebilet.pl\/media\/cms\/media\/njbkliaj\/ebilet-552x736-varius-9b90b59c-ec5c-476c-a4fc-49575953d8d9.webp\" alt=\"\">\n        <\/div>\n        <div class=\"card-event__data\">\n            <div class=\"card-event__name\">\n                <p>SUPER EGO TOUR Varius Manx &#038; Kasia Stankiewicz<\/p>\n            <\/div>\n            <div class=\"card-event__date\">07.03.2027-07.03.2027<\/div>\n            <div class=\"card-event__location\">Bielsko-Bia\u0142a, Jasionka<\/div>\n        <\/div>\n    <\/div>\n<\/div>                                    <\/div>\n                                                                    <div class=\"events-slider-block__sliderItem swiper-slide\">\n                                    \n<div class=\"card-event  card-event--size-small\">\n        <a href=\"https:\/\/www.ebilet.pl\/muzyka\/pop\/erykah-badu\" target=\"_blank\" class=\"card-event__link\" rel=\"nofollow noopener\"><\/a>\n        <div class=\"card-event__wrapper\">\n        <div class=\"card-event__image\">\n            <img decoding=\"async\" src=\"https:\/\/www.ebilet.pl\/media\/cms\/media\/veqnjqea\/badu-600x850-copy-c5e961a0-d819-4800-89af-2f9968352870.webp\" alt=\"\">\n        <\/div>\n        <div class=\"card-event__data\">\n            <div class=\"card-event__name\">\n                <p>Erykah Badu &#8211; IMEHO<\/p>\n            <\/div>\n            <div class=\"card-event__date\">25.10.2026-25.10.2026<\/div>\n            <div class=\"card-event__location\">Katowice<\/div>\n        <\/div>\n    <\/div>\n<\/div>                                    <\/div>\n                                                                    <div class=\"events-slider-block__sliderItem swiper-slide\">\n                                    \n<div class=\"card-event  card-event--size-small\">\n        <a href=\"https:\/\/www.ebilet.pl\/muzyka\/jazz-blues\/koncert-swiateczny-w-blasku-swiec\" target=\"_blank\" class=\"card-event__link\" rel=\"nofollow noopener\"><\/a>\n        <div class=\"card-event__wrapper\">\n        <div class=\"card-event__image\">\n            <img decoding=\"async\" src=\"https:\/\/www.ebilet.pl\/media\/cms\/media\/034dlcyu\/plakat-koncertu-_wi_tecznego-06122026-0812003f-a700-42a4-8e50-715dce5c12a3.webp\" alt=\"\">\n        <\/div>\n        <div class=\"card-event__data\">\n            <div class=\"card-event__name\">\n                <p>Koncert \u015awi\u0105teczny w Blasku \u015awiec<\/p>\n            <\/div>\n            <div class=\"card-event__date\">06.12.2026-06.12.2026<\/div>\n            <div class=\"card-event__location\">\u0141\u00f3d\u017a<\/div>\n        <\/div>\n    <\/div>\n<\/div>                                    <\/div>\n                                                                    <div class=\"events-slider-block__sliderItem swiper-slide\">\n                                    \n<div class=\"card-event  card-event--size-small\">\n        <a href=\"https:\/\/www.ebilet.pl\/muzyka\/pop\/zimmer90\" target=\"_blank\" class=\"card-event__link\" rel=\"nofollow noopener\"><\/a>\n        <div class=\"card-event__wrapper\">\n        <div class=\"card-event__image\">\n            <img decoding=\"async\" src=\"https:\/\/www.ebilet.pl\/media\/cms\/media\/vbdgxs1d\/z90_552x736-9b9706c7-ee0a-4875-8249-c668de262eb9.webp\" alt=\"\">\n        <\/div>\n        <div class=\"card-event__data\">\n            <div class=\"card-event__name\">\n                <p>Zimmer90<\/p>\n            <\/div>\n            <div class=\"card-event__date\">05.11.2026-05.11.2026<\/div>\n            <div class=\"card-event__location\">Warszawa<\/div>\n        <\/div>\n    <\/div>\n<\/div>                                    <\/div>\n                                                                    <div class=\"events-slider-block__sliderItem swiper-slide\">\n                                    \n<div class=\"card-event  card-event--size-small\">\n        <a href=\"https:\/\/www.ebilet.pl\/muzyka\/hard-heavy\/fck-im-hard\" target=\"_blank\" class=\"card-event__link\" rel=\"nofollow noopener\"><\/a>\n        <div class=\"card-event__wrapper\">\n        <div class=\"card-event__image\">\n            <img decoding=\"async\" src=\"https:\/\/www.ebilet.pl\/media\/cms\/media\/pi1f2mrb\/2.webp\" alt=\"\">\n        <\/div>\n        <div class=\"card-event__data\">\n            <div class=\"card-event__name\">\n                <p>Fck Im Hard Vol. 2<\/p>\n            <\/div>\n            <div class=\"card-event__date\">10.10.2026-10.10.2026<\/div>\n            <div class=\"card-event__location\">Wroc\u0142aw<\/div>\n        <\/div>\n    <\/div>\n<\/div>                                    <\/div>\n                                                                    <div class=\"events-slider-block__sliderItem swiper-slide\">\n                                    \n<div class=\"card-event  card-event--size-small\">\n        <a href=\"https:\/\/www.ebilet.pl\/sport\/sporty-druzynowe\/koszykowka-mecz\" target=\"_blank\" class=\"card-event__link\" rel=\"nofollow noopener\"><\/a>\n        <div class=\"card-event__wrapper\">\n        <div class=\"card-event__image\">\n            <img decoding=\"async\" src=\"https:\/\/www.ebilet.pl\/media\/cms\/media\/hoxono4g\/podstawowe_portal-98225706-f40f-4253-9b63-9f6c375fb13f.webp\" alt=\"\">\n        <\/div>\n        <div class=\"card-event__data\">\n            <div class=\"card-event__name\">\n                <p>Kwalifikacje do Mistrzostw \u015awiata w koszyk\u00f3wce m\u0119\u017cczyzn 2027: Polska \u2013 Chorwacja<\/p>\n            <\/div>\n            <div class=\"card-event__date\">27.11.2026-27.11.2026<\/div>\n            <div class=\"card-event__location\">Gliwice<\/div>\n        <\/div>\n    <\/div>\n<\/div>                                    <\/div>\n                                                                <\/div>\n                            <\/div>\n                        <\/div>\n                        <div class=\"events-slider-block__events swiper\" data-events-events-descriptions>\n                            <div class=\"events-slider-block__eventsWrapper swiper-wrapper\">\n                                                            <div class=\"events-slider-block__eventsItem swiper-slide\">\n                                    <a href=\"https:\/\/www.ebilet.pl\/muzyka\/festiwale\/orange-warsaw-festival\" target=\"_blank\" class=\"events-slider-block__eventsName\">\n                                        <p>Orange Warsaw Festival 2027<\/p>\n                                    <\/a>\n                                    <div class=\"events-slider-block__eventsDate\">\n                                                                            <\/div>\n                                    <div class=\"events-slider-block__eventsLocation\"><\/div>\n                                <\/div>\n                                                            <div class=\"events-slider-block__eventsItem swiper-slide\">\n                                    <a href=\"https:\/\/www.ebilet.pl\/teatr\/musicale\/wielki-gatsby\" target=\"_blank\" class=\"events-slider-block__eventsName\">\n                                        <p>Wielki Gatsby<\/p>\n                                    <\/a>\n                                    <div class=\"events-slider-block__eventsDate\">\n                                                                            <\/div>\n                                    <div class=\"events-slider-block__eventsLocation\"><\/div>\n                                <\/div>\n                                                            <div class=\"events-slider-block__eventsItem swiper-slide\">\n                                    <a href=\"https:\/\/www.ebilet.pl\/muzyka\/rock\/fontaines-dc\" target=\"_blank\" class=\"events-slider-block__eventsName\">\n                                        <p>Fontaines D.C. EU TOUR 2026<\/p>\n                                    <\/a>\n                                    <div class=\"events-slider-block__eventsDate\">\n                                        31.10.2026-31.10.2026                                    <\/div>\n                                    <div class=\"events-slider-block__eventsLocation\">\u0141\u00f3d\u017a<\/div>\n                                <\/div>\n                                                            <div class=\"events-slider-block__eventsItem swiper-slide\">\n                                    <a href=\"https:\/\/www.ebilet.pl\/klasyka\/koncert\/abba-i-queen\" target=\"_blank\" class=\"events-slider-block__eventsName\">\n                                        <p>The Best of QUEEN &amp; ABBA: Koncert przy \u015bwiecach<\/p>\n                                    <\/a>\n                                    <div class=\"events-slider-block__eventsDate\">\n                                        10.10.2026-10.10.2026                                    <\/div>\n                                    <div class=\"events-slider-block__eventsLocation\">Katowice<\/div>\n                                <\/div>\n                                                            <div class=\"events-slider-block__eventsItem swiper-slide\">\n                                    <a href=\"https:\/\/www.ebilet.pl\/muzyka\/pop\/tatiana-okupnik-kameralnie\" target=\"_blank\" class=\"events-slider-block__eventsName\">\n                                        <p>Tatiana Okupnik kameralnie<\/p>\n                                    <\/a>\n                                    <div class=\"events-slider-block__eventsDate\">\n                                        13.09.2026-13.09.2026                                    <\/div>\n                                    <div class=\"events-slider-block__eventsLocation\">Warszawa<\/div>\n                                <\/div>\n                                                            <div class=\"events-slider-block__eventsItem swiper-slide\">\n                                    <a href=\"https:\/\/www.ebilet.pl\/klasyka\/koncert\/ballady-rockowe-przy-swiecach-polskie-legendy\" target=\"_blank\" class=\"events-slider-block__eventsName\">\n                                        <p>Ballady Rockowe przy \u015awiecach: Polskie Legendy<\/p>\n                                    <\/a>\n                                    <div class=\"events-slider-block__eventsDate\">\n                                        14.11.2026-30.11.2026                                    <\/div>\n                                    <div class=\"events-slider-block__eventsLocation\">Bydgoszcz, Lublin, Olsztyn i inne<\/div>\n                                <\/div>\n                                                            <div class=\"events-slider-block__eventsItem swiper-slide\">\n                                    <a href=\"https:\/\/www.ebilet.pl\/muzyka\/pop\/byles-i-badz\" target=\"_blank\" class=\"events-slider-block__eventsName\">\n                                        <p>By\u0142e\u015b i B\u0105d\u017a! &#8211; Zaucha Fest Igo, Renata Przemyk, Andrzej D\u0105browski, Hanka W\u00f3jciak, Jasiek Piwowarczyk, Sandra Mika<\/p>\n                                    <\/a>\n                                    <div class=\"events-slider-block__eventsDate\">\n                                        30.11.2026-30.11.2026                                    <\/div>\n                                    <div class=\"events-slider-block__eventsLocation\">Krak\u00f3w<\/div>\n                                <\/div>\n                                                            <div class=\"events-slider-block__eventsItem swiper-slide\">\n                                    <a href=\"https:\/\/www.ebilet.pl\/biznes\/wystawa\/wieslaw-walkuski-plakat-i-malarstwo\" target=\"_blank\" class=\"events-slider-block__eventsName\">\n                                        <p>WIES\u0141AW WA\u0141KUSKI. Plakat i Malarstwo<\/p>\n                                    <\/a>\n                                    <div class=\"events-slider-block__eventsDate\">\n                                        05.09.2026-29.11.2026                                    <\/div>\n                                    <div class=\"events-slider-block__eventsLocation\">Warszawa<\/div>\n                                <\/div>\n                                                            <div class=\"events-slider-block__eventsItem swiper-slide\">\n                                    <a href=\"https:\/\/www.ebilet.pl\/muzyka\/rock\/michael-schenker-group\" target=\"_blank\" class=\"events-slider-block__eventsName\">\n                                        <p>Michael Schenker<\/p>\n                                    <\/a>\n                                    <div class=\"events-slider-block__eventsDate\">\n                                        23.03.2027-24.03.2027                                    <\/div>\n                                    <div class=\"events-slider-block__eventsLocation\">Krak\u00f3w, Pozna\u0144<\/div>\n                                <\/div>\n                                                            <div class=\"events-slider-block__eventsItem swiper-slide\">\n                                    <a href=\"https:\/\/www.ebilet.pl\/muzyka\/pop\/varius-manx-kasia-stankiewicz\" target=\"_blank\" class=\"events-slider-block__eventsName\">\n                                        <p>SUPER EGO TOUR Varius Manx &amp; Kasia Stankiewicz<\/p>\n                                    <\/a>\n                                    <div class=\"events-slider-block__eventsDate\">\n                                        07.03.2027-08.03.2027                                    <\/div>\n                                    <div class=\"events-slider-block__eventsLocation\">Bielsko-Bia\u0142a, Jasionka<\/div>\n                                <\/div>\n                                                            <div class=\"events-slider-block__eventsItem swiper-slide\">\n                                    <a href=\"https:\/\/www.ebilet.pl\/muzyka\/pop\/erykah-badu\" target=\"_blank\" class=\"events-slider-block__eventsName\">\n                                        <p>Erykah Badu &#8211; IMEHO<\/p>\n                                    <\/a>\n                                    <div class=\"events-slider-block__eventsDate\">\n                                        25.10.2026-25.10.2026                                    <\/div>\n                                    <div class=\"events-slider-block__eventsLocation\">Katowice<\/div>\n                                <\/div>\n                                                            <div class=\"events-slider-block__eventsItem swiper-slide\">\n                                    <a href=\"https:\/\/www.ebilet.pl\/muzyka\/jazz-blues\/koncert-swiateczny-w-blasku-swiec\" target=\"_blank\" class=\"events-slider-block__eventsName\">\n                                        <p>Koncert \u015awi\u0105teczny w Blasku \u015awiec<\/p>\n                                    <\/a>\n                                    <div class=\"events-slider-block__eventsDate\">\n                                        06.12.2026-06.12.2026                                    <\/div>\n                                    <div class=\"events-slider-block__eventsLocation\">\u0141\u00f3d\u017a<\/div>\n                                <\/div>\n                                                            <div class=\"events-slider-block__eventsItem swiper-slide\">\n                                    <a href=\"https:\/\/www.ebilet.pl\/muzyka\/pop\/zimmer90\" target=\"_blank\" class=\"events-slider-block__eventsName\">\n                                        <p>Zimmer90<\/p>\n                                    <\/a>\n                                    <div class=\"events-slider-block__eventsDate\">\n                                        05.11.2026-05.11.2026                                    <\/div>\n                                    <div class=\"events-slider-block__eventsLocation\">Warszawa<\/div>\n                                <\/div>\n                                                            <div class=\"events-slider-block__eventsItem swiper-slide\">\n                                    <a href=\"https:\/\/www.ebilet.pl\/muzyka\/hard-heavy\/fck-im-hard\" target=\"_blank\" class=\"events-slider-block__eventsName\">\n                                        <p>Fck Im Hard Vol. 2<\/p>\n                                    <\/a>\n                                    <div class=\"events-slider-block__eventsDate\">\n                                        10.10.2026-10.10.2026                                    <\/div>\n                                    <div class=\"events-slider-block__eventsLocation\">Wroc\u0142aw<\/div>\n                                <\/div>\n                                                            <div class=\"events-slider-block__eventsItem swiper-slide\">\n                                    <a href=\"https:\/\/www.ebilet.pl\/sport\/sporty-druzynowe\/koszykowka-mecz\" target=\"_blank\" class=\"events-slider-block__eventsName\">\n                                        <p>Kwalifikacje do Mistrzostw \u015awiata w koszyk\u00f3wce m\u0119\u017cczyzn 2027: Polska \u2013 Chorwacja<\/p>\n                                    <\/a>\n                                    <div class=\"events-slider-block__eventsDate\">\n                                        27.11.2026-27.11.2026                                    <\/div>\n                                    <div class=\"events-slider-block__eventsLocation\">Gliwice<\/div>\n                                <\/div>\n                                                        <\/div>\n                        <\/div>\n                        <div class=\"events-slider-block__pagination\">\n                            <div class=\"swiper-pagination slider-pagination slider-pagination--theme-white\" data-events-slider-pagination><\/div>\n                        <\/div>\n                    <\/div>\n                                        <div class=\"events-slider-block__bottom\">\n                                                                                <div class=\"events-slider-block__link desktop\">\n                                    <a\n                                        class=\"button button--size-small button--theme-primary-yellow button--withIconLeft\"\n                                        href=\"https:\/\/www.ebilet.pl\/\">\n                                                                                    <div class=\"button__icon\"><img loading=\"lazy\" decoding=\"async\" width=\"30\" height=\"30\" src=\"https:\/\/www.ebilet.pl\/now\/app\/uploads\/2024\/01\/ticket-cinema-entertainment-coupon-discount-sale_30px.png\" class=\"attachment-full size-full\" alt=\"\" \/><\/div>\n                                                                                <p class=\"button__text typo-18\">Kup na eBilet.pl<\/p>\n                                    <\/a>\n                                <\/div>\n                                                                                <div class=\"events-slider-block__link mobile\">\n                                    <a\n                                        class=\"button button--size-small button--theme-primary-yellow button--withIconLeft\"\n                                        href=\"https:\/\/www.ebilet.pl\/\">\n                                                                                    <div class=\"button__icon\"><img loading=\"lazy\" decoding=\"async\" width=\"30\" height=\"30\" src=\"https:\/\/www.ebilet.pl\/now\/app\/uploads\/2024\/01\/ticket-cinema-entertainment-coupon-discount-sale_30px.png\" class=\"attachment-full size-full\" alt=\"\" \/><\/div>\n                                                                                <p class=\"button__text typo-18\">Kup na eBilet.pl<\/p>\n                                    <\/a>\n                                <\/div>\n                                            <\/div>\n                <\/div>\n            <\/div>\n        <\/div>\n    <\/div>\n<\/section>","protected":false},"excerpt":{"rendered":"<p>Jeste\u015bcie wielkimi mi\u0142o\u015bnikami letnich Igrzysk Olimpijskich? Te\u017c nie mo\u017cecie si\u0119 doczeka\u0107, a\u017c<br \/>\nsportowcy wezm\u0105 udzia\u0142 w tych najwa\u017cniejszych mi\u0119dzynarodowych zmaganiach i powalcz\u0105 o<br \/>\nmedale dla swoich reprezentacji? Szkoda, \u017ce zawody odbywaj\u0105 si\u0119 jedynie raz na 4 lata, prawda?<br \/>\nDodaje im to jednak presti\u017cu i charakteru. Pocieszaj\u0105ce jest te\u017c to, \u017ce mo\u017cecie kibicowa\u0107 swoim<br \/>\nulubionym sportowcom na zimowych IO. Czy wiecie od kiedy organizowana jest letnia<br \/>\nrywalizacja? Kojarzycie w og\u00f3le co\u015b takiego, jak staro\u017cytne i nowo\u017cytne Igrzyska Olimpijskie?<br \/>\nJe\u015bli nie, poznacie teraz histori\u0119 IO od staro\u017cytno\u015bci a\u017c do dzisiejszych czas\u00f3w. Gotowi?<\/p>\n","protected":false},"author":7,"featured_media":14979,"comment_status":"open","ping_status":"open","sticky":false,"template":"page-templates\/article-default.php","format":"standard","meta":{"_acf_changed":false,"footnotes":""},"article_tag":[88,257,79],"article_type":[559],"class_list":["post-14969","post","type-post","status-publish","format-standard","has-post-thumbnail","hentry","article_tag-ciekawostki","article_tag-igrzyska-olimpijskie","article_tag-sport","article_type-sport"],"acf":[],"_links":{"self":[{"href":"https:\/\/www.ebilet.pl\/now\/wp-json\/wp\/v2\/posts\/14969","targetHints":{"allow":["GET"]}}],"collection":[{"href":"https:\/\/www.ebilet.pl\/now\/wp-json\/wp\/v2\/posts"}],"about":[{"href":"https:\/\/www.ebilet.pl\/now\/wp-json\/wp\/v2\/types\/post"}],"author":[{"embeddable":true,"href":"https:\/\/www.ebilet.pl\/now\/wp-json\/wp\/v2\/users\/7"}],"replies":[{"embeddable":true,"href":"https:\/\/www.ebilet.pl\/now\/wp-json\/wp\/v2\/comments?post=14969"}],"version-history":[{"count":3,"href":"https:\/\/www.ebilet.pl\/now\/wp-json\/wp\/v2\/posts\/14969\/revisions"}],"predecessor-version":[{"id":29009,"href":"https:\/\/www.ebilet.pl\/now\/wp-json\/wp\/v2\/posts\/14969\/revisions\/29009"}],"wp:featuredmedia":[{"embeddable":true,"href":"https:\/\/www.ebilet.pl\/now\/wp-json\/wp\/v2\/media\/14979"}],"wp:attachment":[{"href":"https:\/\/www.ebilet.pl\/now\/wp-json\/wp\/v2\/media?parent=14969"}],"wp:term":[{"taxonomy":"article_tag","embeddable":true,"href":"https:\/\/www.ebilet.pl\/now\/wp-json\/wp\/v2\/article_tag?post=14969"},{"taxonomy":"article_type","embeddable":true,"href":"https:\/\/www.ebilet.pl\/now\/wp-json\/wp\/v2\/article_type?post=14969"}],"curies":[{"name":"wp","href":"https:\/\/api.w.org\/{rel}","templated":true}]}}