{"id":1118,"date":"2024-01-23T10:39:17","date_gmt":"2024-01-23T10:39:17","guid":{"rendered":"https:\/\/ebilet.mda.pl\/?p=1118"},"modified":"2025-09-22T08:58:54","modified_gmt":"2025-09-22T07:58:54","slug":"adaptacje-literackie-na-scenie-teatralnej-sukcesy-i-porazki","status":"publish","type":"post","link":"https:\/\/www.ebilet.pl\/now\/adaptacje-literackie-na-scenie-teatralnej-sukcesy-i-porazki\/","title":{"rendered":"Adaptacje literackie na scenie teatralnej: sukcesy i pora\u017cki"},"content":{"rendered":"\n<section class=\"text-block  section-margin-32\" >\n    <div class=\"container\">\n        <div class=\"row\">\n            <div class=\"col-24\">\n                <div class=\"text-block__content\"><h2><span style=\"font-weight: 400;\">Najlepsze adaptacje literackie na scenie teatralnej<\/span><\/h2>\n<p><span style=\"font-weight: 400;\">Zar\u00f3wno wsp\u00f3\u0142czesne, jak i nieco starsze dzie\u0142a, daj\u0105 nam wiele mo\u017cliwo\u015bci do tworzenia adaptacji teatralnych. Propozycje, kt\u00f3re znajdziesz poni\u017cej, odnios\u0142y nie lada sukces, zachwycaj\u0105c widz\u00f3w oraz krytyk\u00f3w.<\/span><\/p>\n<h3><span style=\"font-weight: 400;\">\u201eKsi\u0119gi Jakubowe\u201d w Teatrze Narodowym w Warszawie<\/span><\/h3>\n<p><b>\u201eKsi\u0119gi Jakubowe\u201d napisa\u0142a laureatka nagrody Nobla, Olga Tokarczuk. <\/b><span style=\"font-weight: 400;\">Powie\u015b\u0107 przez d\u0142ugi czas utrzymywa\u0142a si\u0119 na li\u015bcie bestseller\u00f3w, a\u017c w ko\u0144cu trafi\u0142a na deski Teatru Narodowego w Warszawie. Opowiada ona o m\u0142odym \u017bydzie, kt\u00f3ry tworzy w\u0142asn\u0105 sekt\u0119, religi\u0119. Akcja toczy si\u0119 w XVIII wieku.\u00a0<\/span><\/p>\n<p><span style=\"font-weight: 400;\">A sam spektakl? Wed\u0142ug krytyk\u00f3w <\/span><b>ogl\u0105da si\u0119 go jak film panoramiczny. <\/b><span style=\"font-weight: 400;\">Nostalgiczno-\u017ca\u0142obny nastr\u00f3j udziela si\u0119 wszystkim. <\/span><b>Do tego dochodz\u0105 \u015bwietni aktorzy, gra \u015bwiat\u0142em, scenografia, kostiumy i wykorzystanie wszystkich dost\u0119pnych \u015brodk\u00f3w teatralnych. <\/b><span style=\"font-weight: 400;\">Wiele niedopowiedze\u0144, ukrytych przestrzeni, otwieranych tylko kawal\u0105tek sprawiaj\u0105, \u017ce sztuka jest jeszcze ciekawsza.\u00a0<\/span><\/p>\n<\/div>\n            <\/div>\n        <\/div>\n    <\/div>\n<\/section>\n\n\n<section class=\"tickets-slider  section-margin-32\"\n    data-tickets-slider\n    data-item-list-name=\"Karuzela z buttonami\"\n    data-item-list-id=\"karuzela_z_buttonami\"\n    >\n    <div class=\"container\">\n        <div class=\"row\">\n            <div class=\"col-24\">\n                <div class=\"tickets-slider__main\">\n                    <div class=\"tickets-slider__nav tickets-slider__nav--prev\">\n                        <div class=\"button button--withIcon button--theme-white-blur button--size-fixed-48\" data-tickets-slider-prev>\n                            <span class=\"button__icon icon icon-chevron-left\"><\/span>\n                        <\/div>\n                    <\/div>\n                    <div class=\"tickets-slider__nav tickets-slider__nav--next\">\n                        <div class=\"button button--withIcon button--theme-white-blur button--size-fixed-48\" data-tickets-slider-next>\n                            <span class=\"button__icon icon icon-chevron-right\"><\/span>\n                        <\/div>\n                    <\/div>\n                    <div class=\"tickets-slider__slider swiper\" data-tickets-slider-slider>\n                        <div class=\"tickets-slider__sliderWrapper swiper-wrapper\">\n                                                            <div class=\"tickets-slider__sliderItem swiper-slide\"\n                                    data-id=\"101157\"\n                                    data-name=\"Prezent urodzinowy\"\n                                    data-brand=\"Teatr Capitol\"\n                                    data-category=\"teatr\"\n                                    data-subcategory=\"komedia\"\n                                    data-city=\"\u0141\u00f3d\u017a, Pozna\u0144, Warszawa\"\n                                    data-venue=\"Teatr Capitol w Warszawie\">\n                                    <div class=\"tickets-slider__sliderCard\">\n                                        \n<div class=\"card-ticket\">\n        <div class=\"card-ticket__image\">\n        <a href=\"https:\/\/www.ebilet.pl\/teatr\/komedia\/prezent-urodzinowy-spektakl\">\n            <img decoding=\"async\" src=\"https:\/\/www.ebilet.pl\/media\/cms\/media\/rgjpyqfx\/prezent_552x736.webp\" alt=\"Plakat wydarzenia\" \/>\n        <\/a>\n    <\/div>\n             \n    <div class=\"card-ticket__link\">\n        <a href=\"https:\/\/www.ebilet.pl\/teatr\/komedia\/prezent-urodzinowy-spektakl\" class=\"button button--theme-primary-yellow button--withIconLeft button--size-small\">\n            <span class=\"button__icon icon icon-ticket\"><\/span>\n            <p class=\"button__text typo-16 f-600\">Kup bilet<\/p>\n        <\/a>\n    <\/div>\n    <\/div>                                    <\/div>\n                                <\/div>\n                                                            <div class=\"tickets-slider__sliderItem swiper-slide\"\n                                    data-id=\"117690\"\n                                    data-name=\"SIX\"\n                                    data-brand=\"Teatr Syrena\"\n                                    data-category=\"teatr\"\n                                    data-subcategory=\"musicale\"\n                                    data-city=\"Warszawa\"\n                                    data-venue=\"Teatr Syrena w Warszawie\">\n                                    <div class=\"tickets-slider__sliderCard\">\n                                        \n<div class=\"card-ticket\">\n        <div class=\"card-ticket__image\">\n        <a href=\"https:\/\/www.ebilet.pl\/teatr\/musicale\/six\">\n            <img decoding=\"async\" src=\"https:\/\/www.ebilet.pl\/media\/cms\/media\/mgbntumn\/six-552x736-1-8245f98e-00ce-4850-bc6f-d6869745856e.webp\" alt=\"Plakat wydarzenia\" \/>\n        <\/a>\n    <\/div>\n             \n    <div class=\"card-ticket__link\">\n        <a href=\"https:\/\/www.ebilet.pl\/teatr\/musicale\/six\" class=\"button button--theme-primary-yellow button--withIconLeft button--size-small\">\n            <span class=\"button__icon icon icon-ticket\"><\/span>\n            <p class=\"button__text typo-16 f-600\">Kup bilet<\/p>\n        <\/a>\n    <\/div>\n    <\/div>                                    <\/div>\n                                <\/div>\n                                                            <div class=\"tickets-slider__sliderItem swiper-slide\"\n                                    data-id=\"15829\"\n                                    data-name=\"Pikantni\"\n                                    data-brand=\"Adria Art\"\n                                    data-category=\"teatr\"\n                                    data-subcategory=\"komedia\"\n                                    data-city=\"Bydgoszcz, Warszawa, Wroc\u0142aw\"\n                                    data-venue=\"Impart Centrum\">\n                                    <div class=\"tickets-slider__sliderCard\">\n                                        \n<div class=\"card-ticket\">\n        <div class=\"card-ticket__image\">\n        <a href=\"https:\/\/www.ebilet.pl\/teatr\/komedia\/pikantni\">\n            <img decoding=\"async\" src=\"https:\/\/www.ebilet.pl\/media\/cms\/media\/ffufwqsi\/ebilet_552x736_pikantni-nowe1mj-25c5b722-fb11-4831-b1c4-cd23cef97aa8.webp\" alt=\"Plakat wydarzenia\" \/>\n        <\/a>\n    <\/div>\n             \n    <div class=\"card-ticket__link\">\n        <a href=\"https:\/\/www.ebilet.pl\/teatr\/komedia\/pikantni\" class=\"button button--theme-primary-yellow button--withIconLeft button--size-small\">\n            <span class=\"button__icon icon icon-ticket\"><\/span>\n            <p class=\"button__text typo-16 f-600\">Kup bilet<\/p>\n        <\/a>\n    <\/div>\n    <\/div>                                    <\/div>\n                                <\/div>\n                                                            <div class=\"tickets-slider__sliderItem swiper-slide\"\n                                    data-id=\"102049\"\n                                    data-name=\"\u017cONa\"\n                                    data-brand=\"SPEKTAKLOVE Sp. z o.o\"\n                                    data-category=\"teatr\"\n                                    data-subcategory=\"komedia\"\n                                    data-city=\"Warszawa\"\n                                    data-venue=\"Scena Relax\">\n                                    <div class=\"tickets-slider__sliderCard\">\n                                        \n<div class=\"card-ticket\">\n        <div class=\"card-ticket__image\">\n        <a href=\"https:\/\/www.ebilet.pl\/teatr\/komedia\/zona\">\n            <img decoding=\"async\" src=\"https:\/\/www.ebilet.pl\/media\/cms\/media\/zr1hjtue\/552x736-18.webp\" alt=\"Plakat wydarzenia\" \/>\n        <\/a>\n    <\/div>\n             \n    <div class=\"card-ticket__link\">\n        <a href=\"https:\/\/www.ebilet.pl\/teatr\/komedia\/zona\" class=\"button button--theme-primary-yellow button--withIconLeft button--size-small\">\n            <span class=\"button__icon icon icon-ticket\"><\/span>\n            <p class=\"button__text typo-16 f-600\">Kup bilet<\/p>\n        <\/a>\n    <\/div>\n    <\/div>                                    <\/div>\n                                <\/div>\n                                                            <div class=\"tickets-slider__sliderItem swiper-slide\"\n                                    data-id=\"132362\"\n                                    data-name=\"Petarda\"\n                                    data-brand=\"Teatr Kamienica\"\n                                    data-category=\"teatr\"\n                                    data-subcategory=\"komedia\"\n                                    data-city=\"Warszawa\"\n                                    data-venue=\"Teatr Kamienica w Warszawie\">\n                                    <div class=\"tickets-slider__sliderCard\">\n                                        \n<div class=\"card-ticket\">\n        <div class=\"card-ticket__image\">\n        <a href=\"https:\/\/www.ebilet.pl\/teatr\/komedia\/petarda\">\n            <img decoding=\"async\" src=\"https:\/\/www.ebilet.pl\/media\/cms\/media\/c45hsjdg\/22-8ac61c9c-bc5c-472a-b15b-6e6eec4dbec8.webp\" alt=\"Plakat wydarzenia\" \/>\n        <\/a>\n    <\/div>\n             \n    <div class=\"card-ticket__link\">\n        <a href=\"https:\/\/www.ebilet.pl\/teatr\/komedia\/petarda\" class=\"button button--theme-primary-yellow button--withIconLeft button--size-small\">\n            <span class=\"button__icon icon icon-ticket\"><\/span>\n            <p class=\"button__text typo-16 f-600\">Kup bilet<\/p>\n        <\/a>\n    <\/div>\n    <\/div>                                    <\/div>\n                                <\/div>\n                                                            <div class=\"tickets-slider__sliderItem swiper-slide\"\n                                    data-id=\"73608\"\n                                    data-name=\"ART\"\n                                    data-brand=\"Teatr 6.pi\u0119tro\"\n                                    data-category=\"teatr\"\n                                    data-subcategory=\"komedia\"\n                                    data-city=\"Warszawa\"\n                                    data-venue=\"Teatr 6. pi\u0119tro w Warszawie\">\n                                    <div class=\"tickets-slider__sliderCard\">\n                                        \n<div class=\"card-ticket\">\n        <div class=\"card-ticket__image\">\n        <a href=\"https:\/\/www.ebilet.pl\/teatr\/komedia\/art\">\n            <img decoding=\"async\" src=\"https:\/\/www.ebilet.pl\/media\/cms\/media\/4gwhn4gh\/430x560_ebilet-1-ef615e43-3591-eead-3b03-8cee0d6c7fda.webp\" alt=\"Plakat wydarzenia\" \/>\n        <\/a>\n    <\/div>\n             \n    <div class=\"card-ticket__link\">\n        <a href=\"https:\/\/www.ebilet.pl\/teatr\/komedia\/art\" class=\"button button--theme-primary-yellow button--withIconLeft button--size-small\">\n            <span class=\"button__icon icon icon-ticket\"><\/span>\n            <p class=\"button__text typo-16 f-600\">Kup bilet<\/p>\n        <\/a>\n    <\/div>\n    <\/div>                                    <\/div>\n                                <\/div>\n                                                            <div class=\"tickets-slider__sliderItem swiper-slide\"\n                                    data-id=\"187000\"\n                                    data-name=\"Genialny pomys\u0142\"\n                                    data-brand=\"Teatr Capitol\"\n                                    data-category=\"teatr\"\n                                    data-subcategory=\"komedia\"\n                                    data-city=\"Kalisz, Krak\u00f3w, \u0141\u00f3d\u017a i inne\"\n                                    data-venue=\"Teatr Capitol w Warszawie\">\n                                    <div class=\"tickets-slider__sliderCard\">\n                                        \n<div class=\"card-ticket\">\n        <div class=\"card-ticket__image\">\n        <a href=\"https:\/\/www.ebilet.pl\/teatr\/komedia\/genialny-pomysl\">\n            <img decoding=\"async\" src=\"https:\/\/www.ebilet.pl\/media\/cms\/media\/qndopst0\/552x736-genialne_twarze-41105c5f-9c14-45fb-9ddc-d47affc903aa.webp\" alt=\"Plakat wydarzenia\" \/>\n        <\/a>\n    <\/div>\n             \n    <div class=\"card-ticket__link\">\n        <a href=\"https:\/\/www.ebilet.pl\/teatr\/komedia\/genialny-pomysl\" class=\"button button--theme-primary-yellow button--withIconLeft button--size-small\">\n            <span class=\"button__icon icon icon-ticket\"><\/span>\n            <p class=\"button__text typo-16 f-600\">Kup bilet<\/p>\n        <\/a>\n    <\/div>\n    <\/div>                                    <\/div>\n                                <\/div>\n                                                            <div class=\"tickets-slider__sliderItem swiper-slide\"\n                                    data-id=\"144371\"\n                                    data-name=\"Kim jest pan Schmitt?\"\n                                    data-brand=\"Wydzia\u0142 Produkcji Karol Bytner Sp. kom\"\n                                    data-category=\"teatr\"\n                                    data-subcategory=\"komedia\"\n                                    data-city=\"Warszawa\"\n                                    data-venue=\"Scena Ma\u0142a Warszawa\">\n                                    <div class=\"tickets-slider__sliderCard\">\n                                        \n<div class=\"card-ticket\">\n        <div class=\"card-ticket__image\">\n        <a href=\"https:\/\/www.ebilet.pl\/teatr\/komedia\/kim-jest-pan-schmitt\">\n            <img decoding=\"async\" src=\"https:\/\/www.ebilet.pl\/media\/cms\/media\/ytlblzlw\/kjps-522x736-1-8274b824-22c0-41b7-8c90-3084861dc7a2.webp\" alt=\"Plakat wydarzenia\" \/>\n        <\/a>\n    <\/div>\n             \n    <div class=\"card-ticket__link\">\n        <a href=\"https:\/\/www.ebilet.pl\/teatr\/komedia\/kim-jest-pan-schmitt\" class=\"button button--theme-primary-yellow button--withIconLeft button--size-small\">\n            <span class=\"button__icon icon icon-ticket\"><\/span>\n            <p class=\"button__text typo-16 f-600\">Kup bilet<\/p>\n        <\/a>\n    <\/div>\n    <\/div>                                    <\/div>\n                                <\/div>\n                                                            <div class=\"tickets-slider__sliderItem swiper-slide\"\n                                    data-id=\"163993\"\n                                    data-name=\"Wicked\"\n                                    data-brand=\"Teatr Muzyczny Roma\"\n                                    data-category=\"teatr\"\n                                    data-subcategory=\"musicale\"\n                                    data-city=\"Warszawa\"\n                                    data-venue=\"Teatr Muzyczny ROMA w Warszawie\">\n                                    <div class=\"tickets-slider__sliderCard\">\n                                        \n<div class=\"card-ticket\">\n        <div class=\"card-ticket__image\">\n        <a href=\"https:\/\/www.ebilet.pl\/teatr\/musicale\/wicked\">\n            <img decoding=\"async\" src=\"https:\/\/www.ebilet.pl\/media\/cms\/media\/t1vbgs4w\/552x736_wickeduniejow-5b08a259-81c1-4704-a3d9-3086b7766d96.webp\" alt=\"Plakat wydarzenia\" \/>\n        <\/a>\n    <\/div>\n             \n    <div class=\"card-ticket__link\">\n        <a href=\"https:\/\/www.ebilet.pl\/teatr\/musicale\/wicked\" class=\"button button--theme-primary-yellow button--withIconLeft button--size-small\">\n            <span class=\"button__icon icon icon-ticket\"><\/span>\n            <p class=\"button__text typo-16 f-600\">Kup bilet<\/p>\n        <\/a>\n    <\/div>\n    <\/div>                                    <\/div>\n                                <\/div>\n                                                            <div class=\"tickets-slider__sliderItem swiper-slide\"\n                                    data-id=\"210480\"\n                                    data-name=\"Co na to Maria? (Ma\u0142a Scena Teatru Warszawa)\"\n                                    data-brand=\"Teatr Komedia\"\n                                    data-category=\"teatr\"\n                                    data-subcategory=\"komedia\"\n                                    data-city=\"Warszawa\"\n                                    data-venue=\"Teatr Komedia w Warszawie\">\n                                    <div class=\"tickets-slider__sliderCard\">\n                                        \n<div class=\"card-ticket\">\n        <div class=\"card-ticket__image\">\n        <a href=\"https:\/\/www.ebilet.pl\/teatr\/komedia\/co-na-to-maria\">\n            <img decoding=\"async\" src=\"https:\/\/www.ebilet.pl\/media\/cms\/media\/yzffvfug\/552x736-e-bilet-1-b7d1d983-f619-4dfc-88f9-eb06752146af.webp\" alt=\"Plakat wydarzenia\" \/>\n        <\/a>\n    <\/div>\n             \n    <div class=\"card-ticket__link\">\n        <a href=\"https:\/\/www.ebilet.pl\/teatr\/komedia\/co-na-to-maria\" class=\"button button--theme-primary-yellow button--withIconLeft button--size-small\">\n            <span class=\"button__icon icon icon-ticket\"><\/span>\n            <p class=\"button__text typo-16 f-600\">Kup bilet<\/p>\n        <\/a>\n    <\/div>\n    <\/div>                                    <\/div>\n                                <\/div>\n                                                            <div class=\"tickets-slider__sliderItem swiper-slide\"\n                                    data-id=\"207263\"\n                                    data-name=\"Antropologia\"\n                                    data-brand=\"Fundacja \u017bebrowski i Korin na rzecz Kultury\"\n                                    data-category=\"teatr\"\n                                    data-subcategory=\"tragedia-dramat\"\n                                    data-city=\"Warszawa\"\n                                    data-venue=\"Teatr 6. pi\u0119tro w Warszawie\">\n                                    <div class=\"tickets-slider__sliderCard\">\n                                        \n<div class=\"card-ticket\">\n        <div class=\"card-ticket__image\">\n        <a href=\"https:\/\/www.ebilet.pl\/teatr\/tragedia-dramat\/antropologia\">\n            <img decoding=\"async\" src=\"https:\/\/www.ebilet.pl\/media\/cms\/media\/tclh4t4p\/ebilet-antropologia-552-x-736-1f21ab03-5a22-48a2-a96c-eec0d9a8c3bf.webp\" alt=\"Plakat wydarzenia\" \/>\n        <\/a>\n    <\/div>\n             \n    <div class=\"card-ticket__link\">\n        <a href=\"https:\/\/www.ebilet.pl\/teatr\/tragedia-dramat\/antropologia\" class=\"button button--theme-primary-yellow button--withIconLeft button--size-small\">\n            <span class=\"button__icon icon icon-ticket\"><\/span>\n            <p class=\"button__text typo-16 f-600\">Kup bilet<\/p>\n        <\/a>\n    <\/div>\n    <\/div>                                    <\/div>\n                                <\/div>\n                                                            <div class=\"tickets-slider__sliderItem swiper-slide\"\n                                    data-id=\"186039\"\n                                    data-name=\"P\u00f3\u0142 \u017cartem\u2026\"\n                                    data-brand=\"Teatr Capitol\"\n                                    data-category=\"teatr\"\n                                    data-subcategory=\"komedia\"\n                                    data-city=\"Warszawa\"\n                                    data-venue=\"Teatr Capitol w Warszawie\">\n                                    <div class=\"tickets-slider__sliderCard\">\n                                        \n<div class=\"card-ticket\">\n        <div class=\"card-ticket__image\">\n        <a href=\"https:\/\/www.ebilet.pl\/teatr\/komedia\/pol-zartem\">\n            <img decoding=\"async\" src=\"https:\/\/www.ebilet.pl\/media\/cms\/media\/5oop4zeq\/552x736_polzartem_obsada_ebilet-capitol-979af2a8-bd49-4feb-a7f7-79ffd9bea75c.webp\" alt=\"Plakat wydarzenia\" \/>\n        <\/a>\n    <\/div>\n             \n    <div class=\"card-ticket__link\">\n        <a href=\"https:\/\/www.ebilet.pl\/teatr\/komedia\/pol-zartem\" class=\"button button--theme-primary-yellow button--withIconLeft button--size-small\">\n            <span class=\"button__icon icon icon-ticket\"><\/span>\n            <p class=\"button__text typo-16 f-600\">Kup bilet<\/p>\n        <\/a>\n    <\/div>\n    <\/div>                                    <\/div>\n                                <\/div>\n                                                            <div class=\"tickets-slider__sliderItem swiper-slide\"\n                                    data-id=\"200752\"\n                                    data-name=\"Wszyscy m\u00f3wi\u0105 o Jamiem\"\n                                    data-brand=\"Teatr Syrena\"\n                                    data-category=\"teatr\"\n                                    data-subcategory=\"musicale\"\n                                    data-city=\"Warszawa\"\n                                    data-venue=\"Teatr Syrena w Warszawie\">\n                                    <div class=\"tickets-slider__sliderCard\">\n                                        \n<div class=\"card-ticket\">\n        <div class=\"card-ticket__image\">\n        <a href=\"https:\/\/www.ebilet.pl\/teatr\/musicale\/wszyscy-mowia-o-jamiem\">\n            <img decoding=\"async\" src=\"https:\/\/www.ebilet.pl\/media\/cms\/media\/3t4bpibb\/552-x-736.webp\" alt=\"Plakat wydarzenia\" \/>\n        <\/a>\n    <\/div>\n             \n    <div class=\"card-ticket__link\">\n        <a href=\"https:\/\/www.ebilet.pl\/teatr\/musicale\/wszyscy-mowia-o-jamiem\" class=\"button button--theme-primary-yellow button--withIconLeft button--size-small\">\n            <span class=\"button__icon icon icon-ticket\"><\/span>\n            <p class=\"button__text typo-16 f-600\">Kup bilet<\/p>\n        <\/a>\n    <\/div>\n    <\/div>                                    <\/div>\n                                <\/div>\n                                                            <div class=\"tickets-slider__sliderItem swiper-slide\"\n                                    data-id=\"211340\"\n                                    data-name=\"Wielki Gatsby\"\n                                    data-brand=\"Teatr Muzyczny Roma\"\n                                    data-category=\"teatr\"\n                                    data-subcategory=\"musicale\"\n                                    data-city=\"\"\n                                    data-venue=\"\">\n                                    <div class=\"tickets-slider__sliderCard\">\n                                        \n<div class=\"card-ticket\">\n        <div class=\"card-ticket__image\">\n        <a href=\"https:\/\/www.ebilet.pl\/teatr\/musicale\/wielki-gatsby\">\n            <img decoding=\"async\" src=\"https:\/\/www.ebilet.pl\/media\/cms\/media\/5eihaojx\/552x736-c1222f1c-09f0-4f58-a3ca-98b5badf4b8b.webp\" alt=\"Plakat wydarzenia\" \/>\n        <\/a>\n    <\/div>\n             \n    <div class=\"card-ticket__link\">\n        <a href=\"https:\/\/www.ebilet.pl\/teatr\/musicale\/wielki-gatsby\" class=\"button button--theme-primary-yellow button--withIconLeft button--size-small\">\n            <span class=\"button__icon icon icon-ticket\"><\/span>\n            <p class=\"button__text typo-16 f-600\">Kup bilet<\/p>\n        <\/a>\n    <\/div>\n    <\/div>                                    <\/div>\n                                <\/div>\n                                                            <div class=\"tickets-slider__sliderItem swiper-slide\"\n                                    data-id=\"42653\"\n                                    data-name=\"Bo\u017cyszcze Kobiet\"\n                                    data-brand=\"Teatr Capitol\"\n                                    data-category=\"teatr\"\n                                    data-subcategory=\"komedia\"\n                                    data-city=\"Gda\u0144sk, Krak\u00f3w, Lublin i inne\"\n                                    data-venue=\"Teatr Capitol w Warszawie\">\n                                    <div class=\"tickets-slider__sliderCard\">\n                                        \n<div class=\"card-ticket\">\n        <div class=\"card-ticket__image\">\n        <a href=\"https:\/\/www.ebilet.pl\/teatr\/komedia\/bozyszcze-kobiet\">\n            <img decoding=\"async\" src=\"https:\/\/www.ebilet.pl\/media\/cms\/media\/lv0n1ic1\/ebilet-552x736_1-bozyszcze-poprawki-64693a13-8531-4ac5-8f78-e247651a3fba.webp\" alt=\"Plakat wydarzenia\" \/>\n        <\/a>\n    <\/div>\n             \n    <div class=\"card-ticket__link\">\n        <a href=\"https:\/\/www.ebilet.pl\/teatr\/komedia\/bozyszcze-kobiet\" class=\"button button--theme-primary-yellow button--withIconLeft button--size-small\">\n            <span class=\"button__icon icon icon-ticket\"><\/span>\n            <p class=\"button__text typo-16 f-600\">Kup bilet<\/p>\n        <\/a>\n    <\/div>\n    <\/div>                                    <\/div>\n                                <\/div>\n                                                            <div class=\"tickets-slider__sliderItem swiper-slide\"\n                                    data-id=\"176641\"\n                                    data-name=\"Wspania\u0142e Horyzonty\"\n                                    data-brand=\"Teatr 6.pi\u0119tro\"\n                                    data-category=\"teatr\"\n                                    data-subcategory=\"tragedia-dramat\"\n                                    data-city=\"Warszawa\"\n                                    data-venue=\"Teatr 6. pi\u0119tro w Warszawie\">\n                                    <div class=\"tickets-slider__sliderCard\">\n                                        \n<div class=\"card-ticket\">\n        <div class=\"card-ticket__image\">\n        <a href=\"https:\/\/www.ebilet.pl\/teatr\/tragedia-dramat\/wspaniale-horyzonty\">\n            <img decoding=\"async\" src=\"https:\/\/www.ebilet.pl\/media\/cms\/media\/t0aptjvd\/552x736.webp\" alt=\"Plakat wydarzenia\" \/>\n        <\/a>\n    <\/div>\n             \n    <div class=\"card-ticket__link\">\n        <a href=\"https:\/\/www.ebilet.pl\/teatr\/tragedia-dramat\/wspaniale-horyzonty\" class=\"button button--theme-primary-yellow button--withIconLeft button--size-small\">\n            <span class=\"button__icon icon icon-ticket\"><\/span>\n            <p class=\"button__text typo-16 f-600\">Kup bilet<\/p>\n        <\/a>\n    <\/div>\n    <\/div>                                    <\/div>\n                                <\/div>\n                                                            <div class=\"tickets-slider__sliderItem swiper-slide\"\n                                    data-id=\"167296\"\n                                    data-name=\"Widelec w g\u0142owie\"\n                                    data-brand=\"Teatr Kamienica\"\n                                    data-category=\"teatr\"\n                                    data-subcategory=\"komedia\"\n                                    data-city=\"Cz\u0119stochowa, Lublin, Warszawa\"\n                                    data-venue=\"Teatr Kamienica w Warszawie\">\n                                    <div class=\"tickets-slider__sliderCard\">\n                                        \n<div class=\"card-ticket\">\n        <div class=\"card-ticket__image\">\n        <a href=\"https:\/\/www.ebilet.pl\/teatr\/komedia\/widelec-w-glowie\">\n            <img decoding=\"async\" src=\"https:\/\/www.ebilet.pl\/media\/cms\/media\/5bgf1f3y\/552x736-ebilet_portal-b817cbef-cfee-4924-a62b-49e76f0bdab0.webp\" alt=\"Plakat wydarzenia\" \/>\n        <\/a>\n    <\/div>\n             \n    <div class=\"card-ticket__link\">\n        <a href=\"https:\/\/www.ebilet.pl\/teatr\/komedia\/widelec-w-glowie\" class=\"button button--theme-primary-yellow button--withIconLeft button--size-small\">\n            <span class=\"button__icon icon icon-ticket\"><\/span>\n            <p class=\"button__text typo-16 f-600\">Kup bilet<\/p>\n        <\/a>\n    <\/div>\n    <\/div>                                    <\/div>\n                                <\/div>\n                                                    <\/div>\n                    <\/div>\n                <\/div>\n            <\/div>\n        <\/div>\n    <\/div>\n<\/section>\n\n\n<section class=\"text-block  section-margin-32\" >\n    <div class=\"container\">\n        <div class=\"row\">\n            <div class=\"col-24\">\n                <div class=\"text-block__content\"><h3><span style=\"font-weight: 400;\">\u201eKlaps! 50 twarzy Greya\u201d w Teatrze Polonia w Warszawie<\/span><\/h3>\n<p><b>Cho\u0107 ksi\u0105\u017cka \u201e50 twarzy Greya\u201d zbiera\u0142a \u015brednie opinie, a film jeszcze gorsze, spektakl cieszy si\u0119 uznaniem widz\u00f3w i krytyk\u00f3w.<\/b><span style=\"font-weight: 400;\"> \u201eKlaps! 50 twarzy Greya\u201d to sztuka, kt\u00f3ra powsta\u0142a jako inspiracja powie\u015bci\u0105. Na scenie mo\u017cemy zobaczy\u0107 autork\u0119 ksi\u0105\u017cki i dwie stworzone przez ni\u0105 postacie. K\u0142\u00f3c\u0105 si\u0119 one z autork\u0105 o ich wizerunku oraz zalety charakteru.\u00a0<\/span><\/p>\n<p><b>Spektakl jest profesjonalny, lekki i zabawny. <\/b><span style=\"font-weight: 400;\">Oddzia\u0142uje na wszystkie zmys\u0142y, co jest zas\u0142ug\u0105 aktor\u00f3w. Widzowie uwa\u017caj\u0105 zgodnie, \u017ce to dwie godziny pe\u0142ne relaksu i wytchnienia od codzienno\u015bci (nie tylko dla kobiet).<\/span><\/p>\n<h3><span style=\"font-weight: 400;\">\u201eMiedzianka\u201d w Teatrze im. Cypriana Norwida w Jeleniej G\u00f3rze<\/span><\/h3>\n<p><b>Ksi\u0105\u017cka \u201eMiedzianka. Historia Znikania\u201d to prawdziwa historia opowiedziana w formie reporta\u017cu przez Filipa Springera. <\/b><span style=\"font-weight: 400;\">Wed\u0142ug niekt\u00f3rych dziennikarzy spektakl jest antypolski (m.in. przez scen\u0119, gdy Polacy szukaj\u0105 skarb\u00f3w pozostawionych przez wysiedlonych Niemc\u00f3w). W sztuce pojawia si\u0119 historia najnowsza Miedzianki, czyli od Niemc\u00f3w, przez Rosjan a\u017c do Polski wsp\u00f3\u0142czesnej (w ksi\u0105\u017cce bowiem jest ca\u0142a 700-letnia historia miasteczka).\u00a0<\/span><\/p>\n<p><span style=\"font-weight: 400;\">G\u0142\u00f3wny bohater tworzy film dokumentalny dla du\u0144skiej telewizji. Cho\u0107 zna daty i fakty, nie ma poj\u0119cia, dlaczego Miedzianka znikn\u0119\u0142a. Zadaje pytania, kt\u00f3re prowokuj\u0105 do przemy\u015ble\u0144 i refleksji. Widzowie wychodzili z premiery ze wzruszeniem.<\/span><\/p>\n<h3><span style=\"font-weight: 400;\">\u201eSwarka\u201d w Teatrze Polskim w Bydgoszczy<\/span><\/h3>\n<p><b>\u201eSwarka\u201d zosta\u0142a przygotowana na podstawie reporta\u017cu dwojga dziennikarzy: Miros\u0142awa Wlek\u0142ego oraz Katarzyny Szyngiery. <\/b><span style=\"font-weight: 400;\">Tw\u00f3rcy chcieli da\u0107 g\u0142os \u015bwiadkom czystki etnicznej. Spektakl opowiada o przekraczaniu granic cz\u0142owieka, takim przekraczaniu, kt\u00f3rego nie da si\u0119 opisa\u0107, bo zwyczajnie brakuje s\u0142\u00f3w. To historia Polak\u00f3w i Ukrai\u0144c\u00f3w oraz tego, co wydarzy\u0142o si\u0119 mi\u0119dzy nimi w 1943 roku.<\/span><\/p>\n<p><span style=\"font-weight: 400;\">Prawd jest wiele po obu stronach, a spektakl nie ocenia \u017cadnej ze stron. Podchodzi do tego po reportersku: pokazuje fakty, a nie osobiste przekonania. <\/span><b>Po spektaklu widzom jest \u017ale, bo widzi, \u017ce i Polacy, i Ukrai\u0144cy nie byli bez winy.<\/b><\/p>\n<h3><span style=\"font-weight: 400;\">\u201eMoja walka\u201d w Teatrze Rozmaito\u015bci w Warszawie<\/span><\/h3>\n<p><b>\u201eMoja walka\u201d to cykl norweskiego pisarza \u2013 Karla Ove Knausgarda. <\/b><span style=\"font-weight: 400;\">Powie\u015bci maj\u0105 \u0142\u0105cznie ponad 3600 stron. Opowiadaj\u0105 one o ca\u0142ym \u017cyciu pisarza: od dzieci\u0144stwa do wydania pierwszej ksi\u0105\u017cki z tego cyklu. <\/span><b>Cho\u0107 w teatrze ta historia zosta\u0142a znacznie skr\u00f3cona, zosta\u0142a skr\u00f3cona bardzo dobrze.<\/b><span style=\"font-weight: 400;\"> Re\u017cyserem jest Micha\u0142 Borczuch, kt\u00f3rzy otrzyma\u0142 nagrod\u0119 Paszport \u201ePolityki\u201d. Wed\u0142ug niego \u201eMoja walka\u201d opowiada o medytacji nad rzeczywisto\u015bci\u0105. W pewnych momentach obsesyjny subiektywizm sk\u0142adania do znienawidzenia autora.\u00a0<\/span><\/p>\n<h3><span style=\"font-weight: 400;\">\u201eO\u015bci\u201d Teatr Soho w Warszawie<\/span><\/h3>\n<p><b>\u201eO\u015bci\u201d to powie\u015b\u0107 Ignacego Karpowicza, <\/b><span style=\"font-weight: 400;\">kt\u00f3ry jest wielokrotnym finalist\u0105 Nagrody Literackiej \u201eNike\u201d oraz laureatem Paszportu \u201ePolityki\u201d. Ksi\u0105\u017cka opowiada o \u017cyciu wielkomiejskiej inteligencji. <\/span><b>Kilkunastu bohater\u00f3w \u0142\u0105czy si\u0119 razem poprzez skomplikowane relacje erotyczne i emocjonalne. <\/b><span style=\"font-weight: 400;\">Romanse, zmiany p\u0142ci, relacje mi\u0119dzy rodzicami i dzie\u0107mi to jeszcze nie wszystko. Warto obejrze\u0107 te perypetie i zastanowi\u0107 si\u0119 nad wsp\u00f3\u0142czesnym \u015bwiatem.<\/span><\/p>\n<h3><span style=\"font-weight: 400;\">\u201eVernon Subutex\u201d w Teatrze im. Juliusza S\u0142owackiego w Krakowie<\/span><\/h3>\n<p><b>Virginie Despentes napisa\u0142a powie\u015b\u0107 \u201eVernon Subutex\u201d, kt\u00f3ra opowiada o tym, jak tytu\u0142owy bohater zosta\u0142 wyrzucony na bruk z jedn\u0105 tylko walizk\u0105.<\/b><span style=\"font-weight: 400;\"> Szuka dachu nad g\u0142ow\u0105 w domach swoich bliskich i dalekich znajomych, by\u0142ych kochanek i kompletnie przypadkowych mieszka\u0144c\u00f3w. To wspania\u0142y obraz wsp\u00f3\u0142czesnego Pary\u017ca, a w Teatrze im. Juliusza S\u0142owackiego w Krakowie zosta\u0142 on przedstawiony bez zarzutu.\u00a0<\/span><\/p>\n<h3><span style=\"font-weight: 400;\">\u201e\u017beby nie by\u0142o \u015blad\u00f3w\u201d w Teatrze Polonia w Warszawie<\/span><\/h3>\n<p><b>Sztuka przygotowana na podstawie reporta\u017cu \u201e\u017beby nie by\u0142o \u015blad\u00f3w\u201d Cezarego \u0141azarewicza. <\/b><span style=\"font-weight: 400;\">Autor otrzyma\u0142 za niego nagrod\u0119 \u201eNike\u201d. Opowiada o jednej z najwi\u0119kszych zbrodni lat 80. Pobity cz\u0142owiek, jego rodzice, przyjaciele, \u015bwiadkowie, nies\u0142usznie oskar\u017cani o zab\u00f3jstwo sanitariusze\u2026 A opr\u00f3cz tego kulisy dzia\u0142a\u0144 w\u0142adz oraz wp\u0142yw \u00f3wczesnych polityk\u00f3w na \u015bledztwo. <\/span><b>\u015awietna obsada i gra aktorska sprawiaj\u0105, \u017ce spektakl wywo\u0142uje wiele emocji.\u00a0<\/b><\/p>\n<h3><span style=\"font-weight: 400;\">\u201eCiemno\u015bci\u201d w Teatrze \u017beromskiego w Kielcach<\/span><\/h3>\n<p><span style=\"font-weight: 400;\">Monika Strz\u0119pka i Pawe\u0142 Demirski przygotowali spektakl na podstawie powie\u015bci<\/span><b> \u201eJ\u0105dro ciemno\u015bci\u201d Josepha Conrada. Inspirowali si\u0119 tak\u017ce filmem \u201eCzas Apokalipsy\u201d,<\/b><span style=\"font-weight: 400;\"> nagranym na podstawie ksi\u0105\u017cki. To opowie\u015b\u0107 o dw\u00f3ch Kurtzach: tym, kt\u00f3rego znamy z powie\u015bci i filmowej adaptacji oraz drugi, wsp\u00f3\u0142czesny, kt\u00f3ry jest podobny do Steve\u2019a Jobsa. Marlow\u00f3w tak\u017ce jest dw\u00f3ch: powie\u015bciowy oraz wsp\u00f3\u0142czesny, przedstawiony jako znerwicowana pracownica korporacji. <\/span><b>To zupe\u0142nie nowe podej\u015bcie do tej powie\u015bci.<\/b><\/p>\n<h3><span style=\"font-weight: 400;\">\u201eCzarownice z Eastwick\u201d w Teatrze Syrena w Warszawie<\/span><\/h3>\n<p><b>Ksi\u0105\u017cka \u201eCzarownice z Eastwick\u201d napisana przez Johna Updike\u2019a sta\u0142a si\u0119 prawdziwym hitem teatralnej sceny muzycznej.<\/b><span style=\"font-weight: 400;\"> Jest znana praktycznie na ca\u0142ym \u015bwiecie. Opowiada o latach 60. w miasteczku Eastwick. Rz\u0105dzi w nim zaborcza Felicia. Mieszkaj\u0105 tam trzy kobiety: rze\u017abiarka, wiolonczelistka oraz niespe\u0142niona poetka. M\u0119cz\u0105 si\u0119 i dusz\u0105 do czasu, a\u017c przybywa tam demoniczny Darryl van Horne.\u00a0<\/span><\/p>\n<\/div>\n            <\/div>\n        <\/div>\n    <\/div>\n<\/section>\n\n\n    <section class=\"events-carousel-block  section-margin-32\"\n        data-events-carousel\n        data-settings='{\"per_view\":5}'\n        data-item-list-name=\"Karuzela niska Polecamy na eBilet.pl\"\n        data-item-list-id=\"karuzela_niska Polecamy na eBilet.pl\"\n        >\n        <div class=\"container\">\n                            <div class=\"row\">\n                    <div class=\"col-24\">\n                        <div class=\"events-carousel-block__title\">\n                            <h2 class=\"typo-h2\">Polecamy na eBilet.pl<\/h2>\n                        <\/div>\n                    <\/div>\n                <\/div>\n                        <div class=\"row\">\n                <div class=\"col-24\">\n                    <div class=\"events-carousel-block__events\">\n                        <div class=\"events-carousel-block__nav events-carousel-block__nav--prev\">\n                            <div class=\"button button--withIcon button--theme-white-blur button--size-fixed-48\" data-events-carousel-prev>\n                                <span class=\"button__icon icon icon-chevron-left\"><\/span>\n                            <\/div>\n                        <\/div>\n                        <div class=\"events-carousel-block__nav events-carousel-block__nav--next\">\n                            <div class=\"button button--withIcon button--theme-white-blur button--size-fixed-48\" data-events-carousel-next>\n                                <span class=\"button__icon icon icon-chevron-right\"><\/span>\n                            <\/div>\n                        <\/div>\n                        <div class=\"events-carousel-block__slider swiper\" data-events-carousel-slider>\n                            <div class=\"events-carousel-block__sliderWrapper swiper-wrapper\">\n                                                                    <div class=\"events-carousel-block__sliderItem swiper-slide\"\n                                        data-id=\"91708\"\n                                        data-name=\"BYK\"\n                                        data-brand=\"STUDIO TEATRGALERIA\"\n                                        data-category=\"teatr\"\n                                        data-subcategory=\"tragedia-dramat\"\n                                        data-city=\"Warszawa\"\n                                        data-venue=\"STUDIO teatrgaleria\">\n                                        \n<div class=\"card-event  card-event--size-small\">\n        <a href=\"https:\/\/www.ebilet.pl\/teatr\/tragedia-dramat\/byk\" target=\"_blank\" class=\"card-event__link\" rel=\"nofollow noopener\"><\/a>\n        <div class=\"card-event__wrapper\">\n        <div class=\"card-event__image\">\n            <img decoding=\"async\" src=\"https:\/\/www.ebilet.pl\/media\/cms\/media\/3kqdmpkt\/ebilet-656x369__byk-88aaad9c-6123-44ba-8796-8023c362da69.webp\" alt=\"\">\n        <\/div>\n        <div class=\"card-event__data\">\n            <div class=\"card-event__name\">\n                <p>BYK<\/p>\n            <\/div>\n            <div class=\"card-event__date\"><\/div>\n            <div class=\"card-event__location\">Warszawa<\/div>\n        <\/div>\n    <\/div>\n<\/div>                                    <\/div>\n                                                                    <div class=\"events-carousel-block__sliderItem swiper-slide\"\n                                        data-id=\"57764\"\n                                        data-name=\"METAFIZYKA DWUG\u0141OWEGO CIEL\u0118CIA\"\n                                        data-brand=\"STUDIO TEATRGALERIA\"\n                                        data-category=\"teatr\"\n                                        data-subcategory=\"tragedia-dramat\"\n                                        data-city=\"Warszawa\"\n                                        data-venue=\"STUDIO teatrgaleria\">\n                                        \n<div class=\"card-event  card-event--size-small\">\n        <a href=\"https:\/\/www.ebilet.pl\/teatr\/tragedia-dramat\/metafizyka-dwuglowego-cielecia\" target=\"_blank\" class=\"card-event__link\" rel=\"nofollow noopener\"><\/a>\n        <div class=\"card-event__wrapper\">\n        <div class=\"card-event__image\">\n            <img decoding=\"async\" src=\"https:\/\/www.ebilet.pl\/media\/cms\/media\/icjlcbli\/ebilet-656x369_metafizyka_dwuglowego_cielecia-edaf52e9-75a7-4f21-bfb0-ceb56c6cdbd7.webp\" alt=\"\">\n        <\/div>\n        <div class=\"card-event__data\">\n            <div class=\"card-event__name\">\n                <p>METAFIZYKA DWUG\u0141OWEGO CIEL\u0118CIA<\/p>\n            <\/div>\n            <div class=\"card-event__date\"><\/div>\n            <div class=\"card-event__location\">Warszawa<\/div>\n        <\/div>\n    <\/div>\n<\/div>                                    <\/div>\n                                                                    <div class=\"events-carousel-block__sliderItem swiper-slide\"\n                                        data-id=\"38066\"\n                                        data-name=\"ORIANA FALLACI\"\n                                        data-brand=\"STUDIO TEATRGALERIA\"\n                                        data-category=\"teatr\"\n                                        data-subcategory=\"tragedia-dramat\"\n                                        data-city=\"Warszawa\"\n                                        data-venue=\"STUDIO teatrgaleria\">\n                                        \n<div class=\"card-event  card-event--size-small\">\n        <a href=\"https:\/\/www.ebilet.pl\/teatr\/tragedia-dramat\/oriana-falacci\" target=\"_blank\" class=\"card-event__link\" rel=\"nofollow noopener\"><\/a>\n        <div class=\"card-event__wrapper\">\n        <div class=\"card-event__image\">\n            <img decoding=\"async\" src=\"https:\/\/www.ebilet.pl\/media\/cms\/media\/p2ljsaus\/ebilet-656x369_oriana_fallaci-d4ac01da-e17c-404a-bba7-d1fb09a0eff1.webp\" alt=\"\">\n        <\/div>\n        <div class=\"card-event__data\">\n            <div class=\"card-event__name\">\n                <p>ORIANA FALLACI<\/p>\n            <\/div>\n            <div class=\"card-event__date\"><\/div>\n            <div class=\"card-event__location\">Warszawa<\/div>\n        <\/div>\n    <\/div>\n<\/div>                                    <\/div>\n                                                                    <div class=\"events-carousel-block__sliderItem swiper-slide\"\n                                        data-id=\"118342\"\n                                        data-name=\"Gra\"\n                                        data-brand=\"TEATR GARNIZON SZTUKI Sp. z o.o. Sp. k.\"\n                                        data-category=\"teatr\"\n                                        data-subcategory=\"tragedia-dramat\"\n                                        data-city=\"Warszawa\"\n                                        data-venue=\"Garnizon Sztuki\">\n                                        \n<div class=\"card-event  card-event--size-small\">\n        <a href=\"https:\/\/www.ebilet.pl\/teatr\/tragedia-dramat\/gra\" target=\"_blank\" class=\"card-event__link\" rel=\"nofollow noopener\"><\/a>\n        <div class=\"card-event__wrapper\">\n        <div class=\"card-event__image\">\n            <img decoding=\"async\" src=\"https:\/\/www.ebilet.pl\/media\/cms\/media\/mjgp2gue\/656x369k-470da855-ba7b-a846-f64f-be363c55012f.webp\" alt=\"\">\n        <\/div>\n        <div class=\"card-event__data\">\n            <div class=\"card-event__name\">\n                <p>Gra<\/p>\n            <\/div>\n            <div class=\"card-event__date\"><\/div>\n            <div class=\"card-event__location\">Warszawa<\/div>\n        <\/div>\n    <\/div>\n<\/div>                                    <\/div>\n                                                                    <div class=\"events-carousel-block__sliderItem swiper-slide\"\n                                        data-id=\"97296\"\n                                        data-name=\"Bli\u017cej\"\n                                        data-brand=\"Teatr 6.pi\u0119tro\"\n                                        data-category=\"teatr\"\n                                        data-subcategory=\"tragedia-dramat\"\n                                        data-city=\"Warszawa\"\n                                        data-venue=\"Teatr 6. pi\u0119tro w Warszawie\">\n                                        \n<div class=\"card-event  card-event--size-small\">\n        <a href=\"https:\/\/www.ebilet.pl\/teatr\/tragedia-dramat\/blizej\" target=\"_blank\" class=\"card-event__link\" rel=\"nofollow noopener\"><\/a>\n        <div class=\"card-event__wrapper\">\n        <div class=\"card-event__image\">\n            <img decoding=\"async\" src=\"https:\/\/www.ebilet.pl\/media\/cms\/media\/441hzivy\/e-bilet_blizej_900x507_ok_l.webp\" alt=\"\">\n        <\/div>\n        <div class=\"card-event__data\">\n            <div class=\"card-event__name\">\n                <p>Bli\u017cej<\/p>\n            <\/div>\n            <div class=\"card-event__date\"><\/div>\n            <div class=\"card-event__location\">Warszawa<\/div>\n        <\/div>\n    <\/div>\n<\/div>                                    <\/div>\n                                                                    <div class=\"events-carousel-block__sliderItem swiper-slide\"\n                                        data-id=\"104185\"\n                                        data-name=\"Edukuj\u0105c Rit\u0119\"\n                                        data-brand=\"Teatr 6.pi\u0119tro\"\n                                        data-category=\"teatr\"\n                                        data-subcategory=\"tragedia-dramat\"\n                                        data-city=\"Warszawa\"\n                                        data-venue=\"Teatr 6. pi\u0119tro w Warszawie\">\n                                        \n<div class=\"card-event  card-event--size-small\">\n        <a href=\"https:\/\/www.ebilet.pl\/teatr\/tragedia-dramat\/edukujac-rite\" target=\"_blank\" class=\"card-event__link\" rel=\"nofollow noopener\"><\/a>\n        <div class=\"card-event__wrapper\">\n        <div class=\"card-event__image\">\n            <img decoding=\"async\" src=\"https:\/\/www.ebilet.pl\/media\/cms\/media\/lttlvytf\/rita_656x369-5381f1cd-0b92-3a37-0892-b4dfb37a634b.webp\" alt=\"\">\n        <\/div>\n        <div class=\"card-event__data\">\n            <div class=\"card-event__name\">\n                <p>Edukuj\u0105c Rit\u0119<\/p>\n            <\/div>\n            <div class=\"card-event__date\"><\/div>\n            <div class=\"card-event__location\">Warszawa<\/div>\n        <\/div>\n    <\/div>\n<\/div>                                    <\/div>\n                                                                    <div class=\"events-carousel-block__sliderItem swiper-slide\"\n                                        data-id=\"121713\"\n                                        data-name=\"EMPUZJON\"\n                                        data-brand=\"STUDIO TEATRGALERIA\"\n                                        data-category=\"teatr\"\n                                        data-subcategory=\"tragedia-dramat\"\n                                        data-city=\"Warszawa\"\n                                        data-venue=\"STUDIO teatrgaleria\">\n                                        \n<div class=\"card-event  card-event--size-small\">\n        <a href=\"https:\/\/www.ebilet.pl\/teatr\/tragedia-dramat\/empuzjon\" target=\"_blank\" class=\"card-event__link\" rel=\"nofollow noopener\"><\/a>\n        <div class=\"card-event__wrapper\">\n        <div class=\"card-event__image\">\n            <img decoding=\"async\" src=\"https:\/\/www.ebilet.pl\/media\/cms\/media\/xtolfzs3\/ebilet-656x369_empuzjon-b959dfa4-7edf-4f92-940e-63ba2ca8a7f5.webp\" alt=\"\">\n        <\/div>\n        <div class=\"card-event__data\">\n            <div class=\"card-event__name\">\n                <p>EMPUZJON<\/p>\n            <\/div>\n            <div class=\"card-event__date\"><\/div>\n            <div class=\"card-event__location\">Warszawa<\/div>\n        <\/div>\n    <\/div>\n<\/div>                                    <\/div>\n                                                                    <div class=\"events-carousel-block__sliderItem swiper-slide\"\n                                        data-id=\"127839\"\n                                        data-name=\"(A)pollonia\"\n                                        data-brand=\"Nowy Teatr\"\n                                        data-category=\"teatr\"\n                                        data-subcategory=\"tragedia-dramat\"\n                                        data-city=\"Warszawa\"\n                                        data-venue=\"NOWY Teatr w Warszawie\">\n                                        \n<div class=\"card-event  card-event--size-small\">\n        <a href=\"https:\/\/www.ebilet.pl\/teatr\/tragedia-dramat\/apollonia\" target=\"_blank\" class=\"card-event__link\" rel=\"nofollow noopener\"><\/a>\n        <div class=\"card-event__wrapper\">\n        <div class=\"card-event__image\">\n            <img decoding=\"async\" src=\"https:\/\/www.ebilet.pl\/media\/cms\/media\/fc2fvfww\/ebilet_apollonia_656x369-3683b23b-4921-9282-1b0b-ba8d197b16e8.webp\" alt=\"\">\n        <\/div>\n        <div class=\"card-event__data\">\n            <div class=\"card-event__name\">\n                <p>(A)pollonia<\/p>\n            <\/div>\n            <div class=\"card-event__date\"><\/div>\n            <div class=\"card-event__location\">Warszawa<\/div>\n        <\/div>\n    <\/div>\n<\/div>                                    <\/div>\n                                                                    <div class=\"events-carousel-block__sliderItem swiper-slide\"\n                                        data-id=\"134298\"\n                                        data-name=\"Wiera Gran\"\n                                        data-brand=\"Teatr Kamienica\"\n                                        data-category=\"teatr\"\n                                        data-subcategory=\"tragedia-dramat\"\n                                        data-city=\"Warszawa\"\n                                        data-venue=\"Teatr Kamienica w Warszawie\">\n                                        \n<div class=\"card-event  card-event--size-small\">\n        <a href=\"https:\/\/www.ebilet.pl\/teatr\/tragedia-dramat\/wiera-gran\" target=\"_blank\" class=\"card-event__link\" rel=\"nofollow noopener\"><\/a>\n        <div class=\"card-event__wrapper\">\n        <div class=\"card-event__image\">\n            <img decoding=\"async\" src=\"https:\/\/www.ebilet.pl\/media\/cms\/media\/tpgpkxud\/656x369-nowe-dadd715d-7795-419b-bbdd-45868fc33d9e.webp\" alt=\"\">\n        <\/div>\n        <div class=\"card-event__data\">\n            <div class=\"card-event__name\">\n                <p>Wiera Gran<\/p>\n            <\/div>\n            <div class=\"card-event__date\"><\/div>\n            <div class=\"card-event__location\">Warszawa<\/div>\n        <\/div>\n    <\/div>\n<\/div>                                    <\/div>\n                                                                    <div class=\"events-carousel-block__sliderItem swiper-slide\"\n                                        data-id=\"171337\"\n                                        data-name=\"2049: Witaj, Abdo\"\n                                        data-brand=\"STUDIO TEATRGALERIA\"\n                                        data-category=\"teatr\"\n                                        data-subcategory=\"tragedia-dramat\"\n                                        data-city=\"Warszawa\"\n                                        data-venue=\"STUDIO teatrgaleria\">\n                                        \n<div class=\"card-event  card-event--size-small\">\n        <a href=\"https:\/\/www.ebilet.pl\/teatr\/tragedia-dramat\/witaj-abdo\" target=\"_blank\" class=\"card-event__link\" rel=\"nofollow noopener\"><\/a>\n        <div class=\"card-event__wrapper\">\n        <div class=\"card-event__image\">\n            <img decoding=\"async\" src=\"https:\/\/www.ebilet.pl\/media\/cms\/media\/215m2l2n\/2049_abdo_ebilet-656x369-da267e15-1821-458f-8e7a-34110d48f0f0.webp\" alt=\"\">\n        <\/div>\n        <div class=\"card-event__data\">\n            <div class=\"card-event__name\">\n                <p>2049: Witaj, Abdo<\/p>\n            <\/div>\n            <div class=\"card-event__date\"><\/div>\n            <div class=\"card-event__location\">Warszawa<\/div>\n        <\/div>\n    <\/div>\n<\/div>                                    <\/div>\n                                                                    <div class=\"events-carousel-block__sliderItem swiper-slide\"\n                                        data-id=\"177180\"\n                                        data-name=\"Sceny z \u017cycia pobo\u017cnych mieszka\u0144c\u00f3w Waldenburga\"\n                                        data-brand=\"Teatr Dramatyczny im. Jerzego Szaniawskiego\"\n                                        data-category=\"teatr\"\n                                        data-subcategory=\"tragedia-dramat\"\n                                        data-city=\"Wa\u0142brzych\"\n                                        data-venue=\"Teatr Dramatyczny im. Jerzego Szaniawskiego w Wa\u0142brzychu\">\n                                        \n<div class=\"card-event  card-event--size-small\">\n        <a href=\"https:\/\/www.ebilet.pl\/teatr\/tragedia-dramat\/sceny-z-zycia-poboznych-mieszkancow-waldenburga\" target=\"_blank\" class=\"card-event__link\" rel=\"nofollow noopener\"><\/a>\n        <div class=\"card-event__wrapper\">\n        <div class=\"card-event__image\">\n            <img decoding=\"async\" src=\"https:\/\/www.ebilet.pl\/media\/cms\/media\/4dzhf1oc\/sceny-656x369-1-b621499a-43e1-4dae-83e5-0472673868d8.webp\" alt=\"\">\n        <\/div>\n        <div class=\"card-event__data\">\n            <div class=\"card-event__name\">\n                <p>Sceny z \u017cycia pobo\u017cnych mieszka\u0144c\u00f3w Waldenburga<\/p>\n            <\/div>\n            <div class=\"card-event__date\"><\/div>\n            <div class=\"card-event__location\">Wa\u0142brzych<\/div>\n        <\/div>\n    <\/div>\n<\/div>                                    <\/div>\n                                                                    <div class=\"events-carousel-block__sliderItem swiper-slide\"\n                                        data-id=\"185246\"\n                                        data-name=\"ANCORA TU\"\n                                        data-brand=\"Teatr Dramatyczny im. Jerzego Szaniawskiego\"\n                                        data-category=\"teatr\"\n                                        data-subcategory=\"tragedia-dramat\"\n                                        data-city=\"Wa\u0142brzych\"\n                                        data-venue=\"Teatr Dramatyczny im. Jerzego Szaniawskiego w Wa\u0142brzychu\">\n                                        \n<div class=\"card-event  card-event--size-small\">\n        <a href=\"https:\/\/www.ebilet.pl\/teatr\/tragedia-dramat\/ancora-tu\" target=\"_blank\" class=\"card-event__link\" rel=\"nofollow noopener\"><\/a>\n        <div class=\"card-event__wrapper\">\n        <div class=\"card-event__image\">\n            <img decoding=\"async\" src=\"https:\/\/www.ebilet.pl\/media\/cms\/media\/wo4hnayc\/ancora-tu-656x369-97130133-6f9c-4722-8eac-aab23f6f7ad4.webp\" alt=\"\">\n        <\/div>\n        <div class=\"card-event__data\">\n            <div class=\"card-event__name\">\n                <p>ANCORA TU<\/p>\n            <\/div>\n            <div class=\"card-event__date\"><\/div>\n            <div class=\"card-event__location\">Wa\u0142brzych<\/div>\n        <\/div>\n    <\/div>\n<\/div>                                    <\/div>\n                                                                    <div class=\"events-carousel-block__sliderItem swiper-slide\"\n                                        data-id=\"185207\"\n                                        data-name=\"CZY PINGWINY MAJ\u0104 KOLANA\"\n                                        data-brand=\"Teatr Dramatyczny im. Jerzego Szaniawskiego\"\n                                        data-category=\"teatr\"\n                                        data-subcategory=\"tragedia-dramat\"\n                                        data-city=\"Wa\u0142brzych\"\n                                        data-venue=\"Teatr Dramatyczny im. Jerzego Szaniawskiego w Wa\u0142brzychu\">\n                                        \n<div class=\"card-event  card-event--size-small\">\n        <a href=\"https:\/\/www.ebilet.pl\/teatr\/tragedia-dramat\/czy-pingwiny-maja-kolana\" target=\"_blank\" class=\"card-event__link\" rel=\"nofollow noopener\"><\/a>\n        <div class=\"card-event__wrapper\">\n        <div class=\"card-event__image\">\n            <img decoding=\"async\" src=\"https:\/\/www.ebilet.pl\/media\/cms\/media\/uhnh40gg\/czy-pingwiny-656x369-72d5ff2f-6660-41ee-9997-3f5bf8983beb.webp\" alt=\"\">\n        <\/div>\n        <div class=\"card-event__data\">\n            <div class=\"card-event__name\">\n                <p>CZY PINGWINY MAJ\u0104 KOLANA<\/p>\n            <\/div>\n            <div class=\"card-event__date\"><\/div>\n            <div class=\"card-event__location\">Wa\u0142brzych<\/div>\n        <\/div>\n    <\/div>\n<\/div>                                    <\/div>\n                                                                    <div class=\"events-carousel-block__sliderItem swiper-slide\"\n                                        data-id=\"185247\"\n                                        data-name=\"DRAKULA\"\n                                        data-brand=\"Teatr Dramatyczny im. Jerzego Szaniawskiego\"\n                                        data-category=\"teatr\"\n                                        data-subcategory=\"tragedia-dramat\"\n                                        data-city=\"Wa\u0142brzych\"\n                                        data-venue=\"Teatr Dramatyczny im. Jerzego Szaniawskiego w Wa\u0142brzychu\">\n                                        \n<div class=\"card-event  card-event--size-small\">\n        <a href=\"https:\/\/www.ebilet.pl\/teatr\/tragedia-dramat\/drakula\" target=\"_blank\" class=\"card-event__link\" rel=\"nofollow noopener\"><\/a>\n        <div class=\"card-event__wrapper\">\n        <div class=\"card-event__image\">\n            <img decoding=\"async\" src=\"https:\/\/www.ebilet.pl\/media\/cms\/media\/reybwa5t\/dracula-1.webp\" alt=\"\">\n        <\/div>\n        <div class=\"card-event__data\">\n            <div class=\"card-event__name\">\n                <p>DRAKULA<\/p>\n            <\/div>\n            <div class=\"card-event__date\"><\/div>\n            <div class=\"card-event__location\">Wa\u0142brzych<\/div>\n        <\/div>\n    <\/div>\n<\/div>                                    <\/div>\n                                                                    <div class=\"events-carousel-block__sliderItem swiper-slide\"\n                                        data-id=\"185580\"\n                                        data-name=\"Kofman. Podw\u00f3jne wi\u0105zanie\"\n                                        data-brand=\"Nowy Teatr\"\n                                        data-category=\"teatr\"\n                                        data-subcategory=\"tragedia-dramat\"\n                                        data-city=\"Warszawa\"\n                                        data-venue=\"NOWY Teatr w Warszawie\">\n                                        \n<div class=\"card-event  card-event--size-small\">\n        <a href=\"https:\/\/www.ebilet.pl\/teatr\/tragedia-dramat\/kofman-podwojne-wiazanie\" target=\"_blank\" class=\"card-event__link\" rel=\"nofollow noopener\"><\/a>\n        <div class=\"card-event__wrapper\">\n        <div class=\"card-event__image\">\n            <img decoding=\"async\" src=\"https:\/\/www.ebilet.pl\/media\/cms\/media\/x1dhglik\/kofman_656x369.webp\" alt=\"\">\n        <\/div>\n        <div class=\"card-event__data\">\n            <div class=\"card-event__name\">\n                <p>Kofman. Podw\u00f3jne wi\u0105zanie<\/p>\n            <\/div>\n            <div class=\"card-event__date\"><\/div>\n            <div class=\"card-event__location\">Warszawa<\/div>\n        <\/div>\n    <\/div>\n<\/div>                                    <\/div>\n                                                                    <div class=\"events-carousel-block__sliderItem swiper-slide\"\n                                        data-id=\"176641\"\n                                        data-name=\"Wspania\u0142e Horyzonty\"\n                                        data-brand=\"Teatr 6.pi\u0119tro\"\n                                        data-category=\"teatr\"\n                                        data-subcategory=\"tragedia-dramat\"\n                                        data-city=\"Warszawa\"\n                                        data-venue=\"Teatr 6. pi\u0119tro w Warszawie\">\n                                        \n<div class=\"card-event  card-event--size-small\">\n        <a href=\"https:\/\/www.ebilet.pl\/teatr\/tragedia-dramat\/wspaniale-horyzonty\" target=\"_blank\" class=\"card-event__link\" rel=\"nofollow noopener\"><\/a>\n        <div class=\"card-event__wrapper\">\n        <div class=\"card-event__image\">\n            <img decoding=\"async\" src=\"https:\/\/www.ebilet.pl\/media\/cms\/media\/fm3pkyvw\/656x369-copy.webp\" alt=\"\">\n        <\/div>\n        <div class=\"card-event__data\">\n            <div class=\"card-event__name\">\n                <p>Wspania\u0142e Horyzonty<\/p>\n            <\/div>\n            <div class=\"card-event__date\"><\/div>\n            <div class=\"card-event__location\">Warszawa<\/div>\n        <\/div>\n    <\/div>\n<\/div>                                    <\/div>\n                                                                    <div class=\"events-carousel-block__sliderItem swiper-slide\"\n                                        data-id=\"193384\"\n                                        data-name=\"PILNIE KUPI\u0118 BIOGRAFI\u0118\"\n                                        data-brand=\"Teatr Dramatyczny im. Jerzego Szaniawskiego\"\n                                        data-category=\"teatr\"\n                                        data-subcategory=\"tragedia-dramat\"\n                                        data-city=\"Wa\u0142brzych\"\n                                        data-venue=\"Teatr Dramatyczny im. Jerzego Szaniawskiego w Wa\u0142brzychu\">\n                                        \n<div class=\"card-event  card-event--size-small\">\n        <a href=\"https:\/\/www.ebilet.pl\/teatr\/tragedia-dramat\/pilnie-kupie-biografie\" target=\"_blank\" class=\"card-event__link\" rel=\"nofollow noopener\"><\/a>\n        <div class=\"card-event__wrapper\">\n        <div class=\"card-event__image\">\n            <img decoding=\"async\" src=\"https:\/\/www.ebilet.pl\/media\/cms\/media\/04yhbgz5\/teatr-szaniawskx-wa\u0142brzych-1.webp\" alt=\"\">\n        <\/div>\n        <div class=\"card-event__data\">\n            <div class=\"card-event__name\">\n                <p>PILNIE KUPI\u0118 BIOGRAFI\u0118<\/p>\n            <\/div>\n            <div class=\"card-event__date\"><\/div>\n            <div class=\"card-event__location\">Wa\u0142brzych<\/div>\n        <\/div>\n    <\/div>\n<\/div>                                    <\/div>\n                                                                    <div class=\"events-carousel-block__sliderItem swiper-slide\"\n                                        data-id=\"187977\"\n                                        data-name=\"Wszechmocni w sieci\"\n                                        data-brand=\"Teatr Kamienica\"\n                                        data-category=\"teatr\"\n                                        data-subcategory=\"tragedia-dramat\"\n                                        data-city=\"Warszawa\"\n                                        data-venue=\"Teatr Kamienica w Warszawie\">\n                                        \n<div class=\"card-event  card-event--size-small\">\n        <a href=\"https:\/\/www.ebilet.pl\/teatr\/tragedia-dramat\/wszechmocni-w-sieci-1\" target=\"_blank\" class=\"card-event__link\" rel=\"nofollow noopener\"><\/a>\n        <div class=\"card-event__wrapper\">\n        <div class=\"card-event__image\">\n            <img decoding=\"async\" src=\"https:\/\/www.ebilet.pl\/media\/cms\/media\/bednvwpd\/656x369-19-9b7a376c-90a5-42ad-85de-165db7c80508.webp\" alt=\"\">\n        <\/div>\n        <div class=\"card-event__data\">\n            <div class=\"card-event__name\">\n                <p>Wszechmocni w sieci<\/p>\n            <\/div>\n            <div class=\"card-event__date\"><\/div>\n            <div class=\"card-event__location\">Warszawa<\/div>\n        <\/div>\n    <\/div>\n<\/div>                                    <\/div>\n                                                                    <div class=\"events-carousel-block__sliderItem swiper-slide\"\n                                        data-id=\"190959\"\n                                        data-name=\"Ocalone\"\n                                        data-brand=\"Teatr Powszechny w Warszawie\"\n                                        data-category=\"teatr\"\n                                        data-subcategory=\"tragedia-dramat\"\n                                        data-city=\"Warszawa\"\n                                        data-venue=\"Teatr Powszechny w Warszawie\">\n                                        \n<div class=\"card-event  card-event--size-small\">\n        <a href=\"https:\/\/www.ebilet.pl\/teatr\/tragedia-dramat\/ocalone\" target=\"_blank\" class=\"card-event__link\" rel=\"nofollow noopener\"><\/a>\n        <div class=\"card-event__wrapper\">\n        <div class=\"card-event__image\">\n            <img decoding=\"async\" src=\"https:\/\/www.ebilet.pl\/media\/cms\/media\/0m4d0rku\/ocalone_instagram-ebilet-656x369.webp\" alt=\"\">\n        <\/div>\n        <div class=\"card-event__data\">\n            <div class=\"card-event__name\">\n                <p>Ocalone<\/p>\n            <\/div>\n            <div class=\"card-event__date\"><\/div>\n            <div class=\"card-event__location\">Warszawa<\/div>\n        <\/div>\n    <\/div>\n<\/div>                                    <\/div>\n                                                                    <div class=\"events-carousel-block__sliderItem swiper-slide\"\n                                        data-id=\"182281\"\n                                        data-name=\"Magiczna rana\"\n                                        data-brand=\"STUDIO TEATRGALERIA\"\n                                        data-category=\"teatr\"\n                                        data-subcategory=\"tragedia-dramat\"\n                                        data-city=\"Warszawa\"\n                                        data-venue=\"STUDIO teatrgaleria\">\n                                        \n<div class=\"card-event  card-event--size-small\">\n        <a href=\"https:\/\/www.ebilet.pl\/teatr\/tragedia-dramat\/magiczna-rana\" target=\"_blank\" class=\"card-event__link\" rel=\"nofollow noopener\"><\/a>\n        <div class=\"card-event__wrapper\">\n        <div class=\"card-event__image\">\n            <img decoding=\"async\" src=\"https:\/\/www.ebilet.pl\/media\/cms\/media\/vfujr1ds\/ebilet-656x369__magiczna_rana-dee3b58a-110b-4fc1-b5b6-ee3f45c15017.webp\" alt=\"\">\n        <\/div>\n        <div class=\"card-event__data\">\n            <div class=\"card-event__name\">\n                <p>Magiczna rana<\/p>\n            <\/div>\n            <div class=\"card-event__date\"><\/div>\n            <div class=\"card-event__location\">Warszawa<\/div>\n        <\/div>\n    <\/div>\n<\/div>                                    <\/div>\n                                                            <\/div>\n                        <\/div>\n                    <\/div>\n                    <div class=\"events-carousel-block__pagination\">\n                        <div class=\"swiper-pagination slider-pagination\" data-events-carousel-pagination><\/div>\n                    <\/div>\n                <\/div>\n            <\/div>\n        <\/div>\n    <\/section>\n\n\n\n<section class=\"text-block  section-margin-32\" >\n    <div class=\"container\">\n        <div class=\"row\">\n            <div class=\"col-24\">\n                <div class=\"text-block__content\"><h3><span style=\"font-weight: 400;\">\u201eFrankenstein\u201d w Teatrze Capitol we Wroc\u0142awiu<\/span><\/h3>\n<p><b>\u201eFrankenstein\u201d Mary Shelley to kultowa ju\u017c powie\u015b\u0107 opowiadaj\u0105ca o m\u0142odym naukowcu, <\/b><span style=\"font-weight: 400;\">Victorze Frankensteinie, kt\u00f3ry przeprowadza niekonwencjonalny eksperyment naukowy \u2013 tworzy rozumn\u0105 istot\u0119. <\/span><b>Sztuka, kt\u00f3r\u0105 mo\u017cna zobaczy\u0107 w stolicy Dolnego \u015al\u0105ska, jest nowatorska. Autorzy podchodz\u0105 do tematu z lekkim przymru\u017ceniem oka.\u00a0<\/b><\/p>\n<h2><span style=\"font-weight: 400;\">Najgorsze spektakle teatralne na podstawie ksi\u0105\u017cek<\/span><\/h2>\n<p><span style=\"font-weight: 400;\">Dla r\u00f3wnowagi przedstawiamy spektakle, kt\u00f3re okaza\u0142y si\u0119 pora\u017ckami. Nie ka\u017cda adaptacja jest doceniania przez krytyk\u00f3w i widz\u00f3w.\u00a0<\/span><\/p>\n<h3><span style=\"font-weight: 400;\">\u201eLot nad kuku\u0142czym gniazdem\u201d w Teatrze \u015al\u0105skim w Katowicach<\/span><\/h3>\n<p><b>\u201eLot nad kuku\u0142czym gniazdem\u201d to powie\u015b\u0107 autorstwa Kena Keseya.<\/b><span style=\"font-weight: 400;\"> Opowiada o pacjentach szpitala psychiatrycznego. McMurphy pragnie z niego uciec. Spektakl r\u00f3\u017cni si\u0119 od ksi\u0105\u017cki, filmu i wcze\u015bniejszych adaptacji teatralnych. Pokazuje szkielet szpitala psychiatrycznego, kt\u00f3ry tworzy swoisty krwiobieg. Niestety, aktorzy nie wchodzili w interakcje z rekwizytami. Z wielu scen nic wi\u0119kszego nie wynika, pozosta\u0142y bowiem nierozwini\u0119te i niedopowiedziane. Jest te\u017c nawi\u0105zanie do matriarchatu, kt\u00f3re jednak pozostaje urwane.\u00a0\u00a0<\/span><\/p>\n<p><b>Sam spektakl technicznie jest bez zarzutu, ale trudno powiedzie\u0107, o czym dok\u0142adnie jest i dlaczego powsta\u0142.<\/b><span style=\"font-weight: 400;\"> Wed\u0142ug re\u017cysera m\u00f3wi on o wsp\u00f3\u0142czesnym buncie, kt\u00f3re w sztuce nie ma w og\u00f3le.\u00a0<\/span><\/p>\n<\/div>\n            <\/div>\n        <\/div>\n    <\/div>\n<\/section>\n\n\n<section class=\"events-slider-block  section-margin-32\" data-events-slider-block data-carousel-title=\"Gor\u0105ce wydarzenia\" data-carousel-type=\"karuzela_z_t\u0142em\" data-item-list-name=\"Karuzela z t\u0142em Gor\u0105ce wydarzenia\" data-item-list-id=\"karuzela_z_t\u0142em Gor\u0105ce wydarzenia\" >\n    <div class=\"container\">\n        <div class=\"row\">\n            <div class=\"col-24\">\n                <div class=\"events-slider-block__wrapper\">\n                                            <div class=\"events-slider-block__bg\"><img loading=\"lazy\" decoding=\"async\" width=\"1920\" height=\"1080\" src=\"https:\/\/www.ebilet.pl\/now\/app\/uploads\/2024\/04\/shutterstock_1308510637.jpg\" class=\"attachment-full size-full\" alt=\"Fot.\" srcset=\"https:\/\/www.ebilet.pl\/now\/app\/uploads\/2024\/04\/shutterstock_1308510637.jpg 1920w, https:\/\/www.ebilet.pl\/now\/app\/uploads\/2024\/04\/shutterstock_1308510637-1024x576.jpg 1024w, https:\/\/www.ebilet.pl\/now\/app\/uploads\/2024\/04\/shutterstock_1308510637-1536x864.jpg 1536w, https:\/\/www.ebilet.pl\/now\/app\/uploads\/2024\/04\/shutterstock_1308510637-1280x720.jpg 1280w, https:\/\/www.ebilet.pl\/now\/app\/uploads\/2024\/04\/shutterstock_1308510637-500x281.jpg 500w, https:\/\/www.ebilet.pl\/now\/app\/uploads\/2024\/04\/shutterstock_1308510637-632x356.jpg 632w, https:\/\/www.ebilet.pl\/now\/app\/uploads\/2024\/04\/shutterstock_1308510637-308x174.jpg 308w\" sizes=\"auto, (max-width: 1920px) 100vw, 1920px\" \/><\/div>\n                                                                <div class=\"events-slider-block__top\">\n                                                            <div class=\"events-slider-block__title desktop\">\n                                    <h2 class=\"typo-h2\">Gor\u0105ce wydarzenia<\/h2>\n                                <\/div>\n                                                                                        <div class=\"events-slider-block__title mobile\">\n                                    <h2 class=\"typo-h2\">Gor\u0105ce wydarzenia<\/h2>\n                                <\/div>\n                                                    <\/div>\n                                                            <div class=\"events-slider-block__main\">\n                        <div class=\"events-slider-block__nav events-slider-block__nav--prev\">\n                            <div class=\"button button--withIcon button--theme-white-blur button--size-fixed-48\" data-events-prev>\n                                <span class=\"button__icon icon icon-chevron-left\"><\/span>\n                            <\/div>\n                        <\/div>\n                        <div class=\"events-slider-block__nav events-slider-block__nav--next\">\n                            <div class=\"button button--withIcon button--theme-white-blur button--size-fixed-48\" data-events-next>\n                                <span class=\"button__icon icon icon-chevron-right\"><\/span>\n                            <\/div>\n                        <\/div>\n                        <div class=\"events-slider-block__slider\">\n                            <div class=\"swiper\" data-events-slider>\n                                <div class=\"events-slider-block__sliderWrapper swiper-wrapper\">\n                                                                    <div class=\"events-slider-block__sliderItem swiper-slide\">\n                                    \n<div class=\"card-event  card-event--size-small\">\n        <a href=\"https:\/\/www.ebilet.pl\/muzyka\/festiwale\/orange-warsaw-festival\" target=\"_blank\" class=\"card-event__link\" rel=\"nofollow noopener\"><\/a>\n        <div class=\"card-event__wrapper\">\n        <div class=\"card-event__image\">\n            <img decoding=\"async\" src=\"https:\/\/www.ebilet.pl\/media\/cms\/media\/10tfavkl\/owf27_wejs-cie_portal_552x736.webp\" alt=\"\">\n        <\/div>\n        <div class=\"card-event__data\">\n            <div class=\"card-event__name\">\n                <p>Orange Warsaw Festival 2027<\/p>\n            <\/div>\n            <div class=\"card-event__date\"><\/div>\n            <div class=\"card-event__location\"><\/div>\n        <\/div>\n    <\/div>\n<\/div>                                    <\/div>\n                                                                    <div class=\"events-slider-block__sliderItem swiper-slide\">\n                                    \n<div class=\"card-event  card-event--size-small\">\n        <a href=\"https:\/\/www.ebilet.pl\/teatr\/musicale\/wielki-gatsby\" target=\"_blank\" class=\"card-event__link\" rel=\"nofollow noopener\"><\/a>\n        <div class=\"card-event__wrapper\">\n        <div class=\"card-event__image\">\n            <img decoding=\"async\" src=\"https:\/\/www.ebilet.pl\/media\/cms\/media\/5eihaojx\/552x736-c1222f1c-09f0-4f58-a3ca-98b5badf4b8b.webp\" alt=\"\">\n        <\/div>\n        <div class=\"card-event__data\">\n            <div class=\"card-event__name\">\n                <p>Wielki Gatsby<\/p>\n            <\/div>\n            <div class=\"card-event__date\"><\/div>\n            <div class=\"card-event__location\"><\/div>\n        <\/div>\n    <\/div>\n<\/div>                                    <\/div>\n                                                                    <div class=\"events-slider-block__sliderItem swiper-slide\">\n                                    \n<div class=\"card-event  card-event--size-small\">\n        <a href=\"https:\/\/www.ebilet.pl\/muzyka\/rock\/fontaines-dc\" target=\"_blank\" class=\"card-event__link\" rel=\"nofollow noopener\"><\/a>\n        <div class=\"card-event__wrapper\">\n        <div class=\"card-event__image\">\n            <img decoding=\"async\" src=\"https:\/\/www.ebilet.pl\/media\/cms\/media\/ovge4bna\/fontaines_dc_portal_552x736.webp\" alt=\"\">\n        <\/div>\n        <div class=\"card-event__data\">\n            <div class=\"card-event__name\">\n                <p>Fontaines D.C. EU TOUR 2026<\/p>\n            <\/div>\n            <div class=\"card-event__date\">31.10.2026-31.10.2026<\/div>\n            <div class=\"card-event__location\">\u0141\u00f3d\u017a<\/div>\n        <\/div>\n    <\/div>\n<\/div>                                    <\/div>\n                                                                    <div class=\"events-slider-block__sliderItem swiper-slide\">\n                                    \n<div class=\"card-event  card-event--size-small\">\n        <a href=\"https:\/\/www.ebilet.pl\/klasyka\/koncert\/abba-i-queen\" target=\"_blank\" class=\"card-event__link\" rel=\"nofollow noopener\"><\/a>\n        <div class=\"card-event__wrapper\">\n        <div class=\"card-event__image\">\n            <img decoding=\"async\" src=\"https:\/\/www.ebilet.pl\/media\/cms\/media\/1tylc0t3\/552-x-736-px-48059906-b212-4424-9dc4-2bffbf3da3bc.webp\" alt=\"\">\n        <\/div>\n        <div class=\"card-event__data\">\n            <div class=\"card-event__name\">\n                <p>The Best of QUEEN &#038; ABBA: Koncert przy \u015bwiecach<\/p>\n            <\/div>\n            <div class=\"card-event__date\">10.10.2026-10.10.2026<\/div>\n            <div class=\"card-event__location\">Katowice<\/div>\n        <\/div>\n    <\/div>\n<\/div>                                    <\/div>\n                                                                    <div class=\"events-slider-block__sliderItem swiper-slide\">\n                                    \n<div class=\"card-event  card-event--size-small\">\n        <a href=\"https:\/\/www.ebilet.pl\/muzyka\/pop\/tatiana-okupnik-kameralnie\" target=\"_blank\" class=\"card-event__link\" rel=\"nofollow noopener\"><\/a>\n        <div class=\"card-event__wrapper\">\n        <div class=\"card-event__image\">\n            <img decoding=\"async\" src=\"https:\/\/www.ebilet.pl\/media\/cms\/media\/htvmqfca\/to_552x736.webp\" alt=\"\">\n        <\/div>\n        <div class=\"card-event__data\">\n            <div class=\"card-event__name\">\n                <p>Tatiana Okupnik kameralnie<\/p>\n            <\/div>\n            <div class=\"card-event__date\">13.09.2026-13.09.2026<\/div>\n            <div class=\"card-event__location\">Warszawa<\/div>\n        <\/div>\n    <\/div>\n<\/div>                                    <\/div>\n                                                                    <div class=\"events-slider-block__sliderItem swiper-slide\">\n                                    \n<div class=\"card-event  card-event--size-small\">\n        <a href=\"https:\/\/www.ebilet.pl\/klasyka\/koncert\/ballady-rockowe-przy-swiecach-polskie-legendy\" target=\"_blank\" class=\"card-event__link\" rel=\"nofollow noopener\"><\/a>\n        <div class=\"card-event__wrapper\">\n        <div class=\"card-event__image\">\n            <img decoding=\"async\" src=\"https:\/\/www.ebilet.pl\/media\/cms\/media\/xjlborh2\/552x736-717deac0-a4da-43ab-8588-663117903cf5.webp\" alt=\"\">\n        <\/div>\n        <div class=\"card-event__data\">\n            <div class=\"card-event__name\">\n                <p>Ballady Rockowe przy \u015awiecach: Polskie Legendy<\/p>\n            <\/div>\n            <div class=\"card-event__date\">14.11.2026-14.11.2026<\/div>\n            <div class=\"card-event__location\">Bydgoszcz, Lublin, Olsztyn i inne<\/div>\n        <\/div>\n    <\/div>\n<\/div>                                    <\/div>\n                                                                    <div class=\"events-slider-block__sliderItem swiper-slide\">\n                                    \n<div class=\"card-event  card-event--size-small\">\n        <a href=\"https:\/\/www.ebilet.pl\/muzyka\/pop\/byles-i-badz\" target=\"_blank\" class=\"card-event__link\" rel=\"nofollow noopener\"><\/a>\n        <div class=\"card-event__wrapper\">\n        <div class=\"card-event__image\">\n            <img decoding=\"async\" src=\"https:\/\/www.ebilet.pl\/media\/cms\/media\/b5vjuut4\/zauchafest26_301126_552-x-736-ab99088d-b544-4a0f-8625-8133d4fbb99a.webp\" alt=\"\">\n        <\/div>\n        <div class=\"card-event__data\">\n            <div class=\"card-event__name\">\n                <p>By\u0142e\u015b i B\u0105d\u017a! &#8211; Zaucha Fest Igo, Renata Przemyk, Andrzej D\u0105browski, Hanka W\u00f3jciak, Jasiek Piwowarczyk, Sandra Mika<\/p>\n            <\/div>\n            <div class=\"card-event__date\">30.11.2026-30.11.2026<\/div>\n            <div class=\"card-event__location\">Krak\u00f3w<\/div>\n        <\/div>\n    <\/div>\n<\/div>                                    <\/div>\n                                                                    <div class=\"events-slider-block__sliderItem swiper-slide\">\n                                    \n<div class=\"card-event  card-event--size-small\">\n        <a href=\"https:\/\/www.ebilet.pl\/biznes\/wystawa\/wieslaw-walkuski-plakat-i-malarstwo\" target=\"_blank\" class=\"card-event__link\" rel=\"nofollow noopener\"><\/a>\n        <div class=\"card-event__wrapper\">\n        <div class=\"card-event__image\">\n            <img decoding=\"async\" src=\"https:\/\/www.ebilet.pl\/media\/cms\/media\/5onnpk31\/wieslaw_walkuski_plakat_i_malarstwo_552x736px_ebilet-a33f3e18-fba0-4b41-97da-118b61fe6db2.webp\" alt=\"\">\n        <\/div>\n        <div class=\"card-event__data\">\n            <div class=\"card-event__name\">\n                <p>WIES\u0141AW WA\u0141KUSKI. Plakat i Malarstwo<\/p>\n            <\/div>\n            <div class=\"card-event__date\">05.09.2026-05.09.2026<\/div>\n            <div class=\"card-event__location\">Warszawa<\/div>\n        <\/div>\n    <\/div>\n<\/div>                                    <\/div>\n                                                                    <div class=\"events-slider-block__sliderItem swiper-slide\">\n                                    \n<div class=\"card-event  card-event--size-small\">\n        <a href=\"https:\/\/www.ebilet.pl\/muzyka\/rock\/michael-schenker-group\" target=\"_blank\" class=\"card-event__link\" rel=\"nofollow noopener\"><\/a>\n        <div class=\"card-event__wrapper\">\n        <div class=\"card-event__image\">\n            <img decoding=\"async\" src=\"https:\/\/www.ebilet.pl\/media\/cms\/media\/fgqlazwg\/michael-schenker-group-ebilet-strona-wydarzenia-pion-wspo-lne-81be7980-19a0-412d-bc1a-fa4e51bc2d46.webp\" alt=\"\">\n        <\/div>\n        <div class=\"card-event__data\">\n            <div class=\"card-event__name\">\n                <p>Michael Schenker<\/p>\n            <\/div>\n            <div class=\"card-event__date\">23.03.2027-23.03.2027<\/div>\n            <div class=\"card-event__location\">Krak\u00f3w, Pozna\u0144<\/div>\n        <\/div>\n    <\/div>\n<\/div>                                    <\/div>\n                                                                    <div class=\"events-slider-block__sliderItem swiper-slide\">\n                                    \n<div class=\"card-event  card-event--size-small\">\n        <a href=\"https:\/\/www.ebilet.pl\/muzyka\/pop\/varius-manx-kasia-stankiewicz\" target=\"_blank\" class=\"card-event__link\" rel=\"nofollow noopener\"><\/a>\n        <div class=\"card-event__wrapper\">\n        <div class=\"card-event__image\">\n            <img decoding=\"async\" src=\"https:\/\/www.ebilet.pl\/media\/cms\/media\/njbkliaj\/ebilet-552x736-varius-9b90b59c-ec5c-476c-a4fc-49575953d8d9.webp\" alt=\"\">\n        <\/div>\n        <div class=\"card-event__data\">\n            <div class=\"card-event__name\">\n                <p>SUPER EGO TOUR Varius Manx &#038; Kasia Stankiewicz<\/p>\n            <\/div>\n            <div class=\"card-event__date\">07.03.2027-07.03.2027<\/div>\n            <div class=\"card-event__location\">Bielsko-Bia\u0142a, Jasionka<\/div>\n        <\/div>\n    <\/div>\n<\/div>                                    <\/div>\n                                                                    <div class=\"events-slider-block__sliderItem swiper-slide\">\n                                    \n<div class=\"card-event  card-event--size-small\">\n        <a href=\"https:\/\/www.ebilet.pl\/muzyka\/pop\/erykah-badu\" target=\"_blank\" class=\"card-event__link\" rel=\"nofollow noopener\"><\/a>\n        <div class=\"card-event__wrapper\">\n        <div class=\"card-event__image\">\n            <img decoding=\"async\" src=\"https:\/\/www.ebilet.pl\/media\/cms\/media\/veqnjqea\/badu-600x850-copy-c5e961a0-d819-4800-89af-2f9968352870.webp\" alt=\"\">\n        <\/div>\n        <div class=\"card-event__data\">\n            <div class=\"card-event__name\">\n                <p>Erykah Badu &#8211; IMEHO<\/p>\n            <\/div>\n            <div class=\"card-event__date\">25.10.2026-25.10.2026<\/div>\n            <div class=\"card-event__location\">Katowice<\/div>\n        <\/div>\n    <\/div>\n<\/div>                                    <\/div>\n                                                                    <div class=\"events-slider-block__sliderItem swiper-slide\">\n                                    \n<div class=\"card-event  card-event--size-small\">\n        <a href=\"https:\/\/www.ebilet.pl\/muzyka\/jazz-blues\/koncert-swiateczny-w-blasku-swiec\" target=\"_blank\" class=\"card-event__link\" rel=\"nofollow noopener\"><\/a>\n        <div class=\"card-event__wrapper\">\n        <div class=\"card-event__image\">\n            <img decoding=\"async\" src=\"https:\/\/www.ebilet.pl\/media\/cms\/media\/034dlcyu\/plakat-koncertu-_wi_tecznego-06122026-0812003f-a700-42a4-8e50-715dce5c12a3.webp\" alt=\"\">\n        <\/div>\n        <div class=\"card-event__data\">\n            <div class=\"card-event__name\">\n                <p>Koncert \u015awi\u0105teczny w Blasku \u015awiec<\/p>\n            <\/div>\n            <div class=\"card-event__date\">06.12.2026-06.12.2026<\/div>\n            <div class=\"card-event__location\">\u0141\u00f3d\u017a<\/div>\n        <\/div>\n    <\/div>\n<\/div>                                    <\/div>\n                                                                    <div class=\"events-slider-block__sliderItem swiper-slide\">\n                                    \n<div class=\"card-event  card-event--size-small\">\n        <a href=\"https:\/\/www.ebilet.pl\/muzyka\/pop\/zimmer90\" target=\"_blank\" class=\"card-event__link\" rel=\"nofollow noopener\"><\/a>\n        <div class=\"card-event__wrapper\">\n        <div class=\"card-event__image\">\n            <img decoding=\"async\" src=\"https:\/\/www.ebilet.pl\/media\/cms\/media\/vbdgxs1d\/z90_552x736-9b9706c7-ee0a-4875-8249-c668de262eb9.webp\" alt=\"\">\n        <\/div>\n        <div class=\"card-event__data\">\n            <div class=\"card-event__name\">\n                <p>Zimmer90<\/p>\n            <\/div>\n            <div class=\"card-event__date\">05.11.2026-05.11.2026<\/div>\n            <div class=\"card-event__location\">Warszawa<\/div>\n        <\/div>\n    <\/div>\n<\/div>                                    <\/div>\n                                                                    <div class=\"events-slider-block__sliderItem swiper-slide\">\n                                    \n<div class=\"card-event  card-event--size-small\">\n        <a href=\"https:\/\/www.ebilet.pl\/muzyka\/hard-heavy\/fck-im-hard\" target=\"_blank\" class=\"card-event__link\" rel=\"nofollow noopener\"><\/a>\n        <div class=\"card-event__wrapper\">\n        <div class=\"card-event__image\">\n            <img decoding=\"async\" src=\"https:\/\/www.ebilet.pl\/media\/cms\/media\/pi1f2mrb\/2.webp\" alt=\"\">\n        <\/div>\n        <div class=\"card-event__data\">\n            <div class=\"card-event__name\">\n                <p>Fck Im Hard Vol. 2<\/p>\n            <\/div>\n            <div class=\"card-event__date\">10.10.2026-10.10.2026<\/div>\n            <div class=\"card-event__location\">Wroc\u0142aw<\/div>\n        <\/div>\n    <\/div>\n<\/div>                                    <\/div>\n                                                                    <div class=\"events-slider-block__sliderItem swiper-slide\">\n                                    \n<div class=\"card-event  card-event--size-small\">\n        <a href=\"https:\/\/www.ebilet.pl\/sport\/sporty-druzynowe\/koszykowka-mecz\" target=\"_blank\" class=\"card-event__link\" rel=\"nofollow noopener\"><\/a>\n        <div class=\"card-event__wrapper\">\n        <div class=\"card-event__image\">\n            <img decoding=\"async\" src=\"https:\/\/www.ebilet.pl\/media\/cms\/media\/hoxono4g\/podstawowe_portal-98225706-f40f-4253-9b63-9f6c375fb13f.webp\" alt=\"\">\n        <\/div>\n        <div class=\"card-event__data\">\n            <div class=\"card-event__name\">\n                <p>Kwalifikacje do Mistrzostw \u015awiata w koszyk\u00f3wce m\u0119\u017cczyzn 2027: Polska \u2013 Chorwacja<\/p>\n            <\/div>\n            <div class=\"card-event__date\">27.11.2026-27.11.2026<\/div>\n            <div class=\"card-event__location\">Gliwice<\/div>\n        <\/div>\n    <\/div>\n<\/div>                                    <\/div>\n                                                                <\/div>\n                            <\/div>\n                        <\/div>\n                        <div class=\"events-slider-block__events swiper\" data-events-events-descriptions>\n                            <div class=\"events-slider-block__eventsWrapper swiper-wrapper\">\n                                                            <div class=\"events-slider-block__eventsItem swiper-slide\">\n                                    <a href=\"https:\/\/www.ebilet.pl\/muzyka\/festiwale\/orange-warsaw-festival\" target=\"_blank\" class=\"events-slider-block__eventsName\">\n                                        <p>Orange Warsaw Festival 2027<\/p>\n                                    <\/a>\n                                    <div class=\"events-slider-block__eventsDate\">\n                                                                            <\/div>\n                                    <div class=\"events-slider-block__eventsLocation\"><\/div>\n                                <\/div>\n                                                            <div class=\"events-slider-block__eventsItem swiper-slide\">\n                                    <a href=\"https:\/\/www.ebilet.pl\/teatr\/musicale\/wielki-gatsby\" target=\"_blank\" class=\"events-slider-block__eventsName\">\n                                        <p>Wielki Gatsby<\/p>\n                                    <\/a>\n                                    <div class=\"events-slider-block__eventsDate\">\n                                                                            <\/div>\n                                    <div class=\"events-slider-block__eventsLocation\"><\/div>\n                                <\/div>\n                                                            <div class=\"events-slider-block__eventsItem swiper-slide\">\n                                    <a href=\"https:\/\/www.ebilet.pl\/muzyka\/rock\/fontaines-dc\" target=\"_blank\" class=\"events-slider-block__eventsName\">\n                                        <p>Fontaines D.C. EU TOUR 2026<\/p>\n                                    <\/a>\n                                    <div class=\"events-slider-block__eventsDate\">\n                                        31.10.2026-31.10.2026                                    <\/div>\n                                    <div class=\"events-slider-block__eventsLocation\">\u0141\u00f3d\u017a<\/div>\n                                <\/div>\n                                                            <div class=\"events-slider-block__eventsItem swiper-slide\">\n                                    <a href=\"https:\/\/www.ebilet.pl\/klasyka\/koncert\/abba-i-queen\" target=\"_blank\" class=\"events-slider-block__eventsName\">\n                                        <p>The Best of QUEEN &amp; ABBA: Koncert przy \u015bwiecach<\/p>\n                                    <\/a>\n                                    <div class=\"events-slider-block__eventsDate\">\n                                        10.10.2026-10.10.2026                                    <\/div>\n                                    <div class=\"events-slider-block__eventsLocation\">Katowice<\/div>\n                                <\/div>\n                                                            <div class=\"events-slider-block__eventsItem swiper-slide\">\n                                    <a href=\"https:\/\/www.ebilet.pl\/muzyka\/pop\/tatiana-okupnik-kameralnie\" target=\"_blank\" class=\"events-slider-block__eventsName\">\n                                        <p>Tatiana Okupnik kameralnie<\/p>\n                                    <\/a>\n                                    <div class=\"events-slider-block__eventsDate\">\n                                        13.09.2026-13.09.2026                                    <\/div>\n                                    <div class=\"events-slider-block__eventsLocation\">Warszawa<\/div>\n                                <\/div>\n                                                            <div class=\"events-slider-block__eventsItem swiper-slide\">\n                                    <a href=\"https:\/\/www.ebilet.pl\/klasyka\/koncert\/ballady-rockowe-przy-swiecach-polskie-legendy\" target=\"_blank\" class=\"events-slider-block__eventsName\">\n                                        <p>Ballady Rockowe przy \u015awiecach: Polskie Legendy<\/p>\n                                    <\/a>\n                                    <div class=\"events-slider-block__eventsDate\">\n                                        14.11.2026-30.11.2026                                    <\/div>\n                                    <div class=\"events-slider-block__eventsLocation\">Bydgoszcz, Lublin, Olsztyn i inne<\/div>\n                                <\/div>\n                                                            <div class=\"events-slider-block__eventsItem swiper-slide\">\n                                    <a href=\"https:\/\/www.ebilet.pl\/muzyka\/pop\/byles-i-badz\" target=\"_blank\" class=\"events-slider-block__eventsName\">\n                                        <p>By\u0142e\u015b i B\u0105d\u017a! &#8211; Zaucha Fest Igo, Renata Przemyk, Andrzej D\u0105browski, Hanka W\u00f3jciak, Jasiek Piwowarczyk, Sandra Mika<\/p>\n                                    <\/a>\n                                    <div class=\"events-slider-block__eventsDate\">\n                                        30.11.2026-30.11.2026                                    <\/div>\n                                    <div class=\"events-slider-block__eventsLocation\">Krak\u00f3w<\/div>\n                                <\/div>\n                                                            <div class=\"events-slider-block__eventsItem swiper-slide\">\n                                    <a href=\"https:\/\/www.ebilet.pl\/biznes\/wystawa\/wieslaw-walkuski-plakat-i-malarstwo\" target=\"_blank\" class=\"events-slider-block__eventsName\">\n                                        <p>WIES\u0141AW WA\u0141KUSKI. Plakat i Malarstwo<\/p>\n                                    <\/a>\n                                    <div class=\"events-slider-block__eventsDate\">\n                                        05.09.2026-29.11.2026                                    <\/div>\n                                    <div class=\"events-slider-block__eventsLocation\">Warszawa<\/div>\n                                <\/div>\n                                                            <div class=\"events-slider-block__eventsItem swiper-slide\">\n                                    <a href=\"https:\/\/www.ebilet.pl\/muzyka\/rock\/michael-schenker-group\" target=\"_blank\" class=\"events-slider-block__eventsName\">\n                                        <p>Michael Schenker<\/p>\n                                    <\/a>\n                                    <div class=\"events-slider-block__eventsDate\">\n                                        23.03.2027-24.03.2027                                    <\/div>\n                                    <div class=\"events-slider-block__eventsLocation\">Krak\u00f3w, Pozna\u0144<\/div>\n                                <\/div>\n                                                            <div class=\"events-slider-block__eventsItem swiper-slide\">\n                                    <a href=\"https:\/\/www.ebilet.pl\/muzyka\/pop\/varius-manx-kasia-stankiewicz\" target=\"_blank\" class=\"events-slider-block__eventsName\">\n                                        <p>SUPER EGO TOUR Varius Manx &amp; Kasia Stankiewicz<\/p>\n                                    <\/a>\n                                    <div class=\"events-slider-block__eventsDate\">\n                                        07.03.2027-08.03.2027                                    <\/div>\n                                    <div class=\"events-slider-block__eventsLocation\">Bielsko-Bia\u0142a, Jasionka<\/div>\n                                <\/div>\n                                                            <div class=\"events-slider-block__eventsItem swiper-slide\">\n                                    <a href=\"https:\/\/www.ebilet.pl\/muzyka\/pop\/erykah-badu\" target=\"_blank\" class=\"events-slider-block__eventsName\">\n                                        <p>Erykah Badu &#8211; IMEHO<\/p>\n                                    <\/a>\n                                    <div class=\"events-slider-block__eventsDate\">\n                                        25.10.2026-25.10.2026                                    <\/div>\n                                    <div class=\"events-slider-block__eventsLocation\">Katowice<\/div>\n                                <\/div>\n                                                            <div class=\"events-slider-block__eventsItem swiper-slide\">\n                                    <a href=\"https:\/\/www.ebilet.pl\/muzyka\/jazz-blues\/koncert-swiateczny-w-blasku-swiec\" target=\"_blank\" class=\"events-slider-block__eventsName\">\n                                        <p>Koncert \u015awi\u0105teczny w Blasku \u015awiec<\/p>\n                                    <\/a>\n                                    <div class=\"events-slider-block__eventsDate\">\n                                        06.12.2026-06.12.2026                                    <\/div>\n                                    <div class=\"events-slider-block__eventsLocation\">\u0141\u00f3d\u017a<\/div>\n                                <\/div>\n                                                            <div class=\"events-slider-block__eventsItem swiper-slide\">\n                                    <a href=\"https:\/\/www.ebilet.pl\/muzyka\/pop\/zimmer90\" target=\"_blank\" class=\"events-slider-block__eventsName\">\n                                        <p>Zimmer90<\/p>\n                                    <\/a>\n                                    <div class=\"events-slider-block__eventsDate\">\n                                        05.11.2026-05.11.2026                                    <\/div>\n                                    <div class=\"events-slider-block__eventsLocation\">Warszawa<\/div>\n                                <\/div>\n                                                            <div class=\"events-slider-block__eventsItem swiper-slide\">\n                                    <a href=\"https:\/\/www.ebilet.pl\/muzyka\/hard-heavy\/fck-im-hard\" target=\"_blank\" class=\"events-slider-block__eventsName\">\n                                        <p>Fck Im Hard Vol. 2<\/p>\n                                    <\/a>\n                                    <div class=\"events-slider-block__eventsDate\">\n                                        10.10.2026-10.10.2026                                    <\/div>\n                                    <div class=\"events-slider-block__eventsLocation\">Wroc\u0142aw<\/div>\n                                <\/div>\n                                                            <div class=\"events-slider-block__eventsItem swiper-slide\">\n                                    <a href=\"https:\/\/www.ebilet.pl\/sport\/sporty-druzynowe\/koszykowka-mecz\" target=\"_blank\" class=\"events-slider-block__eventsName\">\n                                        <p>Kwalifikacje do Mistrzostw \u015awiata w koszyk\u00f3wce m\u0119\u017cczyzn 2027: Polska \u2013 Chorwacja<\/p>\n                                    <\/a>\n                                    <div class=\"events-slider-block__eventsDate\">\n                                        27.11.2026-27.11.2026                                    <\/div>\n                                    <div class=\"events-slider-block__eventsLocation\">Gliwice<\/div>\n                                <\/div>\n                                                        <\/div>\n                        <\/div>\n                        <div class=\"events-slider-block__pagination\">\n                            <div class=\"swiper-pagination slider-pagination slider-pagination--theme-white\" data-events-slider-pagination><\/div>\n                        <\/div>\n                    <\/div>\n                                        <div class=\"events-slider-block__bottom\">\n                                                                                <div class=\"events-slider-block__link desktop\">\n                                    <a\n                                        class=\"button button--size-small button--theme-primary-yellow button--withIconLeft\"\n                                        href=\"https:\/\/www.ebilet.pl\/\">\n                                                                                    <div class=\"button__icon\"><img loading=\"lazy\" decoding=\"async\" width=\"30\" height=\"30\" src=\"https:\/\/www.ebilet.pl\/now\/app\/uploads\/2024\/01\/ticket-cinema-entertainment-coupon-discount-sale_30px.png\" class=\"attachment-full size-full\" alt=\"\" \/><\/div>\n                                                                                <p class=\"button__text typo-18\">Kup na eBilet.pl<\/p>\n                                    <\/a>\n                                <\/div>\n                                                                                <div class=\"events-slider-block__link mobile\">\n                                    <a\n                                        class=\"button button--size-small button--theme-primary-yellow button--withIconLeft\"\n                                        href=\"https:\/\/www.ebilet.pl\/\">\n                                                                                    <div class=\"button__icon\"><img loading=\"lazy\" decoding=\"async\" width=\"30\" height=\"30\" src=\"https:\/\/www.ebilet.pl\/now\/app\/uploads\/2024\/01\/ticket-cinema-entertainment-coupon-discount-sale_30px.png\" class=\"attachment-full size-full\" alt=\"\" \/><\/div>\n                                                                                <p class=\"button__text typo-18\">Kup na eBilet.pl<\/p>\n                                    <\/a>\n                                <\/div>\n                                            <\/div>\n                <\/div>\n            <\/div>\n        <\/div>\n    <\/div>\n<\/section>","protected":false},"excerpt":{"rendered":"<p>Teatr i literatura s\u0105 ze sob\u0105 \u015bci\u015ble zwi\u0105zane praktycznie od zawsze. Ju\u017c w staro\u017cytno\u015bci powstawa\u0142y dramaty, kt\u00f3re p\u00f3\u017aniej mo\u017cna by\u0142o zobaczy\u0107 na scenach. Z czasem zacz\u0119to tak\u017ce wystawia\u0107 spektakle na podstawie powie\u015bci. Niekt\u00f3re adaptacje s\u0105 bardziej udane, inne mniej. Zobacz, jakie s\u0105 najlepsze i najgorsze spektakle teatralne na podstawie ksi\u0105\u017cek.<\/p>\n","protected":false},"author":7,"featured_media":1125,"comment_status":"open","ping_status":"open","sticky":false,"template":"page-templates\/article-default.php","format":"standard","meta":{"_acf_changed":false,"footnotes":""},"article_tag":[38,36],"article_type":[558],"class_list":["post-1118","post","type-post","status-publish","format-standard","has-post-thumbnail","hentry","article_tag-na-scenie","article_tag-teatr","article_type-teatr"],"acf":[],"_links":{"self":[{"href":"https:\/\/www.ebilet.pl\/now\/wp-json\/wp\/v2\/posts\/1118","targetHints":{"allow":["GET"]}}],"collection":[{"href":"https:\/\/www.ebilet.pl\/now\/wp-json\/wp\/v2\/posts"}],"about":[{"href":"https:\/\/www.ebilet.pl\/now\/wp-json\/wp\/v2\/types\/post"}],"author":[{"embeddable":true,"href":"https:\/\/www.ebilet.pl\/now\/wp-json\/wp\/v2\/users\/7"}],"replies":[{"embeddable":true,"href":"https:\/\/www.ebilet.pl\/now\/wp-json\/wp\/v2\/comments?post=1118"}],"version-history":[{"count":3,"href":"https:\/\/www.ebilet.pl\/now\/wp-json\/wp\/v2\/posts\/1118\/revisions"}],"predecessor-version":[{"id":19156,"href":"https:\/\/www.ebilet.pl\/now\/wp-json\/wp\/v2\/posts\/1118\/revisions\/19156"}],"wp:featuredmedia":[{"embeddable":true,"href":"https:\/\/www.ebilet.pl\/now\/wp-json\/wp\/v2\/media\/1125"}],"wp:attachment":[{"href":"https:\/\/www.ebilet.pl\/now\/wp-json\/wp\/v2\/media?parent=1118"}],"wp:term":[{"taxonomy":"article_tag","embeddable":true,"href":"https:\/\/www.ebilet.pl\/now\/wp-json\/wp\/v2\/article_tag?post=1118"},{"taxonomy":"article_type","embeddable":true,"href":"https:\/\/www.ebilet.pl\/now\/wp-json\/wp\/v2\/article_type?post=1118"}],"curies":[{"name":"wp","href":"https:\/\/api.w.org\/{rel}","templated":true}]}}